{"id":16413,"date":"2001-08-18T00:00:00","date_gmt":"2001-08-17T22:00:00","guid":{"rendered":"https:\/\/www.justiceinfo.net\/16413-en-en-rwanda-tribunal-reinstates-sacked-defence-investigator71797179.html"},"modified":"2001-08-18T00:00:00","modified_gmt":"2001-08-17T22:00:00","slug":"en-en-rwanda-tribunal-reinstates-sacked-defence-investigator71797179","status":"publish","type":"post","link":"https:\/\/www.justiceinfo.net\/en\/16413-en-en-rwanda-tribunal-reinstates-sacked-defence-investigator71797179.html","title":{"rendered":"RWANDA TRIBUNAL REINSTATES SACKED DEFENCE INVESTIGATOR"},"content":{"rendered":"<p  >\nArusha, August 18, 2001 (FH) - The International Criminal Tribunal for Rwanda (ICTR) has reversed a decision to sack Media Trial defence investigator Aloys Ngendahimana, admitting that it may have mistakenly identified him as one of Rwanda\u2019s top genocide suspects.  Ngendahimana, an investigator for genocide suspect Ferdinand Nahimana, was one of four investigators whom the ICTR sacked in July, saying they were either on Kigali\u2019s Category One list of genocide suspects or under investigation by the Tribunal Prosecutor for involvement in the 1994genocide.\n<\/p>\n<p><!--more--><\/p>\n<p  >\nDefence lawyers working with Ngendahimana maintained that the person on the Category One list bore the same name but was not the same person. They said they had evidence to that effect and that the ICTR had not consulted them before announcing its decision. Tribunal Registrar Adama Dieng of Senegal initially stood his ground. However, on August 17th, the Registrar said there was now reliable information indicating the possibility that Ngendahimana and the person under investigation by the Rwandan authorities are namesakes. The ICTR also states that the present information available to the Registrar cannot \"confirm that the person sought by the Rwandan authorities is in fact the investigator from Ferdinand Nahimana's defence team\u201d. \"The decision not to renew Mr Ngendahimana's contract is therefore rescinded,\" the statement said. Reacting to the news, Ngendahimana told Hirondelle on the telephone from Belgium: \u201cIt is regrettable that the decision has come too late, whereas the information should have been verified before deciding to terminate my contract. I find it regrettable that an institution like the ICTR takes lightly accusations as serious as genocide. \u201dNgendahimana said he felt it would be difficult for him to sue the ICTR for having tarnished his name. He said he simply hoped it would be more careful from now on, \u201cand above all not trust Kigali which wants to get people arrested no matter how\u201d. The decision to reinstate Ngendahimana came just before the August 20th resumption of the Media Trial after the judicial recess. The other three ICTR defence investigators sacked in July are: Augustin Basebya, who worked for the defence team of former Rwandan mayor Juv\u00e9nal Kajelijeli; Augustin Karera, who worked for the team of former minister Jean de Dieu Kamuhanda; and Thadd\u00e9e Kwitonda, who was an investigator for presumed ex-militia leader Ars\u00e8ne Shalom Ntahobali. Some sources at the ICTR indicate that Karera was previously arrested and jailed in Rwanda but was then released for lack of evidence. SW\/BN\/JC\/MBR\/FH (RE0818e)<\/p>\n","protected":false},"excerpt":{"rendered":"<p>Arusha, August 18, 2001 (FH) - The International Criminal Tribunal for Rwanda (ICTR) has reversed a decision to sack Media Trial defence investigator Aloys Ngendahimana, admitting that it may have mistakenly identified him as one of Rwanda\u2019s top genocide suspects. Ngendahimana, an investigator for genocide suspect Ferdinand Nahimana, was one of four investigators whom the [&hellip;]<\/p>\n","protected":false},"author":64,"featured_media":0,"comment_status":"open","ping_status":"closed","sticky":false,"template":"","format":"standard","meta":{"_acf_changed":false,"footnotes":""},"categories":[555],"tags":[],"ji_location":[],"class_list":["post-16413","post","type-post","status-publish","format-standard","hentry","category-hirondellenews"],"acf":[],"yoast_head":"<!-- This site is optimized with the Yoast SEO Premium plugin v25.3.1 (Yoast SEO v25.3.1) - https:\/\/yoast.com\/wordpress\/plugins\/seo\/ -->\n<title>RWANDA TRIBUNAL REINSTATES SACKED DEFENCE INVESTIGATOR - JusticeInfo.net<\/title>\n<meta name=\"robots\" content=\"index, follow, max-snippet:-1, max-image-preview:large, max-video-preview:-1\" \/>\n<link rel=\"canonical\" href=\"https:\/\/www.justiceinfo.net\/en\/16413-en-en-rwanda-tribunal-reinstates-sacked-defence-investigator71797179.html\" \/>\n<meta property=\"og:locale\" content=\"en_US\" \/>\n<meta property=\"og:type\" content=\"article\" \/>\n<meta property=\"og:title\" content=\"RWANDA TRIBUNAL REINSTATES SACKED DEFENCE INVESTIGATOR\" \/>\n<meta property=\"og:description\" content=\"Arusha, August 18, 2001 (FH) - The International Criminal Tribunal for Rwanda (ICTR) has reversed a decision to sack Media Trial defence investigator Aloys Ngendahimana, admitting that it may have mistakenly identified him as one of Rwanda\u2019s top genocide suspects. Ngendahimana, an investigator for genocide suspect Ferdinand Nahimana, was one of four investigators whom the [&hellip;]\" \/>\n<meta property=\"og:url\" content=\"https:\/\/www.justiceinfo.net\/en\/16413-en-en-rwanda-tribunal-reinstates-sacked-defence-investigator71797179.html\" \/>\n<meta property=\"og:site_name\" content=\"JusticeInfo.net\" \/>\n<meta property=\"article:publisher\" content=\"https:\/\/www.facebook.com\/JusticeInfo\/\" \/>\n<meta property=\"article:published_time\" content=\"2001-08-17T22:00:00+00:00\" \/>\n<meta property=\"og:image\" content=\"https:\/\/www.justiceinfo.net\/wp-content\/uploads\/JusticeInfoNet_logo_1200x630px.jpg\" \/>\n\t<meta property=\"og:image:width\" content=\"1200\" \/>\n\t<meta property=\"og:image:height\" content=\"630\" \/>\n\t<meta property=\"og:image:type\" content=\"image\/jpeg\" \/>\n<meta name=\"author\" content=\"solivri\" \/>\n<meta name=\"twitter:card\" content=\"summary_large_image\" \/>\n<meta name=\"twitter:creator\" content=\"@justiceinfonet\" \/>\n<meta name=\"twitter:site\" content=\"@justiceinfonet\" \/>\n<meta name=\"twitter:label1\" content=\"Written by\" \/>\n\t<meta name=\"twitter:data1\" content=\"solivri\" \/>\n\t<meta name=\"twitter:label2\" content=\"Est. reading time\" \/>\n\t<meta name=\"twitter:data2\" content=\"2 minutes\" \/>\n<script type=\"application\/ld+json\" class=\"yoast-schema-graph\">{\"@context\":\"https:\/\/schema.org\",\"@graph\":[{\"@type\":\"NewsArticle\",\"@id\":\"https:\/\/www.justiceinfo.net\/en\/16413-en-en-rwanda-tribunal-reinstates-sacked-defence-investigator71797179.html#article\",\"isPartOf\":{\"@id\":\"https:\/\/www.justiceinfo.net\/en\/16413-en-en-rwanda-tribunal-reinstates-sacked-defence-investigator71797179.html\"},\"author\":{\"name\":\"solivri\",\"@id\":\"https:\/\/www.justiceinfo.net\/en\/#\/schema\/person\/6e53cba1629e2e66f3fc1821d3091865\"},\"headline\":\"RWANDA TRIBUNAL REINSTATES SACKED DEFENCE INVESTIGATOR\",\"datePublished\":\"2001-08-17T22:00:00+00:00\",\"mainEntityOfPage\":{\"@id\":\"https:\/\/www.justiceinfo.net\/en\/16413-en-en-rwanda-tribunal-reinstates-sacked-defence-investigator71797179.html\"},\"wordCount\":423,\"commentCount\":0,\"publisher\":{\"@id\":\"https:\/\/www.justiceinfo.net\/en\/#organization\"},\"articleSection\":[\"Hirondelle News\"],\"inLanguage\":\"en-US\",\"potentialAction\":[{\"@type\":\"CommentAction\",\"name\":\"Comment\",\"target\":[\"https:\/\/www.justiceinfo.net\/en\/16413-en-en-rwanda-tribunal-reinstates-sacked-defence-investigator71797179.html#respond\"]}]},{\"@type\":\"WebPage\",\"@id\":\"https:\/\/www.justiceinfo.net\/en\/16413-en-en-rwanda-tribunal-reinstates-sacked-defence-investigator71797179.html\",\"url\":\"https:\/\/www.justiceinfo.net\/en\/16413-en-en-rwanda-tribunal-reinstates-sacked-defence-investigator71797179.html\",\"name\":\"RWANDA TRIBUNAL REINSTATES SACKED DEFENCE INVESTIGATOR - JusticeInfo.net\",\"isPartOf\":{\"@id\":\"https:\/\/www.justiceinfo.net\/en\/#website\"},\"datePublished\":\"2001-08-17T22:00:00+00:00\",\"breadcrumb\":{\"@id\":\"https:\/\/www.justiceinfo.net\/en\/16413-en-en-rwanda-tribunal-reinstates-sacked-defence-investigator71797179.html#breadcrumb\"},\"inLanguage\":\"en-US\",\"potentialAction\":[{\"@type\":\"ReadAction\",\"target\":[\"https:\/\/www.justiceinfo.net\/en\/16413-en-en-rwanda-tribunal-reinstates-sacked-defence-investigator71797179.html\"]}]},{\"@type\":\"BreadcrumbList\",\"@id\":\"https:\/\/www.justiceinfo.net\/en\/16413-en-en-rwanda-tribunal-reinstates-sacked-defence-investigator71797179.html#breadcrumb\",\"itemListElement\":[{\"@type\":\"ListItem\",\"position\":1,\"name\":\"Home\",\"item\":\"https:\/\/www.justiceinfo.net\/en\"},{\"@type\":\"ListItem\",\"position\":2,\"name\":\"RWANDA TRIBUNAL REINSTATES SACKED DEFENCE INVESTIGATOR\"}]},{\"@type\":\"WebSite\",\"@id\":\"https:\/\/www.justiceinfo.net\/en\/#website\",\"url\":\"https:\/\/www.justiceinfo.net\/en\/\",\"name\":\"JusticeInfo.net\",\"description\":\"For justice to be done, it must be seen\",\"publisher\":{\"@id\":\"https:\/\/www.justiceinfo.net\/en\/#organization\"},\"potentialAction\":[{\"@type\":\"SearchAction\",\"target\":{\"@type\":\"EntryPoint\",\"urlTemplate\":\"https:\/\/www.justiceinfo.net\/en\/?s={search_term_string}\"},\"query-input\":{\"@type\":\"PropertyValueSpecification\",\"valueRequired\":true,\"valueName\":\"search_term_string\"}}],\"inLanguage\":\"en-US\"},{\"@type\":\"Organization\",\"@id\":\"https:\/\/www.justiceinfo.net\/en\/#organization\",\"name\":\"Justice Info\",\"url\":\"https:\/\/www.justiceinfo.net\/en\/\",\"logo\":{\"@type\":\"ImageObject\",\"inLanguage\":\"en-US\",\"@id\":\"https:\/\/www.justiceinfo.net\/en\/#\/schema\/logo\/image\/\",\"url\":\"https:\/\/www.justiceinfo.net\/wp-content\/uploads\/justiceinfo_logo-trans_1200x1200px.png\",\"contentUrl\":\"https:\/\/www.justiceinfo.net\/wp-content\/uploads\/justiceinfo_logo-trans_1200x1200px.png\",\"width\":1199,\"height\":1200,\"caption\":\"Justice Info\"},\"image\":{\"@id\":\"https:\/\/www.justiceinfo.net\/en\/#\/schema\/logo\/image\/\"},\"sameAs\":[\"https:\/\/www.facebook.com\/JusticeInfo\/\",\"https:\/\/x.com\/justiceinfonet\",\"https:\/\/www.linkedin.com\/company\/justice-info\",\"https:\/\/www.youtube.com\/channel\/UCyCEsARodyuWtkWyhn-e7pA\"]},{\"@type\":\"Person\",\"name\":\"solivri\",\"url\":\"\/en\/?s=solivri\"}]}<\/script>\n<!-- \/ Yoast SEO Premium plugin. -->","yoast_head_json":{"title":"RWANDA TRIBUNAL REINSTATES SACKED DEFENCE INVESTIGATOR - JusticeInfo.net","robots":{"index":"index","follow":"follow","max-snippet":"max-snippet:-1","max-image-preview":"max-image-preview:large","max-video-preview":"max-video-preview:-1"},"canonical":"https:\/\/www.justiceinfo.net\/en\/16413-en-en-rwanda-tribunal-reinstates-sacked-defence-investigator71797179.html","og_locale":"en_US","og_type":"article","og_title":"RWANDA TRIBUNAL REINSTATES SACKED DEFENCE INVESTIGATOR","og_description":"Arusha, August 18, 2001 (FH) - The International Criminal Tribunal for Rwanda (ICTR) has reversed a decision to sack Media Trial defence investigator Aloys Ngendahimana, admitting that it may have mistakenly identified him as one of Rwanda\u2019s top genocide suspects. Ngendahimana, an investigator for genocide suspect Ferdinand Nahimana, was one of four investigators whom the [&hellip;]","og_url":"https:\/\/www.justiceinfo.net\/en\/16413-en-en-rwanda-tribunal-reinstates-sacked-defence-investigator71797179.html","og_site_name":"JusticeInfo.net","article_publisher":"https:\/\/www.facebook.com\/JusticeInfo\/","article_published_time":"2001-08-17T22:00:00+00:00","og_image":[{"width":1200,"height":630,"url":"https:\/\/www.justiceinfo.net\/wp-content\/uploads\/JusticeInfoNet_logo_1200x630px.jpg","type":"image\/jpeg"}],"author":"solivri","twitter_card":"summary_large_image","twitter_creator":"@justiceinfonet","twitter_site":"@justiceinfonet","twitter_misc":{"Written by":"solivri","Est. reading time":"2 minutes"},"schema":{"@context":"https:\/\/schema.org","@graph":[{"@type":"NewsArticle","@id":"https:\/\/www.justiceinfo.net\/en\/16413-en-en-rwanda-tribunal-reinstates-sacked-defence-investigator71797179.html#article","isPartOf":{"@id":"https:\/\/www.justiceinfo.net\/en\/16413-en-en-rwanda-tribunal-reinstates-sacked-defence-investigator71797179.html"},"author":{"name":"solivri","@id":"https:\/\/www.justiceinfo.net\/en\/#\/schema\/person\/6e53cba1629e2e66f3fc1821d3091865"},"headline":"RWANDA TRIBUNAL REINSTATES SACKED DEFENCE INVESTIGATOR","datePublished":"2001-08-17T22:00:00+00:00","mainEntityOfPage":{"@id":"https:\/\/www.justiceinfo.net\/en\/16413-en-en-rwanda-tribunal-reinstates-sacked-defence-investigator71797179.html"},"wordCount":423,"commentCount":0,"publisher":{"@id":"https:\/\/www.justiceinfo.net\/en\/#organization"},"articleSection":["Hirondelle News"],"inLanguage":"en-US","potentialAction":[{"@type":"CommentAction","name":"Comment","target":["https:\/\/www.justiceinfo.net\/en\/16413-en-en-rwanda-tribunal-reinstates-sacked-defence-investigator71797179.html#respond"]}]},{"@type":"WebPage","@id":"https:\/\/www.justiceinfo.net\/en\/16413-en-en-rwanda-tribunal-reinstates-sacked-defence-investigator71797179.html","url":"https:\/\/www.justiceinfo.net\/en\/16413-en-en-rwanda-tribunal-reinstates-sacked-defence-investigator71797179.html","name":"RWANDA TRIBUNAL REINSTATES SACKED DEFENCE INVESTIGATOR - JusticeInfo.net","isPartOf":{"@id":"https:\/\/www.justiceinfo.net\/en\/#website"},"datePublished":"2001-08-17T22:00:00+00:00","breadcrumb":{"@id":"https:\/\/www.justiceinfo.net\/en\/16413-en-en-rwanda-tribunal-reinstates-sacked-defence-investigator71797179.html#breadcrumb"},"inLanguage":"en-US","potentialAction":[{"@type":"ReadAction","target":["https:\/\/www.justiceinfo.net\/en\/16413-en-en-rwanda-tribunal-reinstates-sacked-defence-investigator71797179.html"]}]},{"@type":"BreadcrumbList","@id":"https:\/\/www.justiceinfo.net\/en\/16413-en-en-rwanda-tribunal-reinstates-sacked-defence-investigator71797179.html#breadcrumb","itemListElement":[{"@type":"ListItem","position":1,"name":"Home","item":"https:\/\/www.justiceinfo.net\/en"},{"@type":"ListItem","position":2,"name":"RWANDA TRIBUNAL REINSTATES SACKED DEFENCE INVESTIGATOR"}]},{"@type":"WebSite","@id":"https:\/\/www.justiceinfo.net\/en\/#website","url":"https:\/\/www.justiceinfo.net\/en\/","name":"JusticeInfo.net","description":"For justice to be done, it must be seen","publisher":{"@id":"https:\/\/www.justiceinfo.net\/en\/#organization"},"potentialAction":[{"@type":"SearchAction","target":{"@type":"EntryPoint","urlTemplate":"https:\/\/www.justiceinfo.net\/en\/?s={search_term_string}"},"query-input":{"@type":"PropertyValueSpecification","valueRequired":true,"valueName":"search_term_string"}}],"inLanguage":"en-US"},{"@type":"Organization","@id":"https:\/\/www.justiceinfo.net\/en\/#organization","name":"Justice Info","url":"https:\/\/www.justiceinfo.net\/en\/","logo":{"@type":"ImageObject","inLanguage":"en-US","@id":"https:\/\/www.justiceinfo.net\/en\/#\/schema\/logo\/image\/","url":"https:\/\/www.justiceinfo.net\/wp-content\/uploads\/justiceinfo_logo-trans_1200x1200px.png","contentUrl":"https:\/\/www.justiceinfo.net\/wp-content\/uploads\/justiceinfo_logo-trans_1200x1200px.png","width":1199,"height":1200,"caption":"Justice Info"},"image":{"@id":"https:\/\/www.justiceinfo.net\/en\/#\/schema\/logo\/image\/"},"sameAs":["https:\/\/www.facebook.com\/JusticeInfo\/","https:\/\/x.com\/justiceinfonet","https:\/\/www.linkedin.com\/company\/justice-info","https:\/\/www.youtube.com\/channel\/UCyCEsARodyuWtkWyhn-e7pA"]},{"@type":"Person","name":"solivri","url":"\/en\/?s=solivri"}]}},"_links":{"self":[{"href":"https:\/\/www.justiceinfo.net\/en\/wp-json\/wp\/v2\/posts\/16413","targetHints":{"allow":["GET"]}}],"collection":[{"href":"https:\/\/www.justiceinfo.net\/en\/wp-json\/wp\/v2\/posts"}],"about":[{"href":"https:\/\/www.justiceinfo.net\/en\/wp-json\/wp\/v2\/types\/post"}],"author":[{"embeddable":true,"href":"https:\/\/www.justiceinfo.net\/en\/wp-json\/wp\/v2\/users\/64"}],"replies":[{"embeddable":true,"href":"https:\/\/www.justiceinfo.net\/en\/wp-json\/wp\/v2\/comments?post=16413"}],"version-history":[{"count":0,"href":"https:\/\/www.justiceinfo.net\/en\/wp-json\/wp\/v2\/posts\/16413\/revisions"}],"wp:attachment":[{"href":"https:\/\/www.justiceinfo.net\/en\/wp-json\/wp\/v2\/media?parent=16413"}],"wp:term":[{"taxonomy":"category","embeddable":true,"href":"https:\/\/www.justiceinfo.net\/en\/wp-json\/wp\/v2\/categories?post=16413"},{"taxonomy":"post_tag","embeddable":true,"href":"https:\/\/www.justiceinfo.net\/en\/wp-json\/wp\/v2\/tags?post=16413"},{"taxonomy":"ji_location","embeddable":true,"href":"https:\/\/www.justiceinfo.net\/en\/wp-json\/wp\/v2\/ji_location?post=16413"}],"curies":[{"name":"wp","href":"https:\/\/api.w.org\/{rel}","templated":true}]}}