{"id":164293,"date":"2026-08-31T11:22:49","date_gmt":"2026-08-31T09:22:49","guid":{"rendered":"https:\/\/www.justiceinfo.net\/?p=164293"},"modified":"2026-08-31T11:25:55","modified_gmt":"2026-08-31T09:25:55","slug":"special-criminal-court-guen-trial-resumes-with-closing-arguments","status":"publish","type":"post","link":"https:\/\/www.justiceinfo.net\/en\/164293-special-criminal-court-guen-trial-resumes-with-closing-arguments.html","title":{"rendered":"Special Criminal Court: Guen trial resumes with closing arguments"},"content":{"rendered":"\n<p>The fourth trial at the Special Criminal Court begins its closing arguments on Monday August 31. Before the conclusion of hearings on June 11, Edmond Beina and Dieudonn\u00e9 Gomitoua traded accusations over the massacre of some 40 Muslims.<\/p>\n\n\n\n<!--more-->\n\n\n\n<p>\u201cFollowing President Djotodja\u2019s resignation in 2014, the Anti-Balaka [a predominantly Christian militia group] turned on the Muslim population in the streets of Guen and carried out massacres of civilians, women and children,\u201d prosecutor Alain Ouaby-B\u00e9ka\u00ef <a href=\"https:\/\/www.justiceinfo.net\/en\/148599-car-special-court-wants-to-live-on.html\">told Justice Info<\/a> as the <a href=\"https:\/\/www.justiceinfo.net\/tag\/special-criminal-court\">Special Criminal Court<\/a>\u2019s fourth trial was due to open at the end of 2025.<\/p>\n\n\n\n<p>Proceedings in this so-called \u201cGuen\u201d trial concluded on June 11 with the judges cross-examining the defendants on facts presented during the seven-week hearing. The trial concerns war crimes and crimes against humanity committed between February and March 2014 in the towns of Gadzi, Guen and Djomo, in western Central African Republic (CAR).<\/p>\n\n\n\n<p>Initially, there were to be six defendants. With one on the run and another having died, there are now four. Three were dressed in orange prison uniforms \u2013 Edmond Beina, Phil\u00e9mon Kahena (alias CB) and Fran\u00e7ois Boybanda (alias Bal\u00e8re) \u2013 whilst Dieudonn\u00e9 Gomitoua appeared as a free man, in civilian clothes. One by one, the judges of the Special Criminal Court (CPS) questioned them over several days regarding the crimes of which they are accused: looting, murder, forced displacement, rape, sexual slavery, extermination, persecution, and inhuman and degrading treatment. All the defendants present pleaded not guilty. To establish their guilt, the prosecution brought around 20 witnesses to Bangui, with the number rising to around 40 as the trial progressed.<\/p>\n\n\n\n<h2 class=\"wp-block-heading\" id=\"h-boybanda-i-was-in-my-field-i-know-nothing\">Boybanda: \u201cI was in my field, I know nothing\u201d<\/h2>\n\n\n\n<p>Boybanda, a clan leader in the village of Gba\u00efna near Guen, explained to the court on June 11 that he had been \u201cdriven out\u201d of Guen and into his field by the Seleka rebels [a predominantly Muslim coalition], who, he said, beat him and gave him a broken rib in 2013.<\/p>\n\n\n\n<p>\u201cWas it to take revenge that you formed an Anti-Balaka group?\u201d asked presiding judge Aim\u00e9 Pascal D\u00e9limo.<\/p>\n\n\n\n<p><strong>\u201c<\/strong>No, Your Honour, there has never been an Anti-Balaka group in the region.\u201d<\/p>\n\n\n\n<p><strong>\u201c<\/strong>But why do your co-defendants call you Anti-Balaka in their statements?\u201d<\/p>\n\n\n\n<p>The defendant remained silent in response to this question. The judge then asked him if he knew his co-defendants.<\/p>\n\n\n\n<p><strong>\u201c<\/strong>Yes, Phil\u00e9mon Kahena is chairman of the Guen youth organisation; Edmond Beina is known as an Anti-Balaka leader who came from the T\u00e9doua region in Ombella Mpoko to fight the Seleka forces who were committing atrocities in the region.\u201d<\/p>\n\n\n\n<p>\u201cWhat were Beina and his men doing in the town?\u201d<\/p>\n\n\n\n<p>\u201cI was in my field; I know nothing.\u201d<\/p>\n\n\n\n<figure class=\"wp-block-image size-full\"><img loading=\"lazy\" decoding=\"async\" width=\"1080\" height=\"810\" src=\"https:\/\/www.justiceinfo.net\/wp-content\/uploads\/Centrafrique_proces-Guen-juges_@Cour-Penale-Speciale.jpg\" alt=\"Three judges of the Special Criminal Court (SCC) in the Central African Republic\" class=\"wp-image-164276\" srcset=\"https:\/\/www.justiceinfo.net\/wp-content\/uploads\/Centrafrique_proces-Guen-juges_@Cour-Penale-Speciale.jpg 1080w, https:\/\/www.justiceinfo.net\/wp-content\/uploads\/Centrafrique_proces-Guen-juges_@Cour-Penale-Speciale-1000x750.jpg 1000w\" sizes=\"auto, (max-width: 1080px) 100vw, 1080px\" \/><figcaption class=\"wp-element-caption\">From left to right: judges Herizo Rado Andriamanantena, Aim\u00e9 Pascal Delimo (President) and Emile Ndjapou form the sole criminal division of the Special Criminal Court (CPS) in the Central African Republic. Photo: \u00a9 Cour p\u00e9nale sp\u00e9ciale<\/figcaption><\/figure>\n\n\n\n<h2 class=\"wp-block-heading\" id=\"h-kahena-i-was-working-with-the-anti-balaka-to-bring-peace\"><strong>Kahena: \u201cI was working with the Anti-Balaka to bring peace\u201d<\/strong><\/h2>\n\n\n\n<p>Kahena is also accused of leading an Anti-Balaka group. When questioned by the court, he stated that he was working on behalf of the NGO Finn Church Aid, with whom he was documenting cases of human rights violations whilst, as he put it, \u201cadvising\u201d self-defence groups.<\/p>\n\n\n\n<p>\u201cWhere were you at the time of the events?\u201d the presiding judge asked him.<\/p>\n\n\n\n<p>\u201cI was in my field, four kilometres from Guen. I had been staying there for several months with my late mother-in-law, who was ill.\u201d<\/p>\n\n\n\n<p>\u201cWhy did you leave [to return to Guen]?\u201d<\/p>\n\n\n\n<p>\u201cI\u2019d heard news of my younger brother\u2019s death, so I went for the funeral.\u201d<\/p>\n\n\n\n<p>\u201cWho killed him?\u201d<\/p>\n\n\n\n<p>\u201cIt was members of the S\u00e9l\u00e9ka. That is what I was told.\u201d<\/p>\n\n\n\n<p>\u201cDid you form your group to take revenge?\u201d<\/p>\n\n\n\n<p>\u201cNo, Your Honour. These accusations are unjustly levelled against me. I was working with the Anti-Balaka to bring about peace.<\/p>\n\n\n\n<p>\u201cWhy are you called CB?\u201d<\/p>\n\n\n\n<p>\u201cIt\u2019s the nickname my paternal aunt gave me, because of my resemblance to a brigade commander [CB] stationed in Guen when I was a child. In Guen, there are more than three CBs\u2026<\/p>\n\n\n\n<h2 class=\"wp-block-heading\" id=\"h-gomitoua-i-saw-beina-kill-people-in-cold-blood\">Gomitoua: \u201cI saw Beina kill people in cold blood\u201d<\/h2>\n\n\n\n<p>Gomitoua, who appeared in court as a free man, is accused of taking part in the killing of more than 40 people at the home of a local chief, Ali Garba, who was sheltering Muslims. During the hearings, this violence committed on his compound \u2013 described by several witnesses as a place of refuge that became a scene of murder \u2013 became a central focus of the trial. Other events have been linked to this core incident: attacks on places of worship, murders and acts of violence in Djomo and Gadzi.<\/p>\n\n\n\n<p>Gomitoua, a former MP for Guen, is portrayed by his defence as a figure of authority held hostage, powerless in the face of the Anti-Balaka and Beina in particular.<\/p>\n\n\n\n<p>\u201cAccording to a witness, you told Beina \u2018sara koua ti mon\u2019 (\u201cdo your job\u201d). What did you mean by that?\u201d<\/p>\n\n\n\n<p>\u201cYour Honour, I begged him not to carry out this massacre, but he did not understand me. Having lost patience, I therefore told him to do as he pleased, whilst knowing that one day justice would be done. That is the meaning of my words.\u201d<\/p>\n\n\n\n<p>\u201cDid you have a weapon in your hand?\u201d<\/p>\n\n\n\n<p>\u201cNo, Your Honour. I was taken away on a motorbike whilst I was ill; it was Mayor Trixi who sent for me to intervene as a community leader.\u201d<\/p>\n\n\n\n<p>\u201cWho killed all those people?\u201d<\/p>\n\n\n\n<p>\u201cIt was Beina and his men. He is indeed an Anti-Balaka leader. I saw him armed on several occasions. I also saw him kill people in cold blood.\u201d<\/p>\n\n\n\t<div class=\"ArticleNewsletterCTA\">\r\n\t\t<div class=\"ArticleNewsletterCTATitle\">FIND THIS ARTICLE INTERESTING?<\/div>\r\n\t\t<div class=\"ArticleNewsletterCTAText\">\r\n\t\t\t<a href=\"\/en\/newsletter\">Sign up now for our (free) newsletter<\/a> to make sure you don't miss out on other publications of this type. \t\t<\/div>\r\n\t<\/div>\r\n\t\n\n\n<h2 class=\"wp-block-heading\" id=\"h-beina-the-muslim-community-was-planning-an-attack\"><strong>Beina: \u201cThe Muslim community was planning an attack\u201d<\/strong><\/h2>\n\n\n\n<p>Several witnesses stated during the trial that they had seen Beina giving orders, gathering men together and ordering their execution. When asked whether there was a hierarchy within the Anti-Balaka, a Muslim shopkeeper replied in the affirmative, naming Beina, Jean Bahara [tried in absentia]\u00a0and Mathurin Kombo [deceased defendant] as influential figures, stating that they travelled together and that Beina called himself \u201cDelta Force\u201d.<\/p>\n\n\n\n<p>Presented by the prosecution as the leader of the Anti-Balaka in Guen, Beina did not deny the facts alleged by the witnesses during his cross-examination on June 11. But he was also keen to shift the blame onto his co-accused and say that contrary to his statements \u201cGomitoua, who is my father\u2019s age, had come with a firearm to kill Ali Garba, whom I took it on myself to protect.\u201d<\/p>\n\n\n\n<p>\u201cWhy do you think Gomitoua would have been involved in this massacre?\u201d the presiding judge asked him.<\/p>\n\n\n\n<p>\u201cA political matter, no doubt. Also, the Muslim community in the region was planning an attack: a stock of ammunition had been found at Ali Garba\u2019s home. Having learnt of these preparations, we decided to act.\u201d<\/p>\n\n\n\n<p>\u201cWho is \u2018we\u2019?\u201d<\/p>\n\n\n\n<p>\u201cUs and certain community leaders who said that this region is their heritage, and that they could not stand by and watch outsiders attack the local people.\u201d<\/p>\n\n\n\n<p>Hearings in the Guen trial are due to resume on Monday August 24 with closing arguments from the civil parties, prosecution and defence. They are scheduled to conclude on August 31.<\/p>\n\n\n<div class=\"content-encadre\">\r\n\t<p><strong>\u201cPIECES OF EVIDENCE\u201d<\/strong><\/p>\n<p>On March 2, 2026, the prosecution presented \u201cevidence against the accused\u201d to the judges of the Special Criminal Court (CPS) in the Guen trial. These include mobile phones of various makes belonging to the defendants. For the defendant Edmond Beina, the court presented a mini transistor radio and a knife. A 50-page notebook brought by a prosecution witness \u2013 a leader of the Muslim community \u2013 was also added, containing 89 names of Muslims said to have lost their lives during the events.<\/p>\n<p>The court also screened three videos. The first shows graves or mass graves of people who lost their lives during the events in Guen. The second shows a telephone conversation in which a man\u2019s voice \u2013 believed to be that of Beina \u2013 confirms the massacre of more than 40 Muslims in Guen. The third video features the testimony of a young Muslim girl who was 12 years old at the time of the events. She states that her father and brother were killed in Guen before her eyes.<\/p>\n<\/div>\n\n<div class=\"articleLink articleLink--editorRecommanded articleLink--textInImage articleLink--textTop\" style=\"\">\r\n\t\t\t\t\t\r\n\t\t\t<div class=\"articleLinkSurTitle\">Recommended reading<\/div>\r\n\t\t\t<a class=\"articleLinkImageLink\" href=\"https:\/\/www.justiceinfo.net\/en\/158091-cps-the-other-headless-court.html\"><div class=\"articleLinkImageContainer \"><img loading=\"lazy\" decoding=\"async\" width=\"540\" height=\"360\" src=\"https:\/\/www.justiceinfo.net\/wp-content\/uploads\/Republique-Centrafricaine_Toussaint-Muntazini-Mukimapa-CPS-2017-540x360.jpg\" class=\"articleLinkImage backgroundImageTag w-100 wp-post-image\" alt=\"Toussaint Muntazini Mukimapa has been sworn in as a prosecutor at the Special Criminal Court (SCC) in the Central African Republic.\" srcset=\"https:\/\/www.justiceinfo.net\/wp-content\/uploads\/Republique-Centrafricaine_Toussaint-Muntazini-Mukimapa-CPS-2017-540x360.jpg 540w, https:\/\/www.justiceinfo.net\/wp-content\/uploads\/Republique-Centrafricaine_Toussaint-Muntazini-Mukimapa-CPS-2017-1000x667.jpg 1000w, https:\/\/www.justiceinfo.net\/wp-content\/uploads\/Republique-Centrafricaine_Toussaint-Muntazini-Mukimapa-CPS-2017-1110x740.jpg 1110w, https:\/\/www.justiceinfo.net\/wp-content\/uploads\/Republique-Centrafricaine_Toussaint-Muntazini-Mukimapa-CPS-2017.jpg 1200w\" sizes=\"auto, (max-width: 540px) 100vw, 540px\" \/><\/div><\/a>\r\n\t\t\t<a href=\"https:\/\/www.justiceinfo.net\/en\/158091-cps-the-other-headless-court.html\" class=\"articleLinkTitle articleLinkTitle--default\">\r\n\t\t\tCPS, the other \u201cheadless\u201d court\r\n\t\t<\/a>\r\n\t\t\r\n\t\t\t\t<\/div>","protected":false},"excerpt":{"rendered":"<p>The fourth trial at the Special Criminal Court begins its closing arguments on Monday August 31. Before the conclusion of hearings on June 11, Edmond Beina and Dieudonn\u00e9 Gomitoua traded accusations over the massacre of some 40 Muslims.<\/p>\n","protected":false},"author":64,"featured_media":164284,"comment_status":"closed","ping_status":"closed","sticky":false,"template":"","format":"standard","meta":{"_acf_changed":false,"footnotes":""},"categories":[565],"tags":[3077],"ji_location":[2165],"class_list":["post-164293","post","type-post","status-publish","format-standard","has-post-thumbnail","hentry","category-mixed-tribunals","tag-special-criminal-court","ji_location-central-african-republic"],"acf":[],"yoast_head":"<!-- This site is optimized with the Yoast SEO Premium plugin v25.3.1 (Yoast SEO v25.3.1) - https:\/\/yoast.com\/wordpress\/plugins\/seo\/ -->\n<title>Special Criminal Court: Guen trial resumes with closing arguments<\/title>\n<meta name=\"description\" content=\"The fourth trial at the Special Criminal Court begins its closing arguments on Monday August 31. Before the conclusion of hearings on June 11, Edmond Beina and Dieudonn\u00e9 Gomitoua traded accusations over the massacre of some 40 Muslims.\" \/>\n<meta name=\"robots\" content=\"index, follow, max-snippet:-1, max-image-preview:large, max-video-preview:-1\" \/>\n<link rel=\"canonical\" href=\"https:\/\/www.justiceinfo.net\/en\/164293-special-criminal-court-guen-trial-resumes-with-closing-arguments.html\" \/>\n<meta property=\"og:locale\" content=\"en_US\" \/>\n<meta property=\"og:type\" content=\"article\" \/>\n<meta property=\"og:title\" content=\"Special Criminal Court: Guen trial resumes with closing arguments\" \/>\n<meta property=\"og:description\" content=\"The fourth trial at the Special Criminal Court begins its closing arguments on Monday August 31. Before the conclusion of hearings on June 11, Edmond Beina and Dieudonn\u00e9 Gomitoua traded accusations over the massacre of some 40 Muslims.\" \/>\n<meta property=\"og:url\" content=\"https:\/\/www.justiceinfo.net\/en\/164293-special-criminal-court-guen-trial-resumes-with-closing-arguments.html\" \/>\n<meta property=\"og:site_name\" content=\"JusticeInfo.net\" \/>\n<meta property=\"article:publisher\" content=\"https:\/\/www.facebook.com\/JusticeInfo\/\" \/>\n<meta property=\"article:published_time\" content=\"2026-08-31T09:22:49+00:00\" \/>\n<meta property=\"article:modified_time\" content=\"2026-08-31T09:25:55+00:00\" \/>\n<meta property=\"og:image\" content=\"https:\/\/www.justiceinfo.net\/wp-content\/uploads\/Centrafrique_proces-Guen-1_@Cour-Penale-Speciale.jpg\" \/>\n\t<meta property=\"og:image:width\" content=\"1080\" \/>\n\t<meta property=\"og:image:height\" content=\"810\" \/>\n\t<meta property=\"og:image:type\" content=\"image\/jpeg\" \/>\n<meta name=\"author\" content=\"Avila Bissayo Andy\" \/>\n<meta name=\"twitter:card\" content=\"summary_large_image\" \/>\n<meta name=\"twitter:title\" content=\"Special Criminal Court: Guen trial resumes with closing arguments\" \/>\n<meta name=\"twitter:creator\" content=\"@justiceinfonet\" \/>\n<meta name=\"twitter:site\" content=\"@justiceinfonet\" \/>\n<meta name=\"twitter:label1\" content=\"Written by\" \/>\n\t<meta name=\"twitter:data1\" content=\"Avila Bissayo Andy\" \/>\n\t<meta name=\"twitter:label2\" content=\"Est. reading time\" \/>\n\t<meta name=\"twitter:data2\" content=\"7 minutes\" \/>\n<script type=\"application\/ld+json\" class=\"yoast-schema-graph\">{\"@context\":\"https:\/\/schema.org\",\"@graph\":[{\"@type\":\"NewsArticle\",\"@id\":\"https:\/\/www.justiceinfo.net\/en\/164293-special-criminal-court-guen-trial-resumes-with-closing-arguments.html#article\",\"isPartOf\":{\"@id\":\"https:\/\/www.justiceinfo.net\/en\/164293-special-criminal-court-guen-trial-resumes-with-closing-arguments.html\"},\"author\":{\"name\":\"solivri\",\"@id\":\"https:\/\/www.justiceinfo.net\/en\/#\/schema\/person\/6e53cba1629e2e66f3fc1821d3091865\"},\"headline\":\"Special Criminal Court: Guen trial resumes with closing arguments\",\"datePublished\":\"2026-08-31T09:22:49+00:00\",\"dateModified\":\"2026-08-31T09:25:55+00:00\",\"mainEntityOfPage\":{\"@id\":\"https:\/\/www.justiceinfo.net\/en\/164293-special-criminal-court-guen-trial-resumes-with-closing-arguments.html\"},\"wordCount\":1200,\"publisher\":{\"@id\":\"https:\/\/www.justiceinfo.net\/en\/#organization\"},\"image\":{\"@id\":\"https:\/\/www.justiceinfo.net\/en\/164293-special-criminal-court-guen-trial-resumes-with-closing-arguments.html#primaryimage\"},\"thumbnailUrl\":\"https:\/\/www.justiceinfo.net\/wp-content\/uploads\/Centrafrique_proces-Guen-1_@Cour-Penale-Speciale.jpg\",\"keywords\":[\"Special Criminal Court\"],\"articleSection\":[\"Mixed tribunals\"],\"inLanguage\":\"en-US\"},{\"@type\":\"WebPage\",\"@id\":\"https:\/\/www.justiceinfo.net\/en\/164293-special-criminal-court-guen-trial-resumes-with-closing-arguments.html\",\"url\":\"https:\/\/www.justiceinfo.net\/en\/164293-special-criminal-court-guen-trial-resumes-with-closing-arguments.html\",\"name\":\"Special Criminal Court: Guen trial resumes with closing arguments\",\"isPartOf\":{\"@id\":\"https:\/\/www.justiceinfo.net\/en\/#website\"},\"primaryImageOfPage\":{\"@id\":\"https:\/\/www.justiceinfo.net\/en\/164293-special-criminal-court-guen-trial-resumes-with-closing-arguments.html#primaryimage\"},\"image\":{\"@id\":\"https:\/\/www.justiceinfo.net\/en\/164293-special-criminal-court-guen-trial-resumes-with-closing-arguments.html#primaryimage\"},\"thumbnailUrl\":\"https:\/\/www.justiceinfo.net\/wp-content\/uploads\/Centrafrique_proces-Guen-1_@Cour-Penale-Speciale.jpg\",\"datePublished\":\"2026-08-31T09:22:49+00:00\",\"dateModified\":\"2026-08-31T09:25:55+00:00\",\"description\":\"The fourth trial at the Special Criminal Court begins its closing arguments on Monday August 31. Before the conclusion of hearings on June 11, Edmond Beina and Dieudonn\u00e9 Gomitoua traded accusations over the massacre of some 40 Muslims.\",\"breadcrumb\":{\"@id\":\"https:\/\/www.justiceinfo.net\/en\/164293-special-criminal-court-guen-trial-resumes-with-closing-arguments.html#breadcrumb\"},\"inLanguage\":\"en-US\",\"potentialAction\":[{\"@type\":\"ReadAction\",\"target\":[\"https:\/\/www.justiceinfo.net\/en\/164293-special-criminal-court-guen-trial-resumes-with-closing-arguments.html\"]}]},{\"@type\":\"ImageObject\",\"inLanguage\":\"en-US\",\"@id\":\"https:\/\/www.justiceinfo.net\/en\/164293-special-criminal-court-guen-trial-resumes-with-closing-arguments.html#primaryimage\",\"url\":\"https:\/\/www.justiceinfo.net\/wp-content\/uploads\/Centrafrique_proces-Guen-1_@Cour-Penale-Speciale.jpg\",\"contentUrl\":\"https:\/\/www.justiceinfo.net\/wp-content\/uploads\/Centrafrique_proces-Guen-1_@Cour-Penale-Speciale.jpg\",\"width\":1080,\"height\":810,\"caption\":\"From left to right: Dieudonn\u00e9 Gomitoua (who appears in court as a free man), Fran\u00e7ois Boybanda, Edmond Beina, and Phil\u00e9mon Kahena. A fifth defendant, Jean Bahara, is being tried in absentia. Alleged to have been members or supporters of the anti-balaka militias, they are on trial for war crimes and crimes against humanity committed between February and March 2014 in the towns of Gadzi, Guen and Djomo, in the west of the Central African Republic (CAR). Photo: \u00a9 Cour p\u00e9nale sp\u00e9ciale\"},{\"@type\":\"BreadcrumbList\",\"@id\":\"https:\/\/www.justiceinfo.net\/en\/164293-special-criminal-court-guen-trial-resumes-with-closing-arguments.html#breadcrumb\",\"itemListElement\":[{\"@type\":\"ListItem\",\"position\":1,\"name\":\"Home\",\"item\":\"https:\/\/www.justiceinfo.net\/en\"},{\"@type\":\"ListItem\",\"position\":2,\"name\":\"Special Criminal Court: Guen trial resumes with closing arguments\"}]},{\"@type\":\"WebSite\",\"@id\":\"https:\/\/www.justiceinfo.net\/en\/#website\",\"url\":\"https:\/\/www.justiceinfo.net\/en\/\",\"name\":\"JusticeInfo.net\",\"description\":\"For justice to be done, it must be seen\",\"publisher\":{\"@id\":\"https:\/\/www.justiceinfo.net\/en\/#organization\"},\"potentialAction\":[{\"@type\":\"SearchAction\",\"target\":{\"@type\":\"EntryPoint\",\"urlTemplate\":\"https:\/\/www.justiceinfo.net\/en\/?s={search_term_string}\"},\"query-input\":{\"@type\":\"PropertyValueSpecification\",\"valueRequired\":true,\"valueName\":\"search_term_string\"}}],\"inLanguage\":\"en-US\"},{\"@type\":\"Organization\",\"@id\":\"https:\/\/www.justiceinfo.net\/en\/#organization\",\"name\":\"Justice Info\",\"url\":\"https:\/\/www.justiceinfo.net\/en\/\",\"logo\":{\"@type\":\"ImageObject\",\"inLanguage\":\"en-US\",\"@id\":\"https:\/\/www.justiceinfo.net\/en\/#\/schema\/logo\/image\/\",\"url\":\"https:\/\/www.justiceinfo.net\/wp-content\/uploads\/justiceinfo_logo-trans_1200x1200px.png\",\"contentUrl\":\"https:\/\/www.justiceinfo.net\/wp-content\/uploads\/justiceinfo_logo-trans_1200x1200px.png\",\"width\":1199,\"height\":1200,\"caption\":\"Justice Info\"},\"image\":{\"@id\":\"https:\/\/www.justiceinfo.net\/en\/#\/schema\/logo\/image\/\"},\"sameAs\":[\"https:\/\/www.facebook.com\/JusticeInfo\/\",\"https:\/\/x.com\/justiceinfonet\",\"https:\/\/www.linkedin.com\/company\/justice-info\",\"https:\/\/www.youtube.com\/channel\/UCyCEsARodyuWtkWyhn-e7pA\"]},{\"@type\":\"Person\",\"name\":\"Avila Bissayo Andy\",\"url\":\"\/en\/?s=Avila Bissayo Andy\"}]}<\/script>\n<!-- \/ Yoast SEO Premium plugin. -->","yoast_head_json":{"title":"Special Criminal Court: Guen trial resumes with closing arguments","description":"The fourth trial at the Special Criminal Court begins its closing arguments on Monday August 31. Before the conclusion of hearings on June 11, Edmond Beina and Dieudonn\u00e9 Gomitoua traded accusations over the massacre of some 40 Muslims.","robots":{"index":"index","follow":"follow","max-snippet":"max-snippet:-1","max-image-preview":"max-image-preview:large","max-video-preview":"max-video-preview:-1"},"canonical":"https:\/\/www.justiceinfo.net\/en\/164293-special-criminal-court-guen-trial-resumes-with-closing-arguments.html","og_locale":"en_US","og_type":"article","og_title":"Special Criminal Court: Guen trial resumes with closing arguments","og_description":"The fourth trial at the Special Criminal Court begins its closing arguments on Monday August 31. Before the conclusion of hearings on June 11, Edmond Beina and Dieudonn\u00e9 Gomitoua traded accusations over the massacre of some 40 Muslims.","og_url":"https:\/\/www.justiceinfo.net\/en\/164293-special-criminal-court-guen-trial-resumes-with-closing-arguments.html","og_site_name":"JusticeInfo.net","article_publisher":"https:\/\/www.facebook.com\/JusticeInfo\/","article_published_time":"2026-08-31T09:22:49+00:00","article_modified_time":"2026-08-31T09:25:55+00:00","og_image":[{"width":1080,"height":810,"url":"https:\/\/www.justiceinfo.net\/wp-content\/uploads\/Centrafrique_proces-Guen-1_@Cour-Penale-Speciale.jpg","type":"image\/jpeg"}],"author":"Avila Bissayo Andy","twitter_card":"summary_large_image","twitter_title":"Special Criminal Court: Guen trial resumes with closing arguments","twitter_creator":"@justiceinfonet","twitter_site":"@justiceinfonet","twitter_misc":{"Written by":"Avila Bissayo Andy","Est. reading time":"7 minutes"},"schema":{"@context":"https:\/\/schema.org","@graph":[{"@type":"NewsArticle","@id":"https:\/\/www.justiceinfo.net\/en\/164293-special-criminal-court-guen-trial-resumes-with-closing-arguments.html#article","isPartOf":{"@id":"https:\/\/www.justiceinfo.net\/en\/164293-special-criminal-court-guen-trial-resumes-with-closing-arguments.html"},"author":{"name":"solivri","@id":"https:\/\/www.justiceinfo.net\/en\/#\/schema\/person\/6e53cba1629e2e66f3fc1821d3091865"},"headline":"Special Criminal Court: Guen trial resumes with closing arguments","datePublished":"2026-08-31T09:22:49+00:00","dateModified":"2026-08-31T09:25:55+00:00","mainEntityOfPage":{"@id":"https:\/\/www.justiceinfo.net\/en\/164293-special-criminal-court-guen-trial-resumes-with-closing-arguments.html"},"wordCount":1200,"publisher":{"@id":"https:\/\/www.justiceinfo.net\/en\/#organization"},"image":{"@id":"https:\/\/www.justiceinfo.net\/en\/164293-special-criminal-court-guen-trial-resumes-with-closing-arguments.html#primaryimage"},"thumbnailUrl":"https:\/\/www.justiceinfo.net\/wp-content\/uploads\/Centrafrique_proces-Guen-1_@Cour-Penale-Speciale.jpg","keywords":["Special Criminal Court"],"articleSection":["Mixed tribunals"],"inLanguage":"en-US"},{"@type":"WebPage","@id":"https:\/\/www.justiceinfo.net\/en\/164293-special-criminal-court-guen-trial-resumes-with-closing-arguments.html","url":"https:\/\/www.justiceinfo.net\/en\/164293-special-criminal-court-guen-trial-resumes-with-closing-arguments.html","name":"Special Criminal Court: Guen trial resumes with closing arguments","isPartOf":{"@id":"https:\/\/www.justiceinfo.net\/en\/#website"},"primaryImageOfPage":{"@id":"https:\/\/www.justiceinfo.net\/en\/164293-special-criminal-court-guen-trial-resumes-with-closing-arguments.html#primaryimage"},"image":{"@id":"https:\/\/www.justiceinfo.net\/en\/164293-special-criminal-court-guen-trial-resumes-with-closing-arguments.html#primaryimage"},"thumbnailUrl":"https:\/\/www.justiceinfo.net\/wp-content\/uploads\/Centrafrique_proces-Guen-1_@Cour-Penale-Speciale.jpg","datePublished":"2026-08-31T09:22:49+00:00","dateModified":"2026-08-31T09:25:55+00:00","description":"The fourth trial at the Special Criminal Court begins its closing arguments on Monday August 31. Before the conclusion of hearings on June 11, Edmond Beina and Dieudonn\u00e9 Gomitoua traded accusations over the massacre of some 40 Muslims.","breadcrumb":{"@id":"https:\/\/www.justiceinfo.net\/en\/164293-special-criminal-court-guen-trial-resumes-with-closing-arguments.html#breadcrumb"},"inLanguage":"en-US","potentialAction":[{"@type":"ReadAction","target":["https:\/\/www.justiceinfo.net\/en\/164293-special-criminal-court-guen-trial-resumes-with-closing-arguments.html"]}]},{"@type":"ImageObject","inLanguage":"en-US","@id":"https:\/\/www.justiceinfo.net\/en\/164293-special-criminal-court-guen-trial-resumes-with-closing-arguments.html#primaryimage","url":"https:\/\/www.justiceinfo.net\/wp-content\/uploads\/Centrafrique_proces-Guen-1_@Cour-Penale-Speciale.jpg","contentUrl":"https:\/\/www.justiceinfo.net\/wp-content\/uploads\/Centrafrique_proces-Guen-1_@Cour-Penale-Speciale.jpg","width":1080,"height":810,"caption":"From left to right: Dieudonn\u00e9 Gomitoua (who appears in court as a free man), Fran\u00e7ois Boybanda, Edmond Beina, and Phil\u00e9mon Kahena. A fifth defendant, Jean Bahara, is being tried in absentia. Alleged to have been members or supporters of the anti-balaka militias, they are on trial for war crimes and crimes against humanity committed between February and March 2014 in the towns of Gadzi, Guen and Djomo, in the west of the Central African Republic (CAR). Photo: \u00a9 Cour p\u00e9nale sp\u00e9ciale"},{"@type":"BreadcrumbList","@id":"https:\/\/www.justiceinfo.net\/en\/164293-special-criminal-court-guen-trial-resumes-with-closing-arguments.html#breadcrumb","itemListElement":[{"@type":"ListItem","position":1,"name":"Home","item":"https:\/\/www.justiceinfo.net\/en"},{"@type":"ListItem","position":2,"name":"Special Criminal Court: Guen trial resumes with closing arguments"}]},{"@type":"WebSite","@id":"https:\/\/www.justiceinfo.net\/en\/#website","url":"https:\/\/www.justiceinfo.net\/en\/","name":"JusticeInfo.net","description":"For justice to be done, it must be seen","publisher":{"@id":"https:\/\/www.justiceinfo.net\/en\/#organization"},"potentialAction":[{"@type":"SearchAction","target":{"@type":"EntryPoint","urlTemplate":"https:\/\/www.justiceinfo.net\/en\/?s={search_term_string}"},"query-input":{"@type":"PropertyValueSpecification","valueRequired":true,"valueName":"search_term_string"}}],"inLanguage":"en-US"},{"@type":"Organization","@id":"https:\/\/www.justiceinfo.net\/en\/#organization","name":"Justice Info","url":"https:\/\/www.justiceinfo.net\/en\/","logo":{"@type":"ImageObject","inLanguage":"en-US","@id":"https:\/\/www.justiceinfo.net\/en\/#\/schema\/logo\/image\/","url":"https:\/\/www.justiceinfo.net\/wp-content\/uploads\/justiceinfo_logo-trans_1200x1200px.png","contentUrl":"https:\/\/www.justiceinfo.net\/wp-content\/uploads\/justiceinfo_logo-trans_1200x1200px.png","width":1199,"height":1200,"caption":"Justice Info"},"image":{"@id":"https:\/\/www.justiceinfo.net\/en\/#\/schema\/logo\/image\/"},"sameAs":["https:\/\/www.facebook.com\/JusticeInfo\/","https:\/\/x.com\/justiceinfonet","https:\/\/www.linkedin.com\/company\/justice-info","https:\/\/www.youtube.com\/channel\/UCyCEsARodyuWtkWyhn-e7pA"]},{"@type":"Person","name":"Avila Bissayo Andy","url":"\/en\/?s=Avila Bissayo Andy"}]}},"_links":{"self":[{"href":"https:\/\/www.justiceinfo.net\/en\/wp-json\/wp\/v2\/posts\/164293","targetHints":{"allow":["GET"]}}],"collection":[{"href":"https:\/\/www.justiceinfo.net\/en\/wp-json\/wp\/v2\/posts"}],"about":[{"href":"https:\/\/www.justiceinfo.net\/en\/wp-json\/wp\/v2\/types\/post"}],"author":[{"embeddable":true,"href":"https:\/\/www.justiceinfo.net\/en\/wp-json\/wp\/v2\/users\/64"}],"replies":[{"embeddable":true,"href":"https:\/\/www.justiceinfo.net\/en\/wp-json\/wp\/v2\/comments?post=164293"}],"version-history":[{"count":2,"href":"https:\/\/www.justiceinfo.net\/en\/wp-json\/wp\/v2\/posts\/164293\/revisions"}],"predecessor-version":[{"id":164295,"href":"https:\/\/www.justiceinfo.net\/en\/wp-json\/wp\/v2\/posts\/164293\/revisions\/164295"}],"wp:featuredmedia":[{"embeddable":true,"href":"https:\/\/www.justiceinfo.net\/en\/wp-json\/wp\/v2\/media\/164284"}],"wp:attachment":[{"href":"https:\/\/www.justiceinfo.net\/en\/wp-json\/wp\/v2\/media?parent=164293"}],"wp:term":[{"taxonomy":"category","embeddable":true,"href":"https:\/\/www.justiceinfo.net\/en\/wp-json\/wp\/v2\/categories?post=164293"},{"taxonomy":"post_tag","embeddable":true,"href":"https:\/\/www.justiceinfo.net\/en\/wp-json\/wp\/v2\/tags?post=164293"},{"taxonomy":"ji_location","embeddable":true,"href":"https:\/\/www.justiceinfo.net\/en\/wp-json\/wp\/v2\/ji_location?post=164293"}],"curies":[{"name":"wp","href":"https:\/\/api.w.org\/{rel}","templated":true}]}}