{"id":26007,"date":"2016-02-12T19:50:45","date_gmt":"2016-02-12T18:50:45","guid":{"rendered":"https:\/\/www.justiceinfo.net\/26007-habre-trial-sets-precedents-as-it-closes.html"},"modified":"2025-08-01T14:53:32","modified_gmt":"2025-08-01T12:53:32","slug":"habre-trial-sets-precedents-as-it-closes","status":"publish","type":"post","link":"https:\/\/www.justiceinfo.net\/en\/26007-habre-trial-sets-precedents-as-it-closes.html","title":{"rendered":"Habr\u00e9 Trial Sets Precedents as it Closes"},"content":{"rendered":"<p>What was former Chadian president Hiss\u00e8ne Habr\u00e9, seated in the Accused box in the Dakar Justice Palace, thinking about on Thursday, the last day of his trial? Was it of the nomadic shepherd child he once was in northern Chad, the student in Paris and the doctorate he obtained? Perhaps of the rebel fighter in the Tibesti desert that he then became, or the dictator who ruled his country with an iron fist from 1982 to 1990? Was he perhaps thinking about the ingratitude of the United States and France, which supported him for a long time? Or perhaps indeed about this Thursday marking the end of his four-month trial, when his three court-assigned lawyers pleaded his innocence, seeking to clear him of torture, war crimes and crimes against humanity charges? They described him as a \u201cpatriot\u201d who had managed to preserve the territorial integrity of Chad. Without him, they argued, Chad \u201cwould have become a province of Libya\u201d. They described him as a victim persecuted by Amnesty international and Human Rights Watch (HRW), in other words by the West that wanted to set an example, forgetting that Habr\u00e9 was their ally against the impetuous and dangerous Libyan leader Muammar Gaddafi. \u201cI plead for his acquittal. His name should be written in gold letters\u2026\u201d said one of his court-assigned lawyers, whereas the Prosecutor had requested the previous day that Habr\u00e9 be jailed for life.<\/p>\n<p>Was Hiss\u00e8ne Habr\u00e9 listening to the defence team that the Court imposed on him? The former Chadian president remained obstinately seated when the judges entered the Chamber, marking his defiance of a Tribunal he deems illegal and illegitimate. Faced with the hundred or so witnesses that have taken the stand since September before these Extraordinary African Chambers recounting their suffering, torture, sexual abuse, summary executions, prisoners forced to dig their own graves, he has remained walled in silence as a sign of protest, the white turban half-covering his face meant as a sign of purity, wearing dark glasses as if blind to his victims and his judges. Occasionally his body could no longer stand being a sphinx, and one of his feet would start to fidget nervously.<\/p>\n<h2>Stars in alignment<\/h2>\n<p>This trial is without precedent. It is the result of victims\u2019 determination and perseverance. More than 25 years have passed since current Chadian president Idriss Deby ousted Hiss\u00e8ne Habr\u00e9 and Habr\u00e9 fled with the national treasury to Dakar, where he has been on trial since September. For 25 years Souleymane Guengueng, \u00a0who was tortured but survived the death cells, and Cl\u00e9ment Aba\u00effouta, the student who was forced to dig the graves of Habr\u00e9\u2019s victims, along with many others have been dreaming of justice. I met Souleymane Guengeng in \u00a0N\u2019Djamena more than 15 years ago. He was still amazed he had survived, \u201cthe little bird in the branches\u201d whom Habr\u00e9\u2019s cohorts could easily have killed and who was already saying: \u201cI want this trial not only for me and the victims but for the whole of Africa and beyond, because justice is everyone\u2019s right.\u201d<\/p>\n<p>For this trial to take place, it needed the stars to be aligned in the right place, for the political situation to allow this quest for justice to take shape. If a Spanish judge had not charged former Chilean dictator Augusto Pinochet in 1998, the doors to justice without borders would not have opened and this trial would not have happened. It took a twist of fate in 2001 when the archives of the repression fell into the hands of HRW, describing how it was carried out under Habr\u00e9 and providing overwhelming evidence for the prosecution. In Senegal, it also needed President Wade \u2013 close to Habr\u00e9 \u2013 to lose the 2012 elections to Macky Sall for the Extraordinary African Chambers to become a reality. Of course, it also needed the determination of the Chadian victims, combined with the judicial expertise and media savvy of HRW\u2019s Reed Brody for the first trial of a former African president on African soil to take place under the principle of universal jurisdiction. In other words, it has taken a quarter of a century for this former dictator, a \u201cdead branch\u201d with no more protectors, to appear before his judges.<\/p>\n<h2>The man who ran faster than death<\/h2>\n<p>So, since September, witnesses have been appearing before the Court. \u00a0Robert Hissein, dubbed by his jailers \u201cthe man who runs faster than death\u201d because he survived all their tortures, recounted his suffering and how he counted methodically the 2,053 prisoners he saw die. Bichara Dijbrine Ahmat, the only survivor from a summary execution of 148 prisoners of war in 1983, also testified. Then came testimonies of four women on sexual abuse that they endured in a military camp in northern Chad, and of insider Bamdjim Bandoum, former official of the Directorate of Documentation and Security (DDS), Habr\u00e9\u2019s political police and main instrument of repression. There were also testimonies from prison nurses who described the terrible detention conditions.<\/p>\n<p>Then on Thursday it was the turn of the three court-assigned defence lawyers, to whom Habr\u00e9 has never spoken, to make their final arguments. They talked of \u201cpseudo-massacres\u201d. They tried to cast doubt on the credibility of witnesses they said had been \u201cprepared, manipulated and coached by HRW\u201d. They said the claim by witness Khadija Hassane Zida that she had been raped by Habr\u00e9 himself could not be true because \u201cshe stank so much after three months in detention\u201d that he, who had two wives, would not have lowered himself. They accused current Chadian president Idriss Deby of having offered former DDS torturers \u201ca pact of absolution\u201d if they testified against Habr\u00e9. Finally, they painted a picture of Habr\u00e9 as the saviour of his nation facing down internal revolt and the Libyan invader, and requested an unlikely acquittal.<\/p>\n<p>Not everything was perfect in this unprecedented trial, in fact far from it. But despite everything, it holds more lessons than the procedural arguments marking the endless trials of the International Criminal Court (ICC). The Chadian authorities have allowed internal broadcasting of the hearings. But they have banned former DDS leaders from testifying in Senegal, despite a judicial cooperation agreement between the two countries. Did they fear testimony against President Deby, who was for a time Habr\u00e9\u2019s Chief of Staff before ousting him? There was also the choice of the Accused to order his lawyer Fran\u00e7ois Serre to boycott the trial and become instead a blogger in charge of a website dedicated to praising Habr\u00e9 and denouncing the illegitimacy of a Court presented as a \u201cdark political and judicial plot\u201d against his client.<\/p>\n<p>Yet none of that takes away from the feelings of Souleymane Guengueng and many other victims that the holding of this trial is a victory in itself. \u201cI will leave Dakar with my spirit appeased,\u201d says Souleymane. \u201cThis is a precedent for Arica and the rest of the world.\u201d<\/p>\n<p>The verdict is expected on May 30, 2016.<\/p>\n","protected":false},"excerpt":{"rendered":"<p>What was former Chadian president Hiss\u00e8ne Habr\u00e9, seated in the Accused box in the Dakar Justice Palace, thinking about on Thursday, the last day of his trial? Was it of the nomadic shepherd child he once was in northern Chad, the student in Paris and the doctorate he obtained? Perhaps of the rebel fighter in [&hellip;]<\/p>\n","protected":false},"author":56,"featured_media":65436,"comment_status":"open","ping_status":"closed","sticky":false,"template":"","format":"standard","meta":{"_acf_changed":false,"footnotes":""},"categories":[565],"tags":[],"ji_location":[2167],"class_list":["post-26007","post","type-post","status-publish","format-standard","has-post-thumbnail","hentry","category-mixed-tribunals","ji_location-chad"],"acf":[],"yoast_head":"<!-- This site is optimized with the Yoast SEO Premium plugin v25.3.1 (Yoast SEO v25.3.1) - https:\/\/yoast.com\/wordpress\/plugins\/seo\/ -->\n<title>Habr\u00e9 Trial Sets Precedents as it Closes<\/title>\n<meta name=\"description\" content=\"What was former Chadian president Hiss\u00e8ne Habr\u00e9, seated in the Accused box in the Dakar Justice Palace, thinking about on Thursday, the last day of his trial? Was it of the nomadic shepherd child he once was in northern Chad, the student in Paris and the doctorate he obtained? Perhaps of the rebel fighter in the Tibesti desert that he then became, or the dictator who ruled his country with an iron fist from 1982 to 1990?\" \/>\n<meta name=\"robots\" content=\"index, follow, max-snippet:-1, max-image-preview:large, max-video-preview:-1\" \/>\n<link rel=\"canonical\" href=\"https:\/\/www.justiceinfo.net\/en\/26007-habre-trial-sets-precedents-as-it-closes.html\" \/>\n<meta property=\"og:locale\" content=\"en_US\" \/>\n<meta property=\"og:type\" content=\"article\" \/>\n<meta property=\"og:title\" content=\"Habr\u00e9 Trial Sets Precedents as it Closes\" \/>\n<meta property=\"og:description\" content=\"What was former Chadian president Hiss\u00e8ne Habr\u00e9, seated in the Accused box in the Dakar Justice Palace, thinking about on Thursday, the last day of his trial? Was it of the nomadic shepherd child he once was in northern Chad, the student in Paris and the doctorate he obtained? Perhaps of the rebel fighter in the Tibesti desert that he then became, or the dictator who ruled his country with an iron fist from 1982 to 1990?\" \/>\n<meta property=\"og:url\" content=\"https:\/\/www.justiceinfo.net\/en\/26007-habre-trial-sets-precedents-as-it-closes.html\" \/>\n<meta property=\"og:site_name\" content=\"JusticeInfo.net\" \/>\n<meta property=\"article:publisher\" content=\"https:\/\/www.facebook.com\/JusticeInfo\/\" \/>\n<meta property=\"article:author\" content=\"https:\/\/www.facebook.com\/pierre.hazan.3\" \/>\n<meta property=\"article:published_time\" content=\"2016-02-12T18:50:45+00:00\" \/>\n<meta property=\"article:modified_time\" content=\"2025-08-01T12:53:32+00:00\" \/>\n<meta property=\"og:image\" content=\"https:\/\/www.justiceinfo.net\/wp-content\/uploads\/12685b2853c7e712e2b1dfa4896176cb.jpg\" \/>\n\t<meta property=\"og:image:width\" content=\"680\" \/>\n\t<meta property=\"og:image:height\" content=\"454\" \/>\n\t<meta property=\"og:image:type\" content=\"image\/jpeg\" \/>\n<meta name=\"author\" content=\"phazan\" \/>\n<meta name=\"twitter:card\" content=\"summary_large_image\" \/>\n<meta name=\"twitter:creator\" content=\"@Pierre_hazan\" \/>\n<meta name=\"twitter:site\" content=\"@justiceinfonet\" \/>\n<meta name=\"twitter:label1\" content=\"Written by\" \/>\n\t<meta name=\"twitter:data1\" content=\"phazan\" \/>\n\t<meta name=\"twitter:label2\" content=\"Est. reading time\" \/>\n\t<meta name=\"twitter:data2\" content=\"7 minutes\" \/>\n<script type=\"application\/ld+json\" class=\"yoast-schema-graph\">{\"@context\":\"https:\/\/schema.org\",\"@graph\":[{\"@type\":\"NewsArticle\",\"@id\":\"https:\/\/www.justiceinfo.net\/en\/26007-habre-trial-sets-precedents-as-it-closes.html#article\",\"isPartOf\":{\"@id\":\"https:\/\/www.justiceinfo.net\/en\/26007-habre-trial-sets-precedents-as-it-closes.html\"},\"author\":{\"name\":\"phazan\",\"@id\":\"https:\/\/www.justiceinfo.net\/en\/#\/schema\/person\/02bb539ffda3c4569baa1dea22d1c4b2\"},\"headline\":\"Habr\u00e9 Trial Sets Precedents as it Closes\",\"datePublished\":\"2016-02-12T18:50:45+00:00\",\"dateModified\":\"2025-08-01T12:53:32+00:00\",\"mainEntityOfPage\":{\"@id\":\"https:\/\/www.justiceinfo.net\/en\/26007-habre-trial-sets-precedents-as-it-closes.html\"},\"wordCount\":1160,\"commentCount\":0,\"publisher\":{\"@id\":\"https:\/\/www.justiceinfo.net\/en\/#organization\"},\"image\":{\"@id\":\"https:\/\/www.justiceinfo.net\/en\/26007-habre-trial-sets-precedents-as-it-closes.html#primaryimage\"},\"thumbnailUrl\":\"https:\/\/www.justiceinfo.net\/wp-content\/uploads\/12685b2853c7e712e2b1dfa4896176cb.jpg\",\"articleSection\":[\"Mixed tribunals\"],\"inLanguage\":\"en-US\",\"potentialAction\":[{\"@type\":\"CommentAction\",\"name\":\"Comment\",\"target\":[\"https:\/\/www.justiceinfo.net\/en\/26007-habre-trial-sets-precedents-as-it-closes.html#respond\"]}]},{\"@type\":\"WebPage\",\"@id\":\"https:\/\/www.justiceinfo.net\/en\/26007-habre-trial-sets-precedents-as-it-closes.html\",\"url\":\"https:\/\/www.justiceinfo.net\/en\/26007-habre-trial-sets-precedents-as-it-closes.html\",\"name\":\"Habr\u00e9 Trial Sets Precedents as it Closes\",\"isPartOf\":{\"@id\":\"https:\/\/www.justiceinfo.net\/en\/#website\"},\"primaryImageOfPage\":{\"@id\":\"https:\/\/www.justiceinfo.net\/en\/26007-habre-trial-sets-precedents-as-it-closes.html#primaryimage\"},\"image\":{\"@id\":\"https:\/\/www.justiceinfo.net\/en\/26007-habre-trial-sets-precedents-as-it-closes.html#primaryimage\"},\"thumbnailUrl\":\"https:\/\/www.justiceinfo.net\/wp-content\/uploads\/12685b2853c7e712e2b1dfa4896176cb.jpg\",\"datePublished\":\"2016-02-12T18:50:45+00:00\",\"dateModified\":\"2025-08-01T12:53:32+00:00\",\"description\":\"What was former Chadian president Hiss\u00e8ne Habr\u00e9, seated in the Accused box in the Dakar Justice Palace, thinking about on Thursday, the last day of his trial? Was it of the nomadic shepherd child he once was in northern Chad, the student in Paris and the doctorate he obtained? Perhaps of the rebel fighter in the Tibesti desert that he then became, or the dictator who ruled his country with an iron fist from 1982 to 1990?\",\"breadcrumb\":{\"@id\":\"https:\/\/www.justiceinfo.net\/en\/26007-habre-trial-sets-precedents-as-it-closes.html#breadcrumb\"},\"inLanguage\":\"en-US\",\"potentialAction\":[{\"@type\":\"ReadAction\",\"target\":[\"https:\/\/www.justiceinfo.net\/en\/26007-habre-trial-sets-precedents-as-it-closes.html\"]}]},{\"@type\":\"ImageObject\",\"inLanguage\":\"en-US\",\"@id\":\"https:\/\/www.justiceinfo.net\/en\/26007-habre-trial-sets-precedents-as-it-closes.html#primaryimage\",\"url\":\"https:\/\/www.justiceinfo.net\/wp-content\/uploads\/12685b2853c7e712e2b1dfa4896176cb.jpg\",\"contentUrl\":\"https:\/\/www.justiceinfo.net\/wp-content\/uploads\/12685b2853c7e712e2b1dfa4896176cb.jpg\",\"width\":680,\"height\":454,\"caption\":\"Hiss\u00e8ne Habr\u00e9 before the EAC. Photo : Seyllou \/ AFP\"},{\"@type\":\"BreadcrumbList\",\"@id\":\"https:\/\/www.justiceinfo.net\/en\/26007-habre-trial-sets-precedents-as-it-closes.html#breadcrumb\",\"itemListElement\":[{\"@type\":\"ListItem\",\"position\":1,\"name\":\"Home\",\"item\":\"https:\/\/www.justiceinfo.net\/en\"},{\"@type\":\"ListItem\",\"position\":2,\"name\":\"Habr\u00e9 Trial Sets Precedents as it Closes\"}]},{\"@type\":\"WebSite\",\"@id\":\"https:\/\/www.justiceinfo.net\/en\/#website\",\"url\":\"https:\/\/www.justiceinfo.net\/en\/\",\"name\":\"JusticeInfo.net\",\"description\":\"For justice to be done, it must be seen\",\"publisher\":{\"@id\":\"https:\/\/www.justiceinfo.net\/en\/#organization\"},\"potentialAction\":[{\"@type\":\"SearchAction\",\"target\":{\"@type\":\"EntryPoint\",\"urlTemplate\":\"https:\/\/www.justiceinfo.net\/en\/?s={search_term_string}\"},\"query-input\":{\"@type\":\"PropertyValueSpecification\",\"valueRequired\":true,\"valueName\":\"search_term_string\"}}],\"inLanguage\":\"en-US\"},{\"@type\":\"Organization\",\"@id\":\"https:\/\/www.justiceinfo.net\/en\/#organization\",\"name\":\"Justice Info\",\"url\":\"https:\/\/www.justiceinfo.net\/en\/\",\"logo\":{\"@type\":\"ImageObject\",\"inLanguage\":\"en-US\",\"@id\":\"https:\/\/www.justiceinfo.net\/en\/#\/schema\/logo\/image\/\",\"url\":\"https:\/\/www.justiceinfo.net\/wp-content\/uploads\/justiceinfo_logo-trans_1200x1200px.png\",\"contentUrl\":\"https:\/\/www.justiceinfo.net\/wp-content\/uploads\/justiceinfo_logo-trans_1200x1200px.png\",\"width\":1199,\"height\":1200,\"caption\":\"Justice Info\"},\"image\":{\"@id\":\"https:\/\/www.justiceinfo.net\/en\/#\/schema\/logo\/image\/\"},\"sameAs\":[\"https:\/\/www.facebook.com\/JusticeInfo\/\",\"https:\/\/x.com\/justiceinfonet\",\"https:\/\/www.linkedin.com\/company\/justice-info\",\"https:\/\/www.youtube.com\/channel\/UCyCEsARodyuWtkWyhn-e7pA\"]},{\"@type\":\"Person\",\"name\":\"phazan\",\"sameAs\":[\"https:\/\/www.facebook.com\/pierre.hazan.3\",\"https:\/\/x.com\/Pierre_hazan\"],\"url\":\"https:\/\/www.justiceinfo.net\/en\/auteur\/phazan\"}]}<\/script>\n<!-- \/ Yoast SEO Premium plugin. -->","yoast_head_json":{"title":"Habr\u00e9 Trial Sets Precedents as it Closes","description":"What was former Chadian president Hiss\u00e8ne Habr\u00e9, seated in the Accused box in the Dakar Justice Palace, thinking about on Thursday, the last day of his trial? Was it of the nomadic shepherd child he once was in northern Chad, the student in Paris and the doctorate he obtained? Perhaps of the rebel fighter in the Tibesti desert that he then became, or the dictator who ruled his country with an iron fist from 1982 to 1990?","robots":{"index":"index","follow":"follow","max-snippet":"max-snippet:-1","max-image-preview":"max-image-preview:large","max-video-preview":"max-video-preview:-1"},"canonical":"https:\/\/www.justiceinfo.net\/en\/26007-habre-trial-sets-precedents-as-it-closes.html","og_locale":"en_US","og_type":"article","og_title":"Habr\u00e9 Trial Sets Precedents as it Closes","og_description":"What was former Chadian president Hiss\u00e8ne Habr\u00e9, seated in the Accused box in the Dakar Justice Palace, thinking about on Thursday, the last day of his trial? Was it of the nomadic shepherd child he once was in northern Chad, the student in Paris and the doctorate he obtained? Perhaps of the rebel fighter in the Tibesti desert that he then became, or the dictator who ruled his country with an iron fist from 1982 to 1990?","og_url":"https:\/\/www.justiceinfo.net\/en\/26007-habre-trial-sets-precedents-as-it-closes.html","og_site_name":"JusticeInfo.net","article_publisher":"https:\/\/www.facebook.com\/JusticeInfo\/","article_author":"https:\/\/www.facebook.com\/pierre.hazan.3","article_published_time":"2016-02-12T18:50:45+00:00","article_modified_time":"2025-08-01T12:53:32+00:00","og_image":[{"width":680,"height":454,"url":"https:\/\/www.justiceinfo.net\/wp-content\/uploads\/12685b2853c7e712e2b1dfa4896176cb.jpg","type":"image\/jpeg"}],"author":"phazan","twitter_card":"summary_large_image","twitter_creator":"@Pierre_hazan","twitter_site":"@justiceinfonet","twitter_misc":{"Written by":"phazan","Est. reading time":"7 minutes"},"schema":{"@context":"https:\/\/schema.org","@graph":[{"@type":"NewsArticle","@id":"https:\/\/www.justiceinfo.net\/en\/26007-habre-trial-sets-precedents-as-it-closes.html#article","isPartOf":{"@id":"https:\/\/www.justiceinfo.net\/en\/26007-habre-trial-sets-precedents-as-it-closes.html"},"author":{"name":"phazan","@id":"https:\/\/www.justiceinfo.net\/en\/#\/schema\/person\/02bb539ffda3c4569baa1dea22d1c4b2"},"headline":"Habr\u00e9 Trial Sets Precedents as it Closes","datePublished":"2016-02-12T18:50:45+00:00","dateModified":"2025-08-01T12:53:32+00:00","mainEntityOfPage":{"@id":"https:\/\/www.justiceinfo.net\/en\/26007-habre-trial-sets-precedents-as-it-closes.html"},"wordCount":1160,"commentCount":0,"publisher":{"@id":"https:\/\/www.justiceinfo.net\/en\/#organization"},"image":{"@id":"https:\/\/www.justiceinfo.net\/en\/26007-habre-trial-sets-precedents-as-it-closes.html#primaryimage"},"thumbnailUrl":"https:\/\/www.justiceinfo.net\/wp-content\/uploads\/12685b2853c7e712e2b1dfa4896176cb.jpg","articleSection":["Mixed tribunals"],"inLanguage":"en-US","potentialAction":[{"@type":"CommentAction","name":"Comment","target":["https:\/\/www.justiceinfo.net\/en\/26007-habre-trial-sets-precedents-as-it-closes.html#respond"]}]},{"@type":"WebPage","@id":"https:\/\/www.justiceinfo.net\/en\/26007-habre-trial-sets-precedents-as-it-closes.html","url":"https:\/\/www.justiceinfo.net\/en\/26007-habre-trial-sets-precedents-as-it-closes.html","name":"Habr\u00e9 Trial Sets Precedents as it Closes","isPartOf":{"@id":"https:\/\/www.justiceinfo.net\/en\/#website"},"primaryImageOfPage":{"@id":"https:\/\/www.justiceinfo.net\/en\/26007-habre-trial-sets-precedents-as-it-closes.html#primaryimage"},"image":{"@id":"https:\/\/www.justiceinfo.net\/en\/26007-habre-trial-sets-precedents-as-it-closes.html#primaryimage"},"thumbnailUrl":"https:\/\/www.justiceinfo.net\/wp-content\/uploads\/12685b2853c7e712e2b1dfa4896176cb.jpg","datePublished":"2016-02-12T18:50:45+00:00","dateModified":"2025-08-01T12:53:32+00:00","description":"What was former Chadian president Hiss\u00e8ne Habr\u00e9, seated in the Accused box in the Dakar Justice Palace, thinking about on Thursday, the last day of his trial? Was it of the nomadic shepherd child he once was in northern Chad, the student in Paris and the doctorate he obtained? Perhaps of the rebel fighter in the Tibesti desert that he then became, or the dictator who ruled his country with an iron fist from 1982 to 1990?","breadcrumb":{"@id":"https:\/\/www.justiceinfo.net\/en\/26007-habre-trial-sets-precedents-as-it-closes.html#breadcrumb"},"inLanguage":"en-US","potentialAction":[{"@type":"ReadAction","target":["https:\/\/www.justiceinfo.net\/en\/26007-habre-trial-sets-precedents-as-it-closes.html"]}]},{"@type":"ImageObject","inLanguage":"en-US","@id":"https:\/\/www.justiceinfo.net\/en\/26007-habre-trial-sets-precedents-as-it-closes.html#primaryimage","url":"https:\/\/www.justiceinfo.net\/wp-content\/uploads\/12685b2853c7e712e2b1dfa4896176cb.jpg","contentUrl":"https:\/\/www.justiceinfo.net\/wp-content\/uploads\/12685b2853c7e712e2b1dfa4896176cb.jpg","width":680,"height":454,"caption":"Hiss\u00e8ne Habr\u00e9 before the EAC. Photo : Seyllou \/ AFP"},{"@type":"BreadcrumbList","@id":"https:\/\/www.justiceinfo.net\/en\/26007-habre-trial-sets-precedents-as-it-closes.html#breadcrumb","itemListElement":[{"@type":"ListItem","position":1,"name":"Home","item":"https:\/\/www.justiceinfo.net\/en"},{"@type":"ListItem","position":2,"name":"Habr\u00e9 Trial Sets Precedents as it Closes"}]},{"@type":"WebSite","@id":"https:\/\/www.justiceinfo.net\/en\/#website","url":"https:\/\/www.justiceinfo.net\/en\/","name":"JusticeInfo.net","description":"For justice to be done, it must be seen","publisher":{"@id":"https:\/\/www.justiceinfo.net\/en\/#organization"},"potentialAction":[{"@type":"SearchAction","target":{"@type":"EntryPoint","urlTemplate":"https:\/\/www.justiceinfo.net\/en\/?s={search_term_string}"},"query-input":{"@type":"PropertyValueSpecification","valueRequired":true,"valueName":"search_term_string"}}],"inLanguage":"en-US"},{"@type":"Organization","@id":"https:\/\/www.justiceinfo.net\/en\/#organization","name":"Justice Info","url":"https:\/\/www.justiceinfo.net\/en\/","logo":{"@type":"ImageObject","inLanguage":"en-US","@id":"https:\/\/www.justiceinfo.net\/en\/#\/schema\/logo\/image\/","url":"https:\/\/www.justiceinfo.net\/wp-content\/uploads\/justiceinfo_logo-trans_1200x1200px.png","contentUrl":"https:\/\/www.justiceinfo.net\/wp-content\/uploads\/justiceinfo_logo-trans_1200x1200px.png","width":1199,"height":1200,"caption":"Justice Info"},"image":{"@id":"https:\/\/www.justiceinfo.net\/en\/#\/schema\/logo\/image\/"},"sameAs":["https:\/\/www.facebook.com\/JusticeInfo\/","https:\/\/x.com\/justiceinfonet","https:\/\/www.linkedin.com\/company\/justice-info","https:\/\/www.youtube.com\/channel\/UCyCEsARodyuWtkWyhn-e7pA"]},{"@type":"Person","name":"phazan","sameAs":["https:\/\/www.facebook.com\/pierre.hazan.3","https:\/\/x.com\/Pierre_hazan"],"url":"https:\/\/www.justiceinfo.net\/en\/auteur\/phazan"}]}},"_links":{"self":[{"href":"https:\/\/www.justiceinfo.net\/en\/wp-json\/wp\/v2\/posts\/26007","targetHints":{"allow":["GET"]}}],"collection":[{"href":"https:\/\/www.justiceinfo.net\/en\/wp-json\/wp\/v2\/posts"}],"about":[{"href":"https:\/\/www.justiceinfo.net\/en\/wp-json\/wp\/v2\/types\/post"}],"author":[{"embeddable":true,"href":"https:\/\/www.justiceinfo.net\/en\/wp-json\/wp\/v2\/users\/56"}],"replies":[{"embeddable":true,"href":"https:\/\/www.justiceinfo.net\/en\/wp-json\/wp\/v2\/comments?post=26007"}],"version-history":[{"count":1,"href":"https:\/\/www.justiceinfo.net\/en\/wp-json\/wp\/v2\/posts\/26007\/revisions"}],"predecessor-version":[{"id":148655,"href":"https:\/\/www.justiceinfo.net\/en\/wp-json\/wp\/v2\/posts\/26007\/revisions\/148655"}],"wp:featuredmedia":[{"embeddable":true,"href":"https:\/\/www.justiceinfo.net\/en\/wp-json\/wp\/v2\/media\/65436"}],"wp:attachment":[{"href":"https:\/\/www.justiceinfo.net\/en\/wp-json\/wp\/v2\/media?parent=26007"}],"wp:term":[{"taxonomy":"category","embeddable":true,"href":"https:\/\/www.justiceinfo.net\/en\/wp-json\/wp\/v2\/categories?post=26007"},{"taxonomy":"post_tag","embeddable":true,"href":"https:\/\/www.justiceinfo.net\/en\/wp-json\/wp\/v2\/tags?post=26007"},{"taxonomy":"ji_location","embeddable":true,"href":"https:\/\/www.justiceinfo.net\/en\/wp-json\/wp\/v2\/ji_location?post=26007"}],"curies":[{"name":"wp","href":"https:\/\/api.w.org\/{rel}","templated":true}]}}