{"id":27382,"date":"2016-05-17T13:50:38","date_gmt":"2016-05-17T11:50:38","guid":{"rendered":"https:\/\/www.justiceinfo.net\/27382-senegal-video-of-chad-ex-dictators-trial-hissene-habre-verdict-set-for-may-30.html"},"modified":"2016-05-17T13:50:38","modified_gmt":"2016-05-17T11:50:38","slug":"senegal-video-of-chad-ex-dictators-trial-hissene-habre-verdict-set-for-may-30","status":"publish","type":"post","link":"https:\/\/www.justiceinfo.net\/en\/27382-senegal-video-of-chad-ex-dictators-trial-hissene-habre-verdict-set-for-may-30.html","title":{"rendered":"Senegal: Video of Chad Ex-Dictator\u2019s Trial Hiss\u00e8ne Habr\u00e9, verdict Set for May 30"},"content":{"rendered":"<p>Human Rights Watch today released a new video, \u201c<a href=\"http:\/\/hrw.pr-optout.com\/Tracking.aspx?Data=HHL%3d8-43A3-%3eLCE593719%26SDG%3c90%3a.&amp;RE=MC&amp;RI=4988172&amp;Preview=False&amp;DistributionActionID=99358&amp;Action=Follow+Link\" rel=\"alternate\">Hiss\u00e8ne Habr\u00e9: Scenes from an historic trial<\/a>,\u201d about the trial in Senegal of the former Chadian dictator Hiss\u00e8ne Habr\u00e9. At the end of the trial on February 11, 2016, the court announced that the verdict would be scheduled for May 30. Habr\u00e9 faces charges of crimes against humanity, torture, and war crimes before the <a href=\"http:\/\/hrw.pr-optout.com\/Tracking.aspx?Data=HHL%3d8-43A3-%3eLCE593719%26SDG%3c90%3a.&amp;RE=MC&amp;RI=4988172&amp;Preview=False&amp;DistributionActionID=99351&amp;Action=Follow+Link\">Extraordinary African Chambers<\/a>, which is part of the Senegalese court system.<\/p>\n<p> Habr\u00e9\u2019s trial, which began on July 20, 2015, was the first in the world in which the courts of one country prosecuted the former ruler of another for alleged human rights crimes. <a href=\"http:\/\/hrw.pr-optout.com\/Tracking.aspx?Data=HHL%3d8-43A3-%3eLCE593719%26SDG%3c90%3a.&amp;RE=MC&amp;RI=4988172&amp;Preview=False&amp;DistributionActionID=99357&amp;Action=Follow+Link\">Witness hearings ended in December<\/a>, after 52 days of trial, and were followed by the parties\u2019 summations in February. The new Human Rights Watch video highlights some of the key moments of the trial.<\/p>\n<p> \u201cIt took 25 years of relentless campaigning by the Chadian victims to make this trial happen,\u201d said <a href=\"http:\/\/hrw.pr-optout.com\/Tracking.aspx?Data=HHL%3d8-43A3-%3eLCE593719%26SDG%3c90%3a.&amp;RE=MC&amp;RI=4988172&amp;Preview=False&amp;DistributionActionID=99356&amp;Action=Follow+Link\">Reed Brody<\/a>, counsel at Human Rights Watch who has worked with the survivors since 1999. \u201cWe hope that other survivors, other activists will be inspired by what Hiss\u00e8ne Habr\u00e9\u2019s victims have been able to do.\u201d<\/p>\n<p> A Human Rights Watch team will be in Dakar beginning May 25, 2016, along with leaders of the victims\u2019 campaign and the victims\u2019 lawyers. Human Rights Watch will also have representatives in Paris available for interviews.<\/p>\n<p> Habr\u00e9 is <span style=\"text-decoration: underline;\"><a href=\"http:\/\/hrw.pr-optout.com\/Tracking.aspx?Data=HHL%3d8-43A3-%3eLCE593719%26SDG%3c90%3a.&amp;RE=MC&amp;RI=4988172&amp;Preview=False&amp;DistributionActionID=99355&amp;Action=Follow+Link\">accused of thousands of political killings and systematic torture<\/a><\/span> during his rule, from 1982 to 1990, when he was deposed by the current president, Idriss D\u00e9by Itno, and fled to Senegal. After a 22-year campaign by his victims, the chambers <span style=\"text-decoration: underline;\"><a href=\"http:\/\/hrw.pr-optout.com\/Tracking.aspx?Data=HHL%3d8-43A3-%3eLCE593719%26SDG%3c90%3a.&amp;RE=MC&amp;RI=4988172&amp;Preview=False&amp;DistributionActionID=99354&amp;Action=Follow+Link\">indicted<\/a><\/span> Habr\u00e9 in July 2013 and placed him in pretrial custody. After a 19-month investigation, judges of the Extraordinary African Chambers <span style=\"text-decoration: underline;\"><a href=\"http:\/\/hrw.pr-optout.com\/Tracking.aspx?Data=HHL%3d8-43A3-%3eLCE593719%26SDG%3c90%3a.&amp;RE=MC&amp;RI=4988172&amp;Preview=False&amp;DistributionActionID=99353&amp;Action=Follow+Link\">found<\/a><\/span> that there was sufficient evidence for Habr\u00e9 to face trial.<\/p>\n<p> A Human Rights Watch <a href=\"http:\/\/hrw.pr-optout.com\/Tracking.aspx?Data=HHL%3d8-43A3-%3eLCE593719%26SDG%3c90%3a.&amp;RE=MC&amp;RI=4988172&amp;Preview=False&amp;DistributionActionID=99352&amp;Action=Follow+Link\">question-and-answer document<\/a> includes information about the history of the case and details about the trial and the <a href=\"http:\/\/hrw.pr-optout.com\/Tracking.aspx?Data=HHL%3d8-43A3-%3eLCE593719%26SDG%3c90%3a.&amp;RE=MC&amp;RI=4988172&amp;Preview=False&amp;DistributionActionID=99351&amp;Action=Follow+Link\">Extraordinary African Chambers<\/a>.<\/p>\n<p> <strong>For more Human Rights Watch reporting on the Habr\u00e9 case, please visit: <\/strong><br \/> <a href=\"http:\/\/hrw.pr-optout.com\/Tracking.aspx?Data=HHL%3d8-43A3-%3eLCE593719%26SDG%3c90%3a.&amp;RE=MC&amp;RI=4988172&amp;Preview=False&amp;DistributionActionID=99350&amp;Action=Follow+Link\">http:\/\/www.hrw.org\/tag\/Hissene-Habre<\/a> (English)<br \/> <a href=\"http:\/\/hrw.pr-optout.com\/Tracking.aspx?Data=HHL%3d8-43A3-%3eLCE593719%26SDG%3c90%3a.&amp;RE=MC&amp;RI=4988172&amp;Preview=False&amp;DistributionActionID=99349&amp;Action=Follow+Link\">http:\/\/www.hrw.org\/fr\/tag\/Hissene-Habre<\/a> (French)<\/p>\n<p> <strong>To watch \u201cHiss\u00e8ne Habr\u00e9: Scenes from an historic trial,\u201d please visit: <\/strong><br \/> <a href=\"http:\/\/hrw.pr-optout.com\/Tracking.aspx?Data=HHL%3d8-43A3-%3eLCE593719%26SDG%3c90%3a.&amp;RE=MC&amp;RI=4988172&amp;Preview=False&amp;DistributionActionID=99348&amp;Action=Follow+Link\">https:\/\/www.youtube.com\/watch?v=yFuKOy3qXTY<\/a> (English)<br \/> <a href=\"http:\/\/hrw.pr-optout.com\/Tracking.aspx?Data=HHL%3d8-43A3-%3eLCE593719%26SDG%3c90%3a.&amp;RE=MC&amp;RI=4988172&amp;Preview=False&amp;DistributionActionID=99347&amp;Action=Follow+Link\">https:\/\/www.youtube.com\/watch?v=-vCu_FAH6-g<\/a> (French)<\/p>\n<p> <strong>For Human Rights Watch\u2019s question-and-answer document on the Habr\u00e9 case, please visit:<\/strong><br \/> <a href=\"http:\/\/hrw.pr-optout.com\/Tracking.aspx?Data=HHL%3d8-43A3-%3eLCE593719%26SDG%3c90%3a.&amp;RE=MC&amp;RI=4988172&amp;Preview=False&amp;DistributionActionID=99346&amp;Action=Follow+Link\">https:\/\/www.hrw.org\/news\/2016\/05\/03\/qa-case-hissene-habre-extraordinary-african-chambers-senegal<\/a> (English)<br \/> <a href=\"http:\/\/hrw.pr-optout.com\/Tracking.aspx?Data=HHL%3d8-43A3-%3eLCE593719%26SDG%3c90%3a.&amp;RE=MC&amp;RI=4988172&amp;Preview=False&amp;DistributionActionID=99345&amp;Action=Follow+Link\">https:\/\/www.hrw.org\/fr\/news\/2016\/05\/03\/questions-et-reponses-sur-laffaire-hissene-habre-devant-les-chambres-africaines<\/a> (French)<\/p>\n<p> <strong>For legal documents on the Habr\u00e9 case, please visit: <\/strong><br \/> <a href=\"http:\/\/hrw.pr-optout.com\/Tracking.aspx?Data=HHL%3d8-43A3-%3eLCE593719%26SDG%3c90%3a.&amp;RE=MC&amp;RI=4988172&amp;Preview=False&amp;DistributionActionID=99344&amp;Action=Follow+Link\">http:\/\/www.hrw.org\/news\/2015\/02\/17\/legal-documents\/documents-juridiques<\/a> (English and French)<\/p>\n","protected":false},"excerpt":{"rendered":"<p>Human Rights Watch today released a new video, \u201cHiss\u00e8ne Habr\u00e9: Scenes from an historic trial,\u201d about the trial in Senegal of the former Chadian dictator Hiss\u00e8ne Habr\u00e9. At the end of the trial on February 11, 2016, the court announced that the verdict would be scheduled for May 30. Habr\u00e9 faces charges of crimes against [&hellip;]<\/p>\n","protected":false},"author":64,"featured_media":64235,"comment_status":"open","ping_status":"closed","sticky":false,"template":"","format":"standard","meta":{"_acf_changed":false,"footnotes":""},"categories":[567],"tags":[],"ji_location":[2455],"class_list":["post-27382","post","type-post","status-publish","format-standard","has-post-thumbnail","hentry","category-opinion","ji_location-senegal"],"acf":[],"yoast_head":"<!-- This site is optimized with the Yoast SEO Premium plugin v25.3.1 (Yoast SEO v25.3.1) - https:\/\/yoast.com\/wordpress\/plugins\/seo\/ -->\n<title>Senegal: Video of Chad Ex-Dictator\u2019s Trial Hiss\u00e8ne Habr\u00e9, verdict Set for May 30 - JusticeInfo.net<\/title>\n<meta name=\"robots\" content=\"index, follow, max-snippet:-1, max-image-preview:large, max-video-preview:-1\" \/>\n<link rel=\"canonical\" href=\"https:\/\/www.justiceinfo.net\/en\/27382-senegal-video-of-chad-ex-dictators-trial-hissene-habre-verdict-set-for-may-30.html\" \/>\n<meta property=\"og:locale\" content=\"en_US\" \/>\n<meta property=\"og:type\" content=\"article\" \/>\n<meta property=\"og:title\" content=\"Senegal: Video of Chad Ex-Dictator\u2019s Trial Hiss\u00e8ne Habr\u00e9, verdict Set for May 30\" \/>\n<meta property=\"og:description\" content=\"Human Rights Watch today released a new video, \u201cHiss\u00e8ne Habr\u00e9: Scenes from an historic trial,\u201d about the trial in Senegal of the former Chadian dictator Hiss\u00e8ne Habr\u00e9. At the end of the trial on February 11, 2016, the court announced that the verdict would be scheduled for May 30. Habr\u00e9 faces charges of crimes against [&hellip;]\" \/>\n<meta property=\"og:url\" content=\"https:\/\/www.justiceinfo.net\/en\/27382-senegal-video-of-chad-ex-dictators-trial-hissene-habre-verdict-set-for-may-30.html\" \/>\n<meta property=\"og:site_name\" content=\"JusticeInfo.net\" \/>\n<meta property=\"article:publisher\" content=\"https:\/\/www.facebook.com\/JusticeInfo\/\" \/>\n<meta property=\"article:published_time\" content=\"2016-05-17T11:50:38+00:00\" \/>\n<meta property=\"og:image\" content=\"https:\/\/www.justiceinfo.net\/wp-content\/uploads\/18ab8f4200733a7e3427432dbfcf6eb1.jpg\" \/>\n\t<meta property=\"og:image:width\" content=\"946\" \/>\n\t<meta property=\"og:image:height\" content=\"532\" \/>\n\t<meta property=\"og:image:type\" content=\"image\/jpeg\" \/>\n<meta name=\"author\" content=\"Human Rights Watch\" \/>\n<meta name=\"twitter:card\" content=\"summary_large_image\" \/>\n<meta name=\"twitter:creator\" content=\"@justiceinfonet\" \/>\n<meta name=\"twitter:site\" content=\"@justiceinfonet\" \/>\n<meta name=\"twitter:label1\" content=\"Written by\" \/>\n\t<meta name=\"twitter:data1\" content=\"Human Rights Watch\" \/>\n\t<meta name=\"twitter:label2\" content=\"Est. reading time\" \/>\n\t<meta name=\"twitter:data2\" content=\"2 minutes\" \/>\n<script type=\"application\/ld+json\" class=\"yoast-schema-graph\">{\"@context\":\"https:\/\/schema.org\",\"@graph\":[{\"@type\":\"NewsArticle\",\"@id\":\"https:\/\/www.justiceinfo.net\/en\/27382-senegal-video-of-chad-ex-dictators-trial-hissene-habre-verdict-set-for-may-30.html#article\",\"isPartOf\":{\"@id\":\"https:\/\/www.justiceinfo.net\/en\/27382-senegal-video-of-chad-ex-dictators-trial-hissene-habre-verdict-set-for-may-30.html\"},\"author\":{\"name\":\"solivri\",\"@id\":\"https:\/\/www.justiceinfo.net\/en\/#\/schema\/person\/6e53cba1629e2e66f3fc1821d3091865\"},\"headline\":\"Senegal: Video of Chad Ex-Dictator\u2019s Trial Hiss\u00e8ne Habr\u00e9, verdict Set for May 30\",\"datePublished\":\"2016-05-17T11:50:38+00:00\",\"mainEntityOfPage\":{\"@id\":\"https:\/\/www.justiceinfo.net\/en\/27382-senegal-video-of-chad-ex-dictators-trial-hissene-habre-verdict-set-for-may-30.html\"},\"wordCount\":437,\"commentCount\":0,\"publisher\":{\"@id\":\"https:\/\/www.justiceinfo.net\/en\/#organization\"},\"image\":{\"@id\":\"https:\/\/www.justiceinfo.net\/en\/27382-senegal-video-of-chad-ex-dictators-trial-hissene-habre-verdict-set-for-may-30.html#primaryimage\"},\"thumbnailUrl\":\"https:\/\/www.justiceinfo.net\/wp-content\/uploads\/18ab8f4200733a7e3427432dbfcf6eb1.jpg\",\"articleSection\":[\"Opinion\"],\"inLanguage\":\"en-US\",\"potentialAction\":[{\"@type\":\"CommentAction\",\"name\":\"Comment\",\"target\":[\"https:\/\/www.justiceinfo.net\/en\/27382-senegal-video-of-chad-ex-dictators-trial-hissene-habre-verdict-set-for-may-30.html#respond\"]}]},{\"@type\":\"WebPage\",\"@id\":\"https:\/\/www.justiceinfo.net\/en\/27382-senegal-video-of-chad-ex-dictators-trial-hissene-habre-verdict-set-for-may-30.html\",\"url\":\"https:\/\/www.justiceinfo.net\/en\/27382-senegal-video-of-chad-ex-dictators-trial-hissene-habre-verdict-set-for-may-30.html\",\"name\":\"Senegal: Video of Chad Ex-Dictator\u2019s Trial Hiss\u00e8ne Habr\u00e9, verdict Set for May 30 - JusticeInfo.net\",\"isPartOf\":{\"@id\":\"https:\/\/www.justiceinfo.net\/en\/#website\"},\"primaryImageOfPage\":{\"@id\":\"https:\/\/www.justiceinfo.net\/en\/27382-senegal-video-of-chad-ex-dictators-trial-hissene-habre-verdict-set-for-may-30.html#primaryimage\"},\"image\":{\"@id\":\"https:\/\/www.justiceinfo.net\/en\/27382-senegal-video-of-chad-ex-dictators-trial-hissene-habre-verdict-set-for-may-30.html#primaryimage\"},\"thumbnailUrl\":\"https:\/\/www.justiceinfo.net\/wp-content\/uploads\/18ab8f4200733a7e3427432dbfcf6eb1.jpg\",\"datePublished\":\"2016-05-17T11:50:38+00:00\",\"breadcrumb\":{\"@id\":\"https:\/\/www.justiceinfo.net\/en\/27382-senegal-video-of-chad-ex-dictators-trial-hissene-habre-verdict-set-for-may-30.html#breadcrumb\"},\"inLanguage\":\"en-US\",\"potentialAction\":[{\"@type\":\"ReadAction\",\"target\":[\"https:\/\/www.justiceinfo.net\/en\/27382-senegal-video-of-chad-ex-dictators-trial-hissene-habre-verdict-set-for-may-30.html\"]}]},{\"@type\":\"ImageObject\",\"inLanguage\":\"en-US\",\"@id\":\"https:\/\/www.justiceinfo.net\/en\/27382-senegal-video-of-chad-ex-dictators-trial-hissene-habre-verdict-set-for-may-30.html#primaryimage\",\"url\":\"https:\/\/www.justiceinfo.net\/wp-content\/uploads\/18ab8f4200733a7e3427432dbfcf6eb1.jpg\",\"contentUrl\":\"https:\/\/www.justiceinfo.net\/wp-content\/uploads\/18ab8f4200733a7e3427432dbfcf6eb1.jpg\",\"width\":946,\"height\":532},{\"@type\":\"BreadcrumbList\",\"@id\":\"https:\/\/www.justiceinfo.net\/en\/27382-senegal-video-of-chad-ex-dictators-trial-hissene-habre-verdict-set-for-may-30.html#breadcrumb\",\"itemListElement\":[{\"@type\":\"ListItem\",\"position\":1,\"name\":\"Home\",\"item\":\"https:\/\/www.justiceinfo.net\/en\"},{\"@type\":\"ListItem\",\"position\":2,\"name\":\"Senegal: Video of Chad Ex-Dictator\u2019s Trial Hiss\u00e8ne Habr\u00e9, verdict Set for May 30\"}]},{\"@type\":\"WebSite\",\"@id\":\"https:\/\/www.justiceinfo.net\/en\/#website\",\"url\":\"https:\/\/www.justiceinfo.net\/en\/\",\"name\":\"JusticeInfo.net\",\"description\":\"For justice to be done, it must be seen\",\"publisher\":{\"@id\":\"https:\/\/www.justiceinfo.net\/en\/#organization\"},\"potentialAction\":[{\"@type\":\"SearchAction\",\"target\":{\"@type\":\"EntryPoint\",\"urlTemplate\":\"https:\/\/www.justiceinfo.net\/en\/?s={search_term_string}\"},\"query-input\":{\"@type\":\"PropertyValueSpecification\",\"valueRequired\":true,\"valueName\":\"search_term_string\"}}],\"inLanguage\":\"en-US\"},{\"@type\":\"Organization\",\"@id\":\"https:\/\/www.justiceinfo.net\/en\/#organization\",\"name\":\"Justice Info\",\"url\":\"https:\/\/www.justiceinfo.net\/en\/\",\"logo\":{\"@type\":\"ImageObject\",\"inLanguage\":\"en-US\",\"@id\":\"https:\/\/www.justiceinfo.net\/en\/#\/schema\/logo\/image\/\",\"url\":\"https:\/\/www.justiceinfo.net\/wp-content\/uploads\/justiceinfo_logo-trans_1200x1200px.png\",\"contentUrl\":\"https:\/\/www.justiceinfo.net\/wp-content\/uploads\/justiceinfo_logo-trans_1200x1200px.png\",\"width\":1199,\"height\":1200,\"caption\":\"Justice Info\"},\"image\":{\"@id\":\"https:\/\/www.justiceinfo.net\/en\/#\/schema\/logo\/image\/\"},\"sameAs\":[\"https:\/\/www.facebook.com\/JusticeInfo\/\",\"https:\/\/x.com\/justiceinfonet\",\"https:\/\/www.linkedin.com\/company\/justice-info\",\"https:\/\/www.youtube.com\/channel\/UCyCEsARodyuWtkWyhn-e7pA\"]},{\"@type\":\"Person\",\"name\":\"Human Rights Watch\",\"url\":\"\/en\/?s=Human Rights Watch\"}]}<\/script>\n<!-- \/ Yoast SEO Premium plugin. -->","yoast_head_json":{"title":"Senegal: Video of Chad Ex-Dictator\u2019s Trial Hiss\u00e8ne Habr\u00e9, verdict Set for May 30 - JusticeInfo.net","robots":{"index":"index","follow":"follow","max-snippet":"max-snippet:-1","max-image-preview":"max-image-preview:large","max-video-preview":"max-video-preview:-1"},"canonical":"https:\/\/www.justiceinfo.net\/en\/27382-senegal-video-of-chad-ex-dictators-trial-hissene-habre-verdict-set-for-may-30.html","og_locale":"en_US","og_type":"article","og_title":"Senegal: Video of Chad Ex-Dictator\u2019s Trial Hiss\u00e8ne Habr\u00e9, verdict Set for May 30","og_description":"Human Rights Watch today released a new video, \u201cHiss\u00e8ne Habr\u00e9: Scenes from an historic trial,\u201d about the trial in Senegal of the former Chadian dictator Hiss\u00e8ne Habr\u00e9. At the end of the trial on February 11, 2016, the court announced that the verdict would be scheduled for May 30. Habr\u00e9 faces charges of crimes against [&hellip;]","og_url":"https:\/\/www.justiceinfo.net\/en\/27382-senegal-video-of-chad-ex-dictators-trial-hissene-habre-verdict-set-for-may-30.html","og_site_name":"JusticeInfo.net","article_publisher":"https:\/\/www.facebook.com\/JusticeInfo\/","article_published_time":"2016-05-17T11:50:38+00:00","og_image":[{"width":946,"height":532,"url":"https:\/\/www.justiceinfo.net\/wp-content\/uploads\/18ab8f4200733a7e3427432dbfcf6eb1.jpg","type":"image\/jpeg"}],"author":"Human Rights Watch","twitter_card":"summary_large_image","twitter_creator":"@justiceinfonet","twitter_site":"@justiceinfonet","twitter_misc":{"Written by":"Human Rights Watch","Est. reading time":"2 minutes"},"schema":{"@context":"https:\/\/schema.org","@graph":[{"@type":"NewsArticle","@id":"https:\/\/www.justiceinfo.net\/en\/27382-senegal-video-of-chad-ex-dictators-trial-hissene-habre-verdict-set-for-may-30.html#article","isPartOf":{"@id":"https:\/\/www.justiceinfo.net\/en\/27382-senegal-video-of-chad-ex-dictators-trial-hissene-habre-verdict-set-for-may-30.html"},"author":{"name":"solivri","@id":"https:\/\/www.justiceinfo.net\/en\/#\/schema\/person\/6e53cba1629e2e66f3fc1821d3091865"},"headline":"Senegal: Video of Chad Ex-Dictator\u2019s Trial Hiss\u00e8ne Habr\u00e9, verdict Set for May 30","datePublished":"2016-05-17T11:50:38+00:00","mainEntityOfPage":{"@id":"https:\/\/www.justiceinfo.net\/en\/27382-senegal-video-of-chad-ex-dictators-trial-hissene-habre-verdict-set-for-may-30.html"},"wordCount":437,"commentCount":0,"publisher":{"@id":"https:\/\/www.justiceinfo.net\/en\/#organization"},"image":{"@id":"https:\/\/www.justiceinfo.net\/en\/27382-senegal-video-of-chad-ex-dictators-trial-hissene-habre-verdict-set-for-may-30.html#primaryimage"},"thumbnailUrl":"https:\/\/www.justiceinfo.net\/wp-content\/uploads\/18ab8f4200733a7e3427432dbfcf6eb1.jpg","articleSection":["Opinion"],"inLanguage":"en-US","potentialAction":[{"@type":"CommentAction","name":"Comment","target":["https:\/\/www.justiceinfo.net\/en\/27382-senegal-video-of-chad-ex-dictators-trial-hissene-habre-verdict-set-for-may-30.html#respond"]}]},{"@type":"WebPage","@id":"https:\/\/www.justiceinfo.net\/en\/27382-senegal-video-of-chad-ex-dictators-trial-hissene-habre-verdict-set-for-may-30.html","url":"https:\/\/www.justiceinfo.net\/en\/27382-senegal-video-of-chad-ex-dictators-trial-hissene-habre-verdict-set-for-may-30.html","name":"Senegal: Video of Chad Ex-Dictator\u2019s Trial Hiss\u00e8ne Habr\u00e9, verdict Set for May 30 - JusticeInfo.net","isPartOf":{"@id":"https:\/\/www.justiceinfo.net\/en\/#website"},"primaryImageOfPage":{"@id":"https:\/\/www.justiceinfo.net\/en\/27382-senegal-video-of-chad-ex-dictators-trial-hissene-habre-verdict-set-for-may-30.html#primaryimage"},"image":{"@id":"https:\/\/www.justiceinfo.net\/en\/27382-senegal-video-of-chad-ex-dictators-trial-hissene-habre-verdict-set-for-may-30.html#primaryimage"},"thumbnailUrl":"https:\/\/www.justiceinfo.net\/wp-content\/uploads\/18ab8f4200733a7e3427432dbfcf6eb1.jpg","datePublished":"2016-05-17T11:50:38+00:00","breadcrumb":{"@id":"https:\/\/www.justiceinfo.net\/en\/27382-senegal-video-of-chad-ex-dictators-trial-hissene-habre-verdict-set-for-may-30.html#breadcrumb"},"inLanguage":"en-US","potentialAction":[{"@type":"ReadAction","target":["https:\/\/www.justiceinfo.net\/en\/27382-senegal-video-of-chad-ex-dictators-trial-hissene-habre-verdict-set-for-may-30.html"]}]},{"@type":"ImageObject","inLanguage":"en-US","@id":"https:\/\/www.justiceinfo.net\/en\/27382-senegal-video-of-chad-ex-dictators-trial-hissene-habre-verdict-set-for-may-30.html#primaryimage","url":"https:\/\/www.justiceinfo.net\/wp-content\/uploads\/18ab8f4200733a7e3427432dbfcf6eb1.jpg","contentUrl":"https:\/\/www.justiceinfo.net\/wp-content\/uploads\/18ab8f4200733a7e3427432dbfcf6eb1.jpg","width":946,"height":532},{"@type":"BreadcrumbList","@id":"https:\/\/www.justiceinfo.net\/en\/27382-senegal-video-of-chad-ex-dictators-trial-hissene-habre-verdict-set-for-may-30.html#breadcrumb","itemListElement":[{"@type":"ListItem","position":1,"name":"Home","item":"https:\/\/www.justiceinfo.net\/en"},{"@type":"ListItem","position":2,"name":"Senegal: Video of Chad Ex-Dictator\u2019s Trial Hiss\u00e8ne Habr\u00e9, verdict Set for May 30"}]},{"@type":"WebSite","@id":"https:\/\/www.justiceinfo.net\/en\/#website","url":"https:\/\/www.justiceinfo.net\/en\/","name":"JusticeInfo.net","description":"For justice to be done, it must be seen","publisher":{"@id":"https:\/\/www.justiceinfo.net\/en\/#organization"},"potentialAction":[{"@type":"SearchAction","target":{"@type":"EntryPoint","urlTemplate":"https:\/\/www.justiceinfo.net\/en\/?s={search_term_string}"},"query-input":{"@type":"PropertyValueSpecification","valueRequired":true,"valueName":"search_term_string"}}],"inLanguage":"en-US"},{"@type":"Organization","@id":"https:\/\/www.justiceinfo.net\/en\/#organization","name":"Justice Info","url":"https:\/\/www.justiceinfo.net\/en\/","logo":{"@type":"ImageObject","inLanguage":"en-US","@id":"https:\/\/www.justiceinfo.net\/en\/#\/schema\/logo\/image\/","url":"https:\/\/www.justiceinfo.net\/wp-content\/uploads\/justiceinfo_logo-trans_1200x1200px.png","contentUrl":"https:\/\/www.justiceinfo.net\/wp-content\/uploads\/justiceinfo_logo-trans_1200x1200px.png","width":1199,"height":1200,"caption":"Justice Info"},"image":{"@id":"https:\/\/www.justiceinfo.net\/en\/#\/schema\/logo\/image\/"},"sameAs":["https:\/\/www.facebook.com\/JusticeInfo\/","https:\/\/x.com\/justiceinfonet","https:\/\/www.linkedin.com\/company\/justice-info","https:\/\/www.youtube.com\/channel\/UCyCEsARodyuWtkWyhn-e7pA"]},{"@type":"Person","name":"Human Rights Watch","url":"\/en\/?s=Human Rights Watch"}]}},"_links":{"self":[{"href":"https:\/\/www.justiceinfo.net\/en\/wp-json\/wp\/v2\/posts\/27382","targetHints":{"allow":["GET"]}}],"collection":[{"href":"https:\/\/www.justiceinfo.net\/en\/wp-json\/wp\/v2\/posts"}],"about":[{"href":"https:\/\/www.justiceinfo.net\/en\/wp-json\/wp\/v2\/types\/post"}],"author":[{"embeddable":true,"href":"https:\/\/www.justiceinfo.net\/en\/wp-json\/wp\/v2\/users\/64"}],"replies":[{"embeddable":true,"href":"https:\/\/www.justiceinfo.net\/en\/wp-json\/wp\/v2\/comments?post=27382"}],"version-history":[{"count":0,"href":"https:\/\/www.justiceinfo.net\/en\/wp-json\/wp\/v2\/posts\/27382\/revisions"}],"wp:featuredmedia":[{"embeddable":true,"href":"https:\/\/www.justiceinfo.net\/en\/wp-json\/wp\/v2\/media\/64235"}],"wp:attachment":[{"href":"https:\/\/www.justiceinfo.net\/en\/wp-json\/wp\/v2\/media?parent=27382"}],"wp:term":[{"taxonomy":"category","embeddable":true,"href":"https:\/\/www.justiceinfo.net\/en\/wp-json\/wp\/v2\/categories?post=27382"},{"taxonomy":"post_tag","embeddable":true,"href":"https:\/\/www.justiceinfo.net\/en\/wp-json\/wp\/v2\/tags?post=27382"},{"taxonomy":"ji_location","embeddable":true,"href":"https:\/\/www.justiceinfo.net\/en\/wp-json\/wp\/v2\/ji_location?post=27382"}],"curies":[{"name":"wp","href":"https:\/\/api.w.org\/{rel}","templated":true}]}}