{"id":40621,"date":"2019-03-19T15:42:32","date_gmt":"2019-03-19T14:42:32","guid":{"rendered":"https:\/\/www.justiceinfo.net\/40621-karadzic-last-chapter-of-a-mega-trial-at-the-yugoslav-tribunal.html"},"modified":"2019-03-19T15:42:32","modified_gmt":"2019-03-19T14:42:32","slug":"karadzic-last-chapter-of-a-mega-trial-at-the-yugoslav-tribunal","status":"publish","type":"post","link":"https:\/\/www.justiceinfo.net\/en\/40621-karadzic-last-chapter-of-a-mega-trial-at-the-yugoslav-tribunal.html","title":{"rendered":"Karadzic: last chapter of a mega trial at the Yugoslav tribunal"},"content":{"rendered":"<p><strong>On Wednesday, Bosnian Serb wartime political leader Radovan Karadzic, 73, will hear if his 40-year-jail term is confirmed, increased to a life sentence as prosecutors demand or if he gets the retrial his lawyers are seeking. This appeal judgment \u2013 before the UN Mechanism for International Criminal Tribunals (MICT) which deals with the remaining cases of the Yugoslav tribunal \u2013\u00a0is the last chapter of \u201cone of the biggest, longest and most important case\u201d the tribunal has taken on, says University of Utrecht historian Iva Vukusic, who researches paramilitary violence in the Yugoslav wars and has followed the Karadzic case closely.<\/strong><\/p>\n<p><!--more--><\/p>\n<p>In 2016, Karadzic was convicted of genocide for the Srebrenica massacre, and of war crimes and crimes against humanity for his role as the political mastermind behind the brutal Bosnian Serb campaign of ethnic cleansing. The trial of Radovan Karadzic together with that of Bosnian Serb military commander Ratko Mladic, told \u201cthe most comprehensive story\u201d of what happened, notes Vukusic, while other trials before the International Criminal Tribunal for the former Yugoslavia (ICTY) only covered parts of the story of the Bosnian war. The 1992-1995 war in Bosnia left over 100,000 people dead and many more driven from their homes as the Bosnian Serbs attempted to carve out \u2018ethically clean\u2019 areas by forcing Muslims, Croats and other non-Serbs to leave through violence and intimidation.<\/p>\n<p>Karadzic\u2019s military alter-ego Mladic is currently appealing a life sentence on similar charges. These two cases came late in the tribunal\u2019s existence as both Karadzic and Mladic were among the very last fugitives to be arrested, in 2008 and 2010 respectively. They also presented the most recent analysis of what happened and the most recent evidence available, giving a kind of updated version of the proof presented before in cases against a host of the men\u2019s subordinates.<\/p>\n<h3>An \u201cout of control mega-trial\u201d<\/h3>\n<p>\u201cThe trials of Karadzic and Mladic tell us the story about how these different elements worked together to create a social reality (in Bosnia) where large numbers of non Serbs would just be gone,\u201d explains Vukusic.\u00a0In particular, the Karadzic case covered multiple joint criminal enterprises and showed how different political and institutional policies and people worked together to create a vast political project.\u00a0<\/p>\n<p>During the appeals hearings last year, Karadzic said prosecutors twisted his words and tried to portray him as a warmonger, while he insists he did everything to prevent war. His lawyers argued that Karadzic did not get a fair hearing during what they called an \u201cout of control mega-trial\u201d that lasted seven years. They are calling for a retrial but that seems an unlikely scenario as the ICTY\/MICT has only ordered two re-trials in its over 20-year history, in the joint case of Franko Simatovi\u0107 and Jovica Stani\u0161i\u0107 and a partial retrial for former Kosovo Liberation Army commander Ramush Haradinaj.\u00a0<\/p>\n<p>\u201cThis was a well-led case both on the side of the prosecution and the defence. It was a huge case but still running at a solid pace,\u201d Vukusic says. \u201cI would be very surprised if there were significant changes on appeal\u201d.\u00a0<\/p>\n<h3>Second genocide conviction?<\/h3>\n<p>Prosecutors also appealed. They want Karadzic\u2019s 40-year-sentence to be increased to a life sentence. In addition, they are pushing for a second genocide conviction for the campaign of ethnic cleansing in a number of municipalities in Bosnia at the start of the war. The campaign included setting up a series of detention camps where tens of thousands of Muslims and Croats were beaten, tortured, held in inhumane conditions and sometimes sexually assaulted.\u00a0<\/p>\n<p>In the trial judgment the ICTY judges said the prosecutors had failed to show Karadzic had the intent to destroy the Muslim and Croat population in the municipalities, a vital element for a genocide conviction. An ethnic cleansing campaign \u2013 i.e. killings perpetrated in the intent of driving many more out of a certain area \u2013\u00a0does not amount to genocide, the judges ruled.\u00a0<\/p>\n<p>On appeal prosecutors tried to show that Karadzic\u2019s genocidal intent could be inferred by looking at the levels of violence. By supporting a plan that could only succeed through mass atrocities and violence against non-Serbs, the former Bosnian Serb leader showed genocidal intent, according to prosecutors. \u00a0\u00a0<\/p>\n<p>\u201cKaradzic and his associates knew that they would need to spill rivers of blood to carve out the ethnically-cleansed territories they sought and embraced this bloody path,\u201d prosecutor Katrina Gustafson told the court.<\/p>\n<h3>\u201cNot such a big deal\u201d<\/h3>\n<p>The final outcome of the Karadzic case will be big news in Bosnia especially within the affected communities of Bosnian Muslims and Bosnian Croats but less so in the other countries of the region. In Bosnia the case is also used by different political parties to score points with their owncommunities, still deeply divided among ethnic lines nearly 25 years after the end of the war. \u00a0Many Bosnian Serbs consider Karadzic a hero. InBosnia\u2019s neighbours like Serbia and Croatia, the interest has waned in recent years. \u00a0\u201cIt is not such a big deal as it once was\u201d, said Vukusic. \u00a0<\/p>\n<h3>\u201cMountains of evidence\u201d for historians<\/h3>\n<p>Besides the convictions, the tribunal has played a significant role in how we look at the Yugoslav wars, Vukusic says, and there is a more universal legacy the ICTY\/MICT can leave through their extensive archives. When all the trials are over and the dust settles, researchers can swoop in for more substantive studies. \u201cWhat we are left with, thanks to these proceedings, are mountains of evidence and we can spend the next decades working out what happened,\u201d she says.\u00a0<\/p>\n<p>The documents and materials will tell a story that goes far beyond the former Yugoslavia. \u00a0\u201cAs a researcher and a historian, I think it is really important to look at this material and see what it tells us about perpetrators, about organizational structures that perpetrate mass violence and social circumstances that give birth to violence,\u201d says Vukusic.<\/p>\n","protected":false},"excerpt":{"rendered":"<p>On Wednesday, Bosnian Serb wartime political leader Radovan Karadzic, 73, will hear if his 40-year-jail term is confirmed, increased to a life sentence as prosecutors demand or if he gets the retrial his lawyers are seeking. This appeal judgment \u2013 before the UN Mechanism for International Criminal Tribunals (MICT) which deals with the remaining cases [&hellip;]<\/p>\n","protected":false},"author":81,"featured_media":61605,"comment_status":"open","ping_status":"closed","sticky":false,"template":"","format":"standard","meta":{"_acf_changed":false,"footnotes":""},"categories":[564],"tags":[],"ji_location":[2137],"class_list":["post-40621","post","type-post","status-publish","format-standard","has-post-thumbnail","hentry","category-icty","ji_location-bosnia-herzegovina"],"acf":[],"yoast_head":"<!-- This site is optimized with the Yoast SEO Premium plugin v25.3.1 (Yoast SEO v25.3.1) - https:\/\/yoast.com\/wordpress\/plugins\/seo\/ -->\n<title>Karadzic: last chapter of a mega trial at the Yugoslav tribunal - JusticeInfo.net<\/title>\n<meta name=\"robots\" content=\"index, follow, max-snippet:-1, max-image-preview:large, max-video-preview:-1\" \/>\n<link rel=\"canonical\" href=\"https:\/\/www.justiceinfo.net\/en\/40621-karadzic-last-chapter-of-a-mega-trial-at-the-yugoslav-tribunal.html\" \/>\n<meta property=\"og:locale\" content=\"en_US\" \/>\n<meta property=\"og:type\" content=\"article\" \/>\n<meta property=\"og:title\" content=\"Karadzic: last chapter of a mega trial at the Yugoslav tribunal\" \/>\n<meta property=\"og:description\" content=\"On Wednesday, Bosnian Serb wartime political leader Radovan Karadzic, 73, will hear if his 40-year-jail term is confirmed, increased to a life sentence as prosecutors demand or if he gets the retrial his lawyers are seeking. This appeal judgment \u2013 before the UN Mechanism for International Criminal Tribunals (MICT) which deals with the remaining cases [&hellip;]\" \/>\n<meta property=\"og:url\" content=\"https:\/\/www.justiceinfo.net\/en\/40621-karadzic-last-chapter-of-a-mega-trial-at-the-yugoslav-tribunal.html\" \/>\n<meta property=\"og:site_name\" content=\"JusticeInfo.net\" \/>\n<meta property=\"article:publisher\" content=\"https:\/\/www.facebook.com\/JusticeInfo\/\" \/>\n<meta property=\"article:published_time\" content=\"2019-03-19T14:42:32+00:00\" \/>\n<meta property=\"og:image\" content=\"https:\/\/www.justiceinfo.net\/wp-content\/uploads\/2b84aca95ddaa99893d43f408f55ac5d.jpg\" \/>\n\t<meta property=\"og:image:width\" content=\"1200\" \/>\n\t<meta property=\"og:image:height\" content=\"914\" \/>\n\t<meta property=\"og:image:type\" content=\"image\/jpeg\" \/>\n<meta name=\"author\" content=\"Stephanie van den Berg\" \/>\n<meta name=\"twitter:card\" content=\"summary_large_image\" \/>\n<meta name=\"twitter:creator\" content=\"@vdbergstephanie\" \/>\n<meta name=\"twitter:site\" content=\"@justiceinfonet\" \/>\n<meta name=\"twitter:label1\" content=\"Written by\" \/>\n\t<meta name=\"twitter:data1\" content=\"Stephanie van den Berg\" \/>\n\t<meta name=\"twitter:label2\" content=\"Est. reading time\" \/>\n\t<meta name=\"twitter:data2\" content=\"5 minutes\" \/>\n<script type=\"application\/ld+json\" class=\"yoast-schema-graph\">{\"@context\":\"https:\/\/schema.org\",\"@graph\":[{\"@type\":\"NewsArticle\",\"@id\":\"https:\/\/www.justiceinfo.net\/en\/40621-karadzic-last-chapter-of-a-mega-trial-at-the-yugoslav-tribunal.html#article\",\"isPartOf\":{\"@id\":\"https:\/\/www.justiceinfo.net\/en\/40621-karadzic-last-chapter-of-a-mega-trial-at-the-yugoslav-tribunal.html\"},\"author\":{\"name\":\"svanderbergh\",\"@id\":\"https:\/\/www.justiceinfo.net\/en\/#\/schema\/person\/19551744c402a44d3249d92849f00e57\"},\"headline\":\"Karadzic: last chapter of a mega trial at the Yugoslav tribunal\",\"datePublished\":\"2019-03-19T14:42:32+00:00\",\"mainEntityOfPage\":{\"@id\":\"https:\/\/www.justiceinfo.net\/en\/40621-karadzic-last-chapter-of-a-mega-trial-at-the-yugoslav-tribunal.html\"},\"wordCount\":986,\"commentCount\":0,\"publisher\":{\"@id\":\"https:\/\/www.justiceinfo.net\/en\/#organization\"},\"image\":{\"@id\":\"https:\/\/www.justiceinfo.net\/en\/40621-karadzic-last-chapter-of-a-mega-trial-at-the-yugoslav-tribunal.html#primaryimage\"},\"thumbnailUrl\":\"https:\/\/www.justiceinfo.net\/wp-content\/uploads\/2b84aca95ddaa99893d43f408f55ac5d.jpg\",\"articleSection\":[\"ICTY\"],\"inLanguage\":\"en-US\",\"potentialAction\":[{\"@type\":\"CommentAction\",\"name\":\"Comment\",\"target\":[\"https:\/\/www.justiceinfo.net\/en\/40621-karadzic-last-chapter-of-a-mega-trial-at-the-yugoslav-tribunal.html#respond\"]}]},{\"@type\":\"WebPage\",\"@id\":\"https:\/\/www.justiceinfo.net\/en\/40621-karadzic-last-chapter-of-a-mega-trial-at-the-yugoslav-tribunal.html\",\"url\":\"https:\/\/www.justiceinfo.net\/en\/40621-karadzic-last-chapter-of-a-mega-trial-at-the-yugoslav-tribunal.html\",\"name\":\"Karadzic: last chapter of a mega trial at the Yugoslav tribunal - JusticeInfo.net\",\"isPartOf\":{\"@id\":\"https:\/\/www.justiceinfo.net\/en\/#website\"},\"primaryImageOfPage\":{\"@id\":\"https:\/\/www.justiceinfo.net\/en\/40621-karadzic-last-chapter-of-a-mega-trial-at-the-yugoslav-tribunal.html#primaryimage\"},\"image\":{\"@id\":\"https:\/\/www.justiceinfo.net\/en\/40621-karadzic-last-chapter-of-a-mega-trial-at-the-yugoslav-tribunal.html#primaryimage\"},\"thumbnailUrl\":\"https:\/\/www.justiceinfo.net\/wp-content\/uploads\/2b84aca95ddaa99893d43f408f55ac5d.jpg\",\"datePublished\":\"2019-03-19T14:42:32+00:00\",\"breadcrumb\":{\"@id\":\"https:\/\/www.justiceinfo.net\/en\/40621-karadzic-last-chapter-of-a-mega-trial-at-the-yugoslav-tribunal.html#breadcrumb\"},\"inLanguage\":\"en-US\",\"potentialAction\":[{\"@type\":\"ReadAction\",\"target\":[\"https:\/\/www.justiceinfo.net\/en\/40621-karadzic-last-chapter-of-a-mega-trial-at-the-yugoslav-tribunal.html\"]}]},{\"@type\":\"ImageObject\",\"inLanguage\":\"en-US\",\"@id\":\"https:\/\/www.justiceinfo.net\/en\/40621-karadzic-last-chapter-of-a-mega-trial-at-the-yugoslav-tribunal.html#primaryimage\",\"url\":\"https:\/\/www.justiceinfo.net\/wp-content\/uploads\/2b84aca95ddaa99893d43f408f55ac5d.jpg\",\"contentUrl\":\"https:\/\/www.justiceinfo.net\/wp-content\/uploads\/2b84aca95ddaa99893d43f408f55ac5d.jpg\",\"width\":1200,\"height\":914},{\"@type\":\"BreadcrumbList\",\"@id\":\"https:\/\/www.justiceinfo.net\/en\/40621-karadzic-last-chapter-of-a-mega-trial-at-the-yugoslav-tribunal.html#breadcrumb\",\"itemListElement\":[{\"@type\":\"ListItem\",\"position\":1,\"name\":\"Home\",\"item\":\"https:\/\/www.justiceinfo.net\/en\"},{\"@type\":\"ListItem\",\"position\":2,\"name\":\"Karadzic: last chapter of a mega trial at the Yugoslav tribunal\"}]},{\"@type\":\"WebSite\",\"@id\":\"https:\/\/www.justiceinfo.net\/en\/#website\",\"url\":\"https:\/\/www.justiceinfo.net\/en\/\",\"name\":\"JusticeInfo.net\",\"description\":\"For justice to be done, it must be seen\",\"publisher\":{\"@id\":\"https:\/\/www.justiceinfo.net\/en\/#organization\"},\"potentialAction\":[{\"@type\":\"SearchAction\",\"target\":{\"@type\":\"EntryPoint\",\"urlTemplate\":\"https:\/\/www.justiceinfo.net\/en\/?s={search_term_string}\"},\"query-input\":{\"@type\":\"PropertyValueSpecification\",\"valueRequired\":true,\"valueName\":\"search_term_string\"}}],\"inLanguage\":\"en-US\"},{\"@type\":\"Organization\",\"@id\":\"https:\/\/www.justiceinfo.net\/en\/#organization\",\"name\":\"Justice Info\",\"url\":\"https:\/\/www.justiceinfo.net\/en\/\",\"logo\":{\"@type\":\"ImageObject\",\"inLanguage\":\"en-US\",\"@id\":\"https:\/\/www.justiceinfo.net\/en\/#\/schema\/logo\/image\/\",\"url\":\"https:\/\/www.justiceinfo.net\/wp-content\/uploads\/justiceinfo_logo-trans_1200x1200px.png\",\"contentUrl\":\"https:\/\/www.justiceinfo.net\/wp-content\/uploads\/justiceinfo_logo-trans_1200x1200px.png\",\"width\":1199,\"height\":1200,\"caption\":\"Justice Info\"},\"image\":{\"@id\":\"https:\/\/www.justiceinfo.net\/en\/#\/schema\/logo\/image\/\"},\"sameAs\":[\"https:\/\/www.facebook.com\/JusticeInfo\/\",\"https:\/\/x.com\/justiceinfonet\",\"https:\/\/www.linkedin.com\/company\/justice-info\",\"https:\/\/www.youtube.com\/channel\/UCyCEsARodyuWtkWyhn-e7pA\"]},{\"@type\":\"Person\",\"name\":\"Stephanie van den Berg\",\"sameAs\":[\"https:\/\/x.com\/vdbergstephanie\"],\"url\":\"https:\/\/www.justiceinfo.net\/en\/auteur\/svanderbergh\"}]}<\/script>\n<!-- \/ Yoast SEO Premium plugin. -->","yoast_head_json":{"title":"Karadzic: last chapter of a mega trial at the Yugoslav tribunal - JusticeInfo.net","robots":{"index":"index","follow":"follow","max-snippet":"max-snippet:-1","max-image-preview":"max-image-preview:large","max-video-preview":"max-video-preview:-1"},"canonical":"https:\/\/www.justiceinfo.net\/en\/40621-karadzic-last-chapter-of-a-mega-trial-at-the-yugoslav-tribunal.html","og_locale":"en_US","og_type":"article","og_title":"Karadzic: last chapter of a mega trial at the Yugoslav tribunal","og_description":"On Wednesday, Bosnian Serb wartime political leader Radovan Karadzic, 73, will hear if his 40-year-jail term is confirmed, increased to a life sentence as prosecutors demand or if he gets the retrial his lawyers are seeking. This appeal judgment \u2013 before the UN Mechanism for International Criminal Tribunals (MICT) which deals with the remaining cases [&hellip;]","og_url":"https:\/\/www.justiceinfo.net\/en\/40621-karadzic-last-chapter-of-a-mega-trial-at-the-yugoslav-tribunal.html","og_site_name":"JusticeInfo.net","article_publisher":"https:\/\/www.facebook.com\/JusticeInfo\/","article_published_time":"2019-03-19T14:42:32+00:00","og_image":[{"width":1200,"height":914,"url":"https:\/\/www.justiceinfo.net\/wp-content\/uploads\/2b84aca95ddaa99893d43f408f55ac5d.jpg","type":"image\/jpeg"}],"author":"Stephanie van den Berg","twitter_card":"summary_large_image","twitter_creator":"@vdbergstephanie","twitter_site":"@justiceinfonet","twitter_misc":{"Written by":"Stephanie van den Berg","Est. reading time":"5 minutes"},"schema":{"@context":"https:\/\/schema.org","@graph":[{"@type":"NewsArticle","@id":"https:\/\/www.justiceinfo.net\/en\/40621-karadzic-last-chapter-of-a-mega-trial-at-the-yugoslav-tribunal.html#article","isPartOf":{"@id":"https:\/\/www.justiceinfo.net\/en\/40621-karadzic-last-chapter-of-a-mega-trial-at-the-yugoslav-tribunal.html"},"author":{"name":"svanderbergh","@id":"https:\/\/www.justiceinfo.net\/en\/#\/schema\/person\/19551744c402a44d3249d92849f00e57"},"headline":"Karadzic: last chapter of a mega trial at the Yugoslav tribunal","datePublished":"2019-03-19T14:42:32+00:00","mainEntityOfPage":{"@id":"https:\/\/www.justiceinfo.net\/en\/40621-karadzic-last-chapter-of-a-mega-trial-at-the-yugoslav-tribunal.html"},"wordCount":986,"commentCount":0,"publisher":{"@id":"https:\/\/www.justiceinfo.net\/en\/#organization"},"image":{"@id":"https:\/\/www.justiceinfo.net\/en\/40621-karadzic-last-chapter-of-a-mega-trial-at-the-yugoslav-tribunal.html#primaryimage"},"thumbnailUrl":"https:\/\/www.justiceinfo.net\/wp-content\/uploads\/2b84aca95ddaa99893d43f408f55ac5d.jpg","articleSection":["ICTY"],"inLanguage":"en-US","potentialAction":[{"@type":"CommentAction","name":"Comment","target":["https:\/\/www.justiceinfo.net\/en\/40621-karadzic-last-chapter-of-a-mega-trial-at-the-yugoslav-tribunal.html#respond"]}]},{"@type":"WebPage","@id":"https:\/\/www.justiceinfo.net\/en\/40621-karadzic-last-chapter-of-a-mega-trial-at-the-yugoslav-tribunal.html","url":"https:\/\/www.justiceinfo.net\/en\/40621-karadzic-last-chapter-of-a-mega-trial-at-the-yugoslav-tribunal.html","name":"Karadzic: last chapter of a mega trial at the Yugoslav tribunal - JusticeInfo.net","isPartOf":{"@id":"https:\/\/www.justiceinfo.net\/en\/#website"},"primaryImageOfPage":{"@id":"https:\/\/www.justiceinfo.net\/en\/40621-karadzic-last-chapter-of-a-mega-trial-at-the-yugoslav-tribunal.html#primaryimage"},"image":{"@id":"https:\/\/www.justiceinfo.net\/en\/40621-karadzic-last-chapter-of-a-mega-trial-at-the-yugoslav-tribunal.html#primaryimage"},"thumbnailUrl":"https:\/\/www.justiceinfo.net\/wp-content\/uploads\/2b84aca95ddaa99893d43f408f55ac5d.jpg","datePublished":"2019-03-19T14:42:32+00:00","breadcrumb":{"@id":"https:\/\/www.justiceinfo.net\/en\/40621-karadzic-last-chapter-of-a-mega-trial-at-the-yugoslav-tribunal.html#breadcrumb"},"inLanguage":"en-US","potentialAction":[{"@type":"ReadAction","target":["https:\/\/www.justiceinfo.net\/en\/40621-karadzic-last-chapter-of-a-mega-trial-at-the-yugoslav-tribunal.html"]}]},{"@type":"ImageObject","inLanguage":"en-US","@id":"https:\/\/www.justiceinfo.net\/en\/40621-karadzic-last-chapter-of-a-mega-trial-at-the-yugoslav-tribunal.html#primaryimage","url":"https:\/\/www.justiceinfo.net\/wp-content\/uploads\/2b84aca95ddaa99893d43f408f55ac5d.jpg","contentUrl":"https:\/\/www.justiceinfo.net\/wp-content\/uploads\/2b84aca95ddaa99893d43f408f55ac5d.jpg","width":1200,"height":914},{"@type":"BreadcrumbList","@id":"https:\/\/www.justiceinfo.net\/en\/40621-karadzic-last-chapter-of-a-mega-trial-at-the-yugoslav-tribunal.html#breadcrumb","itemListElement":[{"@type":"ListItem","position":1,"name":"Home","item":"https:\/\/www.justiceinfo.net\/en"},{"@type":"ListItem","position":2,"name":"Karadzic: last chapter of a mega trial at the Yugoslav tribunal"}]},{"@type":"WebSite","@id":"https:\/\/www.justiceinfo.net\/en\/#website","url":"https:\/\/www.justiceinfo.net\/en\/","name":"JusticeInfo.net","description":"For justice to be done, it must be seen","publisher":{"@id":"https:\/\/www.justiceinfo.net\/en\/#organization"},"potentialAction":[{"@type":"SearchAction","target":{"@type":"EntryPoint","urlTemplate":"https:\/\/www.justiceinfo.net\/en\/?s={search_term_string}"},"query-input":{"@type":"PropertyValueSpecification","valueRequired":true,"valueName":"search_term_string"}}],"inLanguage":"en-US"},{"@type":"Organization","@id":"https:\/\/www.justiceinfo.net\/en\/#organization","name":"Justice Info","url":"https:\/\/www.justiceinfo.net\/en\/","logo":{"@type":"ImageObject","inLanguage":"en-US","@id":"https:\/\/www.justiceinfo.net\/en\/#\/schema\/logo\/image\/","url":"https:\/\/www.justiceinfo.net\/wp-content\/uploads\/justiceinfo_logo-trans_1200x1200px.png","contentUrl":"https:\/\/www.justiceinfo.net\/wp-content\/uploads\/justiceinfo_logo-trans_1200x1200px.png","width":1199,"height":1200,"caption":"Justice Info"},"image":{"@id":"https:\/\/www.justiceinfo.net\/en\/#\/schema\/logo\/image\/"},"sameAs":["https:\/\/www.facebook.com\/JusticeInfo\/","https:\/\/x.com\/justiceinfonet","https:\/\/www.linkedin.com\/company\/justice-info","https:\/\/www.youtube.com\/channel\/UCyCEsARodyuWtkWyhn-e7pA"]},{"@type":"Person","name":"Stephanie van den Berg","sameAs":["https:\/\/x.com\/vdbergstephanie"],"url":"https:\/\/www.justiceinfo.net\/en\/auteur\/svanderbergh"}]}},"_links":{"self":[{"href":"https:\/\/www.justiceinfo.net\/en\/wp-json\/wp\/v2\/posts\/40621","targetHints":{"allow":["GET"]}}],"collection":[{"href":"https:\/\/www.justiceinfo.net\/en\/wp-json\/wp\/v2\/posts"}],"about":[{"href":"https:\/\/www.justiceinfo.net\/en\/wp-json\/wp\/v2\/types\/post"}],"author":[{"embeddable":true,"href":"https:\/\/www.justiceinfo.net\/en\/wp-json\/wp\/v2\/users\/81"}],"replies":[{"embeddable":true,"href":"https:\/\/www.justiceinfo.net\/en\/wp-json\/wp\/v2\/comments?post=40621"}],"version-history":[{"count":0,"href":"https:\/\/www.justiceinfo.net\/en\/wp-json\/wp\/v2\/posts\/40621\/revisions"}],"wp:featuredmedia":[{"embeddable":true,"href":"https:\/\/www.justiceinfo.net\/en\/wp-json\/wp\/v2\/media\/61605"}],"wp:attachment":[{"href":"https:\/\/www.justiceinfo.net\/en\/wp-json\/wp\/v2\/media?parent=40621"}],"wp:term":[{"taxonomy":"category","embeddable":true,"href":"https:\/\/www.justiceinfo.net\/en\/wp-json\/wp\/v2\/categories?post=40621"},{"taxonomy":"post_tag","embeddable":true,"href":"https:\/\/www.justiceinfo.net\/en\/wp-json\/wp\/v2\/tags?post=40621"},{"taxonomy":"ji_location","embeddable":true,"href":"https:\/\/www.justiceinfo.net\/en\/wp-json\/wp\/v2\/ji_location?post=40621"}],"curies":[{"name":"wp","href":"https:\/\/api.w.org\/{rel}","templated":true}]}}