{"id":44853,"date":"2020-07-10T04:00:02","date_gmt":"2020-07-10T02:00:02","guid":{"rendered":"https:\/\/www.justiceinfo.net\/44853-the-srebrenica-genocide-has-changed-me-and-my-generation.html"},"modified":"2020-07-10T04:00:02","modified_gmt":"2020-07-10T02:00:02","slug":"the-srebrenica-genocide-has-changed-me-and-my-generation","status":"publish","type":"post","link":"https:\/\/www.justiceinfo.net\/en\/44853-the-srebrenica-genocide-has-changed-me-and-my-generation.html","title":{"rendered":"The Srebrenica genocide has changed me and my generation"},"content":{"rendered":"<p><strong>As the world commemorates the July 1995 genocide in Srebrenica, Bosnian-Australian scholar Hariz Halilovich reflects on how this defining event of the war in Bosnia has become a part of his personal and collective memory and identity. And why it continues to be his own \u201c<\/strong><strong>unresolved present\u201d.<\/strong><\/p>\n<p><!--more--><\/p>\n<p>It\u2019s a quarter of a century\u2014and half of my lifetime\u2014since the 1995 Srebrenica genocide happened. Or, more accurately, since it was planned and committed by an army and a police force trained, equipped and sponsored by Bosnia\u2019s neighbour, the state of Serbia. This genocide was also allowed to happen by important actors within the international community who chose to play the role of passive bystanders, even though that was not only morally wrong but also against international law and the 1951 Convention on the Prevention and Punishment of the Crime of Genocide.<\/p>\n<p>This was the first act of genocide in Europe after the Holocaust. It was also the first genocide ever to happen in a formally declared United Nations safe area. At the time, the United Nations had its troops on the ground in Srebrenica with the mandate to protect people trapped in this largest refuge for Bosniaks [Muslim Bosnians] in eastern Bosnia. Instead of becoming a triumph of the U.N., Srebrenica became a triumph of evil and one of the lowest points in the history of the world organization.<\/p>\n<p>Through the U.N., the world was humiliated and an important part of the belief in humanism and our shared humanity perished in Srebrenica. In a critical internal review in 1999, UN Secretary-General\u00a0Kofi Annan\u00a0admitted: \u201cThrough error, misjudgment and an inability to recognize the scope of the evil confronting us, we failed to do our part to help save the people of Srebrenica from the Serb campaign of mass murder.\u201d<\/p>\n<p>While remaining a real place with real victims and real survivors (and real perpetrators!), Srebrenica continues to serve as a metaphor for a \u201cbystanders\u2019 genocide\u201d\u2014a genocide that could have and should have been prevented.<\/p>\n<h3>Srebrenica as part of my own unresolved present<\/h3>\n<p>For many people\u2014especially for the genocide survivors\u2014what is depicted as a \u201ctroubled\u201d or \u201cunresolved past\u201d is in fact an <em>unresolved present<\/em>, still affecting them on a daily basis, individually and collectively. Like for everyone else who was born or once lived in the region of eastern Bosnia, the Srebrenica genocide continues to be my own <em>unresolved present<\/em>, and has become a part of both my personal and my communal or collective memory and identity. The genocide has changed me and my generation. On July 11, at the collective burials of identified genocide victims that started in 2005, many, including myself, have carried the coffins of our close relatives and childhood friends to their final resting place at the Memorial Cemetery in Poto\u010dari. Every time, we felt that in these green light coffins, often containing just a few bones, we were also burying a part of ourselves.<\/p>\n<p>The cemetery is just across the road from a former battery factory which back in 1995 served as military headquarters of the U.N. Dutch battalion. The large black letters \u201cU.N\u201d still stand written on a massive concrete block at the entrance of the former U.N. base. Inside the compound, graffities left by the Dutch soldiers are still visible on the walls. One reads \u2018United Nothing\u2019; many others have racist and sexist content written in the most vulgar and graphic terms, all referring to the local population that these soldiers were meant to protect and instead abandoned to their killers.<\/p>\n<h3>The importance of the ICTY<\/h3>\n<p>Much of the last quarter of a century was marked by the arrests of the fugitive masterminds and perpetrators and their subsequent extradition to and trial at the Hague-based International Criminal Tribunal for the former Yugoslavia (ICTY).<\/p>\n<p>Without the ICTY it is hard to believe that many of the accused would ever have entered a courtroom as defendants for war crimes and genocide. While there are very strong, and often antagonistic, sentiments about the work and existence of the ICTY held by different groups in the region\u2014especially among Serb nationalists who perceive it to be an \u201canti-Serb court\u201d\u2014many ordinary people in the region agree that the ICTY was the most important institution addressing the crimes and injustices against a wide section of the Bosnian civilian population during the 1990s.<\/p>\n<p>There is also a widely-shared perception that the ICTY has often been <a href=\"https:\/\/www.youtube.com\/watch?v=9E5lwMNO648\" target=\"_blank\" rel=\"noopener noreferrer\">mild in its sentences<\/a>. Another source of frustration for survivors comes from the fact that the ICTY has not delivered any real restorative justice as there hasn\u2019t been any direct benefit to the survivors and their communities from the convictions. Those who returned to their pre-war places still live under a de facto apartheid regime in Republika Srpska (RS), a Serb-controlled entity in Bosnia that was created through genocide and ethnic cleansing during the war.<\/p>\n<p>More disappointingly, we haven\u2019t seen much rehabilitation among war criminals after they completed their sentence in one of the many ICTY-designated prisons spread across Western Europe and Scandinavia. Upon their release, rather than coming out as reformed people and distancing themselves from the crimes for which they had been convicted, many prominent ICTY inmates have continued to deny, justify and glorify these crimes, thereby gaining themselves the status of heroes in the eyes of the nationalist political establishment and among their communities. This trend is a result of a carefully orchestrated political campaign run by those who continue to benefit from the legacy of war and genocide in Bosnia.<\/p>\n<figure><img decoding=\"async\" title=\"An elderly woman at the Potocari memorial center, Srebrenica.\" src=\"media\/Bosnia-Woman-II.jpg\" alt=\"An elderly woman at the Potocari memorial center, Srebrenica.\" \/><figcaption>An elderly Bosnian woman mourns at the grave of her relative on July 11, 2015 at the Potocari memorial center, near the eastern town of Srebrenica. \u00a9 Dimitar Dilkoff \/ AFP<\/figcaption><\/figure>\n<h3>The alternative reality of Republika Srpska<\/h3>\n<p>On 20 March 2019, war-time Bosnian Serb leader Radovan Karad\u017ei\u0107, former president of the self-proclaimed RS and the supreme commander of Bosnian Serb forces during the 1992-95 war, had his 40-year sentence extended to life in prison by the ICTY Appeals chamber. In spite of the tribunal\u2019s ruling and the abundance of material evidence presented in the court proceedings, Serb nationalists in Bosnia and in Serbia have refused to accept the verdict. For them, Karad\u017ei\u0107 remains one of the greatest Serb heroes. Three years before, on 20 March 2016, Milorad Dodik, then president of RS and the current Serb member of the Bosnian Presidency, ceremonially opened a student dormitory named after Karad\u017ei\u0107 in Pale, near Sarajevo. Dodik has awarded Karad\u017ei\u0107 and other convicted high-ranking war criminals RS\u2019 highest official honours. Honouring and celebrating convicted war criminals in RS and in Serbia has been a continuing part of Bosnia\u2019s post-genocide reality.<\/p>\n<p>There has been a coordinated institutional effort by RS and Serbia to create an alternative narrative and alternate reality to those based on the facts established by the ICTY. The construction of that alternative narrative and reality includes the marking of unconstitutional days such as 9 January as <a href=\"https:\/\/www.rferl.org\/a\/bosnian-serbs-celebrate-contentious-republika-srpska-day-\/30368355.html\" target=\"_blank\" rel=\"noopener noreferrer\">\u201cDay of Republika Srpska\u201d<\/a>, building grandiose monuments to RS war-time legacy, even at famous massacre places such as at the former concentration camp site in Trnopolje, near Prijedor. Similarly, the Serb Orthodox Church has been very active in marking and \u2018serbianising\u2019 the RS territory by erecting church buildings in Muslim villages and neighbourhoods, sometimes even on private Muslim properties as in the infamous case of the church in the front yard of Fata Orlovi\u0107, a Muslim women, survivor and returnee to her ethnically cleansed village of Konjevi\u0107 Polje, near Srebrenica.<\/p>\n<h3>\u201cGenocide triumphalism\u201d<\/h3>\n<p>Such activities would have been considered as extremist and unacceptable shortly after the war; today, they have rather become a norm and an integral part of a flourishing culture of triumphalism across a broad spectrum of the society in RS, Serbia, and even internationally. This culture of \u201cgenocide triumphalism\u201d goes beyond genocidal denial. In Serbia and the Serb controlled part of Bosnia (RS), the Srebrenica genocide is not merely denied, it is celebrated and its perpetrators glorified, while Bosniak survivors are exposed to humiliating and degrading treatment if they choose to return to their pre-war places now in RS.<\/p>\n<p>Throughout the year, Bosniak returnees to Srebrenica have to endure many direct and indirect forms of humiliation and discrimination. For instance, at the local schools, Bosniak children are not allowed to name their language Bosnian. Turning TVs in their homes, they can watch how genocide and their suffering have become part of what could be called a genocide entertainment industry, promoted through mainstream Serbian media such as the popular Belgrade-based TV Happy. This TV regularly host talk-shows with convicted war criminals like Vojislav \u0160e\u0161elj, making jokes about Srebrenica and the collective burials of Muslim victims on 11 July. Social media and the Internet have been used for sharing home videos of events where ordinary people, sometimes including children, can be seen while they happily dance and sing along songs that mock and glorify the Srebrenica genocide and call for the same scenario to be repeated in other places.\u00a0\u00a0<\/p>\n<p><span style=\"boorder: 1px solid #ccc;\"><div class=\"articleLink articleLink--editorRecommanded articleLink--textInImage articleLink--textTop\" style=\"\">\r\n\t\t\t\t\t\r\n\t\t\t<div class=\"articleLinkSurTitle\">Recommended reading<\/div>\r\n\t\t\t<a class=\"articleLinkImageLink\" href=\"https:\/\/www.justiceinfo.net\/en\/44852-legacy-srebrenica-bitter-victories-genocide.html\"><div class=\"articleLinkImageContainer \"><img loading=\"lazy\" decoding=\"async\" width=\"540\" height=\"360\" src=\"https:\/\/www.justiceinfo.net\/wp-content\/uploads\/d27822bd21230f606c117e231ada484f-540x360.jpg\" class=\"articleLinkImage backgroundImageTag w-100 wp-post-image\" alt=\"\" srcset=\"\" sizes=\"auto, (max-width: 540px) 100vw, 540px\" \/><\/div><\/a>\r\n\t\t\t<a href=\"https:\/\/www.justiceinfo.net\/en\/44852-legacy-srebrenica-bitter-victories-genocide.html\" class=\"articleLinkTitle articleLinkTitle--default\">\r\n\t\t\tThe legacy of Srebrenica and the bitter victories of genocide\r\n\t\t<\/a>\r\n\t\t\r\n\t\t\t\t<\/div><\/span><\/p>\n<h3>Genocide denial spreads abroad<\/h3>\n<p>And what happened in the Balkans did not stay in the Balkans. The Srebrenica genocide and the associated phenomenon of triumphalism have long gained an international dimension. For instance, Radovan Karad\u017ei\u0107 and other masterminds of genocide were awarded prestigious accolades in Russia and Greece (See Nick Hawton, \u201cEurope's Most Wanted Man: The Quest for Radovan Karadzic<em>\u201d<\/em>, Random House, 2010). Russia has been providing financial support to the local Serb nationalist organizations (like NGO \u201cEastern Alternative\u201d) and <a href=\"https:\/\/avaz.ba\/vijesti\/bih\/580085\/sramotno-istocna-alternativa-11-jula-obiljezava-dan-oslobodenja-srebrenice\" target=\"_blank\" rel=\"noopener noreferrer\">financing their campaign<\/a> of genocide denial and triumphalism in Bosnia. The Srebrenica genocide and other similar crimes committed by the Serb militias against Muslims during the 1990s have been <a href=\"https:\/\/balkaninsight.com\/2019\/03\/22\/why-serb-nationalism-still-inspires-europes-far-right\/\" target=\"_blank\" rel=\"noopener noreferrer\">widely adopted<\/a> as an ideological pillar by the far-right across the world, and have provided inspiration to the two largest massacres by the white supremacists in recent times: in <a href=\"https:\/\/www.theguardian.com\/world\/2012\/apr\/18\/anders-behring-breivik-serb-nationalists\" target=\"_blank\" rel=\"noopener noreferrer\">Norway<\/a> in 2011, and <a href=\"https:\/\/balkaninsight.com\/2019\/03\/15\/new-zealand-mosque-gunman-inspired-by-balkan-nationalists\/\" target=\"_blank\" rel=\"noopener noreferrer\">New Zealand<\/a> in 2019. The 2019 Nobel Prize for Literature, awarded to the Austrian writer Peter Handke \u2013 whose work and political activism over the last three decades has been in <a href=\"https:\/\/www.nytimes.com\/2019\/10\/15\/opinion\/peter-handke-nobel-bosnia-genocide.html\" target=\"_blank\" rel=\"noopener noreferrer\">support to the Serb nationalist<\/a> cause and denial of the crimes committed by them, including the Srebrenica genocide.<\/p>\n<p>Srebrenica must never be seen as some \u201clocal genocide\u201d against Muslims on Europe\u2019s periphery. Similarly, sanctioning genocide denial and triumphalism is not just a matter for the politically paralyzed state of Bosnia and Herzegovina. It must go hand in hand with combating racism and the politics of hatred that have been on the rise globally. In my view, this would the best way to honour the victims of the last European genocide.<\/p>\n<div class=\"content-encadre\">\n<p><strong><img loading=\"lazy\" decoding=\"async\" class=\"pull-left\" title=\"Hariz Halilovic\" src=\"media\/Hariz-Halilovic.jpg\" alt=\"Hariz Halilovic\" width=\"200\" height=\"200\" \/>HARIZ HALILOVICH<br \/><\/strong><\/p>\n<p>Hariz Halilovich is professor at the Social and Global Studies Centre, RMIT University, Melbourne. His research has focused on place-based identity politics, politically motivated violence, forced migration, memory studies, and human rights. His publications include the books <em>Places of Pain <\/em>(2013); <em>Writing After Srebrenica<\/em> (2017); and <em>Monsters of Modernity <\/em>(co-authored with Julian C.H. Lee <em>et al<\/em>, 2019).<\/p>\n<\/div>\n","protected":false},"excerpt":{"rendered":"<p>As the world commemorates the July 1995 genocide in Srebrenica, Bosnian-Australian scholar Hariz Halilovich reflects on how this defining event of the war in Bosnia has become a part of his personal and collective memory and identity. And why it continues to be his own \u201cunresolved present\u201d.<\/p>\n","protected":false},"author":64,"featured_media":61599,"comment_status":"open","ping_status":"closed","sticky":false,"template":"","format":"standard","meta":{"_acf_changed":false,"footnotes":""},"categories":[567],"tags":[],"ji_location":[2137],"class_list":["post-44853","post","type-post","status-publish","format-standard","has-post-thumbnail","hentry","category-opinion","ji_location-bosnia-herzegovina"],"acf":[],"yoast_head":"<!-- This site is optimized with the Yoast SEO Premium plugin v25.3.1 (Yoast SEO v25.3.1) - https:\/\/yoast.com\/wordpress\/plugins\/seo\/ -->\n<title>The Srebrenica genocide has changed me and my generation - JusticeInfo.net<\/title>\n<meta name=\"robots\" content=\"index, follow, max-snippet:-1, max-image-preview:large, max-video-preview:-1\" \/>\n<link rel=\"canonical\" href=\"https:\/\/www.justiceinfo.net\/en\/44853-the-srebrenica-genocide-has-changed-me-and-my-generation.html\" \/>\n<meta property=\"og:locale\" content=\"en_US\" \/>\n<meta property=\"og:type\" content=\"article\" \/>\n<meta property=\"og:title\" content=\"The Srebrenica genocide has changed me and my generation\" \/>\n<meta property=\"og:description\" content=\"As the world commemorates the July 1995 genocide in Srebrenica, Bosnian-Australian scholar Hariz Halilovich reflects on how this defining event of the war in Bosnia has become a part of his personal and collective memory and identity. And why it continues to be his own \u201cunresolved present\u201d.\" \/>\n<meta property=\"og:url\" content=\"https:\/\/www.justiceinfo.net\/en\/44853-the-srebrenica-genocide-has-changed-me-and-my-generation.html\" \/>\n<meta property=\"og:site_name\" content=\"JusticeInfo.net\" \/>\n<meta property=\"article:publisher\" content=\"https:\/\/www.facebook.com\/JusticeInfo\/\" \/>\n<meta property=\"article:published_time\" content=\"2020-07-10T02:00:02+00:00\" \/>\n<meta property=\"og:image\" content=\"https:\/\/www.justiceinfo.net\/wp-content\/uploads\/105cace269fe0abd88288b4d42abd3b3.jpg\" \/>\n\t<meta property=\"og:image:width\" content=\"1200\" \/>\n\t<meta property=\"og:image:height\" content=\"800\" \/>\n\t<meta property=\"og:image:type\" content=\"image\/jpeg\" \/>\n<meta name=\"author\" content=\"Hariz Halilovich\" \/>\n<meta name=\"twitter:card\" content=\"summary_large_image\" \/>\n<meta name=\"twitter:creator\" content=\"@justiceinfonet\" \/>\n<meta name=\"twitter:site\" content=\"@justiceinfonet\" \/>\n<meta name=\"twitter:label1\" content=\"Written by\" \/>\n\t<meta name=\"twitter:data1\" content=\"Hariz Halilovich\" \/>\n\t<meta name=\"twitter:label2\" content=\"Est. reading time\" \/>\n\t<meta name=\"twitter:data2\" content=\"9 minutes\" \/>\n<script type=\"application\/ld+json\" class=\"yoast-schema-graph\">{\"@context\":\"https:\/\/schema.org\",\"@graph\":[{\"@type\":\"NewsArticle\",\"@id\":\"https:\/\/www.justiceinfo.net\/en\/44853-the-srebrenica-genocide-has-changed-me-and-my-generation.html#article\",\"isPartOf\":{\"@id\":\"https:\/\/www.justiceinfo.net\/en\/44853-the-srebrenica-genocide-has-changed-me-and-my-generation.html\"},\"author\":{\"name\":\"solivri\",\"@id\":\"https:\/\/www.justiceinfo.net\/en\/#\/schema\/person\/6e53cba1629e2e66f3fc1821d3091865\"},\"headline\":\"The Srebrenica genocide has changed me and my generation\",\"datePublished\":\"2020-07-10T02:00:02+00:00\",\"mainEntityOfPage\":{\"@id\":\"https:\/\/www.justiceinfo.net\/en\/44853-the-srebrenica-genocide-has-changed-me-and-my-generation.html\"},\"wordCount\":1824,\"commentCount\":0,\"publisher\":{\"@id\":\"https:\/\/www.justiceinfo.net\/en\/#organization\"},\"image\":{\"@id\":\"https:\/\/www.justiceinfo.net\/en\/44853-the-srebrenica-genocide-has-changed-me-and-my-generation.html#primaryimage\"},\"thumbnailUrl\":\"https:\/\/www.justiceinfo.net\/wp-content\/uploads\/105cace269fe0abd88288b4d42abd3b3.jpg\",\"articleSection\":[\"Opinion\"],\"inLanguage\":\"en-US\",\"potentialAction\":[{\"@type\":\"CommentAction\",\"name\":\"Comment\",\"target\":[\"https:\/\/www.justiceinfo.net\/en\/44853-the-srebrenica-genocide-has-changed-me-and-my-generation.html#respond\"]}]},{\"@type\":\"WebPage\",\"@id\":\"https:\/\/www.justiceinfo.net\/en\/44853-the-srebrenica-genocide-has-changed-me-and-my-generation.html\",\"url\":\"https:\/\/www.justiceinfo.net\/en\/44853-the-srebrenica-genocide-has-changed-me-and-my-generation.html\",\"name\":\"The Srebrenica genocide has changed me and my generation - JusticeInfo.net\",\"isPartOf\":{\"@id\":\"https:\/\/www.justiceinfo.net\/en\/#website\"},\"primaryImageOfPage\":{\"@id\":\"https:\/\/www.justiceinfo.net\/en\/44853-the-srebrenica-genocide-has-changed-me-and-my-generation.html#primaryimage\"},\"image\":{\"@id\":\"https:\/\/www.justiceinfo.net\/en\/44853-the-srebrenica-genocide-has-changed-me-and-my-generation.html#primaryimage\"},\"thumbnailUrl\":\"https:\/\/www.justiceinfo.net\/wp-content\/uploads\/105cace269fe0abd88288b4d42abd3b3.jpg\",\"datePublished\":\"2020-07-10T02:00:02+00:00\",\"breadcrumb\":{\"@id\":\"https:\/\/www.justiceinfo.net\/en\/44853-the-srebrenica-genocide-has-changed-me-and-my-generation.html#breadcrumb\"},\"inLanguage\":\"en-US\",\"potentialAction\":[{\"@type\":\"ReadAction\",\"target\":[\"https:\/\/www.justiceinfo.net\/en\/44853-the-srebrenica-genocide-has-changed-me-and-my-generation.html\"]}]},{\"@type\":\"ImageObject\",\"inLanguage\":\"en-US\",\"@id\":\"https:\/\/www.justiceinfo.net\/en\/44853-the-srebrenica-genocide-has-changed-me-and-my-generation.html#primaryimage\",\"url\":\"https:\/\/www.justiceinfo.net\/wp-content\/uploads\/105cace269fe0abd88288b4d42abd3b3.jpg\",\"contentUrl\":\"https:\/\/www.justiceinfo.net\/wp-content\/uploads\/105cace269fe0abd88288b4d42abd3b3.jpg\",\"width\":1200,\"height\":800},{\"@type\":\"BreadcrumbList\",\"@id\":\"https:\/\/www.justiceinfo.net\/en\/44853-the-srebrenica-genocide-has-changed-me-and-my-generation.html#breadcrumb\",\"itemListElement\":[{\"@type\":\"ListItem\",\"position\":1,\"name\":\"Home\",\"item\":\"https:\/\/www.justiceinfo.net\/en\"},{\"@type\":\"ListItem\",\"position\":2,\"name\":\"The Srebrenica genocide has changed me and my generation\"}]},{\"@type\":\"WebSite\",\"@id\":\"https:\/\/www.justiceinfo.net\/en\/#website\",\"url\":\"https:\/\/www.justiceinfo.net\/en\/\",\"name\":\"JusticeInfo.net\",\"description\":\"For justice to be done, it must be seen\",\"publisher\":{\"@id\":\"https:\/\/www.justiceinfo.net\/en\/#organization\"},\"potentialAction\":[{\"@type\":\"SearchAction\",\"target\":{\"@type\":\"EntryPoint\",\"urlTemplate\":\"https:\/\/www.justiceinfo.net\/en\/?s={search_term_string}\"},\"query-input\":{\"@type\":\"PropertyValueSpecification\",\"valueRequired\":true,\"valueName\":\"search_term_string\"}}],\"inLanguage\":\"en-US\"},{\"@type\":\"Organization\",\"@id\":\"https:\/\/www.justiceinfo.net\/en\/#organization\",\"name\":\"Justice Info\",\"url\":\"https:\/\/www.justiceinfo.net\/en\/\",\"logo\":{\"@type\":\"ImageObject\",\"inLanguage\":\"en-US\",\"@id\":\"https:\/\/www.justiceinfo.net\/en\/#\/schema\/logo\/image\/\",\"url\":\"https:\/\/www.justiceinfo.net\/wp-content\/uploads\/justiceinfo_logo-trans_1200x1200px.png\",\"contentUrl\":\"https:\/\/www.justiceinfo.net\/wp-content\/uploads\/justiceinfo_logo-trans_1200x1200px.png\",\"width\":1199,\"height\":1200,\"caption\":\"Justice Info\"},\"image\":{\"@id\":\"https:\/\/www.justiceinfo.net\/en\/#\/schema\/logo\/image\/\"},\"sameAs\":[\"https:\/\/www.facebook.com\/JusticeInfo\/\",\"https:\/\/x.com\/justiceinfonet\",\"https:\/\/www.linkedin.com\/company\/justice-info\",\"https:\/\/www.youtube.com\/channel\/UCyCEsARodyuWtkWyhn-e7pA\"]},{\"@type\":\"Person\",\"name\":\"Hariz Halilovich\",\"url\":\"\/en\/?s=Hariz Halilovich\"}]}<\/script>\n<!-- \/ Yoast SEO Premium plugin. -->","yoast_head_json":{"title":"The Srebrenica genocide has changed me and my generation - JusticeInfo.net","robots":{"index":"index","follow":"follow","max-snippet":"max-snippet:-1","max-image-preview":"max-image-preview:large","max-video-preview":"max-video-preview:-1"},"canonical":"https:\/\/www.justiceinfo.net\/en\/44853-the-srebrenica-genocide-has-changed-me-and-my-generation.html","og_locale":"en_US","og_type":"article","og_title":"The Srebrenica genocide has changed me and my generation","og_description":"As the world commemorates the July 1995 genocide in Srebrenica, Bosnian-Australian scholar Hariz Halilovich reflects on how this defining event of the war in Bosnia has become a part of his personal and collective memory and identity. And why it continues to be his own \u201cunresolved present\u201d.","og_url":"https:\/\/www.justiceinfo.net\/en\/44853-the-srebrenica-genocide-has-changed-me-and-my-generation.html","og_site_name":"JusticeInfo.net","article_publisher":"https:\/\/www.facebook.com\/JusticeInfo\/","article_published_time":"2020-07-10T02:00:02+00:00","og_image":[{"width":1200,"height":800,"url":"https:\/\/www.justiceinfo.net\/wp-content\/uploads\/105cace269fe0abd88288b4d42abd3b3.jpg","type":"image\/jpeg"}],"author":"Hariz Halilovich","twitter_card":"summary_large_image","twitter_creator":"@justiceinfonet","twitter_site":"@justiceinfonet","twitter_misc":{"Written by":"Hariz Halilovich","Est. reading time":"9 minutes"},"schema":{"@context":"https:\/\/schema.org","@graph":[{"@type":"NewsArticle","@id":"https:\/\/www.justiceinfo.net\/en\/44853-the-srebrenica-genocide-has-changed-me-and-my-generation.html#article","isPartOf":{"@id":"https:\/\/www.justiceinfo.net\/en\/44853-the-srebrenica-genocide-has-changed-me-and-my-generation.html"},"author":{"name":"solivri","@id":"https:\/\/www.justiceinfo.net\/en\/#\/schema\/person\/6e53cba1629e2e66f3fc1821d3091865"},"headline":"The Srebrenica genocide has changed me and my generation","datePublished":"2020-07-10T02:00:02+00:00","mainEntityOfPage":{"@id":"https:\/\/www.justiceinfo.net\/en\/44853-the-srebrenica-genocide-has-changed-me-and-my-generation.html"},"wordCount":1824,"commentCount":0,"publisher":{"@id":"https:\/\/www.justiceinfo.net\/en\/#organization"},"image":{"@id":"https:\/\/www.justiceinfo.net\/en\/44853-the-srebrenica-genocide-has-changed-me-and-my-generation.html#primaryimage"},"thumbnailUrl":"https:\/\/www.justiceinfo.net\/wp-content\/uploads\/105cace269fe0abd88288b4d42abd3b3.jpg","articleSection":["Opinion"],"inLanguage":"en-US","potentialAction":[{"@type":"CommentAction","name":"Comment","target":["https:\/\/www.justiceinfo.net\/en\/44853-the-srebrenica-genocide-has-changed-me-and-my-generation.html#respond"]}]},{"@type":"WebPage","@id":"https:\/\/www.justiceinfo.net\/en\/44853-the-srebrenica-genocide-has-changed-me-and-my-generation.html","url":"https:\/\/www.justiceinfo.net\/en\/44853-the-srebrenica-genocide-has-changed-me-and-my-generation.html","name":"The Srebrenica genocide has changed me and my generation - JusticeInfo.net","isPartOf":{"@id":"https:\/\/www.justiceinfo.net\/en\/#website"},"primaryImageOfPage":{"@id":"https:\/\/www.justiceinfo.net\/en\/44853-the-srebrenica-genocide-has-changed-me-and-my-generation.html#primaryimage"},"image":{"@id":"https:\/\/www.justiceinfo.net\/en\/44853-the-srebrenica-genocide-has-changed-me-and-my-generation.html#primaryimage"},"thumbnailUrl":"https:\/\/www.justiceinfo.net\/wp-content\/uploads\/105cace269fe0abd88288b4d42abd3b3.jpg","datePublished":"2020-07-10T02:00:02+00:00","breadcrumb":{"@id":"https:\/\/www.justiceinfo.net\/en\/44853-the-srebrenica-genocide-has-changed-me-and-my-generation.html#breadcrumb"},"inLanguage":"en-US","potentialAction":[{"@type":"ReadAction","target":["https:\/\/www.justiceinfo.net\/en\/44853-the-srebrenica-genocide-has-changed-me-and-my-generation.html"]}]},{"@type":"ImageObject","inLanguage":"en-US","@id":"https:\/\/www.justiceinfo.net\/en\/44853-the-srebrenica-genocide-has-changed-me-and-my-generation.html#primaryimage","url":"https:\/\/www.justiceinfo.net\/wp-content\/uploads\/105cace269fe0abd88288b4d42abd3b3.jpg","contentUrl":"https:\/\/www.justiceinfo.net\/wp-content\/uploads\/105cace269fe0abd88288b4d42abd3b3.jpg","width":1200,"height":800},{"@type":"BreadcrumbList","@id":"https:\/\/www.justiceinfo.net\/en\/44853-the-srebrenica-genocide-has-changed-me-and-my-generation.html#breadcrumb","itemListElement":[{"@type":"ListItem","position":1,"name":"Home","item":"https:\/\/www.justiceinfo.net\/en"},{"@type":"ListItem","position":2,"name":"The Srebrenica genocide has changed me and my generation"}]},{"@type":"WebSite","@id":"https:\/\/www.justiceinfo.net\/en\/#website","url":"https:\/\/www.justiceinfo.net\/en\/","name":"JusticeInfo.net","description":"For justice to be done, it must be seen","publisher":{"@id":"https:\/\/www.justiceinfo.net\/en\/#organization"},"potentialAction":[{"@type":"SearchAction","target":{"@type":"EntryPoint","urlTemplate":"https:\/\/www.justiceinfo.net\/en\/?s={search_term_string}"},"query-input":{"@type":"PropertyValueSpecification","valueRequired":true,"valueName":"search_term_string"}}],"inLanguage":"en-US"},{"@type":"Organization","@id":"https:\/\/www.justiceinfo.net\/en\/#organization","name":"Justice Info","url":"https:\/\/www.justiceinfo.net\/en\/","logo":{"@type":"ImageObject","inLanguage":"en-US","@id":"https:\/\/www.justiceinfo.net\/en\/#\/schema\/logo\/image\/","url":"https:\/\/www.justiceinfo.net\/wp-content\/uploads\/justiceinfo_logo-trans_1200x1200px.png","contentUrl":"https:\/\/www.justiceinfo.net\/wp-content\/uploads\/justiceinfo_logo-trans_1200x1200px.png","width":1199,"height":1200,"caption":"Justice Info"},"image":{"@id":"https:\/\/www.justiceinfo.net\/en\/#\/schema\/logo\/image\/"},"sameAs":["https:\/\/www.facebook.com\/JusticeInfo\/","https:\/\/x.com\/justiceinfonet","https:\/\/www.linkedin.com\/company\/justice-info","https:\/\/www.youtube.com\/channel\/UCyCEsARodyuWtkWyhn-e7pA"]},{"@type":"Person","name":"Hariz Halilovich","url":"\/en\/?s=Hariz Halilovich"}]}},"_links":{"self":[{"href":"https:\/\/www.justiceinfo.net\/en\/wp-json\/wp\/v2\/posts\/44853","targetHints":{"allow":["GET"]}}],"collection":[{"href":"https:\/\/www.justiceinfo.net\/en\/wp-json\/wp\/v2\/posts"}],"about":[{"href":"https:\/\/www.justiceinfo.net\/en\/wp-json\/wp\/v2\/types\/post"}],"author":[{"embeddable":true,"href":"https:\/\/www.justiceinfo.net\/en\/wp-json\/wp\/v2\/users\/64"}],"replies":[{"embeddable":true,"href":"https:\/\/www.justiceinfo.net\/en\/wp-json\/wp\/v2\/comments?post=44853"}],"version-history":[{"count":0,"href":"https:\/\/www.justiceinfo.net\/en\/wp-json\/wp\/v2\/posts\/44853\/revisions"}],"wp:featuredmedia":[{"embeddable":true,"href":"https:\/\/www.justiceinfo.net\/en\/wp-json\/wp\/v2\/media\/61599"}],"wp:attachment":[{"href":"https:\/\/www.justiceinfo.net\/en\/wp-json\/wp\/v2\/media?parent=44853"}],"wp:term":[{"taxonomy":"category","embeddable":true,"href":"https:\/\/www.justiceinfo.net\/en\/wp-json\/wp\/v2\/categories?post=44853"},{"taxonomy":"post_tag","embeddable":true,"href":"https:\/\/www.justiceinfo.net\/en\/wp-json\/wp\/v2\/tags?post=44853"},{"taxonomy":"ji_location","embeddable":true,"href":"https:\/\/www.justiceinfo.net\/en\/wp-json\/wp\/v2\/ji_location?post=44853"}],"curies":[{"name":"wp","href":"https:\/\/api.w.org\/{rel}","templated":true}]}}