{"id":45010,"date":"2020-07-31T04:32:43","date_gmt":"2020-07-31T02:32:43","guid":{"rendered":"https:\/\/www.justiceinfo.net\/45010-why-colombia-s-trc-lacks-business-support.html"},"modified":"2020-07-31T04:32:43","modified_gmt":"2020-07-31T02:32:43","slug":"why-colombia-s-trc-lacks-business-support","status":"publish","type":"post","link":"https:\/\/www.justiceinfo.net\/en\/45010-why-colombia-s-trc-lacks-business-support.html","title":{"rendered":"Why Colombia\u2019s TRC lacks business support"},"content":{"rendered":"<p><strong>Two major oil companies presented, on July 30, 2020, a report to Colombia's Truth and Reconciliation Commission, documenting more than 3,600 attacks on oil infrastructures during the armed conflict. A rare exception, while since its inception the commission struggles to build bridges with business leaders, who remain sceptical about its work.<\/strong><\/p>\n<p><!--more--><\/p>\n<p>Two weeks ago, former Defence Minister Juan Carlos Pinz\u00f3n set off a political storm, after <a href=\"https:\/\/twitter.com\/PinzonBueno\/status\/1281030744312340480\">accusing<\/a> \u201cthe majority of members\u201d of Colombia\u2019s Truth and Reconciliation Commission (TRC) of \u201chaving an ideological affinity or ties to armed groups\u201d, without offering any evidence. His suggestion that commissioners are in cahoots with illegal groups sparked widespread outrage, which didn\u2019t subside even after he met with the TRC\u2019s president, Father Francisco de Roux, but then penned an <a href=\"https:\/\/twitter.com\/PinzonBueno\/status\/1282623388893274113\">open letter<\/a> doubling down on his claim.<\/p>\n<p>In many ways, Pinz\u00f3n \u2013 who heads a policy institute created by prominent business leaders - is an improbable critic. He worked for 12 years with former President Juan Manuel Santos, who signed the 2016 peace deal with the Revolutionary Armed Forces of Colombia (FARC) that created the TRC, as his chief of staff, Defence minister and ambassador in Washington. Since running as a presidential candidate in 2018, he distanced himself from his mentor, even assuring he\u2019d secretly voted \u2018No\u2019 in the 2016 plebiscite on the accord after campaigning for it.<\/p>\n<p>His unsubstantiated accusation, however, obscured a more significant critique: Pinz\u00f3n also ventured that TRC members have a left-wing political bias \u2013 \u201caligned with one of the sides which wants its version of events to become a unique truth\u201d, in <a href=\"https:\/\/twitter.com\/PinzonBueno\/status\/1282623388893274113\">his words<\/a> - and suggested the three institutions in Colombia\u2019s transitional justice system should add new members to widen their credibility. That perception underscores one of the TRC\u2019s most pressing challenges: it must still gain the trust of sectors of Colombian society that have been sceptical of its work, including business leaders, conservative politicians, religious figures and the military. While it has made inroads with most, it has noticeably struggled with the private sector.<\/p>\n<h3>Business leaders in the blind spot of the TRC<\/h3>\n<p>Although most business leaders and industry trade groups shy away from Pinz\u00f3n\u2019s rhetoric, in private many of them share his perception of a political bias at the TRC. A <a href=\"https:\/\/twitter.com\/luciagonzalezd\/status\/903811742798671872?ref_src=twsrc%5Etfw%7Ctwcamp%5Etweetembed%7Ctwterm%5E903811742798671872%7Ctwgr%5E&amp;ref_url=https%3A%2F%2Fwww.pulzo.com%2Fnacion%2Fcomision-verdad-conflicto-armado%2FPP384510\">2017 tweet<\/a> by commissioner Luc\u00eda Gonz\u00e1lez, celebrating that FARC created their political party and stating that she shared their principles, was resurrected and inflamed things further.<\/p>\n<p>It\u2019s a problem they had from the outset. The TRC\u2019s <a href=\"https:\/\/www.comitedeescogencia.com\/\">public selection process<\/a> \u2013 led by a former and a current UN special rapporteur - yielded a diverse group of commissioners, including an Afro-Colombian community organiser, an indigenous lawyer, a retired Army major, an investigative journalist, a museum director, a feminist researcher, a public health expert and a psychologist whose work has centred on victims. At its helm is Father de Roux, a <a href=\"https:\/\/lasillavacia.com\/quienesquien\/perfilquien\/francisco-de-roux\">Jesuit priest<\/a> with a Ph.D. in economics who led a successful regional peace-building experiment.<\/p>\n<p>Their backgrounds, <a href=\"https:\/\/lasillavacia.com\/una-comision-mas-cercana-las-victimas-que-la-academia-63415\">more oriented<\/a> towards on-the-ground work than academic research, has been well suited for a victim-centred approach to truth-seeking on how Colombia\u2019s 52-year-long armed conflict affected the 20 population groups pinpointed in the TRC\u2019s <a href=\"https:\/\/comisiondelaverdad.co\/la-comision\/mandato-y-funciones\">mandate<\/a>. But it hasn\u2019t helped with three specific groups also prioritised - farmers, cattle ranchers and business leaders. Their distance has been mutual: no commissioner has a private sector background, but also no significant business leaders applied in the public selection process.<\/p>\n<p>An opportunity to bridge that gap emerged when the TRC elected a new commissioner this April, after writer Alfredo Molano died in late 2019. However, once again no candidates with private-sector backgrounds came forward and Alejandro Castillejo, an anthropologist who worked in Peru\u2019s TRC and studied the South African transition, <a href=\"https:\/\/comisiondelaverdad.co\/actualidad\/comunicados-y-declaraciones\/alejandro-castillejo-cuellar-nuevo-comisionado-de-la-verdad\">was chosen<\/a>.<\/p>\n<p>Business leaders have stressed that thousands of entrepreneurs were victims of extortion, kidnapping or murder, while hundreds of companies were pillaged, forced to shut down or simply operated in regions where there was no state presence, a reality they consider Colombians have failed to acknowledge. On the other hand, human rights groups denounce that companies and businessmen voluntarily funded or advised groups like the paramilitaries, something the private sector has been reluctant to admit even though at least one \u2013 US banana-exporting giant Chiquita - <a href=\"https:\/\/www.reuters.com\/article\/us-usa-crime-chiquita\/chiquita-pleads-guilty-to-colombia-terror-payments-idUSHO98160420070319?src=03907_1906_ARTICLE_PROMO_also_on_reuters\">pleaded guilty<\/a> to making payoffs. There are also numerous grey areas, such as distinguishing between extortion and financing terrorism.<\/p>\n<p>Without frank conversations about such issues, it will be difficult for a more complex narrative about the private sector during conflict to emerge.\u00a0\u00a0\u00a0\u00a0\u00a0\u00a0\u00a0\u00a0\u00a0\u00a0\u00a0\u00a0\u00a0\u00a0\u00a0\u00a0\u00a0\u00a0\u00a0\u00a0\u00a0\u00a0\u00a0\u00a0\u00a0\u00a0\u00a0\u00a0\u00a0\u00a0\u00a0\u00a0\u00a0\u00a0\u00a0\u00a0\u00a0\u00a0\u00a0\u00a0\u00a0\u00a0\u00a0\u00a0\u00a0\u00a0\u00a0\u00a0\u00a0\u00a0\u00a0\u00a0\u00a0\u00a0\u00a0\u00a0\u00a0\u00a0\u00a0\u00a0\u00a0\u00a0\u00a0\u00a0\u00a0\u00a0\u00a0\u00a0\u00a0\u00a0<\/p>\n<h3>Timid outreach efforts<\/h3>\n<p>The TRC has tried to make up for this limitation in a number of ways. It invited Henry \u00c9der, head of a major sugar manufacturer and son of one of FARC\u2019s earliest kidnapping and murder victims, as <a href=\"https:\/\/comisiondelaverdad.co\/actualidad\/noticias\/se-requiere-que-quienes-conozcan-la-verdad-no-la-utilicen-para-alimentar-un-sentido-de-venganza-debe-ser-todo-lo-contrario-henry-eder\">one of the speakers<\/a> during its inauguration in November 2018. It included David Bojanini, until recently the CEO of Colombia\u2019s largest insurance company and a widely respected civic voice, in its <a href=\"https:\/\/comisiondelaverdad.co\/actualidad\/noticias\/se-crea-consejo-asesor-de-la-comision-de-la-verdad\">advisory council<\/a>. Both he and Gonzalo Restrepo, another former CEO who was part of the peace negotiating team, have facilitated meetings with prominent private sector leaders.<\/p>\n<p>In general, the commission has relied on its president Father de Roux to speak to businessmen, given his past experience in mediation. As an example, he helped create a 12-person group \u2013 including a former mining minister, a CEO, an environmental scientist and Afro-Colombian and indigenous leaders - that came up with a proposed roadmap for national<a href=\"https:\/\/lasillavacia.com\/silla-llena\/red-minera\/historia\/qu-es-el-gdiam-y-cu-l-es-su-prop-sito-54434\"> public policy on mining<\/a>.<\/p>\n<p>The TRC has held dozens of private meetings with private sector leaders and <a href=\"https:\/\/comisiondelaverdad.co\/images\/zoo\/publicaciones\/archivos\/28_claves_azul_SENCILLAweb.pdf\">published a booklet<\/a> specifically tailored to them, explaining the nature of its work combining an in-depth report and public hearings seeking to enable collective catharsis over mass atrocities. But as the commission just reached the midpoint of its three-year term, breakthroughs have been timid at best and trust between both runs low.<\/p>\n<p>Different outreach efforts have hit all sorts of snags. The TRC has in general prioritised reaching out to trade industry guilds as a way to then access individual business owners, but meetings have often been awkward and usually involve corporate responsibility directors or mid-level managers instead of their heads. \u201cSpeaking about non-recurrence creates the impression that we did something wrong\u201d or \u201cWe need guarantees\u201d are common lines of conversation when asked to sit down with the TRC.<\/p>\n<h3>Mutual distrust and low interest<\/h3>\n<p>Meetings have been even tenser when lawyers have been present. They have often asked TRC officials if there is any incriminating information against their clients and mentioned non-disclosure agreements as preconditions. \u201cWhen companies send their lawyers first, you immediately lose the opportunity to have a meaningful conversation,\u201d says an outside observer who has tried to help bridge that gap and who was granted anonymity for this story to discuss the issue candidly.<\/p>\n<p>Most efforts haven\u2019t been successful. Several persons with direct knowledge of the problem say that the TRC\u2019s decision to channel efforts through industry trade groups was a mistake, since they often adopt defensive stances to protect members\u2019 interests, while others contend that the organ\u2019s lack of internal coordination has also put them off. One large company even complained that two commissioners knocked on their door separately with differing messages. An executive who attended a public hearing on the alarming rise in violence against human rights defenders, which the TRC convened to raise awareness, was initially concerned that his invitation as a \u2018witness\u2019 could mean he was being summoned.<\/p>\n<p>Given this mutual mistrust, several civic and business-minded organisations began discussing how to help the commission and the private sector come together. Their informal working group rapidly was joined by the ANDI, Colombia\u2019s most powerful business association, and then by the TRC itself. They met with Oxford scholar Leigh Payne, who has worked extensively on the issue. But after a year of discussions their only breakthrough was a methodological protocol, which hasn\u2019t translated into a more fluid relation.<\/p>\n<p>\u201cTalking about the private sector with the TRC has been incredibly difficult and talking with business leaders about the commission has been just as complicated. But even that procedural document could have led to something else if there was more willingness from both sides,\u201d says another person who has tried to act, in her own words, as \u201ca simultaneous translator\u201d between both. In the end, the TRC has been more successful in reaching small business owners and cattle ranchers in rural areas, who don\u2019t feel as identified with national guilds and who are more concerned about reconciliation on a local level.<\/p>\n<h3>Distrust in NGO reports<\/h3>\n<p>In total, the TRC has received 204 reports and spoken to 17.475 persons. But most business leaders fear that the TRC is close to human rights and victims\u2019 NGOs, many of which have named and shamed companies in the past. Their perception is compounded by the fact that a majority of the commission\u2019s researchers come from academia or social organisations.<\/p>\n<p>The TRC has insisted that every report it receives remains confidential, doesn\u2019t represent its view and will be thoroughly corroborated and verified. But some NGOs have released their reports anyways. In May, several businessmen expressed their dismay after a newspaper <a href=\"https:\/\/www.elespectador.com\/colombia2020\/justicia\/verdad\/nueve-malas-practicas-empresariales-que-profundizaron-la-guerra-segun-el-cajar-articulo-919866\/\">published details<\/a> from a report by the Jos\u00e9 Alvear Restrepo Lawyers\u2019 Collective on companies and the conflict, right after submitting it.<\/p>\n<p>Meanwhile, organisations with ties to the business world have tried to persuade its leaders that they should focus on providing their view of events, instead of shying away from it. A \u00a0research effort by Ideas for Peace Foundation, Colombia\u2019s leading think tank on peace and security issues, concluded that, after <a href=\"http:\/\/www.ideaspaz.org\/especiales\/empresas-paz\/\">analysing 56 reports<\/a> from national and international NGOs from the previous decade, at least 81 companies, primarily in the agribusiness and extractive industries, had been mentioned in relation to human, labour and environmental rights violations vis-\u00e0-vis the conflict. That reality warranted, they argued, that companies and industry groups begin seeing the importance of speaking to the TRC.<\/p>\n<p>Business leaders still fear that human rights NGOs might play a more influential role than simply providing information. An <a href=\"https:\/\/comisiondelaverdad.co\/actualidad\/noticias\/pax-colombia-nuevo-aliado-de-la-comision-de-la-verdad\">agreement<\/a> between the TRC and Dutch NGO Pax for Peace to provide technical and financial support is seen by some executives as a sign of bias, given that the latter <a href=\"https:\/\/www.paxforpeace.nl\/publications\/all-publications\/the-dark-side-of-coal\">authored a searing report<\/a> linking two coal mining companies with the paramilitaries. \u201cIn an exercise like the TRC\u2019s of fostering dialogue amongst opposites, which begins building trust in order to then reach consensus, having an activist organisation like Pax as an ally does more to raise alarms than to soothe,\u201d says a former executive from the mining sector.<\/p>\n<h3>Justice is what companies fear most<\/h3>\n<p>It wasn\u2019t truth that originally worried the private sector, but justice. Most of their discussions on transitional justice centred on its judicial arm, the Special Jurisdiction for Peace (JEP), and the possible implications of being summoned as \u2018third party actors\u2019 who aided or abetted armed groups, two persons who regularly discussed these issues with business leaders coincide. Those fears were allayed in 2018 when the Constitutional Court overruled this in part, barring the tribunal from subpoenaing civilians but allowing them to voluntarily seek admission.<\/p>\n<p>Once that concern dissipated, many began to fret about the TRC\u2019s extra-judicial truth-seeking efforts. They don\u2019t have any incentives to come forward, but two main fears: reputational risk and possible legal consequences in the future, even if information gathered by the TRC cannot be used in court. \u201cThey\u2019re like skittish deer. Merely suggesting that someone could question their reputation terrifies them and nothing scares them as much as transitional justice,\u201d says a person who has worked with them.<\/p>\n<p>Political divisiveness stoked fears of a witch hunt even more. A <a href=\"https:\/\/www.elespectador.com\/opinion\/opinion\/desinformacion-columna-652786\/\">disinformation campaign<\/a> in the run-up to the 2016 peace plebiscite contended that the JEP would have jurisdiction to analyse the corporate responsibility of 57 companies mentioned during the proceedings of the Justice and Peace special court for the former paramilitaries over a decade ago. Although disproven, this campaign is still mentioned in business circles, two sources agree.<\/p>\n<p>Several informal advisors have also lobbied the TRC to adopt a more comprehensive and nuanced view on the private sector. \u201cI\u2019ve seen the conversation change from how to get businessmen to acknowledge responsibilities to how to incorporate their perspective about what happened in Colombia. And how that doesn\u2019t exclude seeking a number of private actors who do have to address certain events,\u201d says one of them.<\/p>\n<p>One result of those conversations has been the TRC\u2019s decision to promote a research area on good practices to prevent and mitigate human rights violations, as part of its mandate \u2013 a first in the world for truth commissions - to document positive transformations as well. That could give companies and executives the opportunity to share other types of experiences.<\/p>\n<h3>A report commissioned - and then shelved<\/h3>\n<p>At least one major industry group, the ANDI, decided that business leaders had to submit a report too, after a group of Guatemalan industrialists advised it to play an active role in the transition and make sure their voice wasn\u2019t left out of the TRC\u2019s final report.<\/p>\n<p>In 2017, they commissioned Jorge Giraldo Ram\u00edrez, Gloria Isabel Ocampo and Gustavo Duncan, three researchers at Eafit University whose academic work is respected across the political spectrum, to document the private sector\u2019s experience over a 30-year-period. The university<a href=\"https:\/\/www.eafit.edu.co\/centros\/analisis-politico\/noticias\/Paginas\/narrativas-de-los-empresarios-en-el-marco-del-conflicto.aspx\"> announced<\/a> that its findings would be published in book-form and that Usaid had provided funding.<\/p>\n<p>Then something odd happened. After the researchers presented their work to the ANDI in 2018, its board of directors blocked its publication and submission to the TRC. There is no clear explanation on the reasoning for their decision. One of the authors declined to discuss the issue and ANDI president Bruce MacMaster likewise did not respond to our questions.<\/p>\n<p>Three persons with knowledge of the report attribute its shelving to clashing visions among business leaders regarding the peace deal. \u201cThese leaders want the TRC car to move forward, but with its handbrake on,\u201d says a former oil executive. \u201cThe business world is still fractured: one part still supports the peace deal, a second one opposes it and a third one turns wherever the tide is stronger, which means they switched from backing the accord to being critical of it now [that Iv\u00e1n Duque, a <a href=\"en\/tribunals\/national-tribunals\/42052-colombia-transitional-justice-is-caught-up-in-politics.html\">critic of the deal<\/a>, is president]. In the end, the long-held tradition of toeing the government\u2019s line prevails,\u201d another observer says.<\/p>\n<h3>Oil palm growers: a year-long prologue to talk<\/h3>\n<p>The TRC is still in conversations with a number of business groups, although progress has been very slow. Since mid-2019, it has been meeting with Fedepalma to discuss how to listen to oil palm growers\u2019 experiences. They had reached preliminary agreements on what those listening spaces could be, including a report, a public act to hear their testimonies and private meetings to discuss some issues at length with commissioners.<\/p>\n<p>In February conversations suddenly broke down. After several NGO presented a report on land dispossession in Colombia\u2019s eastern plains and included a photo of a palm plantation in its poster, where the commission\u2019s logo appeared as a sponsor, Fedepalma sent the commission a stern letter. It took another letter from TRC president De Roux, which was well received by the industry group, to reassure them, but the impasse set their discussions back a couple of months.<\/p>\n<p>Oil palm growers are one of the five economic sectors that the TRC recently decided to prioritise, given their work in the rural areas most heavily hit by violence. It has also advanced in preliminary talks with Augura, the largest banana exporter guild. Talks with Fedegan, which groups cattle ranchers, have not advanced beyond an initial meeting in 2019 in which its president Jos\u00e9 F\u00e9lix Lafaurie \u2013 a <a href=\"en\/truth-commissions\/44027-political-tussle-over-truth-and-memory-in-colombia.html\">vocal critic of the TRC<\/a> - handed their two published reports on how affiliates endured kidnapping, extortion and cattle theft by groups like FARC over decades. None of their presidents answered to Justice Info\u2019s questions.<\/p>\n<p>Finally, the embassies of Switzerland, Sweden and the Netherlands have been trying to facilitate dialogues with several companies, including mining ones, but their good offices have so far not had much success given that, as one observer puts it, \u201cdiplomats can only do so much.\u201d<\/p>\n<p>Two significant business voices have come closer to the TRC in recent days. State oil giant Ecopetrol, Colombia\u2019s largest company, and the Colombian Petroleum Association participated on July 30, 2020 in the\u00a0presentation of a\u00a0<a href=\"http:\/\/www.ideaspaz.org\/publications\/posts\/1868\">report\u00a0<\/a>made by the Ideas for Peace Foundation detailing how their sector was affected during conflict, including an account of the 1.563 attacks just against the Ca\u00f1o Lim\u00f3n \u2013 Cove\u00f1as pipeline between 1985 and this year. According to the report, there were more than 3,600 attacks on oil infrastructure during the armed conflict.<\/p>\n<p>These delays mean that the clock is ticking against the TRC, whose mandate ends in November 2021. But also for businessmen, if they heed the advice that if they don\u2019t speak, others will in their place. Whether both can find a common ground will help determine what chances the transitional justice system has of fostering reconciliation among Colombians.<\/p>\n","protected":false},"excerpt":{"rendered":"<p>Two major oil companies presented, on July 30, 2020, a report to Colombia's Truth and Reconciliation Commission, documenting more than 3,600 attacks on oil infrastructures during the armed conflict. A rare exception, while since its inception the commission struggles to build bridges with business leaders, who remain sceptical about its work.<\/p>\n","protected":false},"author":74,"featured_media":62060,"comment_status":"open","ping_status":"closed","sticky":false,"template":"","format":"standard","meta":{"_acf_changed":false,"footnotes":""},"categories":[542],"tags":[],"ji_location":[2177],"class_list":["post-45010","post","type-post","status-publish","format-standard","has-post-thumbnail","hentry","category-truth-commissions","ji_location-colombia"],"acf":[],"yoast_head":"<!-- This site is optimized with the Yoast SEO Premium plugin v25.3.1 (Yoast SEO v25.3.1) - https:\/\/yoast.com\/wordpress\/plugins\/seo\/ -->\n<title>Why Colombia\u2019s TRC lacks business support - JusticeInfo.net<\/title>\n<meta name=\"robots\" content=\"index, follow, max-snippet:-1, max-image-preview:large, max-video-preview:-1\" \/>\n<link rel=\"canonical\" href=\"https:\/\/www.justiceinfo.net\/en\/45010-why-colombia-s-trc-lacks-business-support.html\" \/>\n<meta property=\"og:locale\" content=\"en_US\" \/>\n<meta property=\"og:type\" content=\"article\" \/>\n<meta property=\"og:title\" content=\"Why Colombia\u2019s TRC lacks business support\" \/>\n<meta property=\"og:description\" content=\"Two major oil companies presented, on July 30, 2020, a report to Colombia&#039;s Truth and Reconciliation Commission, documenting more than 3,600 attacks on oil infrastructures during the armed conflict. A rare exception, while since its inception the commission struggles to build bridges with business leaders, who remain sceptical about its work.\" \/>\n<meta property=\"og:url\" content=\"https:\/\/www.justiceinfo.net\/en\/45010-why-colombia-s-trc-lacks-business-support.html\" \/>\n<meta property=\"og:site_name\" content=\"JusticeInfo.net\" \/>\n<meta property=\"article:publisher\" content=\"https:\/\/www.facebook.com\/JusticeInfo\/\" \/>\n<meta property=\"article:published_time\" content=\"2020-07-31T02:32:43+00:00\" \/>\n<meta property=\"og:image\" content=\"https:\/\/www.justiceinfo.net\/wp-content\/uploads\/3a38a928950f86a772ea82068787a4bd.jpg\" \/>\n\t<meta property=\"og:image:width\" content=\"1200\" \/>\n\t<meta property=\"og:image:height\" content=\"800\" \/>\n\t<meta property=\"og:image:type\" content=\"image\/jpeg\" \/>\n<meta name=\"author\" content=\"Andr\u00e9s Berm\u00fadez Li\u00e9vano\" \/>\n<meta name=\"twitter:card\" content=\"summary_large_image\" \/>\n<meta name=\"twitter:creator\" content=\"@bermudezlievano\" \/>\n<meta name=\"twitter:site\" content=\"@justiceinfonet\" \/>\n<meta name=\"twitter:label1\" content=\"Written by\" \/>\n\t<meta name=\"twitter:data1\" content=\"Andr\u00e9s Berm\u00fadez Li\u00e9vano\" \/>\n\t<meta name=\"twitter:label2\" content=\"Est. reading time\" \/>\n\t<meta name=\"twitter:data2\" content=\"14 minutes\" \/>\n<script type=\"application\/ld+json\" class=\"yoast-schema-graph\">{\"@context\":\"https:\/\/schema.org\",\"@graph\":[{\"@type\":\"NewsArticle\",\"@id\":\"https:\/\/www.justiceinfo.net\/en\/45010-why-colombia-s-trc-lacks-business-support.html#article\",\"isPartOf\":{\"@id\":\"https:\/\/www.justiceinfo.net\/en\/45010-why-colombia-s-trc-lacks-business-support.html\"},\"author\":{\"name\":\"Andr\u00e9s Berm\u00fadez Li\u00e9vano\",\"@id\":\"https:\/\/www.justiceinfo.net\/en\/#\/schema\/person\/c18ea792350557b20c68f8d655e3ea21\"},\"headline\":\"Why Colombia\u2019s TRC lacks business support\",\"datePublished\":\"2020-07-31T02:32:43+00:00\",\"mainEntityOfPage\":{\"@id\":\"https:\/\/www.justiceinfo.net\/en\/45010-why-colombia-s-trc-lacks-business-support.html\"},\"wordCount\":2854,\"commentCount\":0,\"publisher\":{\"@id\":\"https:\/\/www.justiceinfo.net\/en\/#organization\"},\"image\":{\"@id\":\"https:\/\/www.justiceinfo.net\/en\/45010-why-colombia-s-trc-lacks-business-support.html#primaryimage\"},\"thumbnailUrl\":\"https:\/\/www.justiceinfo.net\/wp-content\/uploads\/3a38a928950f86a772ea82068787a4bd.jpg\",\"articleSection\":[\"Truth Commissions\"],\"inLanguage\":\"en-US\",\"potentialAction\":[{\"@type\":\"CommentAction\",\"name\":\"Comment\",\"target\":[\"https:\/\/www.justiceinfo.net\/en\/45010-why-colombia-s-trc-lacks-business-support.html#respond\"]}]},{\"@type\":\"WebPage\",\"@id\":\"https:\/\/www.justiceinfo.net\/en\/45010-why-colombia-s-trc-lacks-business-support.html\",\"url\":\"https:\/\/www.justiceinfo.net\/en\/45010-why-colombia-s-trc-lacks-business-support.html\",\"name\":\"Why Colombia\u2019s TRC lacks business support - JusticeInfo.net\",\"isPartOf\":{\"@id\":\"https:\/\/www.justiceinfo.net\/en\/#website\"},\"primaryImageOfPage\":{\"@id\":\"https:\/\/www.justiceinfo.net\/en\/45010-why-colombia-s-trc-lacks-business-support.html#primaryimage\"},\"image\":{\"@id\":\"https:\/\/www.justiceinfo.net\/en\/45010-why-colombia-s-trc-lacks-business-support.html#primaryimage\"},\"thumbnailUrl\":\"https:\/\/www.justiceinfo.net\/wp-content\/uploads\/3a38a928950f86a772ea82068787a4bd.jpg\",\"datePublished\":\"2020-07-31T02:32:43+00:00\",\"breadcrumb\":{\"@id\":\"https:\/\/www.justiceinfo.net\/en\/45010-why-colombia-s-trc-lacks-business-support.html#breadcrumb\"},\"inLanguage\":\"en-US\",\"potentialAction\":[{\"@type\":\"ReadAction\",\"target\":[\"https:\/\/www.justiceinfo.net\/en\/45010-why-colombia-s-trc-lacks-business-support.html\"]}]},{\"@type\":\"ImageObject\",\"inLanguage\":\"en-US\",\"@id\":\"https:\/\/www.justiceinfo.net\/en\/45010-why-colombia-s-trc-lacks-business-support.html#primaryimage\",\"url\":\"https:\/\/www.justiceinfo.net\/wp-content\/uploads\/3a38a928950f86a772ea82068787a4bd.jpg\",\"contentUrl\":\"https:\/\/www.justiceinfo.net\/wp-content\/uploads\/3a38a928950f86a772ea82068787a4bd.jpg\",\"width\":1200,\"height\":800,\"caption\":\"\u00a9 Comisi\u00f3n de la Verdad\"},{\"@type\":\"BreadcrumbList\",\"@id\":\"https:\/\/www.justiceinfo.net\/en\/45010-why-colombia-s-trc-lacks-business-support.html#breadcrumb\",\"itemListElement\":[{\"@type\":\"ListItem\",\"position\":1,\"name\":\"Home\",\"item\":\"https:\/\/www.justiceinfo.net\/en\"},{\"@type\":\"ListItem\",\"position\":2,\"name\":\"Why Colombia\u2019s TRC lacks business support\"}]},{\"@type\":\"WebSite\",\"@id\":\"https:\/\/www.justiceinfo.net\/en\/#website\",\"url\":\"https:\/\/www.justiceinfo.net\/en\/\",\"name\":\"JusticeInfo.net\",\"description\":\"For justice to be done, it must be seen\",\"publisher\":{\"@id\":\"https:\/\/www.justiceinfo.net\/en\/#organization\"},\"potentialAction\":[{\"@type\":\"SearchAction\",\"target\":{\"@type\":\"EntryPoint\",\"urlTemplate\":\"https:\/\/www.justiceinfo.net\/en\/?s={search_term_string}\"},\"query-input\":{\"@type\":\"PropertyValueSpecification\",\"valueRequired\":true,\"valueName\":\"search_term_string\"}}],\"inLanguage\":\"en-US\"},{\"@type\":\"Organization\",\"@id\":\"https:\/\/www.justiceinfo.net\/en\/#organization\",\"name\":\"Justice Info\",\"url\":\"https:\/\/www.justiceinfo.net\/en\/\",\"logo\":{\"@type\":\"ImageObject\",\"inLanguage\":\"en-US\",\"@id\":\"https:\/\/www.justiceinfo.net\/en\/#\/schema\/logo\/image\/\",\"url\":\"https:\/\/www.justiceinfo.net\/wp-content\/uploads\/justiceinfo_logo-trans_1200x1200px.png\",\"contentUrl\":\"https:\/\/www.justiceinfo.net\/wp-content\/uploads\/justiceinfo_logo-trans_1200x1200px.png\",\"width\":1199,\"height\":1200,\"caption\":\"Justice Info\"},\"image\":{\"@id\":\"https:\/\/www.justiceinfo.net\/en\/#\/schema\/logo\/image\/\"},\"sameAs\":[\"https:\/\/www.facebook.com\/JusticeInfo\/\",\"https:\/\/x.com\/justiceinfonet\",\"https:\/\/www.linkedin.com\/company\/justice-info\",\"https:\/\/www.youtube.com\/channel\/UCyCEsARodyuWtkWyhn-e7pA\"]},{\"@type\":\"Person\",\"name\":\"Andr\u00e9s Berm\u00fadez Li\u00e9vano\",\"sameAs\":[\"https:\/\/x.com\/bermudezlievano\"],\"url\":\"https:\/\/www.justiceinfo.net\/en\/auteur\/alievano\"}]}<\/script>\n<!-- \/ Yoast SEO Premium plugin. -->","yoast_head_json":{"title":"Why Colombia\u2019s TRC lacks business support - JusticeInfo.net","robots":{"index":"index","follow":"follow","max-snippet":"max-snippet:-1","max-image-preview":"max-image-preview:large","max-video-preview":"max-video-preview:-1"},"canonical":"https:\/\/www.justiceinfo.net\/en\/45010-why-colombia-s-trc-lacks-business-support.html","og_locale":"en_US","og_type":"article","og_title":"Why Colombia\u2019s TRC lacks business support","og_description":"Two major oil companies presented, on July 30, 2020, a report to Colombia's Truth and Reconciliation Commission, documenting more than 3,600 attacks on oil infrastructures during the armed conflict. A rare exception, while since its inception the commission struggles to build bridges with business leaders, who remain sceptical about its work.","og_url":"https:\/\/www.justiceinfo.net\/en\/45010-why-colombia-s-trc-lacks-business-support.html","og_site_name":"JusticeInfo.net","article_publisher":"https:\/\/www.facebook.com\/JusticeInfo\/","article_published_time":"2020-07-31T02:32:43+00:00","og_image":[{"width":1200,"height":800,"url":"https:\/\/www.justiceinfo.net\/wp-content\/uploads\/3a38a928950f86a772ea82068787a4bd.jpg","type":"image\/jpeg"}],"author":"Andr\u00e9s Berm\u00fadez Li\u00e9vano","twitter_card":"summary_large_image","twitter_creator":"@bermudezlievano","twitter_site":"@justiceinfonet","twitter_misc":{"Written by":"Andr\u00e9s Berm\u00fadez Li\u00e9vano","Est. reading time":"14 minutes"},"schema":{"@context":"https:\/\/schema.org","@graph":[{"@type":"NewsArticle","@id":"https:\/\/www.justiceinfo.net\/en\/45010-why-colombia-s-trc-lacks-business-support.html#article","isPartOf":{"@id":"https:\/\/www.justiceinfo.net\/en\/45010-why-colombia-s-trc-lacks-business-support.html"},"author":{"name":"Andr\u00e9s Berm\u00fadez Li\u00e9vano","@id":"https:\/\/www.justiceinfo.net\/en\/#\/schema\/person\/c18ea792350557b20c68f8d655e3ea21"},"headline":"Why Colombia\u2019s TRC lacks business support","datePublished":"2020-07-31T02:32:43+00:00","mainEntityOfPage":{"@id":"https:\/\/www.justiceinfo.net\/en\/45010-why-colombia-s-trc-lacks-business-support.html"},"wordCount":2854,"commentCount":0,"publisher":{"@id":"https:\/\/www.justiceinfo.net\/en\/#organization"},"image":{"@id":"https:\/\/www.justiceinfo.net\/en\/45010-why-colombia-s-trc-lacks-business-support.html#primaryimage"},"thumbnailUrl":"https:\/\/www.justiceinfo.net\/wp-content\/uploads\/3a38a928950f86a772ea82068787a4bd.jpg","articleSection":["Truth Commissions"],"inLanguage":"en-US","potentialAction":[{"@type":"CommentAction","name":"Comment","target":["https:\/\/www.justiceinfo.net\/en\/45010-why-colombia-s-trc-lacks-business-support.html#respond"]}]},{"@type":"WebPage","@id":"https:\/\/www.justiceinfo.net\/en\/45010-why-colombia-s-trc-lacks-business-support.html","url":"https:\/\/www.justiceinfo.net\/en\/45010-why-colombia-s-trc-lacks-business-support.html","name":"Why Colombia\u2019s TRC lacks business support - JusticeInfo.net","isPartOf":{"@id":"https:\/\/www.justiceinfo.net\/en\/#website"},"primaryImageOfPage":{"@id":"https:\/\/www.justiceinfo.net\/en\/45010-why-colombia-s-trc-lacks-business-support.html#primaryimage"},"image":{"@id":"https:\/\/www.justiceinfo.net\/en\/45010-why-colombia-s-trc-lacks-business-support.html#primaryimage"},"thumbnailUrl":"https:\/\/www.justiceinfo.net\/wp-content\/uploads\/3a38a928950f86a772ea82068787a4bd.jpg","datePublished":"2020-07-31T02:32:43+00:00","breadcrumb":{"@id":"https:\/\/www.justiceinfo.net\/en\/45010-why-colombia-s-trc-lacks-business-support.html#breadcrumb"},"inLanguage":"en-US","potentialAction":[{"@type":"ReadAction","target":["https:\/\/www.justiceinfo.net\/en\/45010-why-colombia-s-trc-lacks-business-support.html"]}]},{"@type":"ImageObject","inLanguage":"en-US","@id":"https:\/\/www.justiceinfo.net\/en\/45010-why-colombia-s-trc-lacks-business-support.html#primaryimage","url":"https:\/\/www.justiceinfo.net\/wp-content\/uploads\/3a38a928950f86a772ea82068787a4bd.jpg","contentUrl":"https:\/\/www.justiceinfo.net\/wp-content\/uploads\/3a38a928950f86a772ea82068787a4bd.jpg","width":1200,"height":800,"caption":"\u00a9 Comisi\u00f3n de la Verdad"},{"@type":"BreadcrumbList","@id":"https:\/\/www.justiceinfo.net\/en\/45010-why-colombia-s-trc-lacks-business-support.html#breadcrumb","itemListElement":[{"@type":"ListItem","position":1,"name":"Home","item":"https:\/\/www.justiceinfo.net\/en"},{"@type":"ListItem","position":2,"name":"Why Colombia\u2019s TRC lacks business support"}]},{"@type":"WebSite","@id":"https:\/\/www.justiceinfo.net\/en\/#website","url":"https:\/\/www.justiceinfo.net\/en\/","name":"JusticeInfo.net","description":"For justice to be done, it must be seen","publisher":{"@id":"https:\/\/www.justiceinfo.net\/en\/#organization"},"potentialAction":[{"@type":"SearchAction","target":{"@type":"EntryPoint","urlTemplate":"https:\/\/www.justiceinfo.net\/en\/?s={search_term_string}"},"query-input":{"@type":"PropertyValueSpecification","valueRequired":true,"valueName":"search_term_string"}}],"inLanguage":"en-US"},{"@type":"Organization","@id":"https:\/\/www.justiceinfo.net\/en\/#organization","name":"Justice Info","url":"https:\/\/www.justiceinfo.net\/en\/","logo":{"@type":"ImageObject","inLanguage":"en-US","@id":"https:\/\/www.justiceinfo.net\/en\/#\/schema\/logo\/image\/","url":"https:\/\/www.justiceinfo.net\/wp-content\/uploads\/justiceinfo_logo-trans_1200x1200px.png","contentUrl":"https:\/\/www.justiceinfo.net\/wp-content\/uploads\/justiceinfo_logo-trans_1200x1200px.png","width":1199,"height":1200,"caption":"Justice Info"},"image":{"@id":"https:\/\/www.justiceinfo.net\/en\/#\/schema\/logo\/image\/"},"sameAs":["https:\/\/www.facebook.com\/JusticeInfo\/","https:\/\/x.com\/justiceinfonet","https:\/\/www.linkedin.com\/company\/justice-info","https:\/\/www.youtube.com\/channel\/UCyCEsARodyuWtkWyhn-e7pA"]},{"@type":"Person","name":"Andr\u00e9s Berm\u00fadez Li\u00e9vano","sameAs":["https:\/\/x.com\/bermudezlievano"],"url":"https:\/\/www.justiceinfo.net\/en\/auteur\/alievano"}]}},"_links":{"self":[{"href":"https:\/\/www.justiceinfo.net\/en\/wp-json\/wp\/v2\/posts\/45010","targetHints":{"allow":["GET"]}}],"collection":[{"href":"https:\/\/www.justiceinfo.net\/en\/wp-json\/wp\/v2\/posts"}],"about":[{"href":"https:\/\/www.justiceinfo.net\/en\/wp-json\/wp\/v2\/types\/post"}],"author":[{"embeddable":true,"href":"https:\/\/www.justiceinfo.net\/en\/wp-json\/wp\/v2\/users\/74"}],"replies":[{"embeddable":true,"href":"https:\/\/www.justiceinfo.net\/en\/wp-json\/wp\/v2\/comments?post=45010"}],"version-history":[{"count":0,"href":"https:\/\/www.justiceinfo.net\/en\/wp-json\/wp\/v2\/posts\/45010\/revisions"}],"wp:featuredmedia":[{"embeddable":true,"href":"https:\/\/www.justiceinfo.net\/en\/wp-json\/wp\/v2\/media\/62060"}],"wp:attachment":[{"href":"https:\/\/www.justiceinfo.net\/en\/wp-json\/wp\/v2\/media?parent=45010"}],"wp:term":[{"taxonomy":"category","embeddable":true,"href":"https:\/\/www.justiceinfo.net\/en\/wp-json\/wp\/v2\/categories?post=45010"},{"taxonomy":"post_tag","embeddable":true,"href":"https:\/\/www.justiceinfo.net\/en\/wp-json\/wp\/v2\/tags?post=45010"},{"taxonomy":"ji_location","embeddable":true,"href":"https:\/\/www.justiceinfo.net\/en\/wp-json\/wp\/v2\/ji_location?post=45010"}],"curies":[{"name":"wp","href":"https:\/\/api.w.org\/{rel}","templated":true}]}}