{"id":77353,"date":"2021-05-17T10:45:07","date_gmt":"2021-05-17T08:45:07","guid":{"rendered":"https:\/\/www.justiceinfo.net\/77353-rwanda-commemorations-genocide-rythmees-agendas-politique-diplomatique.html"},"modified":"2026-01-02T10:30:01","modified_gmt":"2026-01-02T09:30:01","slug":"rwanda-genocide-commemorations-political-diplomatic-agendas","status":"publish","type":"post","link":"https:\/\/www.justiceinfo.net\/en\/77353-rwanda-genocide-commemorations-political-diplomatic-agendas.html","title":{"rendered":"In Rwanda, genocide commemorations are infused with political and diplomatic agendas"},"content":{"rendered":"\n<p><strong>Rwandan President Paul Kagame is visiting Paris this Monday and Tuesday, amidst a warming of diplomatic relations between the two countries. French President Emmanuel Macron is expected to visit Kigali the following week. In this context, the publication of reports and commemorations of the 1994 genocide of the Tutsis must be read in light of diplomatic agendas, writes French researcher Andr\u00e9 Guichaoua.<\/strong><\/p>\n\n\n\n<!--more-->\n\n\n\n<p>Ever since its creation, in 2003, the <a href=\"https:\/\/cnlg.gov.rw\/index.php?id=2&amp;L=20\">National Commission for the Fight against Genocide<\/a> (CNLG) has been responsible for Rwanda\u2019s genocide remembrance policy, based on a program that has, over time, influenced all aspects of politics, across all sectors.<\/p>\n\n\n\n<p>Each year, themed memorial events are organised, in close collaboration with the president in office. This article will address the period following the 20th anniversary of the <a href=\"https:\/\/www.britannica.com\/topic\/Rwandan-Civil-War\">Rwandan civil war<\/a> and the <a href=\"https:\/\/news.trust.org\/item\/20140402113037-u315s\/\">1994 genocide<\/a>. It is a detailed review of the annual commemorations held by Rwandan authorities to mark the 1994 genocide.<\/p>\n\n\n\n<h2 class=\"wp-block-heading\">2014-2019: Internationalising genocide remembrance<\/h2>\n\n\n\n<p>During this period, Rwanda entered the final phase of their genocide remembrance public policy, the \u201csecond internationalisation\u201d phase, as defined by the CNGL. The aim was to urge recognition and commemoration of the genocide as an ethical obligation across the world.<\/p>\n\n\n\n<p>In 2014, this policy gave rise to commemorations organised in Kigali that were considered particularly offensive, <a href=\"https:\/\/www.rfi.fr\/en\/africa\/20140406-france-boycott-rwanda-genocide-commemoration\">especially by the French government<\/a>. The very morning of the event, the French ambassador\u2019s <a href=\"https:\/\/www.jeuneafrique.com\/164512\/politique\/le-rwanda-comm-more-les-20-ans-du-g-nocide-sans-repr-sentant-de-la-france\/\">accreditation<\/a> to attend was withdrawn. This culminated in an <a href=\"https:\/\/www.youtube.com\/watch?v=S9otQUZtd3Y\">accusatory speech<\/a> by President Paul Kagame at the official ceremonies, at which the <a href=\"https:\/\/www.un.org\/sg\/en\/content\/sg\/statement\/2014-04-07\/remarks-commemoration-20th-anniversary-rwandan-genocide-english-and\">UN Secretary General<\/a> and many foreign heads of state were present.<\/p>\n\n\n\n<p>In December 2017, in light of the widespread international genocide commemorations on 7 April, Rwanda submitted a <a href=\"https:\/\/www.un.org\/sg\/en\/content\/sg\/statement\/2014-04-07\/remarks-commemoration-20th-anniversary-rwandan-genocide-english-and\">draft resolution<\/a> to the United Nations General Assembly (UNGA) to change the name of the \u201cInternational Day of Reflection on the 1994 Genocide in Rwanda\u201d. On 26 January 2018, the UNGA adopted a decision without vote to use the official Rwandan wording, changing the designation to the \u201c<a href=\"https:\/\/www.un.org\/press\/fr\/2018\/ag12000.doc.htm\">International Day of Reflection on the 1994 Genocide against the Tutsi in Rwanda<\/a>\u201d. This decision was highly criticised, given that the new name reintroduces a specific ethnic group and excludes other victims.<\/p>\n\n\n\n<p>\u200b In 2019, the 25th anniversary commemorations consecrated the international community\u2019s unanimous recognition of its responsibility towards the genocide and unwillingness to try to stop it. The official ceremonies were characterised by expressions of remorse from many countries and took place on an exceptional scale.<\/p>\n\n\n\n<figure class=\"wp-block-embed is-type-video is-provider-youtube wp-block-embed-youtube wp-embed-aspect-16-9 wp-has-aspect-ratio\"><div class=\"wp-block-embed__wrapper\">\n<iframe loading=\"lazy\" title=\"Rwanda, COMMEMORATION DU GENOCIDE RWANDAIS\" width=\"500\" height=\"281\" src=\"https:\/\/www.youtube.com\/embed\/HmEKZ0cUEdo?feature=oembed\" frameborder=\"0\" allow=\"accelerometer; autoplay; clipboard-write; encrypted-media; gyroscope; picture-in-picture; web-share\" referrerpolicy=\"strict-origin-when-cross-origin\" allowfullscreen><\/iframe>\n<\/div><\/figure>\n\n\n\n<p>Even France, usually in the crosshairs, was spared. A few months prior, a French court had dismissed the case against some prominent Rwandans for the 6 April 1994 <a href=\"https:\/\/www.theafricareport.com\/32489\/rwanda-genocide-paris-drops-investigation-into-attack-of-plane-carrying-habyarimana\/\">attack on President Habyarimana\u2019s plane<\/a> which sparked the genocide). This resolved a long-running dispute between France and the new Rwandan regime authorities, but was not without risk. In fact, in 2017, while the investigation was being closed, Rwanda enlisted a prestigious American law firm to examine the possibility of bringing France before international courts for complicity in genocide.<\/p>\n\n\n\n<p>Though French President Emmanuel Macron was expected in Kigali, he ended up sending a parliamentary deputy of Rwandan descent. In a [<a href=\"https:\/\/www.rfi.fr\/fr\/afrique\/20190408-exclusif-role-france-rwanda-lettre-macron-president-commission-historiens\">public declaration<\/a>, he highlighted his desire to \u201cbreak with the way in which France had understood and taught the Tutsi genocide\u201d and made 7 April a <a href=\"https:\/\/www2.assemblee-nationale.fr\/questions\/detail\/15\/QE\/28557\">national day of commemoration<\/a> in France. A <a href=\"https:\/\/www.dw.com\/en\/macron-orders-probe-into-frances-role-in-rwanda-genocide\/a-48227839\">commission was set up<\/a> \u201cto examine all French archives relating to Rwanda between 1990 and 1994\u201d. A French court also dismissed another case against French officers involved in <a href=\"https:\/\/www.realcleardefense.com\/articles\/2018\/05\/14\/assessment_of_opration_turquoise_113440.html\">Operation Turquoise<\/a> during the 25th anniversary of the Bisesero massacre, in June. The judges of inquiry give place to historians. This indicated an educational approach towards French sovereign institutions, who were invited to acknowledge this legacy and recognise the \u201cerrors\u201d of the past. Questions, awaited answers and the planned schedule for this process could not be continuously submitted to pressure from Rwandan authorities.<\/p>\n\n\n\n<h2 class=\"wp-block-heading\">2020: The return of controversial commemorations<\/h2>\n\n\n\n<p>The 26th; anniversary was particularly complicated for Rwanda. On top of Covid-19 restrictions forbidding public gatherings, the UN secretary general Ant\u00f3nio Guterres and UN General Assembly president Volkan Bozkir unexpectedly questioned the new official title on the eve of the commemorations. In his <a href=\"https:\/\/www.un.org\/fr\/preventgenocide\/rwanda\/commemorations-2020-sg-message.shtml\">public message<\/a>, Ant\u00f3nio Guterres specified that among the \u201cone million people murdered in just 100 days, the victims were overwhelmingly Tutsi, but also included Hutu and others who opposed the genocide. On this day, we honour those who were killed. And we gain inspiration from the capacity of those who survived for reconciliation and restoration.\u201d<\/p>\n\n\n\n<p>\u200b The following day, 7 April, President Kagame\u2019s <a href=\"https:\/\/youtu.be\/-8WZlmZ_pUY\">short public declaration<\/a> took note of the statements from the UN. It was addressed to \u201csurvivors\u201d and \u201call Rwandans\u201d, evoking \u201cthose we lost\u201d, speaking of \u201ctragedy\u201d and \u201cwhat happened to our country, and what we learned from it\u201d, but without specifically mentioning the \u201cgenocide against the Tutsi\u201d.<\/p>\n\n\n\n<figure class=\"wp-block-embed is-type-video is-provider-youtube wp-block-embed-youtube wp-embed-aspect-16-9 wp-has-aspect-ratio\"><div class=\"wp-block-embed__wrapper\">\n<iframe loading=\"lazy\" title=\"#Kwibuka 26: Ijambo rya Perezida wa Repubulika Paul Kagame\" width=\"500\" height=\"281\" src=\"https:\/\/www.youtube.com\/embed\/-8WZlmZ_pUY?feature=oembed\" frameborder=\"0\" allow=\"accelerometer; autoplay; clipboard-write; encrypted-media; gyroscope; picture-in-picture; web-share\" referrerpolicy=\"strict-origin-when-cross-origin\" allowfullscreen><\/iframe>\n<\/div><\/figure>\n\n\n\n<p>Such a transgression of the official wording, set out by the Constitution and legally mandated, drew such criticism from survivor organisations that the President eventually backtracked.<\/p>\n\n\n\n<p>Rwanda\u2019s draft resolution amending the title of the outreach program required a formal vote to be passed in the UNGA. On 20 April, during debates, the <a href=\"file:\/\/\/\\\\Users\\utilisateur\\Desktop\\United%20States\">United States<\/a> and the <a href=\"https:\/\/www.un.org\/pga\/74\/wp-content\/uploads\/sites\/99\/2020\/04\/UK-EOP-on-Rwandan-genocide-resolution-20-April.pdf\">United Kingdom<\/a> denounced this discrimination towards other victims of the war and genocide, and the rewriting of history implied by this wording. Following Rwandan pressure, the controversial version of the <a href=\"https:\/\/undocs.org\/fr\/A\/RES\/74\/273\">resolution<\/a> was nevertheless passed by consensus.<\/p>\n\n\n\n<p>The American ambassador then sent a second <a href=\"https:\/\/usun.usmission.gov\/explanation-of-position-on-the-un-general-assembly-resolution-on-the-rwandan-genocide\/\">explanatory letter<\/a> to the UNGA President, expressing her disappointment \u201cin the negotiation process that led to this resolution \u2026 while forcing Rwanda\u2019s allies, including the United States, to accept language we find concerning\u201d.<\/p>\n\n\n\n<p>On 28 April, an <a href=\"https:\/\/www.undocs.org\/en\/A\/74\/830\">official response from the Rwandan government<\/a> defended the decision to name the Tutsi as the only victims of the genocide and lamented: \u201cRather than advancing reconciliation, the explanations of position of the United States and the United Kingdom bring ambiguity that feeds the resurgent genocide denial movement that is already on the rise in the <a href=\"https:\/\/www.accord.org.za\/conflict-trends\/conflict-great-lakes-region\/\">Great Lakes region<\/a> and beyond\u201d.<\/p>\n\n\n\n<p>All objectives of the active national commemoration policy promoted by the CNLG have therefore been formally achieved. The \u201cgenocide against the Tutsi in Rwanda\u201d is now recognised and commemorated internationally as an ethical obligation, and so is the genocide remembrance policy, now divorced from its historical context, as underlined by the American ambassador\u2019s remarks.<\/p>\n\n\n\n<p>In fact, by dissociating the genocide from actions undertaken by the two politico-military blocs during the 1990\u201394 war, which culminated in the \u201cfinal war\u201d and the genocide in April-July 1994, Rwanda\u2019s official history has ended debates that characterise the historic work relating to this region since countries achieved their independence. It\u2019s no longer a matter of rebuilding, using factual data or <a href=\"https:\/\/www.tandfonline.com\/doi\/full\/10.1080\/14623528.2019.1709611\">research<\/a> to provide greater depth, but criminalising all those who dare to disagree, citing the various genocide denial laws.<\/p>\n\n\n\n<h2 class=\"wp-block-heading\">2021: Rwanda\u2019s \u201cother fights\u201d<\/h2>\n\n\n\n<p>In April 2021, two major events provided the backdrop to commemorations. Back on 26 March, the publication of a <a href=\"https:\/\/www.vie-publique.fr\/sites\/default\/files\/rapport\/pdf\/279186_0.pdf\">report<\/a> based on French archives relating to Rwanda and the Tutsi genocide was followed by the announcement that the French President would likely travel to Rwanda. In Kigali, authorities were actively preparing for a summit of Commonwealth member countries to be held in June. Everything pointed towards the commemorations capitalising on these advances.<\/p>\n\n\n\n<p>They were indeed capitalised on, but President Kagame\u2019s long <a href=\"https:\/\/www.newtimes.co.rw\/news\/kwibuka27-address-president-paul-kagame\">speech<\/a> consisted mainly of justifying the authorities\u2019 resolution to defend the fruits of reconstruction \u2013 the restoration of peace, security and the rule of law, and the fight against perpetrators of genocide living outside Rwanda. In the process, he also responded to overseas criticism sparked by the regime\u2019s measures of law and order.<\/p>\n\n\n\n<p>The President thereby denounced those countries that have not tried genocidal perpetrators living on their own soil and refuse to extradite them to Rwanda: \u201cit\u2019s the same people who question the use of \u2018Genocide against Tutsi\u2019,\u201d he said (that is, those who opposed the April 2020 UN resolution). In the eyes of the President, such opposition is not a simple reminder, but rather a new challenge to fight:<\/p>\n\n\n\n<blockquote class=\"wp-block-quote is-layout-flow wp-block-quote-is-layout-flow\">\n<p>&nbsp;Well, today we have another struggle, people are struggling to call it \u2018Genocide against the Tutsi\u2019. But the problem of definitions started way back in 1994, of just simply naming what it was.\u201d<\/p>\n<\/blockquote>\n\n\n\n<p>This struggle and accusations of denialism are surprising, given that Kigali is preparing to host <a href=\"https:\/\/thecommonwealth.org\/chogm\">the next meeting of the Commonwealth<\/a>, an organisation based around the United Kingdom. Membership for Rwanda goes beyond the fact that part of the population speaks English, and is mainly based on adhering to values in the Commonwealth Charter. The <a href=\"https:\/\/www.gov.uk\/government\/speeches\/37th-universal-periodic-review-uk-statement-on-rwanda\">British representative<\/a> went so far as to raise this once again when delivering a statement on Rwanda to the UN Human Rights Council in January 2021:<\/p>\n\n\n\n<blockquote class=\"wp-block-quote is-layout-flow wp-block-quote-is-layout-flow\">\n<p>&nbsp;As a member of the Commonwealth, and future Chair-in-Office, we urge Rwanda to model Commonwealth values of democracy, rule of law, and respect for human rights.\u201d<\/p>\n<\/blockquote>\n\n\n\n<p>Rwanda\u2019s human rights violations have been denounced by the biggest Anglo-Saxon human rights organisations, such as <a href=\"https:\/\/www.hrw.org\/fr\/world-report\/2021\/country-chapters\/377288\">Human Rights Watch<\/a> and <a href=\"https:\/\/www.amnesty.org\/fr\/documents\/pol10\/3202\/2021\/fr\/\">Amnesty International<\/a>, which ranked Rwanda among the worst countries in the world in this area. Hence the animosity and cutting reply from President Kagame to Great Britain:<\/p>\n\n\n\n<p>It is as though this simple recognition of what the word [genocide] should be would be a reward bestowed on Rwandans in exchange for \u2018good behaviour\u2019. \u2026 What a shame.\u201d<\/p>\n\n\n\n<p>In rebuttal, Kagame referred to a passage from the recent <a href=\"https:\/\/www.vie-publique.fr\/sites\/default\/files\/rapport\/pdf\/279186_0.pdf\">report<\/a> on the French archives, which \u201cshows that President Mitterrand and his closest advisers knew that a genocide against Tutsi was being planned by their allies in Rwanda\u201d. The French report does in fact provide a documented approach and strong critique of France\u2019s role supporting the Habyarimana regime between 1990 and 1994, but stops short of stating that France was \u201ccomplicit in the genocide\u201d. \u201cIt also marks a change,\u201d Kagame commented. \u201cIt shows the desire, even for leaders in France, to move forward with a good understanding of what happened, and we welcome this.\u201d This is a new step forward from a country that has been regularly challenged by the Kigali authorities since the first official commemorations in April 1995.<\/p>\n\n\n\n<p>But the most important part was yet to come. On 19 April, Rwandan authorities finally revealed their own \u201c<a href=\"https:\/\/www.voltairenet.org\/article212822.html\">investigative report<\/a>,\u201d prepared by an American law firm, on the role of the French government in connection with the genocide against the Tutsi in Rwanda. This report was updated in light of the French report\u2019s conclusions, but was much harsher. According to the Rwandan <a href=\"https:\/\/www.lemonde.fr\/afrique\/article\/2021\/04\/19\/genocide-des-tutsi-au-rwanda-pour-kigali-l-etat-francais-n-est-pascomplice_6077290_3212.html\">Minister of Foreign Affairs<\/a>, the investigation against France establishes that the responsibilities of French political leaders at the time \u201cenabled a foreseeable genocide\u201d. It also settles \u201cthe truth, based on recognised facts and existing archives,\u201d and states that \u201cFrance did not participate in planning the genocide \u2026 nor in the killings and violence,\u201d adding, \u201cthe French government is not complicit. But it\u2019s a question of law and the Rwandan government will not bring this question before a court.\u201d In this way, the foundations for a \u201chealthy relationship\u201d have been laid, contingent on an official apology, which \u201cwould be a step in the right direction to rebuild trust\u201d.<\/p>\n\n\n\n<p>It is worth highlighting that the two reports agree that France was not complicit in the genocide, and mutually renounce taking the dispute between the two countries to court. In France, the 2019 case dismissals cleared a path for \u201carchival historians\u201d to take over. Following their analysis of a significant body of official data that had been classified until that point, they pronounced conclusions of a legal character, despite not being specialised in the area of Rwanda. Similarly, the Rwanda-appointed American lawyers came to the same conclusions, having spelled out a long, detailed history of Rwanda\u2019s liberation from the genocidal regime, a regime that was continuously supported by France, first politically when it took over in the 1970s, then militarily during the war, without forgetting about the relations with the current authorities. These conclusions are part of an established policy, unrecognised as such, following a spectacular defence that France was not complicit in the genocide, which is what their client wanted.<\/p>\n\n\n\n<p>Researchers specialising in this region, who were deliberately kept out of the report-writing process for these two documents, are now invited to assess their unprecedented contributions and recent \u201cestablished truths\u201d. Such truths are likely to rewrite approaches to the war and genocide against the Tutsi in Rwanda in 1994.<\/p>\n\n\n\n<h2 class=\"wp-block-heading\">2022: Challenges ahead<\/h2>\n\n\n\n<p>It would seem that next year\u2019s commemorations will involve a wealth of events and contributions. Without trying to predict the diplomatic and political factors that will be in play, we can already mention two international commemorations that concern Rwanda either directly or indirectly. The first will be held on 1 July, the anniversary shared by <a href=\"https:\/\/theconversation.com\/burundi-and-rwanda-a-rivalry-that-lies-at-the-heart-of-great-lakes-crises-63795\">\u201cwarring brothers\u201d Burundi and Rwanda<\/a> celebrating sixty years of independence.<\/p>\n\n\n\n<p>In Rwanda, where 1 July is an unremarkable public holiday, the regime will probably continue to mainly celebrate 4 July, the date that they took Kigali in 1994. In Burundi, it\u2019s the opposite. Authorities intend to give strong symbolic and political meaning to the occasion, remembering both the country\u2019s independence and the 50<sup>th<\/sup> anniversary of the genocide against the Hutu in 1972. Giving a national and international recognition to this \u201chidden\u201d genocide will be at the heart of this year\u2019s commemorations.<\/p>\n\n\n\n<p>Without getting too deep into the debate around the concealment of this part of history, it should be said that multiple UN reports mention the massacre of Hutu by the Tutsi in 1965 and 1972 in their list of massacres it considers genocides (<a href=\"https:\/\/undocs.org\/pdf?symbol=en\/E\/CN%20.4\/Sub%20.2\/1985\/6\">Report, 1985<\/a>,pp. 12, 20, 22), as well as the acts of genocide perpetrated against the Tutsi minority on 21 October 1993 and in the following days (<a href=\"https:\/\/undocs.org\/pdf?symbol=en\/S\/1996\/682\">Report, 1996<\/a>, pp.89). But, in the absence of in-depth investigations, these crimes have remained free of legal repercussions.<\/p>\n\n\n\n<p>Since Rwanda and Burundi achieved independence, the region has been marked by closely intertwined national political crises, dominated by divided ethnic groups. The various massacres and genocides in 1959\u201361, 1965, 1969, 1972, 1988, 1973, 1993\u201394 and 2015 remain profoundly fixed in the memories of both Burundians and Rwandans. While the \u201cTutsi\u201d domination of Burundi and \u201cHutu\u201d domination of Rwanda (now inverted after two civil wars) have established since the independence the political authoritarianism of military regimes and\/or de facto single parties, the debate sparked by UN representatives about commemorating one group of victims over the other will endure in various forms, on both sides of the border.<\/p>\n\n\n\n<figure class=\"wp-block-image alignleft size-large is-resized\"><a href=\"https:\/\/www.justiceinfo.net\/wp-content\/uploads\/Conference-Burundi-senat-1972.jpg\" target=\"_blank\" rel=\"noopener\"><img loading=\"lazy\" decoding=\"async\" src=\"https:\/\/www.justiceinfo.net\/wp-content\/uploads\/Conference-Burundi-senat-1972.jpg\" alt=\"\" class=\"wp-image-77332\" width=\"239\" height=\"342\"\/><\/a><figcaption class=\"wp-element-caption\">Ouverture du d\u00e9bat d\u00e8s cette ann\u00e9e au Burundi.<\/figcaption><\/figure>\n\n\n\n<p>The specifics of Burundi\u2019s event to commemorate the 1972 genocide of the Hutu have not yet been decided. However, it would therefore appear paradoxical that at the next commemoration of the 1972 Hutu genocide, The Burundian authorities do not confirm the position of principle in the name of which they did not associate themselves last year with the \u201csponsor\u201d countries of the Rwandan resolution, nor to explicitly mention the \u201cother victims\u201d. For the vast majority of Burundians, fifty years after the 1972 genocide and a return to peace, it is high time to honour the memory of all the victims of national divisions.<\/p>\n\n\n\n<p>In many places, the open debates, established by the <a href=\"https:\/\/umr-developpement-societes.univ-paris1.fr\/fileadmin\/GrandsLacs\/CVR_Burundi_Rapport_d_e__tape_Exercice_2020_Synthe__se.pdf\">Truth and Reconciliation Commission<\/a> alongside the current work of exhuming and registering the victims from 1972, have allowed for liberating moments of expression for Hutu and Tutsi populations. These populations have learnt to live together and establish a dialogue. On the ground, <a href=\"https:\/\/www.iwacu-burundi.org\/crise-de-1972-un-rapport-accablant\/)\">strong public motivation<\/a> and the involvement of ethical institutions in mourning efforts has curbed or even contained politicians\u2019 intentions to set their own agendas onto the process.<\/p>\n\n\n\n<p>In this context, the \u201cduty of remembrance\u201d and \u201cduty of history\u201d are moving forward together. This could finally pave the way for the writing of a plural, shared, national history.<\/p>\n\n\n\n<p>Such demands could not leave the authorities permanently insensitive. In April, the Burundian Senate and the TRC have opened the debate. It could even be <a href=\"https:\/\/www.therwandan.com\/finally-paul-kagame-recognized-hutus-massacres\/\">contagieux<\/a> in Rwanda.<\/p>\n\n\n\n<hr class=\"wp-block-separator has-css-opacity\"\/>\n\n\n\n<p><em><a href=\"https:\/\/theconversation.com\/profiles\/andre-guichaoua-222102\">Andr\u00e9 Guichaoua<\/a> is professor of sociology at the University of Paris 1 Panth\u00e9on Sorbonne. An expert witness for the International Criminal Tribunal for Rwanda, he has published \"From War to Genocide, Criminal Politics in Rwanda\", 1990\u20131994, University of Wisconsin Press, 2015.<\/em><\/p>\n\n\n\n<p><em>This article has been i<a href=\"https:\/\/theconversation.com\/in-rwanda-genocide-commemorations-are-infused-with-political-and-diplomatic-agendas-160283\">nitially published<\/a> by <a href=\"https:\/\/theconversation.com\" target=\"_blank\" rel=\"noreferrer noopener\">The Conversation<\/a> under a Creative Commons licence, in a slightly reduced version. It has been modified by Justice Info with the author\u2019s permission.<\/em><\/p>\n","protected":false},"excerpt":{"rendered":"<p>Rwandan President Paul Kagame is visiting Paris this Monday and Tuesday, amidst a warming of diplomatic relations between the two countries. French President Emmanuel Macron is expected to visit Kigali the following week. In this context, the publication of reports and commemorations of the 1994 genocide of the Tutsis must be read in light of [&hellip;]<\/p>\n","protected":false},"author":64,"featured_media":77337,"comment_status":"closed","ping_status":"closed","sticky":false,"template":"","format":"standard","meta":{"_acf_changed":false,"footnotes":""},"categories":[545,567],"tags":[2651,2635,2859,2769],"ji_location":[2231,2431],"class_list":["post-77353","post","type-post","status-publish","format-standard","has-post-thumbnail","hentry","category-memory","category-opinion","tag-emmanuel-macron-en","tag-genocide-2","tag-paul-kagame-en","tag-politics","ji_location-france","ji_location-rwanda"],"acf":[],"yoast_head":"<!-- This site is optimized with the Yoast SEO Premium plugin v25.3.1 (Yoast SEO v25.3.1) - https:\/\/yoast.com\/wordpress\/plugins\/seo\/ -->\n<title>In Rwanda, genocide commemorations are infused with political and diplomatic agendas - JusticeInfo.net<\/title>\n<meta name=\"description\" content=\"Rwandan President Paul Kagame is visiting Paris this Monday and Tuesday, amidst a warming of diplomatic relations between the two countries. French President Emmanuel Macron is expected to visit Kigali the following week. In this context, the publication of reports and commemorations of the 1994 genocide of the Tutsis must be read in light of diplomatic agendas, writes French researcher Andr\u00e9 Guichaoua.\" \/>\n<meta name=\"robots\" content=\"index, follow, max-snippet:-1, max-image-preview:large, max-video-preview:-1\" \/>\n<link rel=\"canonical\" href=\"https:\/\/www.justiceinfo.net\/en\/77353-rwanda-genocide-commemorations-political-diplomatic-agendas.html\" \/>\n<meta property=\"og:locale\" content=\"en_US\" \/>\n<meta property=\"og:type\" content=\"article\" \/>\n<meta property=\"og:title\" content=\"In Rwanda, genocide commemorations are infused with political and diplomatic agendas\" \/>\n<meta property=\"og:description\" content=\"Rwandan President Paul Kagame is visiting Paris this Monday and Tuesday, amidst a warming of diplomatic relations between the two countries. French President Emmanuel Macron is expected to visit Kigali the following week. In this context, the publication of reports and commemorations of the 1994 genocide of the Tutsis must be read in light of diplomatic agendas, writes French researcher Andr\u00e9 Guichaoua.\" \/>\n<meta property=\"og:url\" content=\"https:\/\/www.justiceinfo.net\/en\/77353-rwanda-genocide-commemorations-political-diplomatic-agendas.html\" \/>\n<meta property=\"og:site_name\" content=\"JusticeInfo.net\" \/>\n<meta property=\"article:publisher\" content=\"https:\/\/www.facebook.com\/JusticeInfo\/\" \/>\n<meta property=\"article:published_time\" content=\"2021-05-17T08:45:07+00:00\" \/>\n<meta property=\"article:modified_time\" content=\"2026-01-02T09:30:01+00:00\" \/>\n<meta property=\"og:image\" content=\"https:\/\/www.justiceinfo.net\/wp-content\/uploads\/France-Rwanda_Macron-Kagame_@Francois-Mori-Pool-AFP.jpg\" \/>\n\t<meta property=\"og:image:width\" content=\"1200\" \/>\n\t<meta property=\"og:image:height\" content=\"800\" \/>\n\t<meta property=\"og:image:type\" content=\"image\/jpeg\" \/>\n<meta name=\"author\" content=\"Andr\u00e9 Guichaoua\" \/>\n<meta name=\"twitter:card\" content=\"summary_large_image\" \/>\n<meta name=\"twitter:creator\" content=\"@justiceinfonet\" \/>\n<meta name=\"twitter:site\" content=\"@justiceinfonet\" \/>\n<meta name=\"twitter:label1\" content=\"Written by\" \/>\n\t<meta name=\"twitter:data1\" content=\"Andr\u00e9 Guichaoua\" \/>\n\t<meta name=\"twitter:label2\" content=\"Est. reading time\" \/>\n\t<meta name=\"twitter:data2\" content=\"15 minutes\" \/>\n<script type=\"application\/ld+json\" class=\"yoast-schema-graph\">{\"@context\":\"https:\/\/schema.org\",\"@graph\":[{\"@type\":\"NewsArticle\",\"@id\":\"https:\/\/www.justiceinfo.net\/en\/77353-rwanda-genocide-commemorations-political-diplomatic-agendas.html#article\",\"isPartOf\":{\"@id\":\"https:\/\/www.justiceinfo.net\/en\/77353-rwanda-genocide-commemorations-political-diplomatic-agendas.html\"},\"author\":{\"name\":\"solivri\",\"@id\":\"https:\/\/www.justiceinfo.net\/en\/#\/schema\/person\/6e53cba1629e2e66f3fc1821d3091865\"},\"headline\":\"In Rwanda, genocide commemorations are infused with political and diplomatic agendas\",\"datePublished\":\"2021-05-17T08:45:07+00:00\",\"dateModified\":\"2026-01-02T09:30:01+00:00\",\"mainEntityOfPage\":{\"@id\":\"https:\/\/www.justiceinfo.net\/en\/77353-rwanda-genocide-commemorations-political-diplomatic-agendas.html\"},\"wordCount\":2705,\"publisher\":{\"@id\":\"https:\/\/www.justiceinfo.net\/en\/#organization\"},\"image\":{\"@id\":\"https:\/\/www.justiceinfo.net\/en\/77353-rwanda-genocide-commemorations-political-diplomatic-agendas.html#primaryimage\"},\"thumbnailUrl\":\"https:\/\/www.justiceinfo.net\/wp-content\/uploads\/France-Rwanda_Macron-Kagame_@Francois-Mori-Pool-AFP.jpg\",\"keywords\":[\"Emmanuel Macron\",\"genocide\",\"Paul Kagame\",\"politics\"],\"articleSection\":[\"Memory\",\"Opinion\"],\"inLanguage\":\"en-US\"},{\"@type\":\"WebPage\",\"@id\":\"https:\/\/www.justiceinfo.net\/en\/77353-rwanda-genocide-commemorations-political-diplomatic-agendas.html\",\"url\":\"https:\/\/www.justiceinfo.net\/en\/77353-rwanda-genocide-commemorations-political-diplomatic-agendas.html\",\"name\":\"In Rwanda, genocide commemorations are infused with political and diplomatic agendas - JusticeInfo.net\",\"isPartOf\":{\"@id\":\"https:\/\/www.justiceinfo.net\/en\/#website\"},\"primaryImageOfPage\":{\"@id\":\"https:\/\/www.justiceinfo.net\/en\/77353-rwanda-genocide-commemorations-political-diplomatic-agendas.html#primaryimage\"},\"image\":{\"@id\":\"https:\/\/www.justiceinfo.net\/en\/77353-rwanda-genocide-commemorations-political-diplomatic-agendas.html#primaryimage\"},\"thumbnailUrl\":\"https:\/\/www.justiceinfo.net\/wp-content\/uploads\/France-Rwanda_Macron-Kagame_@Francois-Mori-Pool-AFP.jpg\",\"datePublished\":\"2021-05-17T08:45:07+00:00\",\"dateModified\":\"2026-01-02T09:30:01+00:00\",\"description\":\"Rwandan President Paul Kagame is visiting Paris this Monday and Tuesday, amidst a warming of diplomatic relations between the two countries. French President Emmanuel Macron is expected to visit Kigali the following week. In this context, the publication of reports and commemorations of the 1994 genocide of the Tutsis must be read in light of diplomatic agendas, writes French researcher Andr\u00e9 Guichaoua.\",\"breadcrumb\":{\"@id\":\"https:\/\/www.justiceinfo.net\/en\/77353-rwanda-genocide-commemorations-political-diplomatic-agendas.html#breadcrumb\"},\"inLanguage\":\"en-US\",\"potentialAction\":[{\"@type\":\"ReadAction\",\"target\":[\"https:\/\/www.justiceinfo.net\/en\/77353-rwanda-genocide-commemorations-political-diplomatic-agendas.html\"]}]},{\"@type\":\"ImageObject\",\"inLanguage\":\"en-US\",\"@id\":\"https:\/\/www.justiceinfo.net\/en\/77353-rwanda-genocide-commemorations-political-diplomatic-agendas.html#primaryimage\",\"url\":\"https:\/\/www.justiceinfo.net\/wp-content\/uploads\/France-Rwanda_Macron-Kagame_@Francois-Mori-Pool-AFP.jpg\",\"contentUrl\":\"https:\/\/www.justiceinfo.net\/wp-content\/uploads\/France-Rwanda_Macron-Kagame_@Francois-Mori-Pool-AFP.jpg\",\"width\":1200,\"height\":800,\"caption\":\"Rwandan President Paul Kagame and his French counterpart in May 2018. The diplomatic warming initiated since the election of Emmanuel Macron could lead the latter, during a visit to Kigali next week, to present apologies from France for its role in the 1994 genocide. \u00a9 Fran\u00e7ois Mori \/ Pool \/ AFP\"},{\"@type\":\"BreadcrumbList\",\"@id\":\"https:\/\/www.justiceinfo.net\/en\/77353-rwanda-genocide-commemorations-political-diplomatic-agendas.html#breadcrumb\",\"itemListElement\":[{\"@type\":\"ListItem\",\"position\":1,\"name\":\"Home\",\"item\":\"https:\/\/www.justiceinfo.net\/en\"},{\"@type\":\"ListItem\",\"position\":2,\"name\":\"In Rwanda, genocide commemorations are infused with political and diplomatic agendas\"}]},{\"@type\":\"WebSite\",\"@id\":\"https:\/\/www.justiceinfo.net\/en\/#website\",\"url\":\"https:\/\/www.justiceinfo.net\/en\/\",\"name\":\"JusticeInfo.net\",\"description\":\"For justice to be done, it must be seen\",\"publisher\":{\"@id\":\"https:\/\/www.justiceinfo.net\/en\/#organization\"},\"potentialAction\":[{\"@type\":\"SearchAction\",\"target\":{\"@type\":\"EntryPoint\",\"urlTemplate\":\"https:\/\/www.justiceinfo.net\/en\/?s={search_term_string}\"},\"query-input\":{\"@type\":\"PropertyValueSpecification\",\"valueRequired\":true,\"valueName\":\"search_term_string\"}}],\"inLanguage\":\"en-US\"},{\"@type\":\"Organization\",\"@id\":\"https:\/\/www.justiceinfo.net\/en\/#organization\",\"name\":\"Justice Info\",\"url\":\"https:\/\/www.justiceinfo.net\/en\/\",\"logo\":{\"@type\":\"ImageObject\",\"inLanguage\":\"en-US\",\"@id\":\"https:\/\/www.justiceinfo.net\/en\/#\/schema\/logo\/image\/\",\"url\":\"https:\/\/www.justiceinfo.net\/wp-content\/uploads\/justiceinfo_logo-trans_1200x1200px.png\",\"contentUrl\":\"https:\/\/www.justiceinfo.net\/wp-content\/uploads\/justiceinfo_logo-trans_1200x1200px.png\",\"width\":1199,\"height\":1200,\"caption\":\"Justice Info\"},\"image\":{\"@id\":\"https:\/\/www.justiceinfo.net\/en\/#\/schema\/logo\/image\/\"},\"sameAs\":[\"https:\/\/www.facebook.com\/JusticeInfo\/\",\"https:\/\/x.com\/justiceinfonet\",\"https:\/\/www.linkedin.com\/company\/justice-info\",\"https:\/\/www.youtube.com\/channel\/UCyCEsARodyuWtkWyhn-e7pA\"]},{\"@type\":\"Person\",\"name\":\"Andr\u00e9 Guichaoua\",\"url\":\"\/en\/?s=Andr\u00e9 Guichaoua\"}]}<\/script>\n<!-- \/ Yoast SEO Premium plugin. -->","yoast_head_json":{"title":"In Rwanda, genocide commemorations are infused with political and diplomatic agendas - JusticeInfo.net","description":"Rwandan President Paul Kagame is visiting Paris this Monday and Tuesday, amidst a warming of diplomatic relations between the two countries. French President Emmanuel Macron is expected to visit Kigali the following week. In this context, the publication of reports and commemorations of the 1994 genocide of the Tutsis must be read in light of diplomatic agendas, writes French researcher Andr\u00e9 Guichaoua.","robots":{"index":"index","follow":"follow","max-snippet":"max-snippet:-1","max-image-preview":"max-image-preview:large","max-video-preview":"max-video-preview:-1"},"canonical":"https:\/\/www.justiceinfo.net\/en\/77353-rwanda-genocide-commemorations-political-diplomatic-agendas.html","og_locale":"en_US","og_type":"article","og_title":"In Rwanda, genocide commemorations are infused with political and diplomatic agendas","og_description":"Rwandan President Paul Kagame is visiting Paris this Monday and Tuesday, amidst a warming of diplomatic relations between the two countries. French President Emmanuel Macron is expected to visit Kigali the following week. In this context, the publication of reports and commemorations of the 1994 genocide of the Tutsis must be read in light of diplomatic agendas, writes French researcher Andr\u00e9 Guichaoua.","og_url":"https:\/\/www.justiceinfo.net\/en\/77353-rwanda-genocide-commemorations-political-diplomatic-agendas.html","og_site_name":"JusticeInfo.net","article_publisher":"https:\/\/www.facebook.com\/JusticeInfo\/","article_published_time":"2021-05-17T08:45:07+00:00","article_modified_time":"2026-01-02T09:30:01+00:00","og_image":[{"width":1200,"height":800,"url":"https:\/\/www.justiceinfo.net\/wp-content\/uploads\/France-Rwanda_Macron-Kagame_@Francois-Mori-Pool-AFP.jpg","type":"image\/jpeg"}],"author":"Andr\u00e9 Guichaoua","twitter_card":"summary_large_image","twitter_creator":"@justiceinfonet","twitter_site":"@justiceinfonet","twitter_misc":{"Written by":"Andr\u00e9 Guichaoua","Est. reading time":"15 minutes"},"schema":{"@context":"https:\/\/schema.org","@graph":[{"@type":"NewsArticle","@id":"https:\/\/www.justiceinfo.net\/en\/77353-rwanda-genocide-commemorations-political-diplomatic-agendas.html#article","isPartOf":{"@id":"https:\/\/www.justiceinfo.net\/en\/77353-rwanda-genocide-commemorations-political-diplomatic-agendas.html"},"author":{"name":"solivri","@id":"https:\/\/www.justiceinfo.net\/en\/#\/schema\/person\/6e53cba1629e2e66f3fc1821d3091865"},"headline":"In Rwanda, genocide commemorations are infused with political and diplomatic agendas","datePublished":"2021-05-17T08:45:07+00:00","dateModified":"2026-01-02T09:30:01+00:00","mainEntityOfPage":{"@id":"https:\/\/www.justiceinfo.net\/en\/77353-rwanda-genocide-commemorations-political-diplomatic-agendas.html"},"wordCount":2705,"publisher":{"@id":"https:\/\/www.justiceinfo.net\/en\/#organization"},"image":{"@id":"https:\/\/www.justiceinfo.net\/en\/77353-rwanda-genocide-commemorations-political-diplomatic-agendas.html#primaryimage"},"thumbnailUrl":"https:\/\/www.justiceinfo.net\/wp-content\/uploads\/France-Rwanda_Macron-Kagame_@Francois-Mori-Pool-AFP.jpg","keywords":["Emmanuel Macron","genocide","Paul Kagame","politics"],"articleSection":["Memory","Opinion"],"inLanguage":"en-US"},{"@type":"WebPage","@id":"https:\/\/www.justiceinfo.net\/en\/77353-rwanda-genocide-commemorations-political-diplomatic-agendas.html","url":"https:\/\/www.justiceinfo.net\/en\/77353-rwanda-genocide-commemorations-political-diplomatic-agendas.html","name":"In Rwanda, genocide commemorations are infused with political and diplomatic agendas - JusticeInfo.net","isPartOf":{"@id":"https:\/\/www.justiceinfo.net\/en\/#website"},"primaryImageOfPage":{"@id":"https:\/\/www.justiceinfo.net\/en\/77353-rwanda-genocide-commemorations-political-diplomatic-agendas.html#primaryimage"},"image":{"@id":"https:\/\/www.justiceinfo.net\/en\/77353-rwanda-genocide-commemorations-political-diplomatic-agendas.html#primaryimage"},"thumbnailUrl":"https:\/\/www.justiceinfo.net\/wp-content\/uploads\/France-Rwanda_Macron-Kagame_@Francois-Mori-Pool-AFP.jpg","datePublished":"2021-05-17T08:45:07+00:00","dateModified":"2026-01-02T09:30:01+00:00","description":"Rwandan President Paul Kagame is visiting Paris this Monday and Tuesday, amidst a warming of diplomatic relations between the two countries. French President Emmanuel Macron is expected to visit Kigali the following week. In this context, the publication of reports and commemorations of the 1994 genocide of the Tutsis must be read in light of diplomatic agendas, writes French researcher Andr\u00e9 Guichaoua.","breadcrumb":{"@id":"https:\/\/www.justiceinfo.net\/en\/77353-rwanda-genocide-commemorations-political-diplomatic-agendas.html#breadcrumb"},"inLanguage":"en-US","potentialAction":[{"@type":"ReadAction","target":["https:\/\/www.justiceinfo.net\/en\/77353-rwanda-genocide-commemorations-political-diplomatic-agendas.html"]}]},{"@type":"ImageObject","inLanguage":"en-US","@id":"https:\/\/www.justiceinfo.net\/en\/77353-rwanda-genocide-commemorations-political-diplomatic-agendas.html#primaryimage","url":"https:\/\/www.justiceinfo.net\/wp-content\/uploads\/France-Rwanda_Macron-Kagame_@Francois-Mori-Pool-AFP.jpg","contentUrl":"https:\/\/www.justiceinfo.net\/wp-content\/uploads\/France-Rwanda_Macron-Kagame_@Francois-Mori-Pool-AFP.jpg","width":1200,"height":800,"caption":"Rwandan President Paul Kagame and his French counterpart in May 2018. The diplomatic warming initiated since the election of Emmanuel Macron could lead the latter, during a visit to Kigali next week, to present apologies from France for its role in the 1994 genocide. \u00a9 Fran\u00e7ois Mori \/ Pool \/ AFP"},{"@type":"BreadcrumbList","@id":"https:\/\/www.justiceinfo.net\/en\/77353-rwanda-genocide-commemorations-political-diplomatic-agendas.html#breadcrumb","itemListElement":[{"@type":"ListItem","position":1,"name":"Home","item":"https:\/\/www.justiceinfo.net\/en"},{"@type":"ListItem","position":2,"name":"In Rwanda, genocide commemorations are infused with political and diplomatic agendas"}]},{"@type":"WebSite","@id":"https:\/\/www.justiceinfo.net\/en\/#website","url":"https:\/\/www.justiceinfo.net\/en\/","name":"JusticeInfo.net","description":"For justice to be done, it must be seen","publisher":{"@id":"https:\/\/www.justiceinfo.net\/en\/#organization"},"potentialAction":[{"@type":"SearchAction","target":{"@type":"EntryPoint","urlTemplate":"https:\/\/www.justiceinfo.net\/en\/?s={search_term_string}"},"query-input":{"@type":"PropertyValueSpecification","valueRequired":true,"valueName":"search_term_string"}}],"inLanguage":"en-US"},{"@type":"Organization","@id":"https:\/\/www.justiceinfo.net\/en\/#organization","name":"Justice Info","url":"https:\/\/www.justiceinfo.net\/en\/","logo":{"@type":"ImageObject","inLanguage":"en-US","@id":"https:\/\/www.justiceinfo.net\/en\/#\/schema\/logo\/image\/","url":"https:\/\/www.justiceinfo.net\/wp-content\/uploads\/justiceinfo_logo-trans_1200x1200px.png","contentUrl":"https:\/\/www.justiceinfo.net\/wp-content\/uploads\/justiceinfo_logo-trans_1200x1200px.png","width":1199,"height":1200,"caption":"Justice Info"},"image":{"@id":"https:\/\/www.justiceinfo.net\/en\/#\/schema\/logo\/image\/"},"sameAs":["https:\/\/www.facebook.com\/JusticeInfo\/","https:\/\/x.com\/justiceinfonet","https:\/\/www.linkedin.com\/company\/justice-info","https:\/\/www.youtube.com\/channel\/UCyCEsARodyuWtkWyhn-e7pA"]},{"@type":"Person","name":"Andr\u00e9 Guichaoua","url":"\/en\/?s=Andr\u00e9 Guichaoua"}]}},"_links":{"self":[{"href":"https:\/\/www.justiceinfo.net\/en\/wp-json\/wp\/v2\/posts\/77353","targetHints":{"allow":["GET"]}}],"collection":[{"href":"https:\/\/www.justiceinfo.net\/en\/wp-json\/wp\/v2\/posts"}],"about":[{"href":"https:\/\/www.justiceinfo.net\/en\/wp-json\/wp\/v2\/types\/post"}],"author":[{"embeddable":true,"href":"https:\/\/www.justiceinfo.net\/en\/wp-json\/wp\/v2\/users\/64"}],"replies":[{"embeddable":true,"href":"https:\/\/www.justiceinfo.net\/en\/wp-json\/wp\/v2\/comments?post=77353"}],"version-history":[{"count":10,"href":"https:\/\/www.justiceinfo.net\/en\/wp-json\/wp\/v2\/posts\/77353\/revisions"}],"predecessor-version":[{"id":119442,"href":"https:\/\/www.justiceinfo.net\/en\/wp-json\/wp\/v2\/posts\/77353\/revisions\/119442"}],"wp:featuredmedia":[{"embeddable":true,"href":"https:\/\/www.justiceinfo.net\/en\/wp-json\/wp\/v2\/media\/77337"}],"wp:attachment":[{"href":"https:\/\/www.justiceinfo.net\/en\/wp-json\/wp\/v2\/media?parent=77353"}],"wp:term":[{"taxonomy":"category","embeddable":true,"href":"https:\/\/www.justiceinfo.net\/en\/wp-json\/wp\/v2\/categories?post=77353"},{"taxonomy":"post_tag","embeddable":true,"href":"https:\/\/www.justiceinfo.net\/en\/wp-json\/wp\/v2\/tags?post=77353"},{"taxonomy":"ji_location","embeddable":true,"href":"https:\/\/www.justiceinfo.net\/en\/wp-json\/wp\/v2\/ji_location?post=77353"}],"curies":[{"name":"wp","href":"https:\/\/api.w.org\/{rel}","templated":true}]}}