{"id":79049,"date":"2021-06-24T11:18:03","date_gmt":"2021-06-24T09:18:03","guid":{"rendered":"https:\/\/www.justiceinfo.net\/?p=79049"},"modified":"2021-06-24T11:19:45","modified_gmt":"2021-06-24T09:19:45","slug":"colombia-day-president-santos-asked-forgiveness","status":"publish","type":"post","link":"https:\/\/www.justiceinfo.net\/en\/79049-colombia-day-president-santos-asked-forgiveness.html","title":{"rendered":"Colombia: the day when president Santos asked for forgiveness"},"content":{"rendered":"\n<p><strong><strong><strong>On Friday June 11th, former President and Nobel Peace prize laureate Juan Manuel Santos appeared before Colombia\u2019s Truth and Reconciliation Commission to ask for forgiveness for the extrajudicial executions that happened during his watch as Defence Minister between 2006 and 2009. A momentous occasion, that left many questions.<\/strong><\/strong><\/strong><\/p>\n\n\n\n<!--more-->\n\n\n\n<p>\u201cI am left with the remorse and deep regret that during my period as minister many, many mothers (\u2026) lost their children. This should have never happened,\u201d Juan Manuel Santos gravely stated. This was the end of <a href=\"https:\/\/comisiondelaverdad.co\/actualidad\/noticias\/juan-manuel-santos-falsos-positivos-pido-perdon-mas-profundo-alma\">an almost two-hour speech<\/a> in which Colombia\u2019s president between 2010 and 2018 detailed how he became aware that civilians were being murdered by military officials and unlawfully passed off as rebels killed in combat, and how he took steps to put an end to these atrocities. \u201cI acknowledge this and I ask forgiveness from the depths of my soul to all the mothers and the families who were victims of this horror. May this never, ever happen again,\u201d were the final words of Santos\u2019s remarks.<\/p>\n\n\n\n<p>As he left the lectern and sat down, a visibly shaken Truth and Reconciliation Commission (TRC) chairman struggled to translate his emotions into words. \u201cIt is very rare for a president of the Republic to ask for forgiveness, to personally acknowledge responsibility, to feel moral responsibility and the pain of victims\u201d, Jesuit priest Francisco de Roux said.<\/p>\n\n\n\n<h2 class=\"wp-block-heading\">A President before the TRC<\/h2>\n\n\n\n<p>Santos, who was Defence Minister before his 2010 election, voluntarily went to the TRC to address his role during a tragedy that has appalled Colombians for over a decade and that became euphemistically known as \u2018<a href=\"https:\/\/www.justiceinfo.net\/en\/74709-colombia-false-positive-number-political-storm.html\">false positives<\/a>\u2019. Behind that misnomer lays a macabre practice: at least 6.402 civilians were murdered by state agents between 2002 and 2008, according to recent preliminary findings by the Special Jurisdiction for Peace (JEP), the judicial arm of Colombia\u2019s transitional justice, which have sparked outrage in the country.<\/p>\n\n\n\n<p>Even though it was Santos who signed the landmark 2016 peace deal with the Revolutionary Armed Forces of Colombia (FARC) and has been a staunch defender of the transitional justice system stemming from it, it is still much rarer for former presidents and other civilian political leaders to admit their responsibility than for soldiers and former combatants.<\/p>\n\n\n\n<h2 class=\"wp-block-heading\">\u201cI have come to tell you my truth\u201d<\/h2>\n\n\n\n<p>Santos\u2019s speech, poignant at times and self-centred at others, illustrates his own complexities. As he said at the outset, \u201cI have come to tell you my truth.\u201d He also settled some political scores in the process, underscoring how different his views on the armed conflict were with then president \u00c1lvaro Uribe, his erstwhile boss and political godfather turned into his nemesis. He characterised Juan Carlos Pinz\u00f3n, his now estranged former private secretary and a vice-minister at the time, as having been in favour of denying all wrongdoing within the Colombian Army. While that may be true, it doesn\u2019t explain why Santos would later name him chief of staff, ambassador in Washington and, of all things, Defence Minister for four years \u2013 right during the peace negotiations.<\/p>\n\n\n\n<h2 class=\"wp-block-heading\">Spotlight on corrective steps<\/h2>\n\n\n\n<p>The brunt of Santos\u2019s appearance before the TRC was devoted to explaining, in painstaking detail, the corrective measures taken by him, his vice-minister Sergio Jaramillo and his team of advisors. In his words, \u201can account of how we investigated, denounced and put an end to false positives.\u201d<\/p>\n\n\n\n<p>A key aspect of the Colombian <a href=\"https:\/\/comisiondelaverdad.co\/la-comision\/mandato-y-funciones\">TRC\u2019s mandate<\/a> is to identify moral actions and positive transformations carried out by victims, communities and institutions during the conflict. This task was included in the peace deal in a bid to ensure that the commission would not only investigate wrenching episodes, but also document inspiring and empowering stories. Unfortunately, the TRC has so far made little headway on this, according to a <a href=\"https:\/\/883ff833-f600-42c2-9780-e8c06ea212bb.usrfiles.com\/ugd\/883ff8_51ded3a60c0c4ddf9a7bd1adb7ff2fd0.pdf\">recent congressional report<\/a>.<\/p>\n\n\n\n<p>Over two hours, Santos described the <a href=\"https:\/\/revistas.uniandes.edu.co\/doi\/full\/10.29263\/lar01.2018.02\">different changes<\/a> that took place after he entered Uribe\u2019s government. First, inspectors were named in every single of the Army\u2019s divisions to facilitate internal investigations and the Defence Ministry\u2019s human rights office was elevated in rank. The first human rights and international humanitarian law policy for the military was drafted, bringing in operational legal advisors to counsel commanders during the planning of military operations. The Ministry also drafted Colombia\u2019s first ever operational law handbook detailing rules of engagement and overhauled incentives, scrapping body counts and favouring demobilisations and arrests over kills. The length of training and rest periods was reformed after being deemed insufficient. And dozens of military officers were ousted, including three generals and four colonels.<\/p>\n\n\n\n<div class=\"wp-block-image\"><figure class=\"alignleft size-large is-resized\"><a href=\"https:\/\/www.justiceinfo.net\/en\/74709-colombia-false-positive-number-political-storm.html\"><img loading=\"lazy\" decoding=\"async\" src=\"https:\/\/www.justiceinfo.net\/wp-content\/uploads\/Colombia_6402_@JusticeInfo.jpg\" alt=\"Graph showing the volume of extrajudicial executions over time in Colombia\" class=\"wp-image-74692\" width=\"350\" height=\"233\" srcset=\"https:\/\/www.justiceinfo.net\/wp-content\/uploads\/Colombia_6402_@JusticeInfo.jpg 1200w, https:\/\/www.justiceinfo.net\/wp-content\/uploads\/Colombia_6402_@JusticeInfo-540x360.jpg 540w, https:\/\/www.justiceinfo.net\/wp-content\/uploads\/Colombia_6402_@JusticeInfo-730x487.jpg 730w, https:\/\/www.justiceinfo.net\/wp-content\/uploads\/Colombia_6402_@JusticeInfo-1110x740.jpg 1110w\" sizes=\"auto, (max-width: 350px) 100vw, 350px\" \/><\/a><figcaption>A peak of \"false positives\" was reached in 2007. Three of the JEP\u2019s primary database sources \u2013 the Attorney General\u2019s Office (yellow), the National Centre for Historic Memory (grey) and the coalition of human rights organisations (orange)<br>\u2013 reflect similar extrajudicial executions patterns over time. \u00a9 JEP \/ JusticeInfo.net<\/figcaption><\/figure><\/div>\n\n\n\n<p>Many of these changes were instituted with help from outside, most notably from the UN Human Rights Office and the International Committee of the Red Cross (ICRC), whose officials were allowed to tour military units to contrast information. This array of corrective measures - which in hindsight might have legally saved both Uribe and Santos \u2013 may explain why, as Colombia\u2019s special peace tribunal <a href=\"https:\/\/www.justiceinfo.net\/en\/74709-colombia-false-positive-number-political-storm.html\">highlighted<\/a> in its prioritisation plan, there was a significant 92% drop in cases between 2007 and 2009. \u201cI genuinely believe that the fundamental goal of ending false positives was achieved,\u201d Santos said, at one point displaying the <a href=\"https:\/\/www.justiceinfo.net\/en\/74709-colombia-false-positive-number-political-storm.html\">JEP\u2019s graph<\/a>, while admitting that \u201cdespite having done everything humanely and legally possible, we weren\u2019t able to end them at once.\u201d<\/p>\n\n\n\n<h2 class=\"wp-block-heading\">Unsung heroes<\/h2>\n\n\n\n<p>A particularly poignant part of Santos\u2019s account focused on highlighting the roles played by persons who, far from public scrutiny, made great and often overlooked efforts to bring these crimes to justice.<\/p>\n\n\n\n<p>One of them was General Carlos Arturo Su\u00e1rez, who was tapped to lead a fact-finding mission that investigated several emblematic cases and whose findings \u2013 known as the \u201cSu\u00e1rez Report\u201d - laid the ground for reforms. One episode he detailed was the murder of a <a href=\"https:\/\/www.justiceinfo.net\/en\/74709-colombia-false-positive-number-political-storm.html\">dozen youngsters<\/a> from the city of Soacha, who were duped with fake job offers by state agents and murdered 635 kilometres away from their homes, some of them deliberately targeted because they had mental health illnesses or problematic drug use.<\/p>\n\n\n\n<p>Another anonymous hero was Luz Marina Gil, who in September 2006 became the first civilian \u2013 and woman - to lead the military justice system. The <a href=\"https:\/\/www.eltiempo.com\/archivo\/documento\/MAM-2199558\">daughter<\/a> of a general, this former Defence Ministry attorney transfered hundreds of investigations into human rights violations to the ordinary justice, following a Constitutional Court ruling that had been rarely observed before.She was the first to enforce an order bringing in civilian judicial police investigators to process combat zones as crime scenes, before anyone else came along.<\/p>\n\n\n\n<p>Finally, there is Carlos Franco, a former Popular Liberation Army (EPL) rebel who signed a peace deal in 1991 and who headed the human rights office in the Vice-Presidency. He managed to establish that nine of the Soacha youngsters reported as missing were presented as combat kills days later in northeast Colombia. His inquiries paved the way for the uncovering of one of the most disturbing patterns of the scandal.<\/p>\n\n\n\n<h2 class=\"wp-block-heading\">What Santos left out<\/h2>\n\n\n\n<p>Given Santos\u2019s focus on numbering scores of directives and decisions, many Colombians saw his appearance as somewhat staged and detached. For several observers, his reconstruction of corrective measures is very valuable, but fails to address the policies that rendered them necessary in the first place.<\/p>\n\n\n\n<p>\u201cWe\u2019re still finding missing pieces in this puzzle\u201d, says Mar\u00eda Emma Wills, a former National Centre for Historic Memory researcher. \u201cAny public policy has three key moments: when it is conceived, when it becomes ingrained within an institution and when it\u2019s monitored. Beyond the documents, who took part in discussions about such a discredited policy like body counts and how did they unfold? What were the arguments? Did anyone follow-up on its results?\u201d<\/p>\n\n\n\n<p>Santos did mention some likely causes, including perverse incentives such as body counts and prizes, a sustained pressure to increase combat kills (which he dubbed \u201cthe original sin\u201d) and president Uribe\u2019s belief that the FARC had to be obliterated, instead of driven to a negotiation table. But \u201che only addressed the causes superficially. It\u2019s a fact that there was an exponential increase in these executions, which means something had to trigger it. Yet that something is still not clear,\u201d says Silvia Serrano, an international human rights law expert who teaches at Georgetown University.<\/p>\n\n\n\n<p>Santos\u2019s description of false positives as something \u201cinconceivable\u201d, is problematic in Serrano\u2019s view. In particular, she cites a 2018 Inter-American Court of Human Rights <a href=\"https:\/\/www.corteidh.or.cr\/docs\/casos\/articulos\/seriec_364_esp.pdf\">ruling against Colombia<\/a>, which determined that in five extrajudicial executions dating back to the 1990s, public institutions had warned about evidence of feigned combats. \u201cSaying that it\u2019s so hard to imagine this could happen that it wasn\u2019t believable, is not plausible when you\u2019re an experienced public servant,\u201d says Serrano, who worked for 14 years as an attorney at the Inter-American Commission on Human Rights. \u201cThe contextual information was there: when Santos realised, upon arriving, that these incentives and pressure to increase combat kills existed, he should have known that they could lead to these consequences.\u201d<\/p>\n\n\n\n<h2 class=\"wp-block-heading\">\u201cWho gave the order?\u201d<\/h2>\n\n\n\n<p>Santos\u2019s speech underscored how difficult it will be to meet many victims\u2019 expectations. A few have reacted negatively to his words. Luz Marina Bernal, one of the mothers of Soacha whose 26-year-old son <a href=\"https:\/\/centrodememoriahistorica.gov.co\/por-fair-leonardo-porras-nunca-mas\">Fair Leonardo Porras<\/a> was murdered in January 2008, <a href=\"https:\/\/www.desdeabajo.info\/colombia\/item\/42703-ante-el-testimonio-de-juan-manuel-santos-en-la-comision-de-la-verdad.html\">described<\/a> it as \u201ca cold, calculating and imposed request for forgiveness\u201d only meant to \u201ccleanse his image\u201d.<\/p>\n\n\n\n<p>\u201cI\u2019d like him to explain how it can be that a widespread criminal practice that has been going on since the 1980s, denounced in Colombia and abroad, backed by court rulings, could in 2006 only be - in his words - \u2018rumours\u2019 supported by \u2018weak evidence\u2019,\u201d she said. Her organisation, the Mothers of False Positives, has been using the rallying cry \u2018Who gave the order?\u2019 and painting murals throughout the country, elevating the pressure to identify those most responsible for their sons\u2019 murders. In her view, Santos and Uribe should both be tried.<\/p>\n\n\n\n<figure class=\"wp-block-embed is-type-rich is-provider-twitter wp-block-embed-twitter\"><div class=\"wp-block-embed__wrapper\">\n<blockquote class=\"twitter-tweet\" data-width=\"500\" data-dnt=\"true\"><p lang=\"es\" dir=\"ltr\">Sorpresa matarife. \u00a1Aqu\u00ed estamos! <br>En la calle 80 con cra 30 estamos record\u00e1ndole al mundo que sabemos quien dio la orden. Te podr\u00e1s librar de la justicia de los hombres pero no de la justicia divina. \u00a1Mafapo no se rinde carajo! <a href=\"https:\/\/t.co\/ct0FI1GkkA\">pic.twitter.com\/ct0FI1GkkA<\/a><\/p>&mdash; Madres Falsos Positivos de Colombia (@MAFAPOCOLOMBIA) <a href=\"https:\/\/twitter.com\/MAFAPOCOLOMBIA\/status\/1367959401315860483?ref_src=twsrc%5Etfw\">March 5, 2021<\/a><\/blockquote><script async src=\"https:\/\/platform.twitter.com\/widgets.js\" charset=\"utf-8\"><\/script>\n<\/div><\/figure>\n\n\n\n<p>Although Porras\u2019s murder came to light in August 2008, it was a different case which Santos cited as the moment when he said he understood the full scope of what was happening. Some weeks before, Santos recounted, the UN had facilitated a meeting between the then minister, his top military commander General Freddy Padilla and a soldier, who told them the tragic story of how his 67-year-old father Aicardo Ortiz had been murdered and presented as a dead rebel. \u201cFor the first time, the reality of false positives stared us in the face,\u201d he said, underscoring how it took the case of a victim from within the Army to drive the point home.<\/p>\n\n\n\n<p>To Mar\u00eda Emma Wills, Santos\u2019s testimony underscores how Colombian institutions often ignore or discredit those voices who warn about major problems, a reality compounded by the fact that the country doesn\u2019t encourage or protect whistle-blowers. In her view, this is one of the <a href=\"https:\/\/razonpublica.com\/santos-dice-verdad-los-falsos-positivos-dijo-poco-dijo-mucho\/\">key takeaways<\/a> to ensure non-recurrence of violence in the future. \u201cWho you believe has to do with with those constructed loyalties and instilled mentalities: we need to understand where they come from and how they operate\u201d, she argues.<\/p>\n\n\n\n<h2 class=\"wp-block-heading\">Will other presidents come forward?<\/h2>\n\n\n\n<p>Santos\u2019s appearance before the TRC inevitably kicked off another question: will his predecessor - and the peace deal\u2019s most formidable critic - Uribe do so too?<\/p>\n\n\n\n<p>In an <a href=\"https:\/\/www.semana.com\/nacion\/articulo\/el-ejercito-no-debe-pedir-perdon-por-los-falsos-positivos-como-institucion-alvaro-uribe\/202123\/\">interview<\/a> last week, Uribe ruled out speaking to the truth commission, defended his corrective measures and emphasised that he had already asked the mothers of Soacha for forgiveness. Anyhow, Father de Roux <a href=\"https:\/\/twitter.com\/FranciscoDeRoux\/status\/1404103635492028419?ref_src=twsrc%5Etfw%7Ctwcamp%5Etweetembed%7Ctwterm%5E1404103635492028419%7Ctwgr%5E%7Ctwcon%5Es1_&amp;ref_url=https%3A%2F%2Fwww.eltiempo.com%2Funidad-investigativa%2Ffalsos-positivos-alvaro\">reiterated<\/a> the TRC\u2019s openness to listen to him.<\/p>\n\n\n\n<p>Ernesto Samper, one other former president had already gone before the TRC, but the value of his truth-telling is far from clear. On <a href=\"https:\/\/www.elespectador.com\/colombia-20\/paz-y-memoria\/la-infiltracion-de-dineros-del-narcotrafico-en-mi-campana-fue-una-operacion-nacional-samper-article\/\">two occasions<\/a>, Samper tried to appear forthcoming and defended truth as a necessary contribution to national reconciliation. But he shied away from detailing the controversial aspects of his presidency between 1994 and 1998, including the judicially proven links between the Cali drug cartel and his electoral campaign, or what led to the strong uptick in Colombia\u2019s number of victims, which more than tripled during his term to over 300,000 per year.<\/p>\n\n\n\n<h2 class=\"wp-block-heading\">A ticking clock<\/h2>\n\n\n\n<p>In a sign of how urgent these missing truths are, one of the better-known victims of false positives <a href=\"https:\/\/www.elespectador.com\/colombia\/murio-por-covid-19-don-raul-carvajal-quien-reclamo-la-verdad-por-el-asesinato-de-su-hijo\/\">died of Covid-19<\/a> one day after Santos\u2019s speech. For over a decade, pedestrians in downtown Bogota became used to the sight of an old Dodge truck plastered with photos and press cutouts. It was 73-year-old greengrocer Ra\u00fal Carvajal\u2019s way of calling attention to the plight of his son, corporal Ra\u00fal Antonio Carvajal, who he believed was murdered by fellow soldiers in 2006 after refusing to participate in extrajudicial executions.<\/p>\n\n\n\n<p>Officially considered to have died in the middle of a combat, his father \u2018Don Ra\u00fal\u2019 \u2013 as Bogotanos affectionately called him - sought information that would help him prove what really happened. The kind of truths that the TRC is hoping to shed light on, although its clock is also quickly winding down towards the end of its three-year mandate in November.<\/p>\n","protected":false},"excerpt":{"rendered":"<p>On Friday June 11th, former President and Nobel Peace prize laureate Juan Manuel Santos appeared before Colombia\u2019s Truth and Reconciliation Commission to ask for forgiveness for the extrajudicial executions that happened during his watch as Defence Minister between 2006 and 2009. A momentous occasion, that left many questions.<\/p>\n","protected":false},"author":74,"featured_media":79035,"comment_status":"closed","ping_status":"closed","sticky":false,"template":"","format":"standard","meta":{"_acf_changed":false,"footnotes":""},"categories":[542],"tags":[2895],"ji_location":[2177],"class_list":["post-79049","post","type-post","status-publish","format-standard","has-post-thumbnail","hentry","category-truth-commissions","tag-juan-manuel-santos","ji_location-colombia"],"acf":[],"yoast_head":"<!-- This site is optimized with the Yoast SEO Premium plugin v25.3.1 (Yoast SEO v25.3.1) - https:\/\/yoast.com\/wordpress\/plugins\/seo\/ -->\n<title>Colombia: the day when president Santos asked for forgiveness - JusticeInfo.net<\/title>\n<meta name=\"description\" content=\"On Friday June 11th, former President and Nobel Peace prize laureate Juan Manuel Santos appeared before Colombia\u2019s Truth and Reconciliation Commission to ask for forgiveness for the extrajudicial executions that happened during his watch as Defence Minister between 2006 and 2009. A momentous occasion, that left many questions.\" \/>\n<meta name=\"robots\" content=\"index, follow, max-snippet:-1, max-image-preview:large, max-video-preview:-1\" \/>\n<link rel=\"canonical\" href=\"https:\/\/www.justiceinfo.net\/en\/79049-colombia-day-president-santos-asked-forgiveness.html\" \/>\n<meta property=\"og:locale\" content=\"en_US\" \/>\n<meta property=\"og:type\" content=\"article\" \/>\n<meta property=\"og:title\" content=\"Colombia: the day when president Santos asked for forgiveness\" \/>\n<meta property=\"og:description\" content=\"On Friday June 11th, former President and Nobel Peace prize laureate Juan Manuel Santos appeared before Colombia\u2019s Truth and Reconciliation Commission to ask for forgiveness for the extrajudicial executions that happened during his watch as Defence Minister between 2006 and 2009. A momentous occasion, that left many questions.\" \/>\n<meta property=\"og:url\" content=\"https:\/\/www.justiceinfo.net\/en\/79049-colombia-day-president-santos-asked-forgiveness.html\" \/>\n<meta property=\"og:site_name\" content=\"JusticeInfo.net\" \/>\n<meta property=\"article:publisher\" content=\"https:\/\/www.facebook.com\/JusticeInfo\/\" \/>\n<meta property=\"article:published_time\" content=\"2021-06-24T09:18:03+00:00\" \/>\n<meta property=\"article:modified_time\" content=\"2021-06-24T09:19:45+00:00\" \/>\n<meta property=\"og:image\" content=\"https:\/\/www.justiceinfo.net\/wp-content\/uploads\/Santos-de-Colombie-e1624516423387.jpg\" \/>\n\t<meta property=\"og:image:width\" content=\"1280\" \/>\n\t<meta property=\"og:image:height\" content=\"853\" \/>\n\t<meta property=\"og:image:type\" content=\"image\/jpeg\" \/>\n<meta name=\"author\" content=\"Andr\u00e9s Berm\u00fadez Li\u00e9vano\" \/>\n<meta name=\"twitter:card\" content=\"summary_large_image\" \/>\n<meta name=\"twitter:creator\" content=\"@bermudezlievano\" \/>\n<meta name=\"twitter:site\" content=\"@justiceinfonet\" \/>\n<meta name=\"twitter:label1\" content=\"Written by\" \/>\n\t<meta name=\"twitter:data1\" content=\"Andr\u00e9s Berm\u00fadez Li\u00e9vano \" \/>\n\t<meta name=\"twitter:label2\" content=\"Est. reading time\" \/>\n\t<meta name=\"twitter:data2\" content=\"10 minutes\" \/>\n<script type=\"application\/ld+json\" class=\"yoast-schema-graph\">{\"@context\":\"https:\/\/schema.org\",\"@graph\":[{\"@type\":\"NewsArticle\",\"@id\":\"https:\/\/www.justiceinfo.net\/en\/79049-colombia-day-president-santos-asked-forgiveness.html#article\",\"isPartOf\":{\"@id\":\"https:\/\/www.justiceinfo.net\/en\/79049-colombia-day-president-santos-asked-forgiveness.html\"},\"author\":{\"name\":\"Andr\u00e9s Berm\u00fadez Li\u00e9vano\",\"@id\":\"https:\/\/www.justiceinfo.net\/en\/#\/schema\/person\/c18ea792350557b20c68f8d655e3ea21\"},\"headline\":\"Colombia: the day when president Santos asked for forgiveness\",\"datePublished\":\"2021-06-24T09:18:03+00:00\",\"dateModified\":\"2021-06-24T09:19:45+00:00\",\"mainEntityOfPage\":{\"@id\":\"https:\/\/www.justiceinfo.net\/en\/79049-colombia-day-president-santos-asked-forgiveness.html\"},\"wordCount\":2225,\"publisher\":{\"@id\":\"https:\/\/www.justiceinfo.net\/en\/#organization\"},\"image\":{\"@id\":\"https:\/\/www.justiceinfo.net\/en\/79049-colombia-day-president-santos-asked-forgiveness.html#primaryimage\"},\"thumbnailUrl\":\"https:\/\/www.justiceinfo.net\/wp-content\/uploads\/Santos-de-Colombie-e1624516423387.jpg\",\"keywords\":[\"Juan Manuel Santos\"],\"articleSection\":[\"Truth Commissions\"],\"inLanguage\":\"en-US\"},{\"@type\":\"WebPage\",\"@id\":\"https:\/\/www.justiceinfo.net\/en\/79049-colombia-day-president-santos-asked-forgiveness.html\",\"url\":\"https:\/\/www.justiceinfo.net\/en\/79049-colombia-day-president-santos-asked-forgiveness.html\",\"name\":\"Colombia: the day when president Santos asked for forgiveness - JusticeInfo.net\",\"isPartOf\":{\"@id\":\"https:\/\/www.justiceinfo.net\/en\/#website\"},\"primaryImageOfPage\":{\"@id\":\"https:\/\/www.justiceinfo.net\/en\/79049-colombia-day-president-santos-asked-forgiveness.html#primaryimage\"},\"image\":{\"@id\":\"https:\/\/www.justiceinfo.net\/en\/79049-colombia-day-president-santos-asked-forgiveness.html#primaryimage\"},\"thumbnailUrl\":\"https:\/\/www.justiceinfo.net\/wp-content\/uploads\/Santos-de-Colombie-e1624516423387.jpg\",\"datePublished\":\"2021-06-24T09:18:03+00:00\",\"dateModified\":\"2021-06-24T09:19:45+00:00\",\"description\":\"On Friday June 11th, former President and Nobel Peace prize laureate Juan Manuel Santos appeared before Colombia\u2019s Truth and Reconciliation Commission to ask for forgiveness for the extrajudicial executions that happened during his watch as Defence Minister between 2006 and 2009. A momentous occasion, that left many questions.\",\"breadcrumb\":{\"@id\":\"https:\/\/www.justiceinfo.net\/en\/79049-colombia-day-president-santos-asked-forgiveness.html#breadcrumb\"},\"inLanguage\":\"en-US\",\"potentialAction\":[{\"@type\":\"ReadAction\",\"target\":[\"https:\/\/www.justiceinfo.net\/en\/79049-colombia-day-president-santos-asked-forgiveness.html\"]}]},{\"@type\":\"ImageObject\",\"inLanguage\":\"en-US\",\"@id\":\"https:\/\/www.justiceinfo.net\/en\/79049-colombia-day-president-santos-asked-forgiveness.html#primaryimage\",\"url\":\"https:\/\/www.justiceinfo.net\/wp-content\/uploads\/Santos-de-Colombie-e1624516423387.jpg\",\"contentUrl\":\"https:\/\/www.justiceinfo.net\/wp-content\/uploads\/Santos-de-Colombie-e1624516423387.jpg\",\"width\":1280,\"height\":853,\"caption\":\"\\\"Durante mi ministerio muchas, much\u00edsimas madres (...) perdieron a sus hijos. Lo reconozco y les pido perd\u00f3n\\\", declar\u00f3 el ex presidente Juan Manuel Santos el 11 de junio ante la Comisi\u00f3n de la Verdad y la Reconciliaci\u00f3n de Colombia. \u00a9 Comisi\u00f3n de la Verdad\"},{\"@type\":\"BreadcrumbList\",\"@id\":\"https:\/\/www.justiceinfo.net\/en\/79049-colombia-day-president-santos-asked-forgiveness.html#breadcrumb\",\"itemListElement\":[{\"@type\":\"ListItem\",\"position\":1,\"name\":\"Home\",\"item\":\"https:\/\/www.justiceinfo.net\/en\"},{\"@type\":\"ListItem\",\"position\":2,\"name\":\"Colombia: the day when president Santos asked for forgiveness\"}]},{\"@type\":\"WebSite\",\"@id\":\"https:\/\/www.justiceinfo.net\/en\/#website\",\"url\":\"https:\/\/www.justiceinfo.net\/en\/\",\"name\":\"JusticeInfo.net\",\"description\":\"For justice to be done, it must be seen\",\"publisher\":{\"@id\":\"https:\/\/www.justiceinfo.net\/en\/#organization\"},\"potentialAction\":[{\"@type\":\"SearchAction\",\"target\":{\"@type\":\"EntryPoint\",\"urlTemplate\":\"https:\/\/www.justiceinfo.net\/en\/?s={search_term_string}\"},\"query-input\":{\"@type\":\"PropertyValueSpecification\",\"valueRequired\":true,\"valueName\":\"search_term_string\"}}],\"inLanguage\":\"en-US\"},{\"@type\":\"Organization\",\"@id\":\"https:\/\/www.justiceinfo.net\/en\/#organization\",\"name\":\"Justice Info\",\"url\":\"https:\/\/www.justiceinfo.net\/en\/\",\"logo\":{\"@type\":\"ImageObject\",\"inLanguage\":\"en-US\",\"@id\":\"https:\/\/www.justiceinfo.net\/en\/#\/schema\/logo\/image\/\",\"url\":\"https:\/\/www.justiceinfo.net\/wp-content\/uploads\/justiceinfo_logo-trans_1200x1200px.png\",\"contentUrl\":\"https:\/\/www.justiceinfo.net\/wp-content\/uploads\/justiceinfo_logo-trans_1200x1200px.png\",\"width\":1199,\"height\":1200,\"caption\":\"Justice Info\"},\"image\":{\"@id\":\"https:\/\/www.justiceinfo.net\/en\/#\/schema\/logo\/image\/\"},\"sameAs\":[\"https:\/\/www.facebook.com\/JusticeInfo\/\",\"https:\/\/x.com\/justiceinfonet\",\"https:\/\/www.linkedin.com\/company\/justice-info\",\"https:\/\/www.youtube.com\/channel\/UCyCEsARodyuWtkWyhn-e7pA\"]},{\"@type\":\"Person\",\"name\":\"Andr\u00e9s Berm\u00fadez Li\u00e9vano \",\"sameAs\":[\"https:\/\/x.com\/bermudezlievano\"],\"url\":\"https:\/\/www.justiceinfo.net\/en\/auteur\/alievano\"}]}<\/script>\n<!-- \/ Yoast SEO Premium plugin. -->","yoast_head_json":{"title":"Colombia: the day when president Santos asked for forgiveness - JusticeInfo.net","description":"On Friday June 11th, former President and Nobel Peace prize laureate Juan Manuel Santos appeared before Colombia\u2019s Truth and Reconciliation Commission to ask for forgiveness for the extrajudicial executions that happened during his watch as Defence Minister between 2006 and 2009. A momentous occasion, that left many questions.","robots":{"index":"index","follow":"follow","max-snippet":"max-snippet:-1","max-image-preview":"max-image-preview:large","max-video-preview":"max-video-preview:-1"},"canonical":"https:\/\/www.justiceinfo.net\/en\/79049-colombia-day-president-santos-asked-forgiveness.html","og_locale":"en_US","og_type":"article","og_title":"Colombia: the day when president Santos asked for forgiveness","og_description":"On Friday June 11th, former President and Nobel Peace prize laureate Juan Manuel Santos appeared before Colombia\u2019s Truth and Reconciliation Commission to ask for forgiveness for the extrajudicial executions that happened during his watch as Defence Minister between 2006 and 2009. A momentous occasion, that left many questions.","og_url":"https:\/\/www.justiceinfo.net\/en\/79049-colombia-day-president-santos-asked-forgiveness.html","og_site_name":"JusticeInfo.net","article_publisher":"https:\/\/www.facebook.com\/JusticeInfo\/","article_published_time":"2021-06-24T09:18:03+00:00","article_modified_time":"2021-06-24T09:19:45+00:00","og_image":[{"width":1280,"height":853,"url":"https:\/\/www.justiceinfo.net\/wp-content\/uploads\/Santos-de-Colombie-e1624516423387.jpg","type":"image\/jpeg"}],"author":"Andr\u00e9s Berm\u00fadez Li\u00e9vano","twitter_card":"summary_large_image","twitter_creator":"@bermudezlievano","twitter_site":"@justiceinfonet","twitter_misc":{"Written by":"Andr\u00e9s Berm\u00fadez Li\u00e9vano ","Est. reading time":"10 minutes"},"schema":{"@context":"https:\/\/schema.org","@graph":[{"@type":"NewsArticle","@id":"https:\/\/www.justiceinfo.net\/en\/79049-colombia-day-president-santos-asked-forgiveness.html#article","isPartOf":{"@id":"https:\/\/www.justiceinfo.net\/en\/79049-colombia-day-president-santos-asked-forgiveness.html"},"author":{"name":"Andr\u00e9s Berm\u00fadez Li\u00e9vano","@id":"https:\/\/www.justiceinfo.net\/en\/#\/schema\/person\/c18ea792350557b20c68f8d655e3ea21"},"headline":"Colombia: the day when president Santos asked for forgiveness","datePublished":"2021-06-24T09:18:03+00:00","dateModified":"2021-06-24T09:19:45+00:00","mainEntityOfPage":{"@id":"https:\/\/www.justiceinfo.net\/en\/79049-colombia-day-president-santos-asked-forgiveness.html"},"wordCount":2225,"publisher":{"@id":"https:\/\/www.justiceinfo.net\/en\/#organization"},"image":{"@id":"https:\/\/www.justiceinfo.net\/en\/79049-colombia-day-president-santos-asked-forgiveness.html#primaryimage"},"thumbnailUrl":"https:\/\/www.justiceinfo.net\/wp-content\/uploads\/Santos-de-Colombie-e1624516423387.jpg","keywords":["Juan Manuel Santos"],"articleSection":["Truth Commissions"],"inLanguage":"en-US"},{"@type":"WebPage","@id":"https:\/\/www.justiceinfo.net\/en\/79049-colombia-day-president-santos-asked-forgiveness.html","url":"https:\/\/www.justiceinfo.net\/en\/79049-colombia-day-president-santos-asked-forgiveness.html","name":"Colombia: the day when president Santos asked for forgiveness - JusticeInfo.net","isPartOf":{"@id":"https:\/\/www.justiceinfo.net\/en\/#website"},"primaryImageOfPage":{"@id":"https:\/\/www.justiceinfo.net\/en\/79049-colombia-day-president-santos-asked-forgiveness.html#primaryimage"},"image":{"@id":"https:\/\/www.justiceinfo.net\/en\/79049-colombia-day-president-santos-asked-forgiveness.html#primaryimage"},"thumbnailUrl":"https:\/\/www.justiceinfo.net\/wp-content\/uploads\/Santos-de-Colombie-e1624516423387.jpg","datePublished":"2021-06-24T09:18:03+00:00","dateModified":"2021-06-24T09:19:45+00:00","description":"On Friday June 11th, former President and Nobel Peace prize laureate Juan Manuel Santos appeared before Colombia\u2019s Truth and Reconciliation Commission to ask for forgiveness for the extrajudicial executions that happened during his watch as Defence Minister between 2006 and 2009. A momentous occasion, that left many questions.","breadcrumb":{"@id":"https:\/\/www.justiceinfo.net\/en\/79049-colombia-day-president-santos-asked-forgiveness.html#breadcrumb"},"inLanguage":"en-US","potentialAction":[{"@type":"ReadAction","target":["https:\/\/www.justiceinfo.net\/en\/79049-colombia-day-president-santos-asked-forgiveness.html"]}]},{"@type":"ImageObject","inLanguage":"en-US","@id":"https:\/\/www.justiceinfo.net\/en\/79049-colombia-day-president-santos-asked-forgiveness.html#primaryimage","url":"https:\/\/www.justiceinfo.net\/wp-content\/uploads\/Santos-de-Colombie-e1624516423387.jpg","contentUrl":"https:\/\/www.justiceinfo.net\/wp-content\/uploads\/Santos-de-Colombie-e1624516423387.jpg","width":1280,"height":853,"caption":"\"Durante mi ministerio muchas, much\u00edsimas madres (...) perdieron a sus hijos. Lo reconozco y les pido perd\u00f3n\", declar\u00f3 el ex presidente Juan Manuel Santos el 11 de junio ante la Comisi\u00f3n de la Verdad y la Reconciliaci\u00f3n de Colombia. \u00a9 Comisi\u00f3n de la Verdad"},{"@type":"BreadcrumbList","@id":"https:\/\/www.justiceinfo.net\/en\/79049-colombia-day-president-santos-asked-forgiveness.html#breadcrumb","itemListElement":[{"@type":"ListItem","position":1,"name":"Home","item":"https:\/\/www.justiceinfo.net\/en"},{"@type":"ListItem","position":2,"name":"Colombia: the day when president Santos asked for forgiveness"}]},{"@type":"WebSite","@id":"https:\/\/www.justiceinfo.net\/en\/#website","url":"https:\/\/www.justiceinfo.net\/en\/","name":"JusticeInfo.net","description":"For justice to be done, it must be seen","publisher":{"@id":"https:\/\/www.justiceinfo.net\/en\/#organization"},"potentialAction":[{"@type":"SearchAction","target":{"@type":"EntryPoint","urlTemplate":"https:\/\/www.justiceinfo.net\/en\/?s={search_term_string}"},"query-input":{"@type":"PropertyValueSpecification","valueRequired":true,"valueName":"search_term_string"}}],"inLanguage":"en-US"},{"@type":"Organization","@id":"https:\/\/www.justiceinfo.net\/en\/#organization","name":"Justice Info","url":"https:\/\/www.justiceinfo.net\/en\/","logo":{"@type":"ImageObject","inLanguage":"en-US","@id":"https:\/\/www.justiceinfo.net\/en\/#\/schema\/logo\/image\/","url":"https:\/\/www.justiceinfo.net\/wp-content\/uploads\/justiceinfo_logo-trans_1200x1200px.png","contentUrl":"https:\/\/www.justiceinfo.net\/wp-content\/uploads\/justiceinfo_logo-trans_1200x1200px.png","width":1199,"height":1200,"caption":"Justice Info"},"image":{"@id":"https:\/\/www.justiceinfo.net\/en\/#\/schema\/logo\/image\/"},"sameAs":["https:\/\/www.facebook.com\/JusticeInfo\/","https:\/\/x.com\/justiceinfonet","https:\/\/www.linkedin.com\/company\/justice-info","https:\/\/www.youtube.com\/channel\/UCyCEsARodyuWtkWyhn-e7pA"]},{"@type":"Person","name":"Andr\u00e9s Berm\u00fadez Li\u00e9vano ","sameAs":["https:\/\/x.com\/bermudezlievano"],"url":"https:\/\/www.justiceinfo.net\/en\/auteur\/alievano"}]}},"_links":{"self":[{"href":"https:\/\/www.justiceinfo.net\/en\/wp-json\/wp\/v2\/posts\/79049","targetHints":{"allow":["GET"]}}],"collection":[{"href":"https:\/\/www.justiceinfo.net\/en\/wp-json\/wp\/v2\/posts"}],"about":[{"href":"https:\/\/www.justiceinfo.net\/en\/wp-json\/wp\/v2\/types\/post"}],"author":[{"embeddable":true,"href":"https:\/\/www.justiceinfo.net\/en\/wp-json\/wp\/v2\/users\/74"}],"replies":[{"embeddable":true,"href":"https:\/\/www.justiceinfo.net\/en\/wp-json\/wp\/v2\/comments?post=79049"}],"version-history":[{"count":8,"href":"https:\/\/www.justiceinfo.net\/en\/wp-json\/wp\/v2\/posts\/79049\/revisions"}],"predecessor-version":[{"id":79073,"href":"https:\/\/www.justiceinfo.net\/en\/wp-json\/wp\/v2\/posts\/79049\/revisions\/79073"}],"wp:featuredmedia":[{"embeddable":true,"href":"https:\/\/www.justiceinfo.net\/en\/wp-json\/wp\/v2\/media\/79035"}],"wp:attachment":[{"href":"https:\/\/www.justiceinfo.net\/en\/wp-json\/wp\/v2\/media?parent=79049"}],"wp:term":[{"taxonomy":"category","embeddable":true,"href":"https:\/\/www.justiceinfo.net\/en\/wp-json\/wp\/v2\/categories?post=79049"},{"taxonomy":"post_tag","embeddable":true,"href":"https:\/\/www.justiceinfo.net\/en\/wp-json\/wp\/v2\/tags?post=79049"},{"taxonomy":"ji_location","embeddable":true,"href":"https:\/\/www.justiceinfo.net\/en\/wp-json\/wp\/v2\/ji_location?post=79049"}],"curies":[{"name":"wp","href":"https:\/\/api.w.org\/{rel}","templated":true}]}}