{"id":138517,"date":"2024-11-21T11:42:15","date_gmt":"2024-11-21T10:42:15","guid":{"rendered":"https:\/\/www.justiceinfo.net\/?p=138517"},"modified":"2024-11-21T15:28:58","modified_gmt":"2024-11-21T14:28:58","slug":"ninos-soldados-cupula-de-las-farc-acusada-de-crimenes-de-guerra","status":"publish","type":"post","link":"https:\/\/www.justiceinfo.net\/es\/138517-ninos-soldados-cupula-de-las-farc-acusada-de-crimenes-de-guerra.html","title":{"rendered":"Ni\u00f1os soldados: c\u00fapula de las FARC acusada de cr\u00edmenes de guerra"},"content":{"rendered":"\n<p><strong><strong><strong>El fen\u00f3meno de los ni\u00f1os y ni\u00f1as reclutados ha sido hist\u00f3ricamente un delito menos visible para los colombianos que el secuestro. Ahora est\u00e1 en el centro de la segunda imputaci\u00f3n de la Jurisdicci\u00f3n Especial para la Paz contra la c\u00fapula de las antiguas Fuerzas Armadas Revolucionarias de Colombia (FARC). Y bastaron un par de horas tras el anuncio de la JEP para que los seis ex jefes guerrilleros indicaran que aceptar\u00e1n la acusaci\u00f3n.<\/strong><\/strong><\/strong><\/p>\n\n\n\n<!--more-->\n\n\n\n<p>El 13 de noviembre pasado, la <a href=\"https:\/\/www.justiceinfo.net\/es\/tag\/jurisdiccion-especial-paz\">Jurisdicci\u00f3n Especial para la Paz (JEP)<\/a> devel\u00f3 su s\u00e9ptima imputaci\u00f3n contra ex integrantes de las antiguas Fuerzas Armadas Revolucionarias de Colombia (FARC) y la segunda contra la \u00faltima c\u00fapula que tuvo esa guerrilla.<\/p>\n\n\n\n<p>En su primera acusaci\u00f3n en el macro-caso sobre reclutamiento de ni\u00f1os y ni\u00f1as, la Sala de Reconocimiento de Responsabilidad del tribunal especial derivado del acuerdo de paz colombiano de 2016 determin\u00f3 que el uso de menores de 15 a\u00f1os ocurri\u00f3 en \u201ctodas las estructuras y de manera sostenida en el tiempo\u201d. Por este motivo, imput\u00f3 a seis de los siete integrantes del \u00faltimo Secretariado de las FARC \u2013todos menos Rodrigo Granda- por el crimen de guerra de reclutamiento de menores de 15 a\u00f1os.<\/p>\n\n\n\n<p>\u201cEl reclutamiento y la utilizaci\u00f3n de ni\u00f1os y ni\u00f1as por parte de las antiguas FARC no fue ni un fen\u00f3meno espor\u00e1dico ni aislado ni excepcional\u201d, <a href=\"https:\/\/www.youtube.com\/watch?v=AR7gU1mesg4\" target=\"_blank\" rel=\"noreferrer noopener nofollow\">dijo<\/a> la magistrada Lily Rueda, quien dirigi\u00f3 la investigaci\u00f3n, contradiciendo la <a href=\"https:\/\/www.justiceinfo.net\/es\/77076-los-colombianos-presionan-a-las-farc-a-admitir-el-reclutamiento-de-ninos.html\">versi\u00f3n que defend\u00edan<\/a> ex jefes guerrilleros como Rodrigo Londo\u00f1o, m\u00e1s conocido como \u2018Timochenko\u2019 y uno de los imputados, de que ocurri\u00f3 \u201cpor causas excepcionales\u201d. \u201cA pesar de que dentro de la estructura formalmente estaba prohibida la incorporaci\u00f3n de ni\u00f1os y ni\u00f1as menores de 15 a\u00f1os, esto s\u00ed sucedi\u00f3 y sucedi\u00f3 con tal magnitud y alcance que configura un patr\u00f3n macrocriminal\u201d, a\u00f1adi\u00f3 Rueda.<\/p>\n\n\n\n<p>En su mirada al fen\u00f3meno de los \u2018ni\u00f1os soldados\u2019, que fue hist\u00f3ricamente un <a href=\"https:\/\/www.justiceinfo.net\/es\/77076-los-colombianos-presionan-a-las-farc-a-admitir-el-reclutamiento-de-ninos.html\">delito menos visible<\/a> para los colombianos que el secuestro, la JEP fue m\u00e1s all\u00e1 de la presencia de los menores dentro de la guerrilla. Tras documentar cientos de otros delitos que estos ni\u00f1os y sobre todo ni\u00f1as sufrieron mientras eran parte de sus filas, el brazo judicial de la justicia transicional colombiana tambi\u00e9n les imput\u00f3 por los cr\u00edmenes de guerra de violaci\u00f3n, esclavitud sexual, ultrajes a la dignidad personal, tortura, homicidio, y condenas dictadas y ejecuciones sin previo juicio ante un tribunal regularmente constituido. Tambi\u00e9n les imput\u00f3 el crimen de guerra de reclutar, alistar o usar personas de 15 a 17 a\u00f1os, que la Sala consider\u00f3 factible bajo el derecho consuetudinario.<\/p>\n\n\n\n<h2 class=\"wp-block-heading\" id=\"h-la-jep-desnuda-las-contradicciones-de-las-farc\">La JEP desnuda las contradicciones de las FARC<\/h2>\n\n\n\n<p>Por a\u00f1os los ex jefes guerrilleros m\u00e1s visibles defendieron que el uso de ni\u00f1os y ni\u00f1as combatientes \u201c<a href=\"https:\/\/www.elespectador.com\/colombia-20\/jep-y-desaparecidos\/el-reclutamiento-de-menores-no-era-un-delito-en-las-farc-carlos-antonio-lozada-article\/\" target=\"_blank\" rel=\"noreferrer noopener nofollow\">no era una pr\u00e1ctica permanente<\/a>\u201d y que \u201c<a href=\"https:\/\/www.eltiempo.com\/politica\/proceso-de-paz\/farc-timochenko-hizo-polemica-declaracion-sobre-reclutamiento-de-ninos-en-la-guerrilla-537658\" target=\"_blank\" rel=\"noreferrer noopener nofollow\">a las FARC se llegaba conscientemente<\/a>\u201d. A lo largo de 759 p\u00e1ginas, la magistrada Rueda contrasta meticulosamente esos argumentos de los ex jerarcas de las FARC con los relatos de las v\u00edctimas, testimonios de cientos de ex guerrilleros y hasta informes escritos de algunas de sus estructuras, en una imputaci\u00f3n elocuentemente narrada pese a sus an\u00e9cdotas escalofriantes y la necesidad de cambiar por seguridad los nombres de las v\u00edctimas por n\u00fameros.<\/p>\n\n\n\n<p>Uno de los argumentos de defensa de las FARC es que su reglamento interno prohib\u00eda el ingreso de menores de 15 a\u00f1os. Una gu\u00eda de reclutamiento hallada por la Fiscal\u00eda General de la Naci\u00f3n identifica una decena de reglas que los reclutadores deb\u00edan cumplir, incluyendo que cualquier nuevo integrante deb\u00eda \u201cser mayor de 15 a\u00f1os y menor de 30 a\u00f1os\u201d, ser habitante local y tener aptitud tanto f\u00edsica como mental. Esa gu\u00eda, sin fecha y encabezada por un cuadro del pintor Fernando Botero del hist\u00f3rico l\u00edder guerrillero \u2018Manuel Marulanda V\u00e9lez\u2019 o \u2018Tirofijo\u2019, tambi\u00e9n los instru\u00eda a verificar \u201cqu\u00e9 documentos de identidad tiene\u201d.<\/p>\n\n\n\n<figure class=\"wp-block-image size-full\"><img loading=\"lazy\" decoding=\"async\" width=\"810\" height=\"630\" src=\"https:\/\/www.justiceinfo.net\/wp-content\/uploads\/Colombia_guia-reclutamiento-FARC_@JEP.jpg\" alt=\"Una gu\u00eda de reclutamiento de las FARC, encabezada por un cuadro de Fernando Botero, expresa la prohibici\u00f3n de reclutar menores de 15 a\u00f1os y estipula la necesidad de pedirles documentos de identidad, dos requisitos que la Jurisdicci\u00f3n Especial de Colombia prob\u00f3 no se cumplieron.\" class=\"wp-image-138501\"\/><figcaption class=\"wp-element-caption\">Una gu\u00eda de reclutamiento de las FARC, encabezada por un cuadro de Fernando Botero, expresa la prohibici\u00f3n de reclutar menores de 15 a\u00f1os y estipula la necesidad de pedirles documentos de identidad, dos requisitos que la Jurisdicci\u00f3n Especial de Colombia prob\u00f3 no se cumplieron. \u00a9 JEP<\/figcaption><\/figure>\n\n\n\n<p>En la vida real, sin embargo, esos requisitos no se cumpl\u00edan. La JEP document\u00f3 518 casos de ni\u00f1os y ni\u00f1as reclutados antes de los 15 a\u00f1os, algunos incluso desde los ocho a\u00f1os. En un contexto de los planes de expansi\u00f3n trazados por las FARC y del posterior recrudecimiento de las hostilidades con la Fuerza P\u00fablica, la guerrilla termin\u00f3 privilegiando engrosar sus filas por encima de seguir sus propias reglas. Resultaba m\u00e1s importante que una persona fuera conocida localmente (a causa del temor a ser infiltrados por el Ej\u00e9rcito) o que tuviera condiciones f\u00edsicas para la vida guerrillera. Como relata una v\u00edctima, un jefe guerrillero la reclut\u00f3 de 12 a\u00f1os porque \u201cya tiene cuerpo\u201d.<\/p>\n\n\n\n<p>Estos hechos demuestran, seg\u00fan la JEP, que hubo una \u201cpol\u00edtica de incorporaci\u00f3n de personal de la antigua guerrilla que, de facto, privilegi\u00f3 la apariencia de idoneidad para servir a la causa rebelde y a la acci\u00f3n armada sobre la edad de las personas ingresadas\u201d. Y a\u00f1ade, \u201cno solo no existi\u00f3 un mecanismo efectivo para verificar la edad, sino que la organizaci\u00f3n no se interes\u00f3 en establecerlo\u201d.<\/p>\n\n\n\n<h2 class=\"wp-block-heading\" id=\"h-no-solo-no-se-sanciono-sino-que-se-le-resto-importancia\">\u201cNo solo no se sancion\u00f3, sino que se le rest\u00f3 importancia\u201d<\/h2>\n\n\n\n<p>No es la \u00fanica contradicci\u00f3n que la JEP encontr\u00f3 entre lo que dec\u00edan las FARC y lo que relataron sus v\u00edctimas. Por ejemplo, sus comandantes argumentaron que los menores recib\u00edan una \u201cformaci\u00f3n no militar\u201d y tareas acordes con su edad como, en palabras del imputado Milton Toncel o \u2018Joaqu\u00edn G\u00f3mez\u2019, \u201cpelar papas y cositas de ni\u00f1os\u201d, algo que todas las v\u00edctimas desmintieron. Y sin embargo recibieron entrenamiento militar desde incluso nueve a\u00f1os y participaron en actividades b\u00e9licas como combates, instalar minas antipersonal o reunir informaci\u00f3n de inteligencia, en condiciones \u2013en palabras de la JEP- \u201cincompatibles con su estado de madurez f\u00edsica y mental\u201d.<\/p>\n\n\n\n<p>Pese a que violar las normas de reclutamiento era una falta grave de primera instancia en el reglamento interno de la guerrilla y deb\u00eda acarrear una sanci\u00f3n pedag\u00f3gica, la JEP encontr\u00f3 que \u201cno solo no se sancion\u00f3 esta conducta, sino que se actu\u00f3 de forma que pasara inadvertida o se le rest\u00f3 importancia\u201d. Lo corroboraron las v\u00edctimas, pero tambi\u00e9n fuentes escritas como el archivo de infracciones del Bloque Oriental que mostraba sanciones a 2967 guerrilleros, pero solo nueve por ese tipo de faltas. Miembros del Secretariado eran conscientes de ello, como lo evidencia una historia confirmada por Jaime Parra, \u2018Mauricio Jaramillo\u2019, otro imputado. Cuando el hist\u00f3rico l\u00edder guerrillero \u2018Mono Jojoy\u2019 visit\u00f3 un campamento en San Vicente del Cagu\u00e1n y vio el n\u00famero de ni\u00f1os guerrilleros, dijo que hab\u00eda muchos \u201clecheritos\u201d y parec\u00eda una \u201cguarder\u00eda\u201d. Su decisi\u00f3n de entregar biberones a los responsables de la unidad fue interpretada m\u00e1s como un chiste que como una reprimenda.<\/p>\n\n\n\n<h2 class=\"wp-block-heading\" id=\"h-a-ingreso-forzado-salida-imposible\">A ingreso forzado, salida imposible<\/h2>\n\n\n\n<p>Pese a la te\u00f3rica regla de que todos los ingresos a las FARC deb\u00edan ser voluntarios, la JEP encontr\u00f3 que m\u00e1s de la mitad de las v\u00edctimas acreditadas lo hizo por amenazas u otras formas de violencia, incluyendo sustracciones de sus casas o escuelas, exigencias a sus familias de aportar \u201ccuotas\u201d a la revoluci\u00f3n y tras ser emborrachados por sus reclutadores. Una tercera parte fue reclutada mediante enga\u00f1os, como ofertas de trabajo asalariado inexistentes, promesas de reencuentro con familiares o de acceso a educaci\u00f3n y salud. Un ni\u00f1o de 14 a\u00f1os en Meta que contrajo leishmaniasis en la oreja fue reclutado a la fuerza tras llegar a un campamento para recibir el tratamiento m\u00e9dico prometido.<\/p>\n\n\n\n<p>Tan solo una sexta parte de las v\u00edctimas lleg\u00f3 por persuasi\u00f3n, aunque incluso en muchos de esos casos la JEP document\u00f3 que un trabajo de inteligencia previa permit\u00eda a los reclutadores manipular a los menores usando informaci\u00f3n sobre su situaci\u00f3n adversa familiar o econ\u00f3mica y ofreci\u00e9ndoles lo que la imputaci\u00f3n llam\u00f3 \u201cespejismos de paternidad\u201d. Ninguna v\u00edctima reconoci\u00f3 el t\u00e9rmino de \u201crefugiados\u201d al que aludieron varios ex jefes guerrilleros para referirse a menores que quedaron bajo su tutela voluntariamente.<\/p>\n\n\n\n<p>Asimismo, la JEP demuestra que el abandono de las filas no solo no era libre, como muchos ex jefes guerrilleros han argumentado, sino casi imposible. \u201cUsted ingresa hoy y hasta que triunfemos o hasta que muera\u201d, seg\u00fan un ex guerrillero. Los testimonios recogidos por la JEP confirman que el 94% de las v\u00edctimas permaneci\u00f3 en las filas por m\u00e1s de un a\u00f1o, en medio de castigos tan severos para la deserci\u00f3n como la tortura, estar amarrados dos meses o hasta el fusilamiento.<\/p>\n\n\n\n<p>Algo similar aplicaba para la vida guerrillera que el imputado Juli\u00e1n Gallo, m\u00e1s conocido como \u2018Carlos Antonio Lozada\u2019, describ\u00eda como una \u201cdisciplina consciente\u201d, pero que la JEP bautiz\u00f3 un \u201centorno de coacci\u00f3n permanente\u201d. Ser usados como escudos humanos, tener prohibido contactar a familiares y ser obligados a beber sangre de colegas heridos gener\u00f3, argumenta la JEP, retraimiento emocional, miedo permanente y en al menos una ocasi\u00f3n el suicidio de una menor.<\/p>\n\n\n\n<h2 class=\"wp-block-heading\" id=\"h-prohibicion-de-facto-y-a-toda-costa-de-la-maternidad-y-paternidad\">\u201cProhibici\u00f3n de facto y a toda costa de la maternidad y paternidad\u201d<\/h2>\n\n\n\n<p>Uno de los aspectos m\u00e1s interesantes de la imputaci\u00f3n es su enfoque en las formas de violencia contra las ni\u00f1as en las FARC, comenzando con las que buscaban \u201cprohibir de facto y a toda costa el ejercicio de la maternidad y paternidad\u201d para mantener intactas la tropa y evitar riesgos de seguridad. Las violencias reproductivas m\u00e1s extendidas fueron la anticoncepci\u00f3n forzada (que vivi\u00f3 una de cada cuatro ni\u00f1as acreditadas) y los abortos forzados (que vivi\u00f3 una de cada cinco).<\/p>\n\n\n\n<p>Como parte de esa \u201cpol\u00edtica formal de anticoncepci\u00f3n o control de natalidad\u201d, expl\u00edcita desde la octava conferencia guerrillera de 1993, las ni\u00f1as fueron obligadas a usar inyecciones, implantes subd\u00e9rmicos o dispositivos intrauterinos desde temprana edad e incluso antes de iniciar su vida sexual. Se trataba de decisiones sin valoraciones m\u00e9dicas, espacios de informaci\u00f3n y en muchos casos condiciones higi\u00e9nicas b\u00e1sicas. Aunque la JEP reconoce posturas como la de la ex guerrillera Victoria Sandino de que la anticoncepci\u00f3n representaba libertad para decidir sobre su cuerpo, el tribunal especial se\u00f1ala que para la inmensa mayor\u00eda de ni\u00f1as reclutadas no fue una opci\u00f3n libre ni informada.<\/p>\n\n\n\n<p>El uso recurrente de estos medicamentos tuvo efectos en su salud, incluyendo dolores agudos, hemorragias, infecciones y alteraciones del ciclo menstrual. A una v\u00edctima le dejaron quistes y un tumor de ovario que debieron ser extirpados. Cuando despu\u00e9s le encontraron quistes en los senos, aprovech\u00f3 una salida en la que se los iban a amputar para desertar. Otra que recibi\u00f3 anticonceptivos desde los 12 a\u00f1os no ha podido quedar embarazada tras una d\u00e9cada intent\u00e1ndolo y una m\u00e1s ha tenido varios embarazos porque ning\u00fan m\u00e9todo de planificaci\u00f3n le funciona ya.<\/p>\n\n\n\n<p>Esa realidad vivida por ni\u00f1as y mujeres contrastaba con la de los hombres, a quienes nunca persuadieron siquiera de usar condones o hacerse vasectom\u00edas pese a que dichos m\u00e9todos no ten\u00edan efectos adversos, ya que la guerrilla consideraba que eso podr\u00eda afectar su virilidad. Esas cargas, argumenta la JEP, \u201crecayeron principal y desproporcionadamente sobre los cuerpos y las vidas de las ni\u00f1as\u201d, dejando claro que \u201cel bienestar de los hombres de las filas primaba sobre el de las mujeres\u201d.<\/p>\n\n\n\n<h2 class=\"wp-block-heading\" id=\"h-conocimiento-sobre-afectaciones-no-se-reflejo-en-decisiones-dirigidas-a-evitarlos\">\u201cConocimiento sobre afectaciones no se reflej\u00f3 en decisiones dirigidas a evitarlos\u201d<\/h2>\n\n\n\n<p>Seg\u00fan la JEP, \u201ct\u00e1citamente se deriv\u00f3 [tambi\u00e9n] una orientaci\u00f3n de interrumpir los embarazos cuando se presentaban\u201d de esa pol\u00edtica de anticoncepci\u00f3n y en al menos un caso un frente guerrillero instruy\u00f3 expl\u00edcitamente que, \u201cen caso de embarazo, es obligatorio el legrado\u201d. La JEP document\u00f3 casos de abortos realizados en contra de la voluntad de ni\u00f1as, incluyendo bajo amenazas de consejos de guerra (que pod\u00edan resultar en el fusilamiento), sostenidas por otros y con sustancias abortivas escondidas en la comida o como pastillas para el dolor. Una v\u00edctima relata haber vivido cuatro abortos forzados, siempre entre el cuarto y quinto mes de embarazo.<\/p>\n\n\n\n<p>Estos abortos iban de la mano de malos tratos. Aunque el imputado \u2018Joaqu\u00edn G\u00f3mez\u2019 insisti\u00f3 en que las mujeres que hab\u00edan abortado eran puestas en cuarentena, la JEP dio credibilidad a las v\u00edctimas que se\u00f1alaron haber sido obligadas a trabajar al d\u00eda siguiente, sin descanso o cuidado especial. En un caso especialmente cruel, la imputaci\u00f3n narra c\u00f3mo una mujer de 18 a\u00f1os fue obligada, justo tras un aborto forzado tard\u00edo, a amamantar al beb\u00e9 reci\u00e9n nacido de la v\u00edctima de secuestro Clara Rojas, quien estuvo casi seis a\u00f1os en poder de la guerrilla y fue separada de su hijo durante tres. Por \u00faltimo, la JEP identific\u00f3 casos de neonatos asesinados y entregados forzosamente a otros para su crianza.&nbsp;<\/p>\n\n\n\n<p>En todos estos casos, la JEP encontr\u00f3 que el Secretariado de las FARC tuvo una postura negligente. En sus palabras, el \u201cconocimiento de los mandos sobre las afectaciones causadas por la anticoncepci\u00f3n no se reflej\u00f3 en decisiones organizativas dirigidas a evitarlos\u201d.<\/p>\n\n\n\n<h2 class=\"wp-block-heading\" id=\"h-la-violencia-sexual-tacitamente-aceptada\">La violencia sexual t\u00e1citamente aceptada<\/h2>\n\n\n\n<p>Seg\u00fan la JEP, una de cada tres mujeres reclutadas de ni\u00f1as sufri\u00f3 violencia sexual, desde violaciones y esclavitud sexual hasta uniones y desnudez forzadas. A su criterio, si bien no encontr\u00f3 una pol\u00edtica formal o de facto que lo promoviera, \u201cla magnitud y extensi\u00f3n de estas pr\u00e1cticas fue tal que se llegaron a entender como t\u00e1citamente aceptadas\u201d.<\/p>\n\n\n\n<p>Aunque dos de los imputados, Jaime Parra y Juli\u00e1n Gallo, se\u00f1alaron que algunas denuncias de agresiones sexuales eran \u201cinformaciones armadas\u201d buscando estigmatizarlos, la magistrada Rueda encontr\u00f3 que al menos 88 ni\u00f1as y un ni\u00f1o fueron obligados a tener relaciones sexuales sin su consentimiento e incluso hubo tocamientos a una ni\u00f1a de ocho a\u00f1os. Una v\u00edctima relat\u00f3 una rifa entre diez guerrilleros en la cual quien sacara el n\u00famero ganador pod\u00eda acostarse con una de ellas. Estos hechos dejaron secuelas duraderas: una v\u00edctima relat\u00f3 c\u00f3mo tuvo una p\u00e9rdida de embarazo porque una infecci\u00f3n de transmisi\u00f3n sexual contra\u00edda como ni\u00f1a en las filas de las FARC se transmiti\u00f3 dentro del vientre.<\/p>\n\n\n\n<p>Esta realidad fue facilitada por lo que la JEP llam\u00f3 una \u201cpr\u00e1ctica de no castigo\u201d. Pese a que la violaci\u00f3n era un delito dentro de la guerrilla y contemplaba las sanciones m\u00e1s severas, \u00e9stas muy rara vez fueron administradas. \u201cLa ausencia de medidas de prevenci\u00f3n, control y sanci\u00f3n (\u2026) llev\u00f3 a convertir estas acciones en una pr\u00e1ctica normalizada\u201d, dice la imputaci\u00f3n. La sola denuncia pod\u00eda ser peligrosa para las v\u00edctimas. Una narr\u00f3 c\u00f3mo fue obligada por sus mandos, incluido el imputado Pastor Alape, a bailar con su agresor para no da\u00f1ar el ambiente intrafilas.<\/p>\n\n\n\n<p>Algo similar ocurri\u00f3 a una docena de v\u00edctimas de orientaci\u00f3n sexual o de g\u00e9nero diversa, que viv\u00edan en un limbo tortuoso de militar en una organizaci\u00f3n armada con \u201cpol\u00edtica de facto de prohibici\u00f3n de pertenencia\u201d de personas LGBTI pero no poder desertar. Dado que la guerrilla asociaba la homosexualidad con la infiltraci\u00f3n del Ej\u00e9rcito, enfrentaban un riesgo a\u00fan mayor de fusilamiento.<\/p>\n\n\n\n<h2 class=\"wp-block-heading\" id=\"h-el-reconocimiento-temprano-pero-a-medias-de-las-farc\">El reconocimiento temprano pero a medias de las FARC<\/h2>\n\n\n\n<p>Hace tres a\u00f1os, cuando la JEP les <a href=\"https:\/\/www.justiceinfo.net\/es\/77094-por-primera-vez-en-colombia-ocho-de-farc-acusados-de-crimenes-de-guerra-y-de-lesa-humanidad.html\">imput\u00f3 por secuestro<\/a>, los integrantes del Secretariado se tomaron tres meses para <a href=\"https:\/\/www.justiceinfo.net\/es\/77113-colombia-siete-altos-mandos-de-las-farc-reconocen-su-responsabilidad-en-los-secuestros.html\">anunciar que aceptaban la acusaci\u00f3n<\/a>. Esta vez decidieron madrugarle: aunque no es a\u00fan su respuesta jur\u00eddica formal, un par de horas tras el anuncio de la JEP los seis ex jefes guerrilleros <a href=\"https:\/\/x.com\/TimoComunes\/status\/1856756010481864733\/photo\/1\" target=\"_blank\" rel=\"noreferrer noopener nofollow\">publicaron un comunicado<\/a> en que admiten el reclutamiento de menores. \u201cEstos hechos no debieron haber ocurrido\u201d, escribieron.<\/p>\n\n\n\n<p>De mantener esta postura, los seis se mantendr\u00edan dentro de la v\u00eda restaurativa de la justicia transicional colombiana de dos carriles que contempla \u2013si aportan verdad y reparan a las v\u00edctimas- condenas de 5 a 8 a\u00f1os en un entorno no carcelario, en oposici\u00f3n al carril acusatorio en el que, de ser encontrados culpables, enfrentar\u00edan penas de hasta 20 a\u00f1os de prisi\u00f3n. Uno de ellos, Pablo Catatumbo, tambi\u00e9n ha reconocido su papel en una <a href=\"https:\/\/www.justiceinfo.net\/es\/127254-indigenas-awa-colombia-justicia-violencia.html\">tercera acusaci\u00f3n<\/a>, en el caso de la regional de Nari\u00f1o.<\/p>\n\n\n\n<p>Sin embargo, su carta vino tambi\u00e9n con una advertencia. En ella lamentaron que, a su juicio, los magistrados de JEP \u201chan dispuesto de manera excesiva de tiempo y recursos investigando hechos cuya ocurrencia hemos admitido desde las negociaciones de paz\u201d \u2013 algo contrario a su reticencia pasada a admitir el reclutamiento de ni\u00f1os, su car\u00e1cter forzoso y los actos de violencia sexual.<\/p>\n\n\n\n<p>Entre tanto, la primera imputaci\u00f3n de la JEP sobre reclutamiento parece estar llenando vac\u00edos hist\u00f3ricos. \u201cSin anticiparnos a lo que vendr\u00e1, el auto es un b\u00e1lsamo porque reconoce lo que ha significado este fen\u00f3meno para el pa\u00eds: las violencias y violaciones de derechos intrafilas, el sufrimiento de los familiares por\u00a0ni\u00f1os y ni\u00f1as\u00a0cuyo paradero no conocemos y el reclutamiento de\u00a0ni\u00f1os y ni\u00f1as menores\u00a0de 15 a\u00f1os, que ha sido un punto fuerte de discusi\u00f3n con los comparecientes desde la negociaci\u00f3n\u201d, dice Hilda Molano de Coalico, una red de siete organizaciones que trabajan con\u00a0ni\u00f1os y ni\u00f1as\u00a0en el conflicto y que viene insistiendo en documentar facetas del reclutamiento que <a href=\"https:\/\/www.justiceinfo.net\/es\/77076-los-colombianos-presionan-a-las-farc-a-admitir-el-reclutamiento-de-ninos.html\">eran poco visibles<\/a>.<\/p>\n\n\n\n<p>En sus palabras, \u201ctodo esto ya no est\u00e1 en tela de juicio\u201d.<\/p>\n\n\n<div class=\"articleLink articleLink--editorRecommanded articleLink--textInImage articleLink--textTop\" style=\"\">\r\n\t\t\t\t\t\r\n\t\t\t<div class=\"articleLinkSurTitle\">Recomendado por la redacci\u00f3n<\/div>\r\n\t\t\t<a class=\"articleLinkImageLink\" href=\"https:\/\/www.justiceinfo.net\/es\/77076-los-colombianos-presionan-a-las-farc-a-admitir-el-reclutamiento-de-ninos.html\"><div class=\"articleLinkImageContainer \"><img loading=\"lazy\" decoding=\"async\" width=\"540\" height=\"360\" src=\"https:\/\/www.justiceinfo.net\/wp-content\/uploads\/ab13da3b3fc1473724875f3071bca961-540x360.jpg\" class=\"articleLinkImage backgroundImageTag w-100 wp-post-image\" alt=\"ni\u00f1os soldados en Colombia\" srcset=\"\" sizes=\"auto, (max-width: 540px) 100vw, 540px\" \/><\/div><\/a>\r\n\t\t\t<a href=\"https:\/\/www.justiceinfo.net\/es\/77076-los-colombianos-presionan-a-las-farc-a-admitir-el-reclutamiento-de-ninos.html\" class=\"articleLinkTitle articleLinkTitle--default\">\r\n\t\t\tLos colombianos presionan a las Farc a admitir el reclutamiento de ni\u00f1os\r\n\t\t<\/a>\r\n\t\t\r\n\t\t\t\t<\/div>\n","protected":false},"excerpt":{"rendered":"<p>El fen\u00f3meno de los ni\u00f1os y ni\u00f1as reclutados ha sido hist\u00f3ricamente un delito menos visible para los colombianos que el secuestro. Ahora est\u00e1 en el centro de la segunda imputaci\u00f3n de la Jurisdicci\u00f3n Especial para la Paz contra la c\u00fapula de las antiguas Fuerzas Armadas Revolucionarias de Colombia (FARC). Y bastaron un par de horas [&hellip;]<\/p>\n","protected":false},"author":74,"featured_media":138499,"comment_status":"closed","ping_status":"closed","sticky":false,"template":"","format":"standard","meta":{"_acf_changed":false,"footnotes":""},"categories":[2825],"tags":[2847],"ji_location":[2819],"class_list":["post-138517","post","type-post","status-publish","format-standard","has-post-thumbnail","hentry","category-tribunales-nacionales","tag-jurisdiccion-especial-paz","ji_location-colombia-es"],"acf":[],"yoast_head":"<!-- This site is optimized with the Yoast SEO Premium plugin v25.3.1 (Yoast SEO v25.3.1) - https:\/\/yoast.com\/wordpress\/plugins\/seo\/ -->\n<title>Ni\u00f1os soldados en Colombia: c\u00fapula de las FARC acusada de cr\u00edmenes de guerra<\/title>\n<meta name=\"description\" content=\"En Colombia, seis antiguos l\u00edderes de las FARC han sido acusados de participar en el reclutamiento de ni\u00f1os soldado. Tras el anuncio de la Jurisdicci\u00f3n Especial para la Paz (JEP), indicaron que aceptaban los cargos que se les imputaban.\" \/>\n<meta name=\"robots\" content=\"index, follow, max-snippet:-1, max-image-preview:large, max-video-preview:-1\" \/>\n<link rel=\"canonical\" href=\"https:\/\/www.justiceinfo.net\/es\/138517-ninos-soldados-cupula-de-las-farc-acusada-de-crimenes-de-guerra.html\" \/>\n<meta property=\"og:locale\" content=\"es_ES\" \/>\n<meta property=\"og:type\" content=\"article\" \/>\n<meta property=\"og:title\" content=\"Ni\u00f1os soldados: c\u00fapula de las FARC acusada de cr\u00edmenes de guerra\" \/>\n<meta property=\"og:description\" content=\"En Colombia, seis antiguos l\u00edderes de las FARC han sido acusados de participar en el reclutamiento de ni\u00f1os soldado. Tras el anuncio de la Jurisdicci\u00f3n Especial para la Paz (JEP), indicaron que aceptaban los cargos que se les imputaban.\" \/>\n<meta property=\"og:url\" content=\"https:\/\/www.justiceinfo.net\/es\/138517-ninos-soldados-cupula-de-las-farc-acusada-de-crimenes-de-guerra.html\" \/>\n<meta property=\"og:site_name\" content=\"JusticeInfo.net\" \/>\n<meta property=\"article:publisher\" content=\"https:\/\/www.facebook.com\/JusticeInfo\/\" \/>\n<meta property=\"article:published_time\" content=\"2024-11-21T10:42:15+00:00\" \/>\n<meta property=\"article:modified_time\" content=\"2024-11-21T14:28:58+00:00\" \/>\n<meta property=\"og:image\" content=\"https:\/\/www.justiceinfo.net\/wp-content\/uploads\/Colombia_Jurisdiccion-Especial-Paz-Lily-Rueda-FARC-imputacion_@JEP.jpg\" \/>\n\t<meta property=\"og:image:width\" content=\"1200\" \/>\n\t<meta property=\"og:image:height\" content=\"800\" \/>\n\t<meta property=\"og:image:type\" content=\"image\/jpeg\" \/>\n<meta name=\"author\" content=\"Andr\u00e9s Berm\u00fadez Li\u00e9vano\" \/>\n<meta name=\"twitter:card\" content=\"summary_large_image\" \/>\n<meta name=\"twitter:creator\" content=\"@bermudezlievano\" \/>\n<meta name=\"twitter:site\" content=\"@justiceinfonet\" \/>\n<meta name=\"twitter:label1\" content=\"Escrito por\" \/>\n\t<meta name=\"twitter:data1\" content=\"Andr\u00e9s Berm\u00fadez Li\u00e9vano\" \/>\n\t<meta name=\"twitter:label2\" content=\"Tiempo de lectura\" \/>\n\t<meta name=\"twitter:data2\" content=\"15 minutos\" \/>\n<script type=\"application\/ld+json\" class=\"yoast-schema-graph\">{\"@context\":\"https:\/\/schema.org\",\"@graph\":[{\"@type\":\"NewsArticle\",\"@id\":\"https:\/\/www.justiceinfo.net\/es\/138517-ninos-soldados-cupula-de-las-farc-acusada-de-crimenes-de-guerra.html#article\",\"isPartOf\":{\"@id\":\"https:\/\/www.justiceinfo.net\/es\/138517-ninos-soldados-cupula-de-las-farc-acusada-de-crimenes-de-guerra.html\"},\"author\":{\"name\":\"Andr\u00e9s Berm\u00fadez Li\u00e9vano\",\"@id\":\"https:\/\/www.justiceinfo.net\/es#\/schema\/person\/c18ea792350557b20c68f8d655e3ea21\"},\"headline\":\"Ni\u00f1os soldados: c\u00fapula de las FARC acusada de cr\u00edmenes de guerra\",\"datePublished\":\"2024-11-21T10:42:15+00:00\",\"dateModified\":\"2024-11-21T14:28:58+00:00\",\"mainEntityOfPage\":{\"@id\":\"https:\/\/www.justiceinfo.net\/es\/138517-ninos-soldados-cupula-de-las-farc-acusada-de-crimenes-de-guerra.html\"},\"wordCount\":3053,\"publisher\":{\"@id\":\"https:\/\/www.justiceinfo.net\/es#organization\"},\"image\":{\"@id\":\"https:\/\/www.justiceinfo.net\/es\/138517-ninos-soldados-cupula-de-las-farc-acusada-de-crimenes-de-guerra.html#primaryimage\"},\"thumbnailUrl\":\"https:\/\/www.justiceinfo.net\/wp-content\/uploads\/Colombia_Jurisdiccion-Especial-Paz-Lily-Rueda-FARC-imputacion_@JEP.jpg\",\"keywords\":[\"Jurisdicci\u00f3n Especial para la Paz\"],\"articleSection\":[\"Tribunales nacionales\"],\"inLanguage\":\"es\"},{\"@type\":\"WebPage\",\"@id\":\"https:\/\/www.justiceinfo.net\/es\/138517-ninos-soldados-cupula-de-las-farc-acusada-de-crimenes-de-guerra.html\",\"url\":\"https:\/\/www.justiceinfo.net\/es\/138517-ninos-soldados-cupula-de-las-farc-acusada-de-crimenes-de-guerra.html\",\"name\":\"Ni\u00f1os soldados en Colombia: c\u00fapula de las FARC acusada de cr\u00edmenes de guerra\",\"isPartOf\":{\"@id\":\"https:\/\/www.justiceinfo.net\/es#website\"},\"primaryImageOfPage\":{\"@id\":\"https:\/\/www.justiceinfo.net\/es\/138517-ninos-soldados-cupula-de-las-farc-acusada-de-crimenes-de-guerra.html#primaryimage\"},\"image\":{\"@id\":\"https:\/\/www.justiceinfo.net\/es\/138517-ninos-soldados-cupula-de-las-farc-acusada-de-crimenes-de-guerra.html#primaryimage\"},\"thumbnailUrl\":\"https:\/\/www.justiceinfo.net\/wp-content\/uploads\/Colombia_Jurisdiccion-Especial-Paz-Lily-Rueda-FARC-imputacion_@JEP.jpg\",\"datePublished\":\"2024-11-21T10:42:15+00:00\",\"dateModified\":\"2024-11-21T14:28:58+00:00\",\"description\":\"En Colombia, seis antiguos l\u00edderes de las FARC han sido acusados de participar en el reclutamiento de ni\u00f1os soldado. Tras el anuncio de la Jurisdicci\u00f3n Especial para la Paz (JEP), indicaron que aceptaban los cargos que se les imputaban.\",\"breadcrumb\":{\"@id\":\"https:\/\/www.justiceinfo.net\/es\/138517-ninos-soldados-cupula-de-las-farc-acusada-de-crimenes-de-guerra.html#breadcrumb\"},\"inLanguage\":\"es\",\"potentialAction\":[{\"@type\":\"ReadAction\",\"target\":[\"https:\/\/www.justiceinfo.net\/es\/138517-ninos-soldados-cupula-de-las-farc-acusada-de-crimenes-de-guerra.html\"]}]},{\"@type\":\"ImageObject\",\"inLanguage\":\"es\",\"@id\":\"https:\/\/www.justiceinfo.net\/es\/138517-ninos-soldados-cupula-de-las-farc-acusada-de-crimenes-de-guerra.html#primaryimage\",\"url\":\"https:\/\/www.justiceinfo.net\/wp-content\/uploads\/Colombia_Jurisdiccion-Especial-Paz-Lily-Rueda-FARC-imputacion_@JEP.jpg\",\"contentUrl\":\"https:\/\/www.justiceinfo.net\/wp-content\/uploads\/Colombia_Jurisdiccion-Especial-Paz-Lily-Rueda-FARC-imputacion_@JEP.jpg\",\"width\":1200,\"height\":800,\"caption\":\"La magistrada Lily Rueda anuncia la imputaci\u00f3n de la Jurisdicci\u00f3n Especial de Colombia contra seis ex l\u00edderes de las antiguas FARC por cr\u00edmenes de guerra a ra\u00edz de su rol en el reclutamiento de ni\u00f1os y ni\u00f1as soldados. Foto: \u00a9 JEP\"},{\"@type\":\"BreadcrumbList\",\"@id\":\"https:\/\/www.justiceinfo.net\/es\/138517-ninos-soldados-cupula-de-las-farc-acusada-de-crimenes-de-guerra.html#breadcrumb\",\"itemListElement\":[{\"@type\":\"ListItem\",\"position\":1,\"name\":\"Home\",\"item\":\"https:\/\/www.justiceinfo.net\/es\"},{\"@type\":\"ListItem\",\"position\":2,\"name\":\"Ni\u00f1os soldados: c\u00fapula de las FARC acusada de cr\u00edmenes de guerra\"}]},{\"@type\":\"WebSite\",\"@id\":\"https:\/\/www.justiceinfo.net\/es#website\",\"url\":\"https:\/\/www.justiceinfo.net\/es\",\"name\":\"JusticeInfo.net\",\"description\":\"La justicia debe ser visible para ser un hecho\",\"publisher\":{\"@id\":\"https:\/\/www.justiceinfo.net\/es#organization\"},\"potentialAction\":[{\"@type\":\"SearchAction\",\"target\":{\"@type\":\"EntryPoint\",\"urlTemplate\":\"https:\/\/www.justiceinfo.net\/es?s={search_term_string}\"},\"query-input\":{\"@type\":\"PropertyValueSpecification\",\"valueRequired\":true,\"valueName\":\"search_term_string\"}}],\"inLanguage\":\"es\"},{\"@type\":\"Organization\",\"@id\":\"https:\/\/www.justiceinfo.net\/es#organization\",\"name\":\"Justice Info\",\"url\":\"https:\/\/www.justiceinfo.net\/es\",\"logo\":{\"@type\":\"ImageObject\",\"inLanguage\":\"es\",\"@id\":\"https:\/\/www.justiceinfo.net\/es#\/schema\/logo\/image\/\",\"url\":\"https:\/\/www.justiceinfo.net\/wp-content\/uploads\/justiceinfo_logo-trans_1200x1200px.png\",\"contentUrl\":\"https:\/\/www.justiceinfo.net\/wp-content\/uploads\/justiceinfo_logo-trans_1200x1200px.png\",\"width\":1199,\"height\":1200,\"caption\":\"Justice Info\"},\"image\":{\"@id\":\"https:\/\/www.justiceinfo.net\/es#\/schema\/logo\/image\/\"},\"sameAs\":[\"https:\/\/www.facebook.com\/JusticeInfo\/\",\"https:\/\/x.com\/justiceinfonet\",\"https:\/\/www.linkedin.com\/company\/justice-info\",\"https:\/\/www.youtube.com\/channel\/UCyCEsARodyuWtkWyhn-e7pA\"]},{\"@type\":\"Person\",\"name\":\"Andr\u00e9s Berm\u00fadez Li\u00e9vano\",\"sameAs\":[\"https:\/\/x.com\/bermudezlievano\"],\"url\":\"https:\/\/www.justiceinfo.net\/es\/auteur\/alievano\"}]}<\/script>\n<!-- \/ Yoast SEO Premium plugin. -->","yoast_head_json":{"title":"Ni\u00f1os soldados en Colombia: c\u00fapula de las FARC acusada de cr\u00edmenes de guerra","description":"En Colombia, seis antiguos l\u00edderes de las FARC han sido acusados de participar en el reclutamiento de ni\u00f1os soldado. Tras el anuncio de la Jurisdicci\u00f3n Especial para la Paz (JEP), indicaron que aceptaban los cargos que se les imputaban.","robots":{"index":"index","follow":"follow","max-snippet":"max-snippet:-1","max-image-preview":"max-image-preview:large","max-video-preview":"max-video-preview:-1"},"canonical":"https:\/\/www.justiceinfo.net\/es\/138517-ninos-soldados-cupula-de-las-farc-acusada-de-crimenes-de-guerra.html","og_locale":"es_ES","og_type":"article","og_title":"Ni\u00f1os soldados: c\u00fapula de las FARC acusada de cr\u00edmenes de guerra","og_description":"En Colombia, seis antiguos l\u00edderes de las FARC han sido acusados de participar en el reclutamiento de ni\u00f1os soldado. Tras el anuncio de la Jurisdicci\u00f3n Especial para la Paz (JEP), indicaron que aceptaban los cargos que se les imputaban.","og_url":"https:\/\/www.justiceinfo.net\/es\/138517-ninos-soldados-cupula-de-las-farc-acusada-de-crimenes-de-guerra.html","og_site_name":"JusticeInfo.net","article_publisher":"https:\/\/www.facebook.com\/JusticeInfo\/","article_published_time":"2024-11-21T10:42:15+00:00","article_modified_time":"2024-11-21T14:28:58+00:00","og_image":[{"width":1200,"height":800,"url":"https:\/\/www.justiceinfo.net\/wp-content\/uploads\/Colombia_Jurisdiccion-Especial-Paz-Lily-Rueda-FARC-imputacion_@JEP.jpg","type":"image\/jpeg"}],"author":"Andr\u00e9s Berm\u00fadez Li\u00e9vano","twitter_card":"summary_large_image","twitter_creator":"@bermudezlievano","twitter_site":"@justiceinfonet","twitter_misc":{"Escrito por":"Andr\u00e9s Berm\u00fadez Li\u00e9vano","Tiempo de lectura":"15 minutos"},"schema":{"@context":"https:\/\/schema.org","@graph":[{"@type":"NewsArticle","@id":"https:\/\/www.justiceinfo.net\/es\/138517-ninos-soldados-cupula-de-las-farc-acusada-de-crimenes-de-guerra.html#article","isPartOf":{"@id":"https:\/\/www.justiceinfo.net\/es\/138517-ninos-soldados-cupula-de-las-farc-acusada-de-crimenes-de-guerra.html"},"author":{"name":"Andr\u00e9s Berm\u00fadez Li\u00e9vano","@id":"https:\/\/www.justiceinfo.net\/es#\/schema\/person\/c18ea792350557b20c68f8d655e3ea21"},"headline":"Ni\u00f1os soldados: c\u00fapula de las FARC acusada de cr\u00edmenes de guerra","datePublished":"2024-11-21T10:42:15+00:00","dateModified":"2024-11-21T14:28:58+00:00","mainEntityOfPage":{"@id":"https:\/\/www.justiceinfo.net\/es\/138517-ninos-soldados-cupula-de-las-farc-acusada-de-crimenes-de-guerra.html"},"wordCount":3053,"publisher":{"@id":"https:\/\/www.justiceinfo.net\/es#organization"},"image":{"@id":"https:\/\/www.justiceinfo.net\/es\/138517-ninos-soldados-cupula-de-las-farc-acusada-de-crimenes-de-guerra.html#primaryimage"},"thumbnailUrl":"https:\/\/www.justiceinfo.net\/wp-content\/uploads\/Colombia_Jurisdiccion-Especial-Paz-Lily-Rueda-FARC-imputacion_@JEP.jpg","keywords":["Jurisdicci\u00f3n Especial para la Paz"],"articleSection":["Tribunales nacionales"],"inLanguage":"es"},{"@type":"WebPage","@id":"https:\/\/www.justiceinfo.net\/es\/138517-ninos-soldados-cupula-de-las-farc-acusada-de-crimenes-de-guerra.html","url":"https:\/\/www.justiceinfo.net\/es\/138517-ninos-soldados-cupula-de-las-farc-acusada-de-crimenes-de-guerra.html","name":"Ni\u00f1os soldados en Colombia: c\u00fapula de las FARC acusada de cr\u00edmenes de guerra","isPartOf":{"@id":"https:\/\/www.justiceinfo.net\/es#website"},"primaryImageOfPage":{"@id":"https:\/\/www.justiceinfo.net\/es\/138517-ninos-soldados-cupula-de-las-farc-acusada-de-crimenes-de-guerra.html#primaryimage"},"image":{"@id":"https:\/\/www.justiceinfo.net\/es\/138517-ninos-soldados-cupula-de-las-farc-acusada-de-crimenes-de-guerra.html#primaryimage"},"thumbnailUrl":"https:\/\/www.justiceinfo.net\/wp-content\/uploads\/Colombia_Jurisdiccion-Especial-Paz-Lily-Rueda-FARC-imputacion_@JEP.jpg","datePublished":"2024-11-21T10:42:15+00:00","dateModified":"2024-11-21T14:28:58+00:00","description":"En Colombia, seis antiguos l\u00edderes de las FARC han sido acusados de participar en el reclutamiento de ni\u00f1os soldado. Tras el anuncio de la Jurisdicci\u00f3n Especial para la Paz (JEP), indicaron que aceptaban los cargos que se les imputaban.","breadcrumb":{"@id":"https:\/\/www.justiceinfo.net\/es\/138517-ninos-soldados-cupula-de-las-farc-acusada-de-crimenes-de-guerra.html#breadcrumb"},"inLanguage":"es","potentialAction":[{"@type":"ReadAction","target":["https:\/\/www.justiceinfo.net\/es\/138517-ninos-soldados-cupula-de-las-farc-acusada-de-crimenes-de-guerra.html"]}]},{"@type":"ImageObject","inLanguage":"es","@id":"https:\/\/www.justiceinfo.net\/es\/138517-ninos-soldados-cupula-de-las-farc-acusada-de-crimenes-de-guerra.html#primaryimage","url":"https:\/\/www.justiceinfo.net\/wp-content\/uploads\/Colombia_Jurisdiccion-Especial-Paz-Lily-Rueda-FARC-imputacion_@JEP.jpg","contentUrl":"https:\/\/www.justiceinfo.net\/wp-content\/uploads\/Colombia_Jurisdiccion-Especial-Paz-Lily-Rueda-FARC-imputacion_@JEP.jpg","width":1200,"height":800,"caption":"La magistrada Lily Rueda anuncia la imputaci\u00f3n de la Jurisdicci\u00f3n Especial de Colombia contra seis ex l\u00edderes de las antiguas FARC por cr\u00edmenes de guerra a ra\u00edz de su rol en el reclutamiento de ni\u00f1os y ni\u00f1as soldados. Foto: \u00a9 JEP"},{"@type":"BreadcrumbList","@id":"https:\/\/www.justiceinfo.net\/es\/138517-ninos-soldados-cupula-de-las-farc-acusada-de-crimenes-de-guerra.html#breadcrumb","itemListElement":[{"@type":"ListItem","position":1,"name":"Home","item":"https:\/\/www.justiceinfo.net\/es"},{"@type":"ListItem","position":2,"name":"Ni\u00f1os soldados: c\u00fapula de las FARC acusada de cr\u00edmenes de guerra"}]},{"@type":"WebSite","@id":"https:\/\/www.justiceinfo.net\/es#website","url":"https:\/\/www.justiceinfo.net\/es","name":"JusticeInfo.net","description":"La justicia debe ser visible para ser un hecho","publisher":{"@id":"https:\/\/www.justiceinfo.net\/es#organization"},"potentialAction":[{"@type":"SearchAction","target":{"@type":"EntryPoint","urlTemplate":"https:\/\/www.justiceinfo.net\/es?s={search_term_string}"},"query-input":{"@type":"PropertyValueSpecification","valueRequired":true,"valueName":"search_term_string"}}],"inLanguage":"es"},{"@type":"Organization","@id":"https:\/\/www.justiceinfo.net\/es#organization","name":"Justice Info","url":"https:\/\/www.justiceinfo.net\/es","logo":{"@type":"ImageObject","inLanguage":"es","@id":"https:\/\/www.justiceinfo.net\/es#\/schema\/logo\/image\/","url":"https:\/\/www.justiceinfo.net\/wp-content\/uploads\/justiceinfo_logo-trans_1200x1200px.png","contentUrl":"https:\/\/www.justiceinfo.net\/wp-content\/uploads\/justiceinfo_logo-trans_1200x1200px.png","width":1199,"height":1200,"caption":"Justice Info"},"image":{"@id":"https:\/\/www.justiceinfo.net\/es#\/schema\/logo\/image\/"},"sameAs":["https:\/\/www.facebook.com\/JusticeInfo\/","https:\/\/x.com\/justiceinfonet","https:\/\/www.linkedin.com\/company\/justice-info","https:\/\/www.youtube.com\/channel\/UCyCEsARodyuWtkWyhn-e7pA"]},{"@type":"Person","name":"Andr\u00e9s Berm\u00fadez Li\u00e9vano","sameAs":["https:\/\/x.com\/bermudezlievano"],"url":"https:\/\/www.justiceinfo.net\/es\/auteur\/alievano"}]}},"_links":{"self":[{"href":"https:\/\/www.justiceinfo.net\/es\/wp-json\/wp\/v2\/posts\/138517","targetHints":{"allow":["GET"]}}],"collection":[{"href":"https:\/\/www.justiceinfo.net\/es\/wp-json\/wp\/v2\/posts"}],"about":[{"href":"https:\/\/www.justiceinfo.net\/es\/wp-json\/wp\/v2\/types\/post"}],"author":[{"embeddable":true,"href":"https:\/\/www.justiceinfo.net\/es\/wp-json\/wp\/v2\/users\/74"}],"replies":[{"embeddable":true,"href":"https:\/\/www.justiceinfo.net\/es\/wp-json\/wp\/v2\/comments?post=138517"}],"version-history":[{"count":7,"href":"https:\/\/www.justiceinfo.net\/es\/wp-json\/wp\/v2\/posts\/138517\/revisions"}],"predecessor-version":[{"id":138541,"href":"https:\/\/www.justiceinfo.net\/es\/wp-json\/wp\/v2\/posts\/138517\/revisions\/138541"}],"wp:featuredmedia":[{"embeddable":true,"href":"https:\/\/www.justiceinfo.net\/es\/wp-json\/wp\/v2\/media\/138499"}],"wp:attachment":[{"href":"https:\/\/www.justiceinfo.net\/es\/wp-json\/wp\/v2\/media?parent=138517"}],"wp:term":[{"taxonomy":"category","embeddable":true,"href":"https:\/\/www.justiceinfo.net\/es\/wp-json\/wp\/v2\/categories?post=138517"},{"taxonomy":"post_tag","embeddable":true,"href":"https:\/\/www.justiceinfo.net\/es\/wp-json\/wp\/v2\/tags?post=138517"},{"taxonomy":"ji_location","embeddable":true,"href":"https:\/\/www.justiceinfo.net\/es\/wp-json\/wp\/v2\/ji_location?post=138517"}],"curies":[{"name":"wp","href":"https:\/\/api.w.org\/{rel}","templated":true}]}}