{"id":153669,"date":"2025-11-21T12:12:19","date_gmt":"2025-11-21T11:12:19","guid":{"rendered":"https:\/\/www.justiceinfo.net\/153669-les-droits-de-la-nature-entre-raison-pure-et-raison-pratique.html"},"modified":"2025-12-15T17:25:14","modified_gmt":"2025-12-15T16:25:14","slug":"justicia-ambiental-sin-poder-real-el-desafio-de-los-derechos-de-la-naturaleza","status":"publish","type":"post","link":"https:\/\/www.justiceinfo.net\/es\/153669-justicia-ambiental-sin-poder-real-el-desafio-de-los-derechos-de-la-naturaleza.html","title":{"rendered":"Justicia ambiental sin poder real: el desaf\u00edo de los derechos de la naturaleza"},"content":{"rendered":"\n<p>El Tribunal Internacional de los Derechos de la Naturaleza celebr\u00f3 su sexta edici\u00f3n, al margen de la COP30 sobre el clima en Bel\u00e9m. Tras once a\u00f1os de existencia, esta jurisdicci\u00f3n simb\u00f3lica ha producido una jurisprudencia sustancial y coherente con la legislaci\u00f3n vigente. Sin embargo, su aplicaci\u00f3n choca con la persistencia de una econom\u00eda industrial que destruye estructuralmente los ecosistemas.<\/p>\n\n\n\n<!--more-->\n\n\n\n<p>El <a href=\"https:\/\/www.rightsofnaturetribunal.org\/a-new-pledge-for-mother-nature-tribunal-2025\/?lang=es\" target=\"_blank\" rel=\"noreferrer noopener\">6.\u00ba Tribunal Internacional de los Derechos de la Naturaleza<\/a> (TIDN) se reuni\u00f3 el pasado 11 de noviembre de 2025 en Bel\u00e9m (Brasil), en paralelo a la COP30 sobre el clima, celebrada all\u00ed entre el 10 y el 21 de noviembre. Tras dos sesiones preparatorias, los 17 jueces de este tribunal simb\u00f3lico elaboraron un texto de cuatro p\u00e1ginas titulado \"<a href=\"https:\/\/www.rightsofnaturetribunal.org\/wp-content\/uploads\/2025\/11\/DEFINITIVE-ESP-Declaracion-Belem.docx.pdf\" target=\"_blank\" rel=\"noreferrer noopener\">Un nuevo compromiso con la Madre Naturaleza<\/a>\".<\/p>\n\n\n\n<p>Comparado con los veredictos anteriores del Tribunal, el documento no se distingue por su car\u00e1cter innovador. Es cierto que retoma algunos avances recientes del llamado \"derecho blando\" (normas no obligatorias). Entre ellos, la <a href=\"https:\/\/www.corteidh.or.cr\/docs\/opiniones\/resumen_seriea_32_es.pdf\" target=\"_blank\" rel=\"noreferrer noopener\">Opini\u00f3n consultiva de la Corte Interamericana de Derechos Humanos de 29 de mayo de 2025<\/a> sobre la emergencia clim\u00e1tica y los derechos humanos, que considera el reconocimiento de la naturaleza y sus componentes como sujetos de derecho en algunos pa\u00edses de Am\u00e9rica Latina como una \"evoluci\u00f3n normativa\" capaz de reforzar la protecci\u00f3n de los ecosistemas.&nbsp; Tambi\u00e9n se menciona la declaraci\u00f3n final del \u00faltimo Congreso de la Uni\u00f3n Internacional para la Conservaci\u00f3n de la Naturaleza, celebrado en octubre de 2025 en Abu Dabi, que \"alienta a los Estados a prohibir la exploraci\u00f3n y extracci\u00f3n de combustibles f\u00f3siles\" en la Amazonia, \"garantizando al mismo tiempo la participaci\u00f3n de los pueblos ind\u00edgenas y de las comunidades locales\" en la preservaci\u00f3n de la biodiversidad.<\/p>\n\n\n\n<p>Pero, en esencia, la \u00faltima decisi\u00f3n del TIDN insiste en lo que el Tribunal viene se\u00f1alando, veredicto tras veredicto, desde su creaci\u00f3n en 2014:<\/p>\n\n\n\n<p>\"Las olas de calor que causan la muerte de miles de personas est\u00e1n asociadas a las actividades humanas que provocan el cambio clim\u00e1tico y el colapso ecol\u00f3gico global. Las crisis actuales tienen su origen en sistemas econ\u00f3micos, pol\u00edticos, jur\u00eddicos y sociales establecidos por las culturas industriales orientadas al crecimiento. Todos formamos parte de la Tierra, una comunidad indivisible y viva de seres interrelacionados e interdependientes, con un destino com\u00fan, aunque con derechos diferenciados. El Tribunal llama a un profundo cambio cultural, espiritual y filos\u00f3fico, subraya la necesidad de reconocer los derechos fundamentales de la Madre Tierra a existir, crear, restaurar, sanar y exigir reparaci\u00f3n por los da\u00f1os causados durante siglos de capitalismo extractivo. Sin este cambio de rumbo radical, s\u00f3lo unos pocos sobrevivir\u00e1n al colapso ecol\u00f3gico y social, mientras millones de especies enfrentan la extinci\u00f3n\".<\/p>\n\n\n\n<h2 class=\"wp-block-heading\" id=\"h-la-declaracion-universal-de-los-derechos-de-la-madre-tierra\">La Declaraci\u00f3n Universal de los Derechos de la Madre Tierra<\/h2>\n\n\n\n<p>Desde hace once a\u00f1os, el TIDN se re\u00fane para examinar la legalidad de grandes proyectos industriales a la luz de un texto fundacional: la <a href=\"https:\/\/www.garn.org\/wp-content\/uploads\/2024\/02\/Declaracion-Universal-de-los-Derechos-de-la-Madre-Tierra.pdf\" target=\"_blank\" rel=\"noreferrer noopener\">Declaraci\u00f3n Universal de los Derechos de la Madre Tierra<\/a>.&nbsp; Este documento fue adoptado en abril de 2010, al t\u00e9rmino de la Conferencia Mundial de los Pueblos sobre el Cambio Clim\u00e1tico realizada en Cochabamba (Bolivia), por iniciativa del entonces presidente Evo Morales, tras el fracaso de la COP15 de Copenhague en 2009.&nbsp;<\/p>\n\n\n\n<p>Para Morales, este fracaso estuvo directamente vinculado a la negativa de los pa\u00edses ricos a reducir dr\u00e1sticamente sus emisiones de gases de efecto invernadero y a financiar la adaptaci\u00f3n de los pa\u00edses pobres al cambio clim\u00e1tico. La conferencia de Cochabamba reuni\u00f3 a cerca de 30.000 representantes de los pueblos amerindios, comunidades ind\u00edgenas y movimientos sociales de todo el mundo, con el objetivo de impulsar una acci\u00f3n colectiva y estructurada frente a esta situaci\u00f3n de injusticia.&nbsp;<\/p>\n\n\n\n<p>La declaraci\u00f3n final recoge la experiencia de estas comunidades, muchas de ellas habitantes de regiones monta\u00f1osas o forestales, territorios poco poblados, donde la vida se desarrolla en contacto directo con la naturaleza vasta y generosa, pero cada vez m\u00e1s fragilizada -e incluso destruida- por el cambio clim\u00e1tico, los grandes emprendimientos mineros y las extensas explotaciones agroindustriales, basadas en la deforestaci\u00f3n.<\/p>\n\n\n\n<p>La Declaraci\u00f3n Universal de los Derechos la Madre Tierra sostiene que esta \"es una comunidad \u00fanica, indivisible y autorregulada de seres interrelacionados\", y afirma que, as\u00ed como los seres humanos poseen derechos humanos, \"todos los dem\u00e1s seres tienen derechos espec\u00edficos, adecuados a su condici\u00f3n y a su funci\u00f3n\". De esta concepci\u00f3n se desprende una serie de derechos que recuerdan a los consagrados en declaraciones, convenios y jurisprudencia internacional en materia de derechos humanos: el derecho a la vida, al respeto, a la identidad, a la salud integral y a la reparaci\u00f3n frente a la violaci\u00f3n de los derechos.<\/p>\n\n\n\n<p>A estos se suman otros derechos fundamentales, como el acceso al agua como fuente de vida, al aire limpio y a un entorno libre de contaminaci\u00f3n y poluci\u00f3n, es decir, a un medio ambiente sano, un derecho cuya incorporaci\u00f3n al corpus jur\u00eddico humanitario internacional es relativamente reciente. La Declaraci\u00f3n concluye estableciendo obligaciones espec\u00edficas para los seres humanos, entre ellas la de \"aprender a vivir en armon\u00eda con la Madre Tierra\" y la de \"promover sistemas econ\u00f3micos coherentes con los derechos\" all\u00ed reconocidos.<\/p>\n\n\n\n<p>De inspiraci\u00f3n cultural amerindia, la Declaraci\u00f3n tambi\u00e9n toma como referencia en la <a href=\"https:\/\/www.asambleanacional.gob.ec\/documentos\/constitucion_de_bolsillo.pdf\" target=\"_blank\" rel=\"noreferrer noopener\">Constituci\u00f3n ecuatoriana<\/a>, aprobada por refer\u00e9ndum en 2008&nbsp; por iniciativa del expresidente Rafael Correa, que dedica un cap\u00edtulo entero a los \"derechos de la naturaleza\". Encuentra adem\u00e1s un antecedente directo en la <a href=\"https:\/\/www.planificacion.gob.bo\/uploads\/marco-legal\/Ley%20N%C2%B0%20071%20DERECHOS%20DE%20LA%20MADRE%20TIERRA.pdf\" target=\"_blank\" rel=\"noreferrer noopener\">ley boliviana del 21 de diciembre de 2010<\/a> sobre los Derechos de la Madre Tierra.<\/p>\n\n\n\n<p>El texto es promovido a escala internacional por la <a href=\"https:\/\/www.garn.org\/\" target=\"_blank\" rel=\"noreferrer noopener\">Alianza Global por los Derechos de la Naturaleza<\/a> (GARN, por sus siglas en ingl\u00e9s). Una red que agrupa a m\u00e1s de 5.000 organizaciones y personas de alrededor de un centenar de pa\u00edses de los cinco continentes. Su objetivo es \"crear un sistema jur\u00eddico que considere a la naturaleza como una entidad dotada de derechos, y no como un bien exportable\". Para avanzar en esta direcci\u00f3n a partir de casos concretos, la alianza organiz\u00f3 en 2014 la primera sesi\u00f3n del TIDN en Quito (Ecuador).&nbsp;<\/p>\n\n\n\n<p>\"Inspirado en los tribunales penales internacionales y en el <a href=\"https:\/\/permanentpeoplestribunal.org\/?lang=es\" target=\"_blank\" rel=\"noreferrer noopener\">Tribunal Permanente de los Pueblos<\/a>,&nbsp; el TIDN busca fomentar un sistema internacional de derechos de la naturaleza\", resumen los acad\u00e9micos estadounidenses Craig M. Kauffman y Pamela L. Martin,&nbsp; autores de un <a href=\"https:\/\/direct.mit.edu\/books\/oa-monograph\/5158\/The-Politics-of-Rights-of-NatureStrategies-for\" target=\"_blank\" rel=\"noreferrer noopener\">libro de referencia sobre este tema<\/a>.<\/p>\n\n\n\n<h2 class=\"wp-block-heading\" id=\"h-una-jurisprudencia-aun-muy-teorica\">Una jurisprudencia a\u00fan muy te\u00f3rica<\/h2>\n\n\n\n<p>Desde su creaci\u00f3n, el TIDN se reuni\u00f3 en seis ocasiones, tanto en Am\u00e9rica del Sur como en Europa, generalmente al margen de las COP sobre el clima. Tambi\u00e9n organiz\u00f3 dos sesiones regionales dedicadas a los ecosistemas acu\u00e1ticos en Chile y Europa, as\u00ed como seis sesiones locales centradas en casos espec\u00edficos: el oleoducto Mountain Valley, en el sureste de Estados Unidos; el impacto de miner\u00eda canadiense en Ecuador y Serbia; o la Gran Barrera de Coral, frente a la costa noreste de Australia.&nbsp;<\/p>\n\n\n\n<p>El tribunal ha examinado <a href=\"https:\/\/www.rightsofnaturetribunal.org\/cases\/\" target=\"_blank\" rel=\"noreferrer noopener\">decenas de casos<\/a>, a menudo con la ayuda de misiones que re\u00fanen a v\u00edctimas, expertos, activistas y representantes pol\u00edticos sobre el terreno. Algunos de estos conflictos tambi\u00e9n fueron llevados ante tribunales estatales por violaciones de los derechos culturales, humanos o medioambientales. El TIDN articula su labor con la legislaci\u00f3n vigente, tanto con el el corpus internacional de derechos humanos como con la <a href=\"https:\/\/www.un.org\/esa\/socdev\/unpfii\/documents\/DRIPS_es.pdf\" target=\"_blank\" rel=\"noreferrer noopener\">Declaraci\u00f3n de las Naciones Unidas sobre los Derechos de los Pueblos Ind\u00edgenas<\/a> (2007), ambos citados como fuentes jur\u00eddicas en los <a href=\"https:\/\/www.rightsofnaturetribunal.org\/wp-content\/uploads\/2018\/04\/Tribunal-Status.pdf\" target=\"_blank\" rel=\"noreferrer noopener\">estatutos del Tribunal<\/a>.<\/p>\n\n\n\n<p>La propia ONU sigue con atenci\u00f3n la labor del Tribunal. Durante la sexta reuni\u00f3n del TIDN en Bel\u00e9m, participaron Mary Lawlor y Michel Forst, relatores especiales de la ONU para la protecci\u00f3n de los defensores de los derechos humanos y del medio ambiente, quienes dieron testimonio sobre la respuesta del organismo internacional frente a los cientos de asesinatos de defensores del medio ambiente registrados en los \u00faltimos a\u00f1os.<\/p>\n\n\n\n<p>Pese a su coherencia interna y su articulaci\u00f3n con el derecho vigente, la jurisprudencia dictada por el TIDN contin\u00faa siendo, por ahora, eminentemente te\u00f3rica. Mientras tanto, los entornos habitados por los pueblos ind\u00edgenas y los ecosistemas del planeta siguen degrad\u00e1ndose bajo el impacto de actividad industrial, en muchos casos, hasta un punto cr\u00edtico para comunidades humanas que agrupan a miles - incluso decenas de miles- de personas.<\/p>\n\n\n\n<p>\u00a0Este contraste dio a los debates en Bel\u00e9m un tono particularmente dram\u00e1tico. Una jefa ind\u00edgena del norte record\u00f3, por ejemplo, el genocidio que contin\u00faa sufriendo su naci\u00f3n, situada en la frontera entre Estados Unidos y Canad\u00e1. Al mismo tiempo, decenas de manifestantes amaz\u00f3nicos culminaban su \"marcha por el clima y la salud\" con un intento de irrupci\u00f3n a la sede de la COP30, antes de ser repelidos por las fuerzas de seguridad brasile\u00f1as. La idea de que las COP sobre el clima son desfiles in\u00fatiles, incluso hostiles por estar demasiado infiltradas por los lobbies petroleros e industriales, se expres\u00f3 en varias ocasiones durante esta sexta edici\u00f3n del Tribunal.<\/p>\n\n\n\n<p>En 2025, la crisis ecosist\u00e9mica global es, sin duda, objeto de concienciaci\u00f3n por la comunidad internacional, lo que se traduce en el plano jur\u00eddico en el reconocimiento de un derecho humano universal a un medioambiente saludable. Mientras tanto, el TIDN abre el camino a un cambio paradigm\u00e1tico que consistir\u00eda en conceder derechos fundamentales a lo que se conoce como la naturaleza, es decir, al conjunto de seres vivos no humanos. Pero estos profundos cambios, que reflejan <a href=\"https:\/\/www.amorrortueditores.com\/Papel\/9789505183500\/M%C3%A1s+all%C3%A1+de+naturaleza+y+cultura\" target=\"_blank\" rel=\"noreferrer noopener\">una lenta evoluci\u00f3n en la forma en que el ser humano se considera a s\u00ed mismo en su relaci\u00f3n con el medio ambiente<\/a>, solo se refieren a la proclamaci\u00f3n del derecho. La econom\u00eda industrial sigue su curso y, hasta la fecha, hace que estos nuevos derechos sean en gran medida ineficaces.<\/p>\n","protected":false},"excerpt":{"rendered":"<p>El Tribunal Internacional de los Derechos de la Naturaleza celebr\u00f3 su sexta edici\u00f3n, al margen de la COP30 sobre el clima en Bel\u00e9m. Tras once a\u00f1os de existencia, esta jurisdicci\u00f3n simb\u00f3lica ha producido una jurisprudencia sustancial y coherente con la legislaci\u00f3n vigente. Sin embargo, su aplicaci\u00f3n choca con la persistencia de una econom\u00eda industrial que destruye estructuralmente los ecosistemas.<\/p>\n","protected":false},"author":77,"featured_media":152551,"comment_status":"closed","ping_status":"closed","sticky":false,"template":"","format":"standard","meta":{"_acf_changed":false,"footnotes":""},"categories":[2829],"tags":[4134,4127],"ji_location":[4225],"class_list":["post-153669","post","type-post","status-publish","format-standard","has-post-thumbnail","hentry","category-medio-ambiente","tag-justicia-climatica","tag-pueblos-indigenas","ji_location-internacional"],"acf":[],"yoast_head":"<!-- This site is optimized with the Yoast SEO Premium plugin v25.3.1 (Yoast SEO v25.3.1) - https:\/\/yoast.com\/wordpress\/plugins\/seo\/ -->\n<title>Justicia ambiental sin poder real: el desaf\u00edo de los derechos de la naturaleza<\/title>\n<meta name=\"description\" content=\"El Tribunal Internacional de los Derechos de la Naturaleza celebr\u00f3 su sexta edici\u00f3n, al margen de la COP30 sobre el clima en Bel\u00e9m. Tras once a\u00f1os de existencia, esta jurisdicci\u00f3n simb\u00f3lica ha producido una jurisprudencia sustancial y coherente con la legislaci\u00f3n vigente. Sin embargo, su aplicaci\u00f3n choca con la persistencia de una econom\u00eda industrial que destruye estructuralmente los ecosistemas.\" \/>\n<meta name=\"robots\" content=\"index, follow, max-snippet:-1, max-image-preview:large, max-video-preview:-1\" \/>\n<link rel=\"canonical\" href=\"https:\/\/www.justiceinfo.net\/es\/153669-justicia-ambiental-sin-poder-real-el-desafio-de-los-derechos-de-la-naturaleza.html\" \/>\n<meta property=\"og:locale\" content=\"es_ES\" \/>\n<meta property=\"og:type\" content=\"article\" \/>\n<meta property=\"og:title\" content=\"Justicia ambiental sin poder real: el desaf\u00edo de los derechos de la naturaleza\" \/>\n<meta property=\"og:description\" content=\"El Tribunal Internacional de los Derechos de la Naturaleza celebr\u00f3 su sexta edici\u00f3n, al margen de la COP30 sobre el clima en Bel\u00e9m. Tras once a\u00f1os de existencia, esta jurisdicci\u00f3n simb\u00f3lica ha producido una jurisprudencia sustancial y coherente con la legislaci\u00f3n vigente. Sin embargo, su aplicaci\u00f3n choca con la persistencia de una econom\u00eda industrial que destruye estructuralmente los ecosistemas.\" \/>\n<meta property=\"og:url\" content=\"https:\/\/www.justiceinfo.net\/es\/153669-justicia-ambiental-sin-poder-real-el-desafio-de-los-derechos-de-la-naturaleza.html\" \/>\n<meta property=\"og:site_name\" content=\"JusticeInfo.net\" \/>\n<meta property=\"article:publisher\" content=\"https:\/\/www.facebook.com\/JusticeInfo\/\" \/>\n<meta property=\"article:author\" content=\"https:\/\/www.facebook.com\/benjamin.bibas.9\" \/>\n<meta property=\"article:published_time\" content=\"2025-11-21T11:12:19+00:00\" \/>\n<meta property=\"article:modified_time\" content=\"2025-12-15T16:25:14+00:00\" \/>\n<meta property=\"og:image\" content=\"https:\/\/www.justiceinfo.net\/wp-content\/uploads\/Environmental-justice-nature-rights_glacier-meting-north_@Shutterstock.jpg\" \/>\n\t<meta property=\"og:image:width\" content=\"1200\" \/>\n\t<meta property=\"og:image:height\" content=\"675\" \/>\n\t<meta property=\"og:image:type\" content=\"image\/jpeg\" \/>\n<meta name=\"author\" content=\"Benjamin Bibas\" \/>\n<meta name=\"twitter:card\" content=\"summary_large_image\" \/>\n<meta name=\"twitter:title\" content=\"Justicia ambiental sin poder real: el desaf\u00edo de los derechos de la naturaleza\" \/>\n<meta name=\"twitter:description\" content=\"El Tribunal Internacional de los Derechos de la Naturaleza celebr\u00f3 su sexta edici\u00f3n, al margen de la COP30 sobre el clima en Bel\u00e9m. Tras once a\u00f1os de existencia, esta jurisdicci\u00f3n simb\u00f3lica ha producido una jurisprudencia sustancial y coherente con la legislaci\u00f3n vigente. Sin embargo, su aplicaci\u00f3n choca con la persistencia de una econom\u00eda industrial que destruye estructuralmente los ecosistemas.\" \/>\n<meta name=\"twitter:creator\" content=\"@justiceinfonet\" \/>\n<meta name=\"twitter:site\" content=\"@justiceinfonet\" \/>\n<meta name=\"twitter:label1\" content=\"Escrito por\" \/>\n\t<meta name=\"twitter:data1\" content=\"Benjamin Bibas\" \/>\n\t<meta name=\"twitter:label2\" content=\"Tiempo de lectura\" \/>\n\t<meta name=\"twitter:data2\" content=\"9 minutos\" \/>\n<script type=\"application\/ld+json\" class=\"yoast-schema-graph\">{\"@context\":\"https:\/\/schema.org\",\"@graph\":[{\"@type\":\"AnalysisNewsArticle\",\"@id\":\"https:\/\/www.justiceinfo.net\/es\/153669-justicia-ambiental-sin-poder-real-el-desafio-de-los-derechos-de-la-naturaleza.html#article\",\"isPartOf\":{\"@id\":\"https:\/\/www.justiceinfo.net\/es\/153669-justicia-ambiental-sin-poder-real-el-desafio-de-los-derechos-de-la-naturaleza.html\"},\"author\":{\"name\":\"Benjamin Bibas\",\"@id\":\"https:\/\/www.justiceinfo.net\/es#\/schema\/person\/0a6ede3a860096259d35642a5a3eb3ca\"},\"headline\":\"Justicia ambiental sin poder real: el desaf\u00edo de los derechos de la naturaleza\",\"datePublished\":\"2025-11-21T11:12:19+00:00\",\"dateModified\":\"2025-12-15T16:25:14+00:00\",\"mainEntityOfPage\":{\"@id\":\"https:\/\/www.justiceinfo.net\/es\/153669-justicia-ambiental-sin-poder-real-el-desafio-de-los-derechos-de-la-naturaleza.html\"},\"wordCount\":1722,\"publisher\":{\"@id\":\"https:\/\/www.justiceinfo.net\/es#organization\"},\"image\":{\"@id\":\"https:\/\/www.justiceinfo.net\/es\/153669-justicia-ambiental-sin-poder-real-el-desafio-de-los-derechos-de-la-naturaleza.html#primaryimage\"},\"thumbnailUrl\":\"https:\/\/www.justiceinfo.net\/wp-content\/uploads\/Environmental-justice-nature-rights_glacier-meting-north_@Shutterstock.jpg\",\"keywords\":[\"justicia clim\u00e1tica\",\"pueblos ind\u00edgenas\"],\"articleSection\":[\"Medio ambiente\"],\"inLanguage\":\"es\"},{\"@type\":\"WebPage\",\"@id\":\"https:\/\/www.justiceinfo.net\/es\/153669-justicia-ambiental-sin-poder-real-el-desafio-de-los-derechos-de-la-naturaleza.html\",\"url\":\"https:\/\/www.justiceinfo.net\/es\/153669-justicia-ambiental-sin-poder-real-el-desafio-de-los-derechos-de-la-naturaleza.html\",\"name\":\"Justicia ambiental sin poder real: el desaf\u00edo de los derechos de la naturaleza\",\"isPartOf\":{\"@id\":\"https:\/\/www.justiceinfo.net\/es#website\"},\"primaryImageOfPage\":{\"@id\":\"https:\/\/www.justiceinfo.net\/es\/153669-justicia-ambiental-sin-poder-real-el-desafio-de-los-derechos-de-la-naturaleza.html#primaryimage\"},\"image\":{\"@id\":\"https:\/\/www.justiceinfo.net\/es\/153669-justicia-ambiental-sin-poder-real-el-desafio-de-los-derechos-de-la-naturaleza.html#primaryimage\"},\"thumbnailUrl\":\"https:\/\/www.justiceinfo.net\/wp-content\/uploads\/Environmental-justice-nature-rights_glacier-meting-north_@Shutterstock.jpg\",\"datePublished\":\"2025-11-21T11:12:19+00:00\",\"dateModified\":\"2025-12-15T16:25:14+00:00\",\"description\":\"El Tribunal Internacional de los Derechos de la Naturaleza celebr\u00f3 su sexta edici\u00f3n, al margen de la COP30 sobre el clima en Bel\u00e9m. Tras once a\u00f1os de existencia, esta jurisdicci\u00f3n simb\u00f3lica ha producido una jurisprudencia sustancial y coherente con la legislaci\u00f3n vigente. Sin embargo, su aplicaci\u00f3n choca con la persistencia de una econom\u00eda industrial que destruye estructuralmente los ecosistemas.\",\"breadcrumb\":{\"@id\":\"https:\/\/www.justiceinfo.net\/es\/153669-justicia-ambiental-sin-poder-real-el-desafio-de-los-derechos-de-la-naturaleza.html#breadcrumb\"},\"inLanguage\":\"es\",\"potentialAction\":[{\"@type\":\"ReadAction\",\"target\":[\"https:\/\/www.justiceinfo.net\/es\/153669-justicia-ambiental-sin-poder-real-el-desafio-de-los-derechos-de-la-naturaleza.html\"]}]},{\"@type\":\"ImageObject\",\"inLanguage\":\"es\",\"@id\":\"https:\/\/www.justiceinfo.net\/es\/153669-justicia-ambiental-sin-poder-real-el-desafio-de-los-derechos-de-la-naturaleza.html#primaryimage\",\"url\":\"https:\/\/www.justiceinfo.net\/wp-content\/uploads\/Environmental-justice-nature-rights_glacier-meting-north_@Shutterstock.jpg\",\"contentUrl\":\"https:\/\/www.justiceinfo.net\/wp-content\/uploads\/Environmental-justice-nature-rights_glacier-meting-north_@Shutterstock.jpg\",\"width\":1200,\"height\":675,\"caption\":\"\u00abSin [un] cambio radical de rumbo, solo unos pocos sobrevivir\u00edan al colapso ecol\u00f3gico y social, y millones de especies est\u00e1n en peligro de extinci\u00f3n\u00bb, advierte el Tribunal Internacional de los Derechos de la Naturaleza. Foto: Shutterstock\"},{\"@type\":\"BreadcrumbList\",\"@id\":\"https:\/\/www.justiceinfo.net\/es\/153669-justicia-ambiental-sin-poder-real-el-desafio-de-los-derechos-de-la-naturaleza.html#breadcrumb\",\"itemListElement\":[{\"@type\":\"ListItem\",\"position\":1,\"name\":\"Home\",\"item\":\"https:\/\/www.justiceinfo.net\/es\"},{\"@type\":\"ListItem\",\"position\":2,\"name\":\"Justicia ambiental sin poder real: el desaf\u00edo de los derechos de la naturaleza\"}]},{\"@type\":\"WebSite\",\"@id\":\"https:\/\/www.justiceinfo.net\/es#website\",\"url\":\"https:\/\/www.justiceinfo.net\/es\",\"name\":\"JusticeInfo.net\",\"description\":\"La justicia debe ser visible para ser un hecho\",\"publisher\":{\"@id\":\"https:\/\/www.justiceinfo.net\/es#organization\"},\"potentialAction\":[{\"@type\":\"SearchAction\",\"target\":{\"@type\":\"EntryPoint\",\"urlTemplate\":\"https:\/\/www.justiceinfo.net\/es?s={search_term_string}\"},\"query-input\":{\"@type\":\"PropertyValueSpecification\",\"valueRequired\":true,\"valueName\":\"search_term_string\"}}],\"inLanguage\":\"es\"},{\"@type\":\"Organization\",\"@id\":\"https:\/\/www.justiceinfo.net\/es#organization\",\"name\":\"Justice Info\",\"url\":\"https:\/\/www.justiceinfo.net\/es\",\"logo\":{\"@type\":\"ImageObject\",\"inLanguage\":\"es\",\"@id\":\"https:\/\/www.justiceinfo.net\/es#\/schema\/logo\/image\/\",\"url\":\"https:\/\/www.justiceinfo.net\/wp-content\/uploads\/justiceinfo_logo-trans_1200x1200px.png\",\"contentUrl\":\"https:\/\/www.justiceinfo.net\/wp-content\/uploads\/justiceinfo_logo-trans_1200x1200px.png\",\"width\":1199,\"height\":1200,\"caption\":\"Justice Info\"},\"image\":{\"@id\":\"https:\/\/www.justiceinfo.net\/es#\/schema\/logo\/image\/\"},\"sameAs\":[\"https:\/\/www.facebook.com\/JusticeInfo\/\",\"https:\/\/x.com\/justiceinfonet\",\"https:\/\/www.linkedin.com\/company\/justice-info\",\"https:\/\/www.youtube.com\/channel\/UCyCEsARodyuWtkWyhn-e7pA\"]},{\"@type\":\"Person\",\"name\":\"Benjamin Bibas\",\"sameAs\":[\"https:\/\/www.facebook.com\/benjamin.bibas.9\"],\"url\":\"\/es\/?s=Benjamin Bibas\"}]}<\/script>\n<!-- \/ Yoast SEO Premium plugin. -->","yoast_head_json":{"title":"Justicia ambiental sin poder real: el desaf\u00edo de los derechos de la naturaleza","description":"El Tribunal Internacional de los Derechos de la Naturaleza celebr\u00f3 su sexta edici\u00f3n, al margen de la COP30 sobre el clima en Bel\u00e9m. Tras once a\u00f1os de existencia, esta jurisdicci\u00f3n simb\u00f3lica ha producido una jurisprudencia sustancial y coherente con la legislaci\u00f3n vigente. Sin embargo, su aplicaci\u00f3n choca con la persistencia de una econom\u00eda industrial que destruye estructuralmente los ecosistemas.","robots":{"index":"index","follow":"follow","max-snippet":"max-snippet:-1","max-image-preview":"max-image-preview:large","max-video-preview":"max-video-preview:-1"},"canonical":"https:\/\/www.justiceinfo.net\/es\/153669-justicia-ambiental-sin-poder-real-el-desafio-de-los-derechos-de-la-naturaleza.html","og_locale":"es_ES","og_type":"article","og_title":"Justicia ambiental sin poder real: el desaf\u00edo de los derechos de la naturaleza","og_description":"El Tribunal Internacional de los Derechos de la Naturaleza celebr\u00f3 su sexta edici\u00f3n, al margen de la COP30 sobre el clima en Bel\u00e9m. Tras once a\u00f1os de existencia, esta jurisdicci\u00f3n simb\u00f3lica ha producido una jurisprudencia sustancial y coherente con la legislaci\u00f3n vigente. Sin embargo, su aplicaci\u00f3n choca con la persistencia de una econom\u00eda industrial que destruye estructuralmente los ecosistemas.","og_url":"https:\/\/www.justiceinfo.net\/es\/153669-justicia-ambiental-sin-poder-real-el-desafio-de-los-derechos-de-la-naturaleza.html","og_site_name":"JusticeInfo.net","article_publisher":"https:\/\/www.facebook.com\/JusticeInfo\/","article_author":"https:\/\/www.facebook.com\/benjamin.bibas.9","article_published_time":"2025-11-21T11:12:19+00:00","article_modified_time":"2025-12-15T16:25:14+00:00","og_image":[{"width":1200,"height":675,"url":"https:\/\/www.justiceinfo.net\/wp-content\/uploads\/Environmental-justice-nature-rights_glacier-meting-north_@Shutterstock.jpg","type":"image\/jpeg"}],"author":"Benjamin Bibas","twitter_card":"summary_large_image","twitter_title":"Justicia ambiental sin poder real: el desaf\u00edo de los derechos de la naturaleza","twitter_description":"El Tribunal Internacional de los Derechos de la Naturaleza celebr\u00f3 su sexta edici\u00f3n, al margen de la COP30 sobre el clima en Bel\u00e9m. Tras once a\u00f1os de existencia, esta jurisdicci\u00f3n simb\u00f3lica ha producido una jurisprudencia sustancial y coherente con la legislaci\u00f3n vigente. Sin embargo, su aplicaci\u00f3n choca con la persistencia de una econom\u00eda industrial que destruye estructuralmente los ecosistemas.","twitter_creator":"@justiceinfonet","twitter_site":"@justiceinfonet","twitter_misc":{"Escrito por":"Benjamin Bibas","Tiempo de lectura":"9 minutos"},"schema":{"@context":"https:\/\/schema.org","@graph":[{"@type":"AnalysisNewsArticle","@id":"https:\/\/www.justiceinfo.net\/es\/153669-justicia-ambiental-sin-poder-real-el-desafio-de-los-derechos-de-la-naturaleza.html#article","isPartOf":{"@id":"https:\/\/www.justiceinfo.net\/es\/153669-justicia-ambiental-sin-poder-real-el-desafio-de-los-derechos-de-la-naturaleza.html"},"author":{"name":"Benjamin Bibas","@id":"https:\/\/www.justiceinfo.net\/es#\/schema\/person\/0a6ede3a860096259d35642a5a3eb3ca"},"headline":"Justicia ambiental sin poder real: el desaf\u00edo de los derechos de la naturaleza","datePublished":"2025-11-21T11:12:19+00:00","dateModified":"2025-12-15T16:25:14+00:00","mainEntityOfPage":{"@id":"https:\/\/www.justiceinfo.net\/es\/153669-justicia-ambiental-sin-poder-real-el-desafio-de-los-derechos-de-la-naturaleza.html"},"wordCount":1722,"publisher":{"@id":"https:\/\/www.justiceinfo.net\/es#organization"},"image":{"@id":"https:\/\/www.justiceinfo.net\/es\/153669-justicia-ambiental-sin-poder-real-el-desafio-de-los-derechos-de-la-naturaleza.html#primaryimage"},"thumbnailUrl":"https:\/\/www.justiceinfo.net\/wp-content\/uploads\/Environmental-justice-nature-rights_glacier-meting-north_@Shutterstock.jpg","keywords":["justicia clim\u00e1tica","pueblos ind\u00edgenas"],"articleSection":["Medio ambiente"],"inLanguage":"es"},{"@type":"WebPage","@id":"https:\/\/www.justiceinfo.net\/es\/153669-justicia-ambiental-sin-poder-real-el-desafio-de-los-derechos-de-la-naturaleza.html","url":"https:\/\/www.justiceinfo.net\/es\/153669-justicia-ambiental-sin-poder-real-el-desafio-de-los-derechos-de-la-naturaleza.html","name":"Justicia ambiental sin poder real: el desaf\u00edo de los derechos de la naturaleza","isPartOf":{"@id":"https:\/\/www.justiceinfo.net\/es#website"},"primaryImageOfPage":{"@id":"https:\/\/www.justiceinfo.net\/es\/153669-justicia-ambiental-sin-poder-real-el-desafio-de-los-derechos-de-la-naturaleza.html#primaryimage"},"image":{"@id":"https:\/\/www.justiceinfo.net\/es\/153669-justicia-ambiental-sin-poder-real-el-desafio-de-los-derechos-de-la-naturaleza.html#primaryimage"},"thumbnailUrl":"https:\/\/www.justiceinfo.net\/wp-content\/uploads\/Environmental-justice-nature-rights_glacier-meting-north_@Shutterstock.jpg","datePublished":"2025-11-21T11:12:19+00:00","dateModified":"2025-12-15T16:25:14+00:00","description":"El Tribunal Internacional de los Derechos de la Naturaleza celebr\u00f3 su sexta edici\u00f3n, al margen de la COP30 sobre el clima en Bel\u00e9m. Tras once a\u00f1os de existencia, esta jurisdicci\u00f3n simb\u00f3lica ha producido una jurisprudencia sustancial y coherente con la legislaci\u00f3n vigente. Sin embargo, su aplicaci\u00f3n choca con la persistencia de una econom\u00eda industrial que destruye estructuralmente los ecosistemas.","breadcrumb":{"@id":"https:\/\/www.justiceinfo.net\/es\/153669-justicia-ambiental-sin-poder-real-el-desafio-de-los-derechos-de-la-naturaleza.html#breadcrumb"},"inLanguage":"es","potentialAction":[{"@type":"ReadAction","target":["https:\/\/www.justiceinfo.net\/es\/153669-justicia-ambiental-sin-poder-real-el-desafio-de-los-derechos-de-la-naturaleza.html"]}]},{"@type":"ImageObject","inLanguage":"es","@id":"https:\/\/www.justiceinfo.net\/es\/153669-justicia-ambiental-sin-poder-real-el-desafio-de-los-derechos-de-la-naturaleza.html#primaryimage","url":"https:\/\/www.justiceinfo.net\/wp-content\/uploads\/Environmental-justice-nature-rights_glacier-meting-north_@Shutterstock.jpg","contentUrl":"https:\/\/www.justiceinfo.net\/wp-content\/uploads\/Environmental-justice-nature-rights_glacier-meting-north_@Shutterstock.jpg","width":1200,"height":675,"caption":"\u00abSin [un] cambio radical de rumbo, solo unos pocos sobrevivir\u00edan al colapso ecol\u00f3gico y social, y millones de especies est\u00e1n en peligro de extinci\u00f3n\u00bb, advierte el Tribunal Internacional de los Derechos de la Naturaleza. Foto: Shutterstock"},{"@type":"BreadcrumbList","@id":"https:\/\/www.justiceinfo.net\/es\/153669-justicia-ambiental-sin-poder-real-el-desafio-de-los-derechos-de-la-naturaleza.html#breadcrumb","itemListElement":[{"@type":"ListItem","position":1,"name":"Home","item":"https:\/\/www.justiceinfo.net\/es"},{"@type":"ListItem","position":2,"name":"Justicia ambiental sin poder real: el desaf\u00edo de los derechos de la naturaleza"}]},{"@type":"WebSite","@id":"https:\/\/www.justiceinfo.net\/es#website","url":"https:\/\/www.justiceinfo.net\/es","name":"JusticeInfo.net","description":"La justicia debe ser visible para ser un hecho","publisher":{"@id":"https:\/\/www.justiceinfo.net\/es#organization"},"potentialAction":[{"@type":"SearchAction","target":{"@type":"EntryPoint","urlTemplate":"https:\/\/www.justiceinfo.net\/es?s={search_term_string}"},"query-input":{"@type":"PropertyValueSpecification","valueRequired":true,"valueName":"search_term_string"}}],"inLanguage":"es"},{"@type":"Organization","@id":"https:\/\/www.justiceinfo.net\/es#organization","name":"Justice Info","url":"https:\/\/www.justiceinfo.net\/es","logo":{"@type":"ImageObject","inLanguage":"es","@id":"https:\/\/www.justiceinfo.net\/es#\/schema\/logo\/image\/","url":"https:\/\/www.justiceinfo.net\/wp-content\/uploads\/justiceinfo_logo-trans_1200x1200px.png","contentUrl":"https:\/\/www.justiceinfo.net\/wp-content\/uploads\/justiceinfo_logo-trans_1200x1200px.png","width":1199,"height":1200,"caption":"Justice Info"},"image":{"@id":"https:\/\/www.justiceinfo.net\/es#\/schema\/logo\/image\/"},"sameAs":["https:\/\/www.facebook.com\/JusticeInfo\/","https:\/\/x.com\/justiceinfonet","https:\/\/www.linkedin.com\/company\/justice-info","https:\/\/www.youtube.com\/channel\/UCyCEsARodyuWtkWyhn-e7pA"]},{"@type":"Person","name":"Benjamin Bibas","sameAs":["https:\/\/www.facebook.com\/benjamin.bibas.9"],"url":"\/es\/?s=Benjamin Bibas"}]}},"_links":{"self":[{"href":"https:\/\/www.justiceinfo.net\/es\/wp-json\/wp\/v2\/posts\/153669","targetHints":{"allow":["GET"]}}],"collection":[{"href":"https:\/\/www.justiceinfo.net\/es\/wp-json\/wp\/v2\/posts"}],"about":[{"href":"https:\/\/www.justiceinfo.net\/es\/wp-json\/wp\/v2\/types\/post"}],"author":[{"embeddable":true,"href":"https:\/\/www.justiceinfo.net\/es\/wp-json\/wp\/v2\/users\/77"}],"replies":[{"embeddable":true,"href":"https:\/\/www.justiceinfo.net\/es\/wp-json\/wp\/v2\/comments?post=153669"}],"version-history":[{"count":3,"href":"https:\/\/www.justiceinfo.net\/es\/wp-json\/wp\/v2\/posts\/153669\/revisions"}],"predecessor-version":[{"id":153674,"href":"https:\/\/www.justiceinfo.net\/es\/wp-json\/wp\/v2\/posts\/153669\/revisions\/153674"}],"wp:featuredmedia":[{"embeddable":true,"href":"https:\/\/www.justiceinfo.net\/es\/wp-json\/wp\/v2\/media\/152551"}],"wp:attachment":[{"href":"https:\/\/www.justiceinfo.net\/es\/wp-json\/wp\/v2\/media?parent=153669"}],"wp:term":[{"taxonomy":"category","embeddable":true,"href":"https:\/\/www.justiceinfo.net\/es\/wp-json\/wp\/v2\/categories?post=153669"},{"taxonomy":"post_tag","embeddable":true,"href":"https:\/\/www.justiceinfo.net\/es\/wp-json\/wp\/v2\/tags?post=153669"},{"taxonomy":"ji_location","embeddable":true,"href":"https:\/\/www.justiceinfo.net\/es\/wp-json\/wp\/v2\/ji_location?post=153669"}],"curies":[{"name":"wp","href":"https:\/\/api.w.org\/{rel}","templated":true}]}}