{"id":82115,"date":"2021-06-24T11:18:03","date_gmt":"2021-06-24T09:18:03","guid":{"rendered":"https:\/\/www.justiceinfo.net\/82115-colombia-day-president-santos-asked-forgiveness.html"},"modified":"2021-09-14T10:32:21","modified_gmt":"2021-09-14T08:32:21","slug":"colombia-dia-presidente-santos-pidio-perdon","status":"publish","type":"post","link":"https:\/\/www.justiceinfo.net\/es\/82115-colombia-dia-presidente-santos-pidio-perdon.html","title":{"rendered":"Colombia: el d\u00eda en que el presidente Santos pidi\u00f3 perd\u00f3n"},"content":{"rendered":"\n<p><strong><strong><strong>El viernes 11 de junio, el expresidente y premio Nobel de Paz Juan Manuel Santos compareci\u00f3 ante la Comisi\u00f3n para el Esclarecimiento de la Verdad de Colombia para pedir perd\u00f3n por las ejecuciones extrajudiciales ocurridas durante su gesti\u00f3n como ministro de Defensa entre 2006 y 2009. Una ocasi\u00f3n trascendental, que tambi\u00e9n dej\u00f3 interrogantes.<\/strong><\/strong><\/strong><\/p>\n\n\n\n<!--more-->\n\n\n\n<p>\"Me queda el remordimiento y el hondo pesar de que durante mi ministerio muchas, much\u00edsimas madres (...) perdieron a sus hijos por esta pr\u00e1ctica tan despiadada, unos j\u00f3venes inocentes que hoy deber\u00edan estar vivos. Esto nunca debi\u00f3 ocurrir\", afirm\u00f3 con gravedad Juan Manuel Santos. As\u00ed finaliz\u00f3 <a href=\"https:\/\/comisiondelaverdad.co\/actualidad\/noticias\/juan-manuel-santos-falsos-positivos-pido-perdon-mas-profundo-alma\">un discurso de casi dos horas <\/a>en el que el presidente de Colombia entre 2010 y 2018 detall\u00f3 c\u00f3mo tuvo conocimiento de que civiles fueron asesinados por militares y pasados ilegalmente por guerrilleros muertos en combate, y c\u00f3mo tom\u00f3 medidas para acabar con estas atrocidades. \"Lo reconozco y les pido perd\u00f3n a todas las madres y a todas sus familias, v\u00edctimas de este horror, desde lo m\u00e1s profundo de mi alma. Que esto nunca, nunca vuelva a pasar\", fueron las \u00faltimas palabras de Santos.<\/p>\n\n\n\n<p>Al abandonar el atril y sentarse, el presidente de la Comisi\u00f3n de la Verdad, visiblemente conmovido, se esforz\u00f3 por traducir sus emociones en palabras. \"Es muy raro que un presidente de la Rep\u00fablica pida perd\u00f3n y reconozca personalmente responsabilidad y sienta responsabilidad moral y el dolor de las v\u00edctimas\", dijo el sacerdote jesuita Francisco de Roux.<\/p>\n\n\n\n<h2 class=\"wp-block-heading\">UN PRESIDENTE ANTE LA COMISI\u00d3N<\/h2>\n\n\n\n<p>Santos, que fue ministro de Defensa antes de su elecci\u00f3n en 2010, acudi\u00f3 voluntariamente a la Comisi\u00f3n para abordar su papel en una tragedia que ha consternado a los colombianos durante m\u00e1s de una d\u00e9cada y que se conoce eufem\u00edsticamente como los \"<a href=\"https:\/\/www.justiceinfo.net\/es\/81380-colombia-el-numero-de-falsos-positivos-que-desato-una-tormenta-politica.html\">falsos positivos<\/a>\". Detr\u00e1s de ese nombre err\u00f3neo se esconde una pr\u00e1ctica macabra: al menos 6.402 civiles fueron asesinados por agentes del Estado entre 2002 y 2008, seg\u00fan los resultados preliminares recientemente presentados por la Jurisdicci\u00f3n Especial para la Paz (JEP), el brazo judicial de la justicia transicional colombiana, que han desatado la indignaci\u00f3n en el pa\u00eds.<\/p>\n\n\n\n<p>Aunque fue Santos quien firm\u00f3 el hist\u00f3rico acuerdo de paz de 2016 con las Fuerzas Armadas Revolucionarias de Colombia (FARC) y ha sido un firme defensor del sistema de justicia transicional derivado del mismo, sigue siendo mucho m\u00e1s raro que los ex presidentes y otros l\u00edderes pol\u00edticos civiles admitan su responsabilidad a que lo hagan soldados y ex combatientes.<\/p>\n\n\n\n<h2 class=\"wp-block-heading\"><strong>\u201cLe<\/strong>s quiero compartir mi verdad\u201d<\/h2>\n\n\n\n<p>El discurso de Santos, conmovedor por momentos y egoc\u00e9ntrico en otros, ilustra sus propias complejidades. Como dijo al principio, \"les quiero compartir mi verdad\". Tambi\u00e9n ajust\u00f3 algunas cuentas pol\u00edticas en el proceso, subrayando lo diferentes que eran sus puntos de vista sobre el conflicto armado con los del entonces presidente \u00c1lvaro Uribe, su antiguo jefe y padrino pol\u00edtico convertido en su n\u00e9mesis. Caracteriz\u00f3 a Juan Carlos Pinz\u00f3n, su ahora distanciado ex secretario privado y viceministro de la \u00e9poca, como partidario de negar todo lo malo dentro del Ej\u00e9rcito colombiano. Si bien esto puede ser cierto, no explica por qu\u00e9 Santos lo nombr\u00f3 m\u00e1s tarde jefe de gabinete, embajador en Washington y, de todas las cosas, ministro de Defensa durante cuatro a\u00f1os, justo durante las negociaciones de paz.<\/p>\n\n\n\n<h2 class=\"wp-block-heading\">MEDIDAS CORRECTIVAS BAJO LA LUPA<\/h2>\n\n\n\n<p>El grueso de la aparici\u00f3n de Santos ante la Comisi\u00f3n se dedic\u00f3 a explicar, con minucioso detalle, las medidas correctivas adoptadas por \u00e9l, su viceministro Sergio Jaramillo y su equipo de asesores. En sus palabras, era \"un recuento de c\u00f3mo investigamos, denunciamos y acabamos con los falsos positivos\".<\/p>\n\n\n\n<p>Un aspecto clave del <a href=\"https:\/\/comisiondelaverdad.co\/la-comision\/mandato-y-funciones\">mandato de la Comisi\u00f3n <\/a>colombiana es identificar las acciones morales y las transformaciones positivas llevadas a cabo por v\u00edctimas, comunidades e instituciones durante el conflicto. Esta tarea se incluy\u00f3 en el acuerdo de paz en un intento por garantizar que la Comisi\u00f3n no s\u00f3lo investigara episodios desgarradores, sino que tambi\u00e9n documente historias inspiradoras y empoderadoras. Desafortunadamente, la Comisi\u00f3n ha avanzado poco en este terreno, seg\u00fan un <a href=\"https:\/\/883ff833-f600-42c2-9780-e8c06ea212bb.usrfiles.com\/ugd\/883ff8_51ded3a60c0c4ddf9a7bd1adb7ff2fd0.pdf\">reciente informe <\/a>del Congreso.<\/p>\n\n\n\n<p>A lo largo de dos horas, Santos describi\u00f3 las <a href=\"https:\/\/revistas.uniandes.edu.co\/doi\/full\/10.29263\/lar01.2018.02\">diferentes transformaciones <\/a>que se produjeron tras su entrada al gobierno de Uribe. Primero, se nombraron inspectores en cada una de las divisiones del Ej\u00e9rcito para facilitar las investigaciones internas y se elev\u00f3 el rango de la oficina de derechos humanos del Ministerio de Defensa. Se elabor\u00f3 la primera pol\u00edtica de derechos humanos y derecho internacional humanitario para las Fuerzas Armadas, incorporando asesores jur\u00eddicos operativos para aconsejar a los comandantes durante la planificaci\u00f3n de las operaciones militares. El Ministerio tambi\u00e9n redact\u00f3 el primer manual de derecho operacional de Colombia, en el que se detallaron las reglas de enfrentamiento, y se revisaron los incentivos, eliminando el conteo de cuerpos y favoreciendo las desmovilizaciones y las detenciones por encima de las muertes. La duraci\u00f3n de los periodos de entrenamiento y descanso se reform\u00f3 tras concluir que eran insuficientes. Y se destituy\u00f3 a decenas de oficiales militares, entre ellos tres generales y cuatro coroneles.<\/p>\n\n\n\n<div class=\"wp-block-image\"><figure class=\"alignleft size-large is-resized\"><a href=\"https:\/\/www.justiceinfo.net\/en\/74709-colombia-false-positive-number-political-storm.html\"><img loading=\"lazy\" decoding=\"async\" src=\"https:\/\/www.justiceinfo.net\/wp-content\/uploads\/Colombia_6402_@JusticeInfo.jpg\" alt=\"Gr\u00e1fico que muestra el volumen de ejecuciones extrajudiciales a lo largo del tiempo en Colombia\" class=\"wp-image-74692\" width=\"350\" height=\"233\" title=\"6402 falsos positivos (Gr\u00e1fico)\" srcset=\"https:\/\/www.justiceinfo.net\/wp-content\/uploads\/Colombia_6402_@JusticeInfo.jpg 1200w, https:\/\/www.justiceinfo.net\/wp-content\/uploads\/Colombia_6402_@JusticeInfo-540x360.jpg 540w, https:\/\/www.justiceinfo.net\/wp-content\/uploads\/Colombia_6402_@JusticeInfo-730x487.jpg 730w, https:\/\/www.justiceinfo.net\/wp-content\/uploads\/Colombia_6402_@JusticeInfo-1110x740.jpg 1110w\" sizes=\"auto, (max-width: 350px) 100vw, 350px\" \/><\/a><figcaption><em>En 2007 se alcanz\u00f3 un pico de \"falsos positivos\". Tres de las principales fuentes de la base de datos que us\u00f3 la JEP -la Fiscal\u00eda General de la Naci\u00f3n (amarillo), el Centro Nacional de Memoria Hist\u00f3rica (gris) y una coalici\u00f3n de organizaciones de derechos humanos (naranja) - reflejan patrones similares de ejecuciones extrajudiciales a lo largo del tiempo. \u00a9 JEP \/ JusticeInfo.net<\/em><\/figcaption><\/figure><\/div>\n\n\n\n<p>Muchos de estos cambios se pusieron en marcha con ayuda de afuera, sobre todo de la Oficina de Derechos Humanos de la ONU y del Comit\u00e9 Internacional de la Cruz Roja (CICR), a cuyos funcionarios se les permiti\u00f3 recorrer las unidades militares para levantar informaci\u00f3n. Este conjunto de medidas correctivas -que en retrospectiva podr\u00edan haber salvado jur\u00eddicamente tanto a Uribe como a Santos- puede explicar por qu\u00e9, como <a href=\"https:\/\/www.justiceinfo.net\/es\/81380-colombia-el-numero-de-falsos-positivos-que-desato-una-tormenta-politica.html\">document\u00f3<\/a> el tribunal especial de paz de Colombia en su auto de priorizaci\u00f3n, se produjo un importante descenso del 92% en los casos de ejecuciones extrajudiciales entre 2007 y 2009. \"Creo, sinceramente, que el objetivo fundamental de acabar con los falsos positivos se logr\u00f3\", dijo Santos, mostrando en un momento el <a href=\"https:\/\/www.justiceinfo.net\/es\/81380-colombia-el-numero-de-falsos-positivos-que-desato-una-tormenta-politica.html\">gr\u00e1fico de la JEP<\/a>, al tiempo que admit\u00eda que \"a pesar de haber hecho todo lo humana y legalmente posible, no logramos cortar de un solo tajo los falsos positivos\".<\/p>\n\n\n\n<h2 class=\"wp-block-heading\">H\u00c9ROES AN\u00d3NIMOS<\/h2>\n\n\n\n<p>Una parte especialmente conmovedora del relato de Santos se centr\u00f3 en destacar el papel que desempe\u00f1aron varias personas que, lejos del escrutinio p\u00fablico, hicieron esfuerzos significativos y muchas veces ignorados para llevar estos cr\u00edmenes ante la justicia.<\/p>\n\n\n\n<p>Uno de ellos fue el general Carlos Arturo Su\u00e1rez, a quien se encomend\u00f3 liderar una misi\u00f3n de esclarecimiento de varios casos emblem\u00e1ticos y cuyas conclusiones -conocidas como el \"Informe Su\u00e1rez\"- sentaron las bases de las reformas. Uno de los episodios que detall\u00f3 ese reporte fue el asesinato de una<a href=\"https:\/\/www.justiceinfo.net\/es\/81380-colombia-el-numero-de-falsos-positivos-que-desato-una-tormenta-politica.html\"> docena de j\u00f3venes <\/a>de la ciudad de Soacha, que fueron enga\u00f1ados con falsas ofertas de trabajo por agentes del Estado y asesinados a 635 kil\u00f3metros de sus hogares, algunos de ellos elegidos deliberadamente por tener enfermedades mentales o un consumo problem\u00e1tico de drogas.<\/p>\n\n\n\n<p>Otra hero\u00edna an\u00f3nima fue Luz Marina Gil, quien en septiembre de 2006 se convirti\u00f3 en la primera civil -y mujer- en dirigir la justicia penal militar. <a href=\"https:\/\/www.eltiempo.com\/archivo\/documento\/MAM-2199558\">Hija de un general<\/a>, esta ex abogada del Ministerio de Defensa traslad\u00f3 a la justicia ordinaria cientos de investigaciones sobre violaciones de derechos humanos, siguiendo una sentencia de la Corte Constitucional que pocas veces se hab\u00eda observado antes. Fue la primera en aplicar una orden de incorporar investigadores civiles de la polic\u00eda judicial para procesar las zonas de combate como escenarios de cr\u00edmenes, antes de que alguien m\u00e1s lo hiciera.<\/p>\n\n\n\n<p>Por \u00faltimo, est\u00e1 Carlos Franco, un antiguo guerrillero del Ej\u00e9rcito Popular de Liberaci\u00f3n (EPL) que firm\u00f3 un acuerdo de paz en 1991 y que luego dirigi\u00f3 la oficina de derechos humanos en la Vicepresidencia. \u00c9l logr\u00f3 establecer que nueve de los j\u00f3venes de Soacha reportados como desaparecidos fueron presentados como muertos en combate d\u00edas despu\u00e9s en el noreste de Colombia. Sus indagaciones permitieron descubrir uno de los patrones m\u00e1s inquietantes del esc\u00e1ndalo.<\/p>\n\n\n\n<h2 class=\"wp-block-heading\"><strong>LO <\/strong>QUE SANTOS OMITI\u00d3<\/h2>\n\n\n\n<p>Dado que Santos se centr\u00f3 en enumerar decenas de directivas y decisiones, muchos colombianos vieron su comparecencia como algo puesto en escena y distante. Para varios observadores, su reconstrucci\u00f3n de las medidas correctivas resulta muy valiosa, pero no aborda las pol\u00edticas que las hicieron necesarias en primer lugar.<\/p>\n\n\n\n<p>\"Todav\u00eda estamos encontrando las piezas que faltan en este rompecabezas\", dice Mar\u00eda Emma Wills, que fue investigadora del Centro Nacional de Memoria Hist\u00f3rica. \"Una pol\u00edtica p\u00fablica tiene tres momentos clave: una construcci\u00f3n, una consolidaci\u00f3n dentro en la instituci\u00f3n y un seguimiento. M\u00e1s all\u00e1 de los documentos, \u00bfqui\u00e9nes participaron en las discusiones sobre una pol\u00edtica tan desprestigiada como el conteo de cuerpos y c\u00f3mo se desarrollaron? \u00bfCu\u00e1les fueron los argumentos? \u00bfAlguien hizo un seguimiento de sus resultados?\".<\/p>\n\n\n\n<p>Santos mencion\u00f3 algunas causas probables, entre ellas incentivos perversos como el conteo de cuerpos y premios, una presi\u00f3n sostenida para aumentar las bajas en combate (que denomin\u00f3 \"el pecado original\") y la creencia del presidente Uribe de que hab\u00eda que eliminar a las FARC, en lugar de llevarlas a una mesa de negociaci\u00f3n. Pero \u201clas causas las abord\u00f3 de manera tangencial. El hecho de que hubo un incremento exponencial en los casos tuvo que deberse a algo. Algo tuvo que haber sucedido y ese algo no queda claro\", dice Silvia Serrano, experta en derecho internacional de derechos humanos que ense\u00f1a en la Universidad de Georgetown.<\/p>\n\n\n\n<p>La descripci\u00f3n de Santos de los falsos positivos como algo \"impensable\" resulta problem\u00e1tica para Serrano. En particular, cita una<a href=\"https:\/\/www.corteidh.or.cr\/docs\/casos\/articulos\/seriec_364_esp.pdf\"> sentencia contra Colombia <\/a>de la Corte Interamericana de Derechos Humanos de 2018, que determin\u00f3 que en cinco ejecuciones extrajudiciales que se remontan a la d\u00e9cada de 1990, las instituciones p\u00fablicas hab\u00edan advertido sobre la evidencia de combates simulados. \"Que se diga que es impensable, que es tan dif\u00edcil de imaginar que pudiera ocurrir, no es plausible cuando se ha sido funcionario p\u00fablico por tantos a\u00f1os\", dice Serrano, quien trabaj\u00f3 durante 14 a\u00f1os como abogada en la Comisi\u00f3n Interamericana de Derechos Humanos (CIDH). \"Todo el contexto exist\u00eda: al llegar al ministerio y al identificar que hab\u00eda estos incentivos y esta presi\u00f3n por bajas, deb\u00eda saber que pod\u00eda tener estos efectos\u201d.<\/p>\n\n\n\n<h2 class=\"wp-block-heading\"><strong>\"\u00bf<\/strong>QUI\u00c9N DIO LA ORDEN?\"<\/h2>\n\n\n\n<p>El discurso de Santos puso en evidencia lo dif\u00edcil que ser\u00e1 satisfacer las expectativas de muchas v\u00edctimas. Algunas han reaccionado negativamente a sus palabras. Luz Marina Bernal, una de las madres de Soacha cuyo hijo <a href=\"https:\/\/centrodememoriahistorica.gov.co\/por-fair-leonardo-porras-nunca-mas\/\">Fair Leonardo Porras<\/a>, de 26 a\u00f1os, fue asesinado en enero de 2008, lo <a href=\"https:\/\/www.desdeabajo.info\/colombia\/item\/42703-ante-el-testimonio-de-juan-manuel-santos-en-la-comision-de-la-verdad.html\">calific\u00f3<\/a> como \"perd\u00f3n fr\u00edo, calculador e impuesto\" que s\u00f3lo pretende \"un lavado de imagen\".<\/p>\n\n\n\n<p>\"Que explique c\u00f3mo puede ser que una pr\u00e1ctica sistem\u00e1tica de criminalidad que viene sucediendo desde los a\u00f1os 80, denunciada dentro y fuera del pa\u00eds, con sentencias en firme, fuera seg\u00fan sus palabras para el a\u00f1o 2006 s\u00f3lo \u2018rumores\u2019 con \u2018evidencias d\u00e9biles\u2019\", <a href=\"https:\/\/www.desdeabajo.info\/colombia\/item\/42703-ante-el-testimonio-de-juan-manuel-santos-en-la-comision-de-la-verdad.html\">dijo<\/a>. Su organizaci\u00f3n, las Madres de los Falsos Positivos, ha estado utilizando el grito de guerra \"\u00bfQui\u00e9n dio la orden?\" y pintando murales por todo el pa\u00eds, elevando la presi\u00f3n para identificar a los m\u00e1ximos responsables de los asesinatos de sus hijos. En su opini\u00f3n, tanto Santos como Uribe deber\u00edan ser juzgados.<\/p>\n\n\n\n<figure class=\"wp-block-embed is-type-rich is-provider-twitter wp-block-embed-twitter\"><div class=\"wp-block-embed__wrapper\">\n<blockquote class=\"twitter-tweet\" data-width=\"500\" data-dnt=\"true\"><p lang=\"es\" dir=\"ltr\">Sorpresa matarife. \u00a1Aqu\u00ed estamos! <br>En la calle 80 con cra 30 estamos record\u00e1ndole al mundo que sabemos quien dio la orden. Te podr\u00e1s librar de la justicia de los hombres pero no de la justicia divina. \u00a1Mafapo no se rinde carajo! <a href=\"https:\/\/t.co\/ct0FI1GkkA\">pic.twitter.com\/ct0FI1GkkA<\/a><\/p>&mdash; Madres Falsos Positivos de Colombia (@MAFAPOCOLOMBIA) <a href=\"https:\/\/twitter.com\/MAFAPOCOLOMBIA\/status\/1367959401315860483?ref_src=twsrc%5Etfw\">March 5, 2021<\/a><\/blockquote><script async src=\"https:\/\/platform.twitter.com\/widgets.js\" charset=\"utf-8\"><\/script>\n<\/div><\/figure>\n\n\n\n<p>Aunque el asesinato de Porras sali\u00f3 a la luz en agosto de 2008, fue otro caso el que Santos cit\u00f3 como el momento en que dice haber comprendido el alcance de lo que estaba ocurriendo. Unas semanas antes, cont\u00f3 Santos, la ONU hab\u00eda facilitado una reuni\u00f3n entre el entonces ministro, su m\u00e1ximo comandante militar, el general Freddy Padilla, y un soldado, que les cont\u00f3 la tr\u00e1gica historia de c\u00f3mo su padre Aicardo Ortiz, de 67 a\u00f1os, hab\u00eda sido asesinado y presentado como un guerrillero muerto. \u201cPor primera vez tuvimos frente a nuestros ojos con toda nitidez la realidad de los falsos positivos\", dijo, subrayando c\u00f3mo fue necesario el caso de una v\u00edctima dentro del propio Ej\u00e9rcito para que se diera cuenta de ello.<\/p>\n\n\n\n<p>Para Mar\u00eda Emma Wills, el testimonio de Santos pone de manifiesto c\u00f3mo las instituciones colombianas suelen ignorar o desacreditar las voces que alertan de grandes problemas, una realidad que se ve agravada por el hecho de que el pa\u00eds no fomenta ni protege a los denunciantes. En su visi\u00f3n, \u00e9sta es <a href=\"https:\/\/razonpublica.com\/santos-dice-verdad-los-falsos-positivos-dijo-poco-dijo-mucho\/\">una de las lecciones centrales <\/a>para garantizar que no se repita la violencia en el futuro. \"A quien le crees tambi\u00e9n tiene que ver con esas lealtades construidas y mentalidades inculcadas: tenemos que entender de d\u00f3nde vienen y c\u00f3mo operan\", argumenta.<\/p>\n\n\n\n<h2 class=\"wp-block-heading\">\u00bfSE PRESENTAR\u00c1N OTROS PRESIDENTES?<\/h2>\n\n\n\n<p>La comparecencia de Santos ante la Comisi\u00f3n suscit\u00f3 inevitablemente otra pregunta: \u00bflo har\u00e1 tambi\u00e9n su predecesor -y el m\u00e1s formidable cr\u00edtico del acuerdo de paz- \u00c1lvaro Uribe?<\/p>\n\n\n\n<p>En una <a href=\"https:\/\/www.semana.com\/nacion\/articulo\/el-ejercito-no-debe-pedir-perdon-por-los-falsos-positivos-como-institucion-alvaro-uribe\/202123\/\">entrevista<\/a> concedida la semana pasada, Uribe descart\u00f3 hablar ante la Comisi\u00f3n de la Verdad, defendi\u00f3 sus medidas correctivas y subray\u00f3 que ya hab\u00eda pedido perd\u00f3n a las madres de Soacha. De todos modos, el padre de Roux <a href=\"https:\/\/twitter.com\/FranciscoDeRoux\/status\/1404103635492028419?ref_src=twsrc%5Etfw%7Ctwcamp%5Etweetembed%7Ctwterm%5E1404103635492028419%7Ctwgr%5E%7Ctwcon%5Es1_&amp;ref_url=https%3A%2F%2Fwww.eltiempo.com%2Funidad-investigativa%2Ffalsos-positivos-alvaro\">reiter\u00f3<\/a> la apertura de la Comisi\u00f3n para escucharlo.<\/p>\n\n\n\n<p>Ernesto Samper, otro ex presidente, ya hab\u00eda acudido a la Comisi\u00f3n, pero el valor de su contribuci\u00f3n a la verdad no est\u00e1 claro. En <a href=\"https:\/\/www.elespectador.com\/colombia-20\/paz-y-memoria\/la-infiltracion-de-dineros-del-narcotrafico-en-mi-campana-fue-una-operacion-nacional-samper-article\/\">dos ocasiones<\/a>, Samper trat\u00f3 de parecer disponible y defendi\u00f3 la verdad como una contribuci\u00f3n necesaria para la reconciliaci\u00f3n nacional. Pero evit\u00f3 detallar los aspectos controvertidos de su presidencia entre 1994 y 1998, incluidos los v\u00ednculos probados judicialmente entre el cartel de narcotr\u00e1fico de Cali y su campa\u00f1a electoral, o lo que llev\u00f3 al fuerte aumento del n\u00famero de v\u00edctimas en Colombia, que se triplic\u00f3 con creces durante su mandato hasta superar las 300 mil por a\u00f1o.<\/p>\n\n\n\n<h2 class=\"wp-block-heading\">UN RELOJ EN MARCHA<\/h2>\n\n\n\n<p>Como recuerdo de la urgencia de estas verdades perdidas, una de las v\u00edctimas m\u00e1s conocidas de los falsos positivos <a href=\"https:\/\/www.elespectador.com\/colombia\/murio-por-covid-19-don-raul-carvajal-quien-reclamo-la-verdad-por-el-asesinato-de-su-hijo\/\">muri\u00f3 de Covid-19<\/a> un d\u00eda despu\u00e9s del discurso de Santos. Durante m\u00e1s de una d\u00e9cada, los peatones del centro de Bogot\u00e1 se acostumbraron a ver un viejo cami\u00f3n Dodge cubierto de fotos y recortes de prensa. Era la forma que ten\u00eda Ra\u00fal Carvajal, un verdulero de 73 a\u00f1os, de llamar la atenci\u00f3n sobre la historia de su hijo, el cabo Ra\u00fal Antonio Carvajal, que, seg\u00fan \u00e9l, fue asesinado por sus compa\u00f1eros en 2006 tras negarse a participar en ejecuciones extrajudiciales.<\/p>\n\n\n\n<p>Considerado oficialmente como muerto en medio de un combate, su padre \"Don Ra\u00fal\" -como le llamaban cari\u00f1osamente los bogotanos- buscaba informaci\u00f3n que le ayudara a probar lo que realmente ocurri\u00f3. Es decir, el tipo de verdades que la Comisi\u00f3n espera esclarecer, aunque su reloj tambi\u00e9n se est\u00e1 agotando r\u00e1pidamente y se aproxima al final de su mandato de tres a\u00f1os en noviembre.<\/p>\n","protected":false},"excerpt":{"rendered":"<p>El viernes 11 de junio, el expresidente y premio Nobel de Paz Juan Manuel Santos compareci\u00f3 ante la Comisi\u00f3n para el Esclarecimiento de la Verdad de Colombia para pedir perd\u00f3n por las ejecuciones extrajudiciales ocurridas durante su gesti\u00f3n como ministro de Defensa entre 2006 y 2009. Una ocasi\u00f3n trascendental, que tambi\u00e9n dej\u00f3 interrogantes.<\/p>\n","protected":false},"author":74,"featured_media":79036,"comment_status":"closed","ping_status":"closed","sticky":false,"template":"","format":"standard","meta":{"_acf_changed":false,"footnotes":""},"categories":[2820],"tags":[2970],"ji_location":[2819],"class_list":["post-82115","post","type-post","status-publish","format-standard","has-post-thumbnail","hentry","category-comisiones-de-la-verdad","tag-juan-manuel-santos-es","ji_location-colombia-es"],"acf":[],"yoast_head":"<!-- This site is optimized with the Yoast SEO Premium plugin v25.3.1 (Yoast SEO v25.3.1) - https:\/\/yoast.com\/wordpress\/plugins\/seo\/ -->\n<title>Colombia: el d\u00eda en que el presidente Santos pidi\u00f3 perd\u00f3n - JusticeInfo.net<\/title>\n<meta name=\"description\" content=\"El viernes 11 de junio, el expresidente y premio Nobel de Paz Juan Manuel Santos compareci\u00f3 ante la Comisi\u00f3n para el Esclarecimiento de la Verdad de Colombia para pedir perd\u00f3n por las ejecuciones extrajudiciales ocurridas durante su gesti\u00f3n como ministro de Defensa entre 2006 y 2009. Una ocasi\u00f3n trascendental, que tambi\u00e9n dej\u00f3 interrogantes.\" \/>\n<meta name=\"robots\" content=\"index, follow, max-snippet:-1, max-image-preview:large, max-video-preview:-1\" \/>\n<link rel=\"canonical\" href=\"https:\/\/www.justiceinfo.net\/es\/82115-colombia-dia-presidente-santos-pidio-perdon.html\" \/>\n<meta property=\"og:locale\" content=\"es_ES\" \/>\n<meta property=\"og:type\" content=\"article\" \/>\n<meta property=\"og:title\" content=\"Colombia: el d\u00eda en que el presidente Santos pidi\u00f3 perd\u00f3n\" \/>\n<meta property=\"og:description\" content=\"El viernes 11 de junio, el expresidente y premio Nobel de Paz Juan Manuel Santos compareci\u00f3 ante la Comisi\u00f3n para el Esclarecimiento de la Verdad de Colombia para pedir perd\u00f3n por las ejecuciones extrajudiciales ocurridas durante su gesti\u00f3n como ministro de Defensa entre 2006 y 2009. Una ocasi\u00f3n trascendental, que tambi\u00e9n dej\u00f3 interrogantes.\" \/>\n<meta property=\"og:url\" content=\"https:\/\/www.justiceinfo.net\/es\/82115-colombia-dia-presidente-santos-pidio-perdon.html\" \/>\n<meta property=\"og:site_name\" content=\"JusticeInfo.net\" \/>\n<meta property=\"article:publisher\" content=\"https:\/\/www.facebook.com\/JusticeInfo\/\" \/>\n<meta property=\"article:published_time\" content=\"2021-06-24T09:18:03+00:00\" \/>\n<meta property=\"article:modified_time\" content=\"2021-09-14T08:32:21+00:00\" \/>\n<meta property=\"og:image\" content=\"https:\/\/www.justiceinfo.net\/wp-content\/uploads\/Santos-de-Colombie-e1624516423387.jpg\" \/>\n\t<meta property=\"og:image:width\" content=\"1280\" \/>\n\t<meta property=\"og:image:height\" content=\"853\" \/>\n\t<meta property=\"og:image:type\" content=\"image\/jpeg\" \/>\n<meta name=\"author\" content=\"Andr\u00e9s Berm\u00fadez Li\u00e9vano\" \/>\n<meta name=\"twitter:card\" content=\"summary_large_image\" \/>\n<meta name=\"twitter:creator\" content=\"@bermudezlievano\" \/>\n<meta name=\"twitter:site\" content=\"@justiceinfonet\" \/>\n<meta name=\"twitter:label1\" content=\"Escrito por\" \/>\n\t<meta name=\"twitter:data1\" content=\"Andr\u00e9s Berm\u00fadez Li\u00e9vano \" \/>\n\t<meta name=\"twitter:label2\" content=\"Tiempo de lectura\" \/>\n\t<meta name=\"twitter:data2\" content=\"11 minutos\" \/>\n<script type=\"application\/ld+json\" class=\"yoast-schema-graph\">{\"@context\":\"https:\/\/schema.org\",\"@graph\":[{\"@type\":\"NewsArticle\",\"@id\":\"https:\/\/www.justiceinfo.net\/es\/82115-colombia-dia-presidente-santos-pidio-perdon.html#article\",\"isPartOf\":{\"@id\":\"https:\/\/www.justiceinfo.net\/es\/82115-colombia-dia-presidente-santos-pidio-perdon.html\"},\"author\":{\"name\":\"Andr\u00e9s Berm\u00fadez Li\u00e9vano\",\"@id\":\"https:\/\/www.justiceinfo.net\/es#\/schema\/person\/c18ea792350557b20c68f8d655e3ea21\"},\"headline\":\"Colombia: el d\u00eda en que el presidente Santos pidi\u00f3 perd\u00f3n\",\"datePublished\":\"2021-06-24T09:18:03+00:00\",\"dateModified\":\"2021-09-14T08:32:21+00:00\",\"mainEntityOfPage\":{\"@id\":\"https:\/\/www.justiceinfo.net\/es\/82115-colombia-dia-presidente-santos-pidio-perdon.html\"},\"wordCount\":2603,\"publisher\":{\"@id\":\"https:\/\/www.justiceinfo.net\/es#organization\"},\"image\":{\"@id\":\"https:\/\/www.justiceinfo.net\/es\/82115-colombia-dia-presidente-santos-pidio-perdon.html#primaryimage\"},\"thumbnailUrl\":\"https:\/\/www.justiceinfo.net\/wp-content\/uploads\/Santos-de-Colombie-e1624516423387.jpg\",\"keywords\":[\"Juan Manuel Santos\"],\"articleSection\":[\"Comisiones de la Verdad\"],\"inLanguage\":\"es\"},{\"@type\":\"WebPage\",\"@id\":\"https:\/\/www.justiceinfo.net\/es\/82115-colombia-dia-presidente-santos-pidio-perdon.html\",\"url\":\"https:\/\/www.justiceinfo.net\/es\/82115-colombia-dia-presidente-santos-pidio-perdon.html\",\"name\":\"Colombia: el d\u00eda en que el presidente Santos pidi\u00f3 perd\u00f3n - JusticeInfo.net\",\"isPartOf\":{\"@id\":\"https:\/\/www.justiceinfo.net\/es#website\"},\"primaryImageOfPage\":{\"@id\":\"https:\/\/www.justiceinfo.net\/es\/82115-colombia-dia-presidente-santos-pidio-perdon.html#primaryimage\"},\"image\":{\"@id\":\"https:\/\/www.justiceinfo.net\/es\/82115-colombia-dia-presidente-santos-pidio-perdon.html#primaryimage\"},\"thumbnailUrl\":\"https:\/\/www.justiceinfo.net\/wp-content\/uploads\/Santos-de-Colombie-e1624516423387.jpg\",\"datePublished\":\"2021-06-24T09:18:03+00:00\",\"dateModified\":\"2021-09-14T08:32:21+00:00\",\"description\":\"El viernes 11 de junio, el expresidente y premio Nobel de Paz Juan Manuel Santos compareci\u00f3 ante la Comisi\u00f3n para el Esclarecimiento de la Verdad de Colombia para pedir perd\u00f3n por las ejecuciones extrajudiciales ocurridas durante su gesti\u00f3n como ministro de Defensa entre 2006 y 2009. Una ocasi\u00f3n trascendental, que tambi\u00e9n dej\u00f3 interrogantes.\",\"breadcrumb\":{\"@id\":\"https:\/\/www.justiceinfo.net\/es\/82115-colombia-dia-presidente-santos-pidio-perdon.html#breadcrumb\"},\"inLanguage\":\"es\",\"potentialAction\":[{\"@type\":\"ReadAction\",\"target\":[\"https:\/\/www.justiceinfo.net\/es\/82115-colombia-dia-presidente-santos-pidio-perdon.html\"]}]},{\"@type\":\"ImageObject\",\"inLanguage\":\"es\",\"@id\":\"https:\/\/www.justiceinfo.net\/es\/82115-colombia-dia-presidente-santos-pidio-perdon.html#primaryimage\",\"url\":\"https:\/\/www.justiceinfo.net\/wp-content\/uploads\/Santos-de-Colombie-e1624516423387.jpg\",\"contentUrl\":\"https:\/\/www.justiceinfo.net\/wp-content\/uploads\/Santos-de-Colombie-e1624516423387.jpg\",\"width\":1280,\"height\":853,\"caption\":\"\\\"Durante mi ministerio muchas, much\u00edsimas madres (...) perdieron a sus hijos. Lo reconozco y les pido perd\u00f3n\\\", declar\u00f3 el ex presidente Juan Manuel Santos el 11 de junio ante la Comisi\u00f3n de la Verdad y la Reconciliaci\u00f3n de Colombia. \u00a9 Comisi\u00f3n de la Verdad\"},{\"@type\":\"BreadcrumbList\",\"@id\":\"https:\/\/www.justiceinfo.net\/es\/82115-colombia-dia-presidente-santos-pidio-perdon.html#breadcrumb\",\"itemListElement\":[{\"@type\":\"ListItem\",\"position\":1,\"name\":\"Home\",\"item\":\"https:\/\/www.justiceinfo.net\/es\"},{\"@type\":\"ListItem\",\"position\":2,\"name\":\"Colombia: el d\u00eda en que el presidente Santos pidi\u00f3 perd\u00f3n\"}]},{\"@type\":\"WebSite\",\"@id\":\"https:\/\/www.justiceinfo.net\/es#website\",\"url\":\"https:\/\/www.justiceinfo.net\/es\",\"name\":\"JusticeInfo.net\",\"description\":\"La justicia debe ser visible para ser un hecho\",\"publisher\":{\"@id\":\"https:\/\/www.justiceinfo.net\/es#organization\"},\"potentialAction\":[{\"@type\":\"SearchAction\",\"target\":{\"@type\":\"EntryPoint\",\"urlTemplate\":\"https:\/\/www.justiceinfo.net\/es?s={search_term_string}\"},\"query-input\":{\"@type\":\"PropertyValueSpecification\",\"valueRequired\":true,\"valueName\":\"search_term_string\"}}],\"inLanguage\":\"es\"},{\"@type\":\"Organization\",\"@id\":\"https:\/\/www.justiceinfo.net\/es#organization\",\"name\":\"Justice Info\",\"url\":\"https:\/\/www.justiceinfo.net\/es\",\"logo\":{\"@type\":\"ImageObject\",\"inLanguage\":\"es\",\"@id\":\"https:\/\/www.justiceinfo.net\/es#\/schema\/logo\/image\/\",\"url\":\"https:\/\/www.justiceinfo.net\/wp-content\/uploads\/justiceinfo_logo-trans_1200x1200px.png\",\"contentUrl\":\"https:\/\/www.justiceinfo.net\/wp-content\/uploads\/justiceinfo_logo-trans_1200x1200px.png\",\"width\":1199,\"height\":1200,\"caption\":\"Justice Info\"},\"image\":{\"@id\":\"https:\/\/www.justiceinfo.net\/es#\/schema\/logo\/image\/\"},\"sameAs\":[\"https:\/\/www.facebook.com\/JusticeInfo\/\",\"https:\/\/x.com\/justiceinfonet\",\"https:\/\/www.linkedin.com\/company\/justice-info\",\"https:\/\/www.youtube.com\/channel\/UCyCEsARodyuWtkWyhn-e7pA\"]},{\"@type\":\"Person\",\"name\":\"Andr\u00e9s Berm\u00fadez Li\u00e9vano \",\"sameAs\":[\"https:\/\/x.com\/bermudezlievano\"],\"url\":\"https:\/\/www.justiceinfo.net\/es\/auteur\/alievano\"}]}<\/script>\n<!-- \/ Yoast SEO Premium plugin. -->","yoast_head_json":{"title":"Colombia: el d\u00eda en que el presidente Santos pidi\u00f3 perd\u00f3n - JusticeInfo.net","description":"El viernes 11 de junio, el expresidente y premio Nobel de Paz Juan Manuel Santos compareci\u00f3 ante la Comisi\u00f3n para el Esclarecimiento de la Verdad de Colombia para pedir perd\u00f3n por las ejecuciones extrajudiciales ocurridas durante su gesti\u00f3n como ministro de Defensa entre 2006 y 2009. Una ocasi\u00f3n trascendental, que tambi\u00e9n dej\u00f3 interrogantes.","robots":{"index":"index","follow":"follow","max-snippet":"max-snippet:-1","max-image-preview":"max-image-preview:large","max-video-preview":"max-video-preview:-1"},"canonical":"https:\/\/www.justiceinfo.net\/es\/82115-colombia-dia-presidente-santos-pidio-perdon.html","og_locale":"es_ES","og_type":"article","og_title":"Colombia: el d\u00eda en que el presidente Santos pidi\u00f3 perd\u00f3n","og_description":"El viernes 11 de junio, el expresidente y premio Nobel de Paz Juan Manuel Santos compareci\u00f3 ante la Comisi\u00f3n para el Esclarecimiento de la Verdad de Colombia para pedir perd\u00f3n por las ejecuciones extrajudiciales ocurridas durante su gesti\u00f3n como ministro de Defensa entre 2006 y 2009. Una ocasi\u00f3n trascendental, que tambi\u00e9n dej\u00f3 interrogantes.","og_url":"https:\/\/www.justiceinfo.net\/es\/82115-colombia-dia-presidente-santos-pidio-perdon.html","og_site_name":"JusticeInfo.net","article_publisher":"https:\/\/www.facebook.com\/JusticeInfo\/","article_published_time":"2021-06-24T09:18:03+00:00","article_modified_time":"2021-09-14T08:32:21+00:00","og_image":[{"width":1280,"height":853,"url":"https:\/\/www.justiceinfo.net\/wp-content\/uploads\/Santos-de-Colombie-e1624516423387.jpg","type":"image\/jpeg"}],"author":"Andr\u00e9s Berm\u00fadez Li\u00e9vano","twitter_card":"summary_large_image","twitter_creator":"@bermudezlievano","twitter_site":"@justiceinfonet","twitter_misc":{"Escrito por":"Andr\u00e9s Berm\u00fadez Li\u00e9vano ","Tiempo de lectura":"11 minutos"},"schema":{"@context":"https:\/\/schema.org","@graph":[{"@type":"NewsArticle","@id":"https:\/\/www.justiceinfo.net\/es\/82115-colombia-dia-presidente-santos-pidio-perdon.html#article","isPartOf":{"@id":"https:\/\/www.justiceinfo.net\/es\/82115-colombia-dia-presidente-santos-pidio-perdon.html"},"author":{"name":"Andr\u00e9s Berm\u00fadez Li\u00e9vano","@id":"https:\/\/www.justiceinfo.net\/es#\/schema\/person\/c18ea792350557b20c68f8d655e3ea21"},"headline":"Colombia: el d\u00eda en que el presidente Santos pidi\u00f3 perd\u00f3n","datePublished":"2021-06-24T09:18:03+00:00","dateModified":"2021-09-14T08:32:21+00:00","mainEntityOfPage":{"@id":"https:\/\/www.justiceinfo.net\/es\/82115-colombia-dia-presidente-santos-pidio-perdon.html"},"wordCount":2603,"publisher":{"@id":"https:\/\/www.justiceinfo.net\/es#organization"},"image":{"@id":"https:\/\/www.justiceinfo.net\/es\/82115-colombia-dia-presidente-santos-pidio-perdon.html#primaryimage"},"thumbnailUrl":"https:\/\/www.justiceinfo.net\/wp-content\/uploads\/Santos-de-Colombie-e1624516423387.jpg","keywords":["Juan Manuel Santos"],"articleSection":["Comisiones de la Verdad"],"inLanguage":"es"},{"@type":"WebPage","@id":"https:\/\/www.justiceinfo.net\/es\/82115-colombia-dia-presidente-santos-pidio-perdon.html","url":"https:\/\/www.justiceinfo.net\/es\/82115-colombia-dia-presidente-santos-pidio-perdon.html","name":"Colombia: el d\u00eda en que el presidente Santos pidi\u00f3 perd\u00f3n - JusticeInfo.net","isPartOf":{"@id":"https:\/\/www.justiceinfo.net\/es#website"},"primaryImageOfPage":{"@id":"https:\/\/www.justiceinfo.net\/es\/82115-colombia-dia-presidente-santos-pidio-perdon.html#primaryimage"},"image":{"@id":"https:\/\/www.justiceinfo.net\/es\/82115-colombia-dia-presidente-santos-pidio-perdon.html#primaryimage"},"thumbnailUrl":"https:\/\/www.justiceinfo.net\/wp-content\/uploads\/Santos-de-Colombie-e1624516423387.jpg","datePublished":"2021-06-24T09:18:03+00:00","dateModified":"2021-09-14T08:32:21+00:00","description":"El viernes 11 de junio, el expresidente y premio Nobel de Paz Juan Manuel Santos compareci\u00f3 ante la Comisi\u00f3n para el Esclarecimiento de la Verdad de Colombia para pedir perd\u00f3n por las ejecuciones extrajudiciales ocurridas durante su gesti\u00f3n como ministro de Defensa entre 2006 y 2009. Una ocasi\u00f3n trascendental, que tambi\u00e9n dej\u00f3 interrogantes.","breadcrumb":{"@id":"https:\/\/www.justiceinfo.net\/es\/82115-colombia-dia-presidente-santos-pidio-perdon.html#breadcrumb"},"inLanguage":"es","potentialAction":[{"@type":"ReadAction","target":["https:\/\/www.justiceinfo.net\/es\/82115-colombia-dia-presidente-santos-pidio-perdon.html"]}]},{"@type":"ImageObject","inLanguage":"es","@id":"https:\/\/www.justiceinfo.net\/es\/82115-colombia-dia-presidente-santos-pidio-perdon.html#primaryimage","url":"https:\/\/www.justiceinfo.net\/wp-content\/uploads\/Santos-de-Colombie-e1624516423387.jpg","contentUrl":"https:\/\/www.justiceinfo.net\/wp-content\/uploads\/Santos-de-Colombie-e1624516423387.jpg","width":1280,"height":853,"caption":"\"Durante mi ministerio muchas, much\u00edsimas madres (...) perdieron a sus hijos. Lo reconozco y les pido perd\u00f3n\", declar\u00f3 el ex presidente Juan Manuel Santos el 11 de junio ante la Comisi\u00f3n de la Verdad y la Reconciliaci\u00f3n de Colombia. \u00a9 Comisi\u00f3n de la Verdad"},{"@type":"BreadcrumbList","@id":"https:\/\/www.justiceinfo.net\/es\/82115-colombia-dia-presidente-santos-pidio-perdon.html#breadcrumb","itemListElement":[{"@type":"ListItem","position":1,"name":"Home","item":"https:\/\/www.justiceinfo.net\/es"},{"@type":"ListItem","position":2,"name":"Colombia: el d\u00eda en que el presidente Santos pidi\u00f3 perd\u00f3n"}]},{"@type":"WebSite","@id":"https:\/\/www.justiceinfo.net\/es#website","url":"https:\/\/www.justiceinfo.net\/es","name":"JusticeInfo.net","description":"La justicia debe ser visible para ser un hecho","publisher":{"@id":"https:\/\/www.justiceinfo.net\/es#organization"},"potentialAction":[{"@type":"SearchAction","target":{"@type":"EntryPoint","urlTemplate":"https:\/\/www.justiceinfo.net\/es?s={search_term_string}"},"query-input":{"@type":"PropertyValueSpecification","valueRequired":true,"valueName":"search_term_string"}}],"inLanguage":"es"},{"@type":"Organization","@id":"https:\/\/www.justiceinfo.net\/es#organization","name":"Justice Info","url":"https:\/\/www.justiceinfo.net\/es","logo":{"@type":"ImageObject","inLanguage":"es","@id":"https:\/\/www.justiceinfo.net\/es#\/schema\/logo\/image\/","url":"https:\/\/www.justiceinfo.net\/wp-content\/uploads\/justiceinfo_logo-trans_1200x1200px.png","contentUrl":"https:\/\/www.justiceinfo.net\/wp-content\/uploads\/justiceinfo_logo-trans_1200x1200px.png","width":1199,"height":1200,"caption":"Justice Info"},"image":{"@id":"https:\/\/www.justiceinfo.net\/es#\/schema\/logo\/image\/"},"sameAs":["https:\/\/www.facebook.com\/JusticeInfo\/","https:\/\/x.com\/justiceinfonet","https:\/\/www.linkedin.com\/company\/justice-info","https:\/\/www.youtube.com\/channel\/UCyCEsARodyuWtkWyhn-e7pA"]},{"@type":"Person","name":"Andr\u00e9s Berm\u00fadez Li\u00e9vano ","sameAs":["https:\/\/x.com\/bermudezlievano"],"url":"https:\/\/www.justiceinfo.net\/es\/auteur\/alievano"}]}},"_links":{"self":[{"href":"https:\/\/www.justiceinfo.net\/es\/wp-json\/wp\/v2\/posts\/82115","targetHints":{"allow":["GET"]}}],"collection":[{"href":"https:\/\/www.justiceinfo.net\/es\/wp-json\/wp\/v2\/posts"}],"about":[{"href":"https:\/\/www.justiceinfo.net\/es\/wp-json\/wp\/v2\/types\/post"}],"author":[{"embeddable":true,"href":"https:\/\/www.justiceinfo.net\/es\/wp-json\/wp\/v2\/users\/74"}],"replies":[{"embeddable":true,"href":"https:\/\/www.justiceinfo.net\/es\/wp-json\/wp\/v2\/comments?post=82115"}],"version-history":[{"count":7,"href":"https:\/\/www.justiceinfo.net\/es\/wp-json\/wp\/v2\/posts\/82115\/revisions"}],"predecessor-version":[{"id":82133,"href":"https:\/\/www.justiceinfo.net\/es\/wp-json\/wp\/v2\/posts\/82115\/revisions\/82133"}],"wp:featuredmedia":[{"embeddable":true,"href":"https:\/\/www.justiceinfo.net\/es\/wp-json\/wp\/v2\/media\/79036"}],"wp:attachment":[{"href":"https:\/\/www.justiceinfo.net\/es\/wp-json\/wp\/v2\/media?parent=82115"}],"wp:term":[{"taxonomy":"category","embeddable":true,"href":"https:\/\/www.justiceinfo.net\/es\/wp-json\/wp\/v2\/categories?post=82115"},{"taxonomy":"post_tag","embeddable":true,"href":"https:\/\/www.justiceinfo.net\/es\/wp-json\/wp\/v2\/tags?post=82115"},{"taxonomy":"ji_location","embeddable":true,"href":"https:\/\/www.justiceinfo.net\/es\/wp-json\/wp\/v2\/ji_location?post=82115"}],"curies":[{"name":"wp","href":"https:\/\/api.w.org\/{rel}","templated":true}]}}