{"id":2402,"count":86,"description":"<h2><b>Notre <\/b><b>actu<\/b><b> en <\/b><b>Palestine<\/b><b>, l\u2019<\/b><b>info<\/b><b> d\u00e9crypt\u00e9e et analys\u00e9e<\/b><\/h2>\r\n<div>\r\n\r\n<em>Le conflit isra\u00e9lo-palestinien conna\u00eet un tragique regain d\u2019intensit\u00e9 depuis l\u2019attaque perp\u00e9tr\u00e9e sur le territoire d\u2019Isra\u00ebl par le Hamas, le 7 octobre 2023, et les repr\u00e9sailles de Tel Aviv. Sur le terrain de la justice, l\u2019intensit\u00e9 de l\u2019activit\u00e9 a \u00e9galement franchit un palier, avec les d\u00e9cisions remarqu\u00e9es de la Cour internationale de justice (CIJ) qui a appel\u00e9 Isra\u00ebl \u00e0 emp\u00eacher tout g\u00e9nocide \u00e0 Gaza et les retentissants mandats d\u2019arr\u00eat soumis par le procureur de la Cour p\u00e9nale internationale (CPI) \u00e0 l\u2019encontre du premier ministre Isra\u00e9lien Benjamin Netanyahou, de son ministre de la D\u00e9fense et de trois dirigeants du Hamas. Nos articles s\u2019efforcent de traiter de l'actualit\u00e9 de cette activit\u00e9 judiciaire et d\u00e9livrent des informations et analyses, en toute ind\u00e9pendance.<\/em>\r\n\r\n<em>\u00a0<\/em>\r\n\r\n<\/div>","link":"https:\/\/www.justiceinfo.net\/fr\/regions\/palestine","name":"Palestine","slug":"palestine","taxonomy":"ji_location","parent":2084,"meta":[],"acf":[],"yoast_head":"<!-- This site is optimized with the Yoast SEO Premium plugin v25.3.1 (Yoast SEO v25.3.1) - https:\/\/yoast.com\/wordpress\/plugins\/seo\/ -->\n<title>Notre actu en Palestine, l\u2019info d\u00e9crypt\u00e9e et analys\u00e9e<\/title>\n<meta name=\"description\" content=\"Tous nos articles, notre fil info et l&#039;actu justice pour la Palestine. Une actualit\u00e9 bouillonnante qui place la Cour p\u00e9nale internationale (CPI) et la Cour internationale de justice (CIJ) au coeur des enjeux politiques et diplomatiques.\" \/>\n<meta name=\"robots\" content=\"index, follow, max-snippet:-1, max-image-preview:large, max-video-preview:-1\" \/>\n<link rel=\"canonical\" href=\"https:\/\/www.justiceinfo.net\/fr\/regions\/palestine\" \/>\n<meta property=\"og:locale\" content=\"fr_FR\" \/>\n<meta property=\"og:type\" content=\"article\" \/>\n<meta property=\"og:title\" content=\"Archives des Palestine\" \/>\n<meta property=\"og:description\" content=\"Tous nos articles, notre fil info et l&#039;actu justice pour la Palestine. Une actualit\u00e9 bouillonnante qui place la Cour p\u00e9nale internationale (CPI) et la Cour internationale de justice (CIJ) au coeur des enjeux politiques et diplomatiques.\" \/>\n<meta property=\"og:url\" content=\"https:\/\/www.justiceinfo.net\/fr\/regions\/palestine\" \/>\n<meta property=\"og:site_name\" content=\"JusticeInfo.net\" \/>\n<meta property=\"og:image\" content=\"https:\/\/www.justiceinfo.net\/wp-content\/uploads\/JusticeInfoNet_logo_1200x630px.jpg\" \/>\n\t<meta property=\"og:image:width\" content=\"1200\" \/>\n\t<meta property=\"og:image:height\" content=\"630\" \/>\n\t<meta property=\"og:image:type\" content=\"image\/jpeg\" \/>\n<meta name=\"twitter:card\" content=\"summary_large_image\" \/>\n<meta name=\"twitter:site\" content=\"@justiceinfonet\" \/>\n<script type=\"application\/ld+json\" class=\"yoast-schema-graph\">{\"@context\":\"https:\/\/schema.org\",\"@graph\":[{\"@type\":\"CollectionPage\",\"@id\":\"https:\/\/www.justiceinfo.net\/fr\/regions\/palestine\",\"url\":\"https:\/\/www.justiceinfo.net\/fr\/regions\/palestine\",\"name\":\"Notre actu en Palestine, l\u2019info d\u00e9crypt\u00e9e et analys\u00e9e\",\"isPartOf\":{\"@id\":\"https:\/\/www.justiceinfo.net\/fr#website\"},\"description\":\"Tous nos articles, notre fil info et l'actu justice pour la Palestine. Une actualit\u00e9 bouillonnante qui place la Cour p\u00e9nale internationale (CPI) et la Cour internationale de justice (CIJ) au coeur des enjeux politiques et diplomatiques.\",\"breadcrumb\":{\"@id\":\"https:\/\/www.justiceinfo.net\/fr\/regions\/palestine#breadcrumb\"},\"inLanguage\":\"fr-FR\"},{\"@type\":\"BreadcrumbList\",\"@id\":\"https:\/\/www.justiceinfo.net\/fr\/regions\/palestine#breadcrumb\",\"itemListElement\":[{\"@type\":\"ListItem\",\"position\":1,\"name\":\"Home\",\"item\":\"https:\/\/www.justiceinfo.net\/fr\"},{\"@type\":\"ListItem\",\"position\":2,\"name\":\"Moyen Orient\",\"item\":\"https:\/\/www.justiceinfo.net\/fr\/regions\/moyen-orient\"},{\"@type\":\"ListItem\",\"position\":3,\"name\":\"Palestine\"}]},{\"@type\":\"WebSite\",\"@id\":\"https:\/\/www.justiceinfo.net\/fr#website\",\"url\":\"https:\/\/www.justiceinfo.net\/fr\",\"name\":\"JusticeInfo.net\",\"description\":\"La justice doit \u00eatre vue pour \u00eatre rendue\",\"publisher\":{\"@id\":\"https:\/\/www.justiceinfo.net\/fr#organization\"},\"potentialAction\":[{\"@type\":\"SearchAction\",\"target\":{\"@type\":\"EntryPoint\",\"urlTemplate\":\"https:\/\/www.justiceinfo.net\/fr?s={search_term_string}\"},\"query-input\":{\"@type\":\"PropertyValueSpecification\",\"valueRequired\":true,\"valueName\":\"search_term_string\"}}],\"inLanguage\":\"fr-FR\"},{\"@type\":\"Organization\",\"@id\":\"https:\/\/www.justiceinfo.net\/fr#organization\",\"name\":\"Justice Info\",\"url\":\"https:\/\/www.justiceinfo.net\/fr\",\"logo\":{\"@type\":\"ImageObject\",\"inLanguage\":\"fr-FR\",\"@id\":\"https:\/\/www.justiceinfo.net\/fr#\/schema\/logo\/image\/\",\"url\":\"https:\/\/www.justiceinfo.net\/wp-content\/uploads\/justiceinfo_logo-trans_1200x1200px.png\",\"contentUrl\":\"https:\/\/www.justiceinfo.net\/wp-content\/uploads\/justiceinfo_logo-trans_1200x1200px.png\",\"width\":1199,\"height\":1200,\"caption\":\"Justice Info\"},\"image\":{\"@id\":\"https:\/\/www.justiceinfo.net\/fr#\/schema\/logo\/image\/\"},\"sameAs\":[\"https:\/\/www.facebook.com\/JusticeInfo\/\",\"https:\/\/x.com\/justiceinfonet\",\"https:\/\/www.linkedin.com\/company\/justice-info\",\"https:\/\/www.youtube.com\/channel\/UCyCEsARodyuWtkWyhn-e7pA\"]}]}<\/script>\n<!-- \/ Yoast SEO Premium plugin. -->","yoast_head_json":{"title":"Notre actu en Palestine, l\u2019info d\u00e9crypt\u00e9e et analys\u00e9e","description":"Tous nos articles, notre fil info et l'actu justice pour la Palestine. Une actualit\u00e9 bouillonnante qui place la Cour p\u00e9nale internationale (CPI) et la Cour internationale de justice (CIJ) au coeur des enjeux politiques et diplomatiques.","robots":{"index":"index","follow":"follow","max-snippet":"max-snippet:-1","max-image-preview":"max-image-preview:large","max-video-preview":"max-video-preview:-1"},"canonical":"https:\/\/www.justiceinfo.net\/fr\/regions\/palestine","og_locale":"fr_FR","og_type":"article","og_title":"Archives des Palestine","og_description":"Tous nos articles, notre fil info et l'actu justice pour la Palestine. Une actualit\u00e9 bouillonnante qui place la Cour p\u00e9nale internationale (CPI) et la Cour internationale de justice (CIJ) au coeur des enjeux politiques et diplomatiques.","og_url":"https:\/\/www.justiceinfo.net\/fr\/regions\/palestine","og_site_name":"JusticeInfo.net","og_image":[{"width":1200,"height":630,"url":"https:\/\/www.justiceinfo.net\/wp-content\/uploads\/JusticeInfoNet_logo_1200x630px.jpg","type":"image\/jpeg"}],"twitter_card":"summary_large_image","twitter_site":"@justiceinfonet","schema":{"@context":"https:\/\/schema.org","@graph":[{"@type":"CollectionPage","@id":"https:\/\/www.justiceinfo.net\/fr\/regions\/palestine","url":"https:\/\/www.justiceinfo.net\/fr\/regions\/palestine","name":"Notre actu en Palestine, l\u2019info d\u00e9crypt\u00e9e et analys\u00e9e","isPartOf":{"@id":"https:\/\/www.justiceinfo.net\/fr#website"},"description":"Tous nos articles, notre fil info et l'actu justice pour la Palestine. Une actualit\u00e9 bouillonnante qui place la Cour p\u00e9nale internationale (CPI) et la Cour internationale de justice (CIJ) au coeur des enjeux politiques et diplomatiques.","breadcrumb":{"@id":"https:\/\/www.justiceinfo.net\/fr\/regions\/palestine#breadcrumb"},"inLanguage":"fr-FR"},{"@type":"BreadcrumbList","@id":"https:\/\/www.justiceinfo.net\/fr\/regions\/palestine#breadcrumb","itemListElement":[{"@type":"ListItem","position":1,"name":"Home","item":"https:\/\/www.justiceinfo.net\/fr"},{"@type":"ListItem","position":2,"name":"Moyen Orient","item":"https:\/\/www.justiceinfo.net\/fr\/regions\/moyen-orient"},{"@type":"ListItem","position":3,"name":"Palestine"}]},{"@type":"WebSite","@id":"https:\/\/www.justiceinfo.net\/fr#website","url":"https:\/\/www.justiceinfo.net\/fr","name":"JusticeInfo.net","description":"La justice doit \u00eatre vue pour \u00eatre rendue","publisher":{"@id":"https:\/\/www.justiceinfo.net\/fr#organization"},"potentialAction":[{"@type":"SearchAction","target":{"@type":"EntryPoint","urlTemplate":"https:\/\/www.justiceinfo.net\/fr?s={search_term_string}"},"query-input":{"@type":"PropertyValueSpecification","valueRequired":true,"valueName":"search_term_string"}}],"inLanguage":"fr-FR"},{"@type":"Organization","@id":"https:\/\/www.justiceinfo.net\/fr#organization","name":"Justice Info","url":"https:\/\/www.justiceinfo.net\/fr","logo":{"@type":"ImageObject","inLanguage":"fr-FR","@id":"https:\/\/www.justiceinfo.net\/fr#\/schema\/logo\/image\/","url":"https:\/\/www.justiceinfo.net\/wp-content\/uploads\/justiceinfo_logo-trans_1200x1200px.png","contentUrl":"https:\/\/www.justiceinfo.net\/wp-content\/uploads\/justiceinfo_logo-trans_1200x1200px.png","width":1199,"height":1200,"caption":"Justice Info"},"image":{"@id":"https:\/\/www.justiceinfo.net\/fr#\/schema\/logo\/image\/"},"sameAs":["https:\/\/www.facebook.com\/JusticeInfo\/","https:\/\/x.com\/justiceinfonet","https:\/\/www.linkedin.com\/company\/justice-info","https:\/\/www.youtube.com\/channel\/UCyCEsARodyuWtkWyhn-e7pA"]}]}},"_links":{"self":[{"href":"https:\/\/www.justiceinfo.net\/fr\/wp-json\/wp\/v2\/ji_location\/2402","targetHints":{"allow":["GET"]}}],"collection":[{"href":"https:\/\/www.justiceinfo.net\/fr\/wp-json\/wp\/v2\/ji_location"}],"about":[{"href":"https:\/\/www.justiceinfo.net\/fr\/wp-json\/wp\/v2\/taxonomies\/ji_location"}],"up":[{"embeddable":true,"href":"https:\/\/www.justiceinfo.net\/fr\/wp-json\/wp\/v2\/ji_location\/2084"}],"wp:post_type":[{"href":"https:\/\/www.justiceinfo.net\/fr\/wp-json\/wp\/v2\/posts?ji_location=2402"}],"curies":[{"name":"wp","href":"https:\/\/api.w.org\/{rel}","templated":true}]}}