{"id":2570,"count":28,"description":"<h2><b>Notre <\/b><b>actu<\/b><b> en <\/b><b>Afghanistan<\/b><b>, l\u2019<\/b><b>info<\/b><b> d\u00e9crypt\u00e9e et analys\u00e9e<\/b><\/h2>\r\n<em>Depuis 1979, la situation de la justice en Afghanistan reste complexe et instable. Apr\u00e8s le retrait de l\u2019URSS et son Arm\u00e9e rouge en 1989, le pays a \u00e9t\u00e9 marqu\u00e9 par une guerre civile opposant diff\u00e9rentes factions, suivi de la prise du pouvoir par les Talibans, leur renversement, et enfin, la guerre men\u00e9e par les Etats-Unis depuis les attentats du 11 septembre 2001, soutenue par l\u2019OTAN. Depuis 2003, la Cour p\u00e9nale internationale (CPI) a d\u00e9cid\u00e9 d\u2019intervenir sur la situation afghane. Mais elle tra\u00eene cette \"situation\" depuis pr\u00e8s de deux d\u00e9cennies, sans aboutir. Son nouveau procureur Karim Khan a \"prioris\u00e9\" son enqu\u00eate sur les crimes commis par l\u2019Etat islamique et par les Talibans, malgr\u00e9 plusieurs rapports d\u2019ONG qui soulignaient la gravit\u00e9 des crimes potentiellement commis par les forces am\u00e9ricaines. Enfin, des all\u00e9gations de crimes de guerre commis par les forces sp\u00e9ciales australiennes en Afghanistan soul\u00e8vent des controverses et des d\u00e9fis suppl\u00e9mentaires en mati\u00e8re de transparence et de justice transitionnelle. Justice Info veille sur les \u00e9volutions du traitement du dossier afghan, au rythme de l\u2019actualit\u00e9 et des proc\u00e9dures.<\/em>","link":"https:\/\/www.justiceinfo.net\/fr\/regions\/afghanistan","name":"Afghanistan","slug":"afghanistan","taxonomy":"ji_location","parent":4070,"meta":[],"acf":[],"yoast_head":"<!-- This site is optimized with the Yoast SEO Premium plugin v25.3.1 (Yoast SEO v25.3.1) - https:\/\/yoast.com\/wordpress\/plugins\/seo\/ -->\n<title>Notre actu en Afghanistan, l&#039;info d\u00e9crypt\u00e9e et analys\u00e9e<\/title>\n<meta name=\"description\" content=\"Tous nos articles, notre fil info et l&#039;actu justice autour des enqu\u00eates sur les crimes de guerre en Afghanistan, les initiatives de r\u00e9conciliation et les questions de justice transitionnelle.\" \/>\n<meta name=\"robots\" content=\"index, follow, max-snippet:-1, max-image-preview:large, max-video-preview:-1\" \/>\n<link rel=\"canonical\" href=\"https:\/\/www.justiceinfo.net\/fr\/regions\/afghanistan\" \/>\n<meta property=\"og:locale\" content=\"fr_FR\" \/>\n<meta property=\"og:type\" content=\"article\" \/>\n<meta property=\"og:title\" content=\"Archives des Afghanistan\" \/>\n<meta property=\"og:description\" content=\"Tous nos articles, notre fil info et l&#039;actu justice autour des enqu\u00eates sur les crimes de guerre en Afghanistan, les initiatives de r\u00e9conciliation et les questions de justice transitionnelle.\" \/>\n<meta property=\"og:url\" content=\"https:\/\/www.justiceinfo.net\/fr\/regions\/afghanistan\" \/>\n<meta property=\"og:site_name\" content=\"JusticeInfo.net\" \/>\n<meta property=\"og:image\" content=\"https:\/\/www.justiceinfo.net\/wp-content\/uploads\/JusticeInfoNet_logo_1200x630px.jpg\" \/>\n\t<meta property=\"og:image:width\" content=\"1200\" \/>\n\t<meta property=\"og:image:height\" content=\"630\" \/>\n\t<meta property=\"og:image:type\" content=\"image\/jpeg\" \/>\n<meta name=\"twitter:card\" content=\"summary_large_image\" \/>\n<meta name=\"twitter:site\" content=\"@justiceinfonet\" \/>\n<script type=\"application\/ld+json\" class=\"yoast-schema-graph\">{\"@context\":\"https:\/\/schema.org\",\"@graph\":[{\"@type\":\"CollectionPage\",\"@id\":\"https:\/\/www.justiceinfo.net\/fr\/regions\/afghanistan\",\"url\":\"https:\/\/www.justiceinfo.net\/fr\/regions\/afghanistan\",\"name\":\"Notre actu en Afghanistan, l'info d\u00e9crypt\u00e9e et analys\u00e9e\",\"isPartOf\":{\"@id\":\"https:\/\/www.justiceinfo.net\/fr#website\"},\"description\":\"Tous nos articles, notre fil info et l'actu justice autour des enqu\u00eates sur les crimes de guerre en Afghanistan, les initiatives de r\u00e9conciliation et les questions de justice transitionnelle.\",\"breadcrumb\":{\"@id\":\"https:\/\/www.justiceinfo.net\/fr\/regions\/afghanistan#breadcrumb\"},\"inLanguage\":\"fr-FR\"},{\"@type\":\"BreadcrumbList\",\"@id\":\"https:\/\/www.justiceinfo.net\/fr\/regions\/afghanistan#breadcrumb\",\"itemListElement\":[{\"@type\":\"ListItem\",\"position\":1,\"name\":\"Home\",\"item\":\"https:\/\/www.justiceinfo.net\/fr\"},{\"@type\":\"ListItem\",\"position\":2,\"name\":\"Asie\",\"item\":\"https:\/\/www.justiceinfo.net\/fr\/regions\/asie\"},{\"@type\":\"ListItem\",\"position\":3,\"name\":\"Afghanistan\"}]},{\"@type\":\"WebSite\",\"@id\":\"https:\/\/www.justiceinfo.net\/fr#website\",\"url\":\"https:\/\/www.justiceinfo.net\/fr\",\"name\":\"JusticeInfo.net\",\"description\":\"La justice doit \u00eatre vue pour \u00eatre rendue\",\"publisher\":{\"@id\":\"https:\/\/www.justiceinfo.net\/fr#organization\"},\"potentialAction\":[{\"@type\":\"SearchAction\",\"target\":{\"@type\":\"EntryPoint\",\"urlTemplate\":\"https:\/\/www.justiceinfo.net\/fr?s={search_term_string}\"},\"query-input\":{\"@type\":\"PropertyValueSpecification\",\"valueRequired\":true,\"valueName\":\"search_term_string\"}}],\"inLanguage\":\"fr-FR\"},{\"@type\":\"Organization\",\"@id\":\"https:\/\/www.justiceinfo.net\/fr#organization\",\"name\":\"Justice Info\",\"url\":\"https:\/\/www.justiceinfo.net\/fr\",\"logo\":{\"@type\":\"ImageObject\",\"inLanguage\":\"fr-FR\",\"@id\":\"https:\/\/www.justiceinfo.net\/fr#\/schema\/logo\/image\/\",\"url\":\"https:\/\/www.justiceinfo.net\/wp-content\/uploads\/justiceinfo_logo-trans_1200x1200px.png\",\"contentUrl\":\"https:\/\/www.justiceinfo.net\/wp-content\/uploads\/justiceinfo_logo-trans_1200x1200px.png\",\"width\":1199,\"height\":1200,\"caption\":\"Justice Info\"},\"image\":{\"@id\":\"https:\/\/www.justiceinfo.net\/fr#\/schema\/logo\/image\/\"},\"sameAs\":[\"https:\/\/www.facebook.com\/JusticeInfo\/\",\"https:\/\/x.com\/justiceinfonet\",\"https:\/\/www.linkedin.com\/company\/justice-info\",\"https:\/\/www.youtube.com\/channel\/UCyCEsARodyuWtkWyhn-e7pA\"]}]}<\/script>\n<!-- \/ Yoast SEO Premium plugin. -->","yoast_head_json":{"title":"Notre actu en Afghanistan, l'info d\u00e9crypt\u00e9e et analys\u00e9e","description":"Tous nos articles, notre fil info et l'actu justice autour des enqu\u00eates sur les crimes de guerre en Afghanistan, les initiatives de r\u00e9conciliation et les questions de justice transitionnelle.","robots":{"index":"index","follow":"follow","max-snippet":"max-snippet:-1","max-image-preview":"max-image-preview:large","max-video-preview":"max-video-preview:-1"},"canonical":"https:\/\/www.justiceinfo.net\/fr\/regions\/afghanistan","og_locale":"fr_FR","og_type":"article","og_title":"Archives des Afghanistan","og_description":"Tous nos articles, notre fil info et l'actu justice autour des enqu\u00eates sur les crimes de guerre en Afghanistan, les initiatives de r\u00e9conciliation et les questions de justice transitionnelle.","og_url":"https:\/\/www.justiceinfo.net\/fr\/regions\/afghanistan","og_site_name":"JusticeInfo.net","og_image":[{"width":1200,"height":630,"url":"https:\/\/www.justiceinfo.net\/wp-content\/uploads\/JusticeInfoNet_logo_1200x630px.jpg","type":"image\/jpeg"}],"twitter_card":"summary_large_image","twitter_site":"@justiceinfonet","schema":{"@context":"https:\/\/schema.org","@graph":[{"@type":"CollectionPage","@id":"https:\/\/www.justiceinfo.net\/fr\/regions\/afghanistan","url":"https:\/\/www.justiceinfo.net\/fr\/regions\/afghanistan","name":"Notre actu en Afghanistan, l'info d\u00e9crypt\u00e9e et analys\u00e9e","isPartOf":{"@id":"https:\/\/www.justiceinfo.net\/fr#website"},"description":"Tous nos articles, notre fil info et l'actu justice autour des enqu\u00eates sur les crimes de guerre en Afghanistan, les initiatives de r\u00e9conciliation et les questions de justice transitionnelle.","breadcrumb":{"@id":"https:\/\/www.justiceinfo.net\/fr\/regions\/afghanistan#breadcrumb"},"inLanguage":"fr-FR"},{"@type":"BreadcrumbList","@id":"https:\/\/www.justiceinfo.net\/fr\/regions\/afghanistan#breadcrumb","itemListElement":[{"@type":"ListItem","position":1,"name":"Home","item":"https:\/\/www.justiceinfo.net\/fr"},{"@type":"ListItem","position":2,"name":"Asie","item":"https:\/\/www.justiceinfo.net\/fr\/regions\/asie"},{"@type":"ListItem","position":3,"name":"Afghanistan"}]},{"@type":"WebSite","@id":"https:\/\/www.justiceinfo.net\/fr#website","url":"https:\/\/www.justiceinfo.net\/fr","name":"JusticeInfo.net","description":"La justice doit \u00eatre vue pour \u00eatre rendue","publisher":{"@id":"https:\/\/www.justiceinfo.net\/fr#organization"},"potentialAction":[{"@type":"SearchAction","target":{"@type":"EntryPoint","urlTemplate":"https:\/\/www.justiceinfo.net\/fr?s={search_term_string}"},"query-input":{"@type":"PropertyValueSpecification","valueRequired":true,"valueName":"search_term_string"}}],"inLanguage":"fr-FR"},{"@type":"Organization","@id":"https:\/\/www.justiceinfo.net\/fr#organization","name":"Justice Info","url":"https:\/\/www.justiceinfo.net\/fr","logo":{"@type":"ImageObject","inLanguage":"fr-FR","@id":"https:\/\/www.justiceinfo.net\/fr#\/schema\/logo\/image\/","url":"https:\/\/www.justiceinfo.net\/wp-content\/uploads\/justiceinfo_logo-trans_1200x1200px.png","contentUrl":"https:\/\/www.justiceinfo.net\/wp-content\/uploads\/justiceinfo_logo-trans_1200x1200px.png","width":1199,"height":1200,"caption":"Justice Info"},"image":{"@id":"https:\/\/www.justiceinfo.net\/fr#\/schema\/logo\/image\/"},"sameAs":["https:\/\/www.facebook.com\/JusticeInfo\/","https:\/\/x.com\/justiceinfonet","https:\/\/www.linkedin.com\/company\/justice-info","https:\/\/www.youtube.com\/channel\/UCyCEsARodyuWtkWyhn-e7pA"]}]}},"_links":{"self":[{"href":"https:\/\/www.justiceinfo.net\/fr\/wp-json\/wp\/v2\/ji_location\/2570","targetHints":{"allow":["GET"]}}],"collection":[{"href":"https:\/\/www.justiceinfo.net\/fr\/wp-json\/wp\/v2\/ji_location"}],"about":[{"href":"https:\/\/www.justiceinfo.net\/fr\/wp-json\/wp\/v2\/taxonomies\/ji_location"}],"up":[{"embeddable":true,"href":"https:\/\/www.justiceinfo.net\/fr\/wp-json\/wp\/v2\/ji_location\/4070"}],"wp:post_type":[{"href":"https:\/\/www.justiceinfo.net\/fr\/wp-json\/wp\/v2\/posts?ji_location=2570"}],"curies":[{"name":"wp","href":"https:\/\/api.w.org\/{rel}","templated":true}]}}