{"id":10029,"date":"2008-11-20T00:00:00","date_gmt":"2008-11-19T23:00:00","guid":{"rendered":"https:\/\/www.justiceinfo.net\/10029-201108-rwandafrance-mise-en-examen-de-rose-kabuye-en-france6835.html"},"modified":"2008-11-20T00:00:00","modified_gmt":"2008-11-19T23:00:00","slug":"201108-rwandafrance-mise-en-examen-de-rose-kabuye-en-france6835","status":"publish","type":"post","link":"https:\/\/www.justiceinfo.net\/fr\/10029-201108-rwandafrance-mise-en-examen-de-rose-kabuye-en-france6835.html","title":{"rendered":"20.11.08 - RWANDA\/FRANCE - MISE EN EXAMEN DE ROSE KABUYE EN FRANCE"},"content":{"rendered":"<p>PARIS, 20 novembre 2008 (FH) - La responsable du protocole du chef de l'Etat rwandais, Rose Kabuye, a &eacute;t&eacute; mise en examen mercredi soir &agrave; Paris pour &quot;complicit&eacute; d'assassinats en relation avec une entreprise terroriste&quot; dans le cadre de l'enqu&ecirc;te fran&ccedil;aise sur l'attentat contre le pr&eacute;sident rwandais Juv&eacute;nal Habyarimana, et remise en libert&eacute; sous contr&ocirc;le judiciaire.<br \/>\n<!--more--><\/p>\n<p>\nLe juge des libert&eacute;s et de la d&eacute;tention, saisi par le juge d'instruction qui souhaitait l'incarc&eacute;ration de cette proche du pr&eacute;sident Paul Kagame, a suivi les r&eacute;quisitions du parquet de Paris qui souhaitait le maintien en libert&eacute; sous contr&ocirc;le judiciaire. Il lui est notamment interdit de quitter le territoire fran&ccedil;ais. <\/p>\n<p>Ses avocats Me Lev Forster et Bernard Maingain ont vu dans ce maintien en libert&eacute; &quot;une d&eacute;cision tout &agrave; fait raisonnable qui permettra &agrave; l'enqu&ecirc;te de prosp&eacute;rer utilement normalement et &agrave; la d&eacute;fense de formuler des demandes pour que la v&eacute;rit&eacute; apparaisse&quot;. <\/p>\n<p>Arr&ecirc;t&eacute;e le 9 novembre &agrave; Francfort (Allemagne) en vertu d'un mandat d'arr&ecirc;t europ&eacute;en &eacute;mis par la justice fran&ccedil;aise, Mme Kabuye fait partie des neuf Rwandais contre lesquels le juge antiterroriste fran&ccedil;ais, Jean-Louis Brugui&egrave;re, a &eacute;mis des mandats d'arr&ecirc;t en novembre 2006. Le magistrat fran&ccedil;ais les accuse d'avoir organis&eacute;, sur ordre de Paul Kagame, l'assassinat, le 6 avril 1994, de Juv&eacute;nal Habyarimana, ce que les concern&eacute;s ont toujours ni&eacute;. <\/p>\n<p>Les relations entre Paris et Kigali, rompues apr&egrave;s l'&eacute;mission des mandats, ont connu de nouvelles tensions apr&egrave;s l'arrestation de Mme Kabuye qui s'&eacute;tait, officiellement, rendue en Allemagne pour pr&eacute;parer une visite priv&eacute;e du pr&eacute;sident Kagame. Ce dernier, qui a qualifi&eacute; cette arrestation de politique, a menac&eacute; de faire d&eacute;livrer des mandats d'arr&ecirc;ts contre des personnalit&eacute;s fran&ccedil;aises impliqu&eacute;es, selon Kigali, dans le g&eacute;nocide. <\/p>\n<p>Mercredi, des manifestations se sont d&eacute;roul&eacute;es au Rwanda pour soutenir Mme Kabuye. Les avocats de Mme Kabuye n'ont pas souhait&eacute; s'exprimer sur le fond du dossier mais ont cependant soulign&eacute; qu'elle &quot;conteste les faits qui lui sont reproch&eacute;s&quot;. &quot;Par la recherche de la v&eacute;rit&eacute;, on peut arriver &agrave; la paix. C'est l'ensemble du Rwanda dans sa reconstruction qui est concern&eacute;&quot;, a d&eacute;clar&eacute; &agrave; la presse Me Forster. <\/p>\n<p>La mise en examen de Mme Kabuye va permettre &agrave; Kigali d'avoir officiellement acc&egrave;s &agrave; cette information judiciaire ouverte en 1998 &agrave; la suite de plainte des familles des trois membres d'&eacute;quipage fran&ccedil;ais de l'avion abattu. <\/p>\n<p>AS\/PB\/GF <\/p>\n<p>&copy; Agence Hirondelle<\/p>\n","protected":false},"excerpt":{"rendered":"<p>PARIS, 20 novembre 2008 (FH) - La responsable du protocole du chef de l'Etat rwandais, Rose Kabuye, a &eacute;t&eacute; mise en examen mercredi soir &agrave; Paris pour &quot;complicit&eacute; d'assassinats en relation avec une entreprise terroriste&quot; dans le cadre de l'enqu&ecirc;te fran&ccedil;aise sur l'attentat contre le pr&eacute;sident rwandais Juv&eacute;nal Habyarimana, et remise en libert&eacute; sous contr&ocirc;le [&hellip;]<\/p>\n","protected":false},"author":64,"featured_media":0,"comment_status":"open","ping_status":"closed","sticky":false,"template":"","format":"standard","meta":{"_acf_changed":false,"footnotes":""},"categories":[554],"tags":[],"ji_location":[],"class_list":["post-10029","post","type-post","status-publish","format-standard","hentry","category-hirondellenews"],"acf":[],"yoast_head":"<!-- This site is optimized with the Yoast SEO Premium plugin v25.3.1 (Yoast SEO v25.3.1) - https:\/\/yoast.com\/wordpress\/plugins\/seo\/ -->\n<title>20.11.08 - RWANDA\/FRANCE - MISE EN EXAMEN DE ROSE KABUYE EN FRANCE - JusticeInfo.net<\/title>\n<meta name=\"robots\" content=\"index, follow, max-snippet:-1, max-image-preview:large, max-video-preview:-1\" \/>\n<link rel=\"canonical\" href=\"https:\/\/www.justiceinfo.net\/fr\/10029-201108-rwandafrance-mise-en-examen-de-rose-kabuye-en-france6835.html\" \/>\n<meta property=\"og:locale\" content=\"fr_FR\" \/>\n<meta property=\"og:type\" content=\"article\" \/>\n<meta property=\"og:title\" content=\"20.11.08 - RWANDA\/FRANCE - MISE EN EXAMEN DE ROSE KABUYE EN FRANCE\" \/>\n<meta property=\"og:description\" content=\"PARIS, 20 novembre 2008 (FH) - La responsable du protocole du chef de l&#039;Etat rwandais, Rose Kabuye, a &eacute;t&eacute; mise en examen mercredi soir &agrave; Paris pour &quot;complicit&eacute; d&#039;assassinats en relation avec une entreprise terroriste&quot; dans le cadre de l&#039;enqu&ecirc;te fran&ccedil;aise sur l&#039;attentat contre le pr&eacute;sident rwandais Juv&eacute;nal Habyarimana, et remise en libert&eacute; sous contr&ocirc;le [&hellip;]\" \/>\n<meta property=\"og:url\" content=\"https:\/\/www.justiceinfo.net\/fr\/10029-201108-rwandafrance-mise-en-examen-de-rose-kabuye-en-france6835.html\" \/>\n<meta property=\"og:site_name\" content=\"JusticeInfo.net\" \/>\n<meta property=\"article:publisher\" content=\"https:\/\/www.facebook.com\/JusticeInfo\/\" \/>\n<meta property=\"article:published_time\" content=\"2008-11-19T23:00:00+00:00\" \/>\n<meta property=\"og:image\" content=\"https:\/\/www.justiceinfo.net\/wp-content\/uploads\/JusticeInfoNet_logo_1200x630px.jpg\" \/>\n\t<meta property=\"og:image:width\" content=\"1200\" \/>\n\t<meta property=\"og:image:height\" content=\"630\" \/>\n\t<meta property=\"og:image:type\" content=\"image\/jpeg\" \/>\n<meta name=\"author\" content=\"solivri\" \/>\n<meta name=\"twitter:card\" content=\"summary_large_image\" \/>\n<meta name=\"twitter:creator\" content=\"@justiceinfonet\" \/>\n<meta name=\"twitter:site\" content=\"@justiceinfonet\" \/>\n<meta name=\"twitter:label1\" content=\"\u00c9crit par\" \/>\n\t<meta name=\"twitter:data1\" content=\"solivri\" \/>\n\t<meta name=\"twitter:label2\" content=\"Dur\u00e9e de lecture estim\u00e9e\" \/>\n\t<meta name=\"twitter:data2\" content=\"3 minutes\" \/>\n<script type=\"application\/ld+json\" class=\"yoast-schema-graph\">{\"@context\":\"https:\/\/schema.org\",\"@graph\":[{\"@type\":\"NewsArticle\",\"@id\":\"https:\/\/www.justiceinfo.net\/fr\/10029-201108-rwandafrance-mise-en-examen-de-rose-kabuye-en-france6835.html#article\",\"isPartOf\":{\"@id\":\"https:\/\/www.justiceinfo.net\/fr\/10029-201108-rwandafrance-mise-en-examen-de-rose-kabuye-en-france6835.html\"},\"author\":{\"name\":\"solivri\",\"@id\":\"https:\/\/www.justiceinfo.net\/fr#\/schema\/person\/6e53cba1629e2e66f3fc1821d3091865\"},\"headline\":\"20.11.08 - RWANDA\/FRANCE - MISE EN EXAMEN DE ROSE KABUYE EN FRANCE\",\"datePublished\":\"2008-11-19T23:00:00+00:00\",\"mainEntityOfPage\":{\"@id\":\"https:\/\/www.justiceinfo.net\/fr\/10029-201108-rwandafrance-mise-en-examen-de-rose-kabuye-en-france6835.html\"},\"wordCount\":537,\"commentCount\":0,\"publisher\":{\"@id\":\"https:\/\/www.justiceinfo.net\/fr#organization\"},\"articleSection\":[\"Hirondelle News\"],\"inLanguage\":\"fr-FR\",\"potentialAction\":[{\"@type\":\"CommentAction\",\"name\":\"Comment\",\"target\":[\"https:\/\/www.justiceinfo.net\/fr\/10029-201108-rwandafrance-mise-en-examen-de-rose-kabuye-en-france6835.html#respond\"]}]},{\"@type\":\"WebPage\",\"@id\":\"https:\/\/www.justiceinfo.net\/fr\/10029-201108-rwandafrance-mise-en-examen-de-rose-kabuye-en-france6835.html\",\"url\":\"https:\/\/www.justiceinfo.net\/fr\/10029-201108-rwandafrance-mise-en-examen-de-rose-kabuye-en-france6835.html\",\"name\":\"20.11.08 - RWANDA\/FRANCE - MISE EN EXAMEN DE ROSE KABUYE EN FRANCE - JusticeInfo.net\",\"isPartOf\":{\"@id\":\"https:\/\/www.justiceinfo.net\/fr#website\"},\"datePublished\":\"2008-11-19T23:00:00+00:00\",\"breadcrumb\":{\"@id\":\"https:\/\/www.justiceinfo.net\/fr\/10029-201108-rwandafrance-mise-en-examen-de-rose-kabuye-en-france6835.html#breadcrumb\"},\"inLanguage\":\"fr-FR\",\"potentialAction\":[{\"@type\":\"ReadAction\",\"target\":[\"https:\/\/www.justiceinfo.net\/fr\/10029-201108-rwandafrance-mise-en-examen-de-rose-kabuye-en-france6835.html\"]}]},{\"@type\":\"BreadcrumbList\",\"@id\":\"https:\/\/www.justiceinfo.net\/fr\/10029-201108-rwandafrance-mise-en-examen-de-rose-kabuye-en-france6835.html#breadcrumb\",\"itemListElement\":[{\"@type\":\"ListItem\",\"position\":1,\"name\":\"Home\",\"item\":\"https:\/\/www.justiceinfo.net\/fr\"},{\"@type\":\"ListItem\",\"position\":2,\"name\":\"20.11.08 - RWANDA\/FRANCE - MISE EN EXAMEN DE ROSE KABUYE EN FRANCE\"}]},{\"@type\":\"WebSite\",\"@id\":\"https:\/\/www.justiceinfo.net\/fr#website\",\"url\":\"https:\/\/www.justiceinfo.net\/fr\",\"name\":\"JusticeInfo.net\",\"description\":\"La justice doit \u00eatre vue pour \u00eatre rendue\",\"publisher\":{\"@id\":\"https:\/\/www.justiceinfo.net\/fr#organization\"},\"potentialAction\":[{\"@type\":\"SearchAction\",\"target\":{\"@type\":\"EntryPoint\",\"urlTemplate\":\"https:\/\/www.justiceinfo.net\/fr?s={search_term_string}\"},\"query-input\":{\"@type\":\"PropertyValueSpecification\",\"valueRequired\":true,\"valueName\":\"search_term_string\"}}],\"inLanguage\":\"fr-FR\"},{\"@type\":\"Organization\",\"@id\":\"https:\/\/www.justiceinfo.net\/fr#organization\",\"name\":\"Justice Info\",\"url\":\"https:\/\/www.justiceinfo.net\/fr\",\"logo\":{\"@type\":\"ImageObject\",\"inLanguage\":\"fr-FR\",\"@id\":\"https:\/\/www.justiceinfo.net\/fr#\/schema\/logo\/image\/\",\"url\":\"https:\/\/www.justiceinfo.net\/wp-content\/uploads\/justiceinfo_logo-trans_1200x1200px.png\",\"contentUrl\":\"https:\/\/www.justiceinfo.net\/wp-content\/uploads\/justiceinfo_logo-trans_1200x1200px.png\",\"width\":1199,\"height\":1200,\"caption\":\"Justice Info\"},\"image\":{\"@id\":\"https:\/\/www.justiceinfo.net\/fr#\/schema\/logo\/image\/\"},\"sameAs\":[\"https:\/\/www.facebook.com\/JusticeInfo\/\",\"https:\/\/x.com\/justiceinfonet\",\"https:\/\/www.linkedin.com\/company\/justice-info\",\"https:\/\/www.youtube.com\/channel\/UCyCEsARodyuWtkWyhn-e7pA\"]},{\"@type\":\"Person\",\"name\":\"solivri\",\"url\":\"\/fr\/?s=solivri\"}]}<\/script>\n<!-- \/ Yoast SEO Premium plugin. -->","yoast_head_json":{"title":"20.11.08 - RWANDA\/FRANCE - MISE EN EXAMEN DE ROSE KABUYE EN FRANCE - JusticeInfo.net","robots":{"index":"index","follow":"follow","max-snippet":"max-snippet:-1","max-image-preview":"max-image-preview:large","max-video-preview":"max-video-preview:-1"},"canonical":"https:\/\/www.justiceinfo.net\/fr\/10029-201108-rwandafrance-mise-en-examen-de-rose-kabuye-en-france6835.html","og_locale":"fr_FR","og_type":"article","og_title":"20.11.08 - RWANDA\/FRANCE - MISE EN EXAMEN DE ROSE KABUYE EN FRANCE","og_description":"PARIS, 20 novembre 2008 (FH) - La responsable du protocole du chef de l'Etat rwandais, Rose Kabuye, a &eacute;t&eacute; mise en examen mercredi soir &agrave; Paris pour &quot;complicit&eacute; d'assassinats en relation avec une entreprise terroriste&quot; dans le cadre de l'enqu&ecirc;te fran&ccedil;aise sur l'attentat contre le pr&eacute;sident rwandais Juv&eacute;nal Habyarimana, et remise en libert&eacute; sous contr&ocirc;le [&hellip;]","og_url":"https:\/\/www.justiceinfo.net\/fr\/10029-201108-rwandafrance-mise-en-examen-de-rose-kabuye-en-france6835.html","og_site_name":"JusticeInfo.net","article_publisher":"https:\/\/www.facebook.com\/JusticeInfo\/","article_published_time":"2008-11-19T23:00:00+00:00","og_image":[{"width":1200,"height":630,"url":"https:\/\/www.justiceinfo.net\/wp-content\/uploads\/JusticeInfoNet_logo_1200x630px.jpg","type":"image\/jpeg"}],"author":"solivri","twitter_card":"summary_large_image","twitter_creator":"@justiceinfonet","twitter_site":"@justiceinfonet","twitter_misc":{"\u00c9crit par":"solivri","Dur\u00e9e de lecture estim\u00e9e":"3 minutes"},"schema":{"@context":"https:\/\/schema.org","@graph":[{"@type":"NewsArticle","@id":"https:\/\/www.justiceinfo.net\/fr\/10029-201108-rwandafrance-mise-en-examen-de-rose-kabuye-en-france6835.html#article","isPartOf":{"@id":"https:\/\/www.justiceinfo.net\/fr\/10029-201108-rwandafrance-mise-en-examen-de-rose-kabuye-en-france6835.html"},"author":{"name":"solivri","@id":"https:\/\/www.justiceinfo.net\/fr#\/schema\/person\/6e53cba1629e2e66f3fc1821d3091865"},"headline":"20.11.08 - RWANDA\/FRANCE - MISE EN EXAMEN DE ROSE KABUYE EN FRANCE","datePublished":"2008-11-19T23:00:00+00:00","mainEntityOfPage":{"@id":"https:\/\/www.justiceinfo.net\/fr\/10029-201108-rwandafrance-mise-en-examen-de-rose-kabuye-en-france6835.html"},"wordCount":537,"commentCount":0,"publisher":{"@id":"https:\/\/www.justiceinfo.net\/fr#organization"},"articleSection":["Hirondelle News"],"inLanguage":"fr-FR","potentialAction":[{"@type":"CommentAction","name":"Comment","target":["https:\/\/www.justiceinfo.net\/fr\/10029-201108-rwandafrance-mise-en-examen-de-rose-kabuye-en-france6835.html#respond"]}]},{"@type":"WebPage","@id":"https:\/\/www.justiceinfo.net\/fr\/10029-201108-rwandafrance-mise-en-examen-de-rose-kabuye-en-france6835.html","url":"https:\/\/www.justiceinfo.net\/fr\/10029-201108-rwandafrance-mise-en-examen-de-rose-kabuye-en-france6835.html","name":"20.11.08 - RWANDA\/FRANCE - MISE EN EXAMEN DE ROSE KABUYE EN FRANCE - JusticeInfo.net","isPartOf":{"@id":"https:\/\/www.justiceinfo.net\/fr#website"},"datePublished":"2008-11-19T23:00:00+00:00","breadcrumb":{"@id":"https:\/\/www.justiceinfo.net\/fr\/10029-201108-rwandafrance-mise-en-examen-de-rose-kabuye-en-france6835.html#breadcrumb"},"inLanguage":"fr-FR","potentialAction":[{"@type":"ReadAction","target":["https:\/\/www.justiceinfo.net\/fr\/10029-201108-rwandafrance-mise-en-examen-de-rose-kabuye-en-france6835.html"]}]},{"@type":"BreadcrumbList","@id":"https:\/\/www.justiceinfo.net\/fr\/10029-201108-rwandafrance-mise-en-examen-de-rose-kabuye-en-france6835.html#breadcrumb","itemListElement":[{"@type":"ListItem","position":1,"name":"Home","item":"https:\/\/www.justiceinfo.net\/fr"},{"@type":"ListItem","position":2,"name":"20.11.08 - RWANDA\/FRANCE - MISE EN EXAMEN DE ROSE KABUYE EN FRANCE"}]},{"@type":"WebSite","@id":"https:\/\/www.justiceinfo.net\/fr#website","url":"https:\/\/www.justiceinfo.net\/fr","name":"JusticeInfo.net","description":"La justice doit \u00eatre vue pour \u00eatre rendue","publisher":{"@id":"https:\/\/www.justiceinfo.net\/fr#organization"},"potentialAction":[{"@type":"SearchAction","target":{"@type":"EntryPoint","urlTemplate":"https:\/\/www.justiceinfo.net\/fr?s={search_term_string}"},"query-input":{"@type":"PropertyValueSpecification","valueRequired":true,"valueName":"search_term_string"}}],"inLanguage":"fr-FR"},{"@type":"Organization","@id":"https:\/\/www.justiceinfo.net\/fr#organization","name":"Justice Info","url":"https:\/\/www.justiceinfo.net\/fr","logo":{"@type":"ImageObject","inLanguage":"fr-FR","@id":"https:\/\/www.justiceinfo.net\/fr#\/schema\/logo\/image\/","url":"https:\/\/www.justiceinfo.net\/wp-content\/uploads\/justiceinfo_logo-trans_1200x1200px.png","contentUrl":"https:\/\/www.justiceinfo.net\/wp-content\/uploads\/justiceinfo_logo-trans_1200x1200px.png","width":1199,"height":1200,"caption":"Justice Info"},"image":{"@id":"https:\/\/www.justiceinfo.net\/fr#\/schema\/logo\/image\/"},"sameAs":["https:\/\/www.facebook.com\/JusticeInfo\/","https:\/\/x.com\/justiceinfonet","https:\/\/www.linkedin.com\/company\/justice-info","https:\/\/www.youtube.com\/channel\/UCyCEsARodyuWtkWyhn-e7pA"]},{"@type":"Person","name":"solivri","url":"\/fr\/?s=solivri"}]}},"_links":{"self":[{"href":"https:\/\/www.justiceinfo.net\/fr\/wp-json\/wp\/v2\/posts\/10029","targetHints":{"allow":["GET"]}}],"collection":[{"href":"https:\/\/www.justiceinfo.net\/fr\/wp-json\/wp\/v2\/posts"}],"about":[{"href":"https:\/\/www.justiceinfo.net\/fr\/wp-json\/wp\/v2\/types\/post"}],"author":[{"embeddable":true,"href":"https:\/\/www.justiceinfo.net\/fr\/wp-json\/wp\/v2\/users\/64"}],"replies":[{"embeddable":true,"href":"https:\/\/www.justiceinfo.net\/fr\/wp-json\/wp\/v2\/comments?post=10029"}],"version-history":[{"count":0,"href":"https:\/\/www.justiceinfo.net\/fr\/wp-json\/wp\/v2\/posts\/10029\/revisions"}],"wp:attachment":[{"href":"https:\/\/www.justiceinfo.net\/fr\/wp-json\/wp\/v2\/media?parent=10029"}],"wp:term":[{"taxonomy":"category","embeddable":true,"href":"https:\/\/www.justiceinfo.net\/fr\/wp-json\/wp\/v2\/categories?post=10029"},{"taxonomy":"post_tag","embeddable":true,"href":"https:\/\/www.justiceinfo.net\/fr\/wp-json\/wp\/v2\/tags?post=10029"},{"taxonomy":"ji_location","embeddable":true,"href":"https:\/\/www.justiceinfo.net\/fr\/wp-json\/wp\/v2\/ji_location?post=10029"}],"curies":[{"name":"wp","href":"https:\/\/api.w.org\/{rel}","templated":true}]}}