{"id":1007,"date":"2015-07-01T12:06:54","date_gmt":"2015-07-01T10:06:54","guid":{"rendered":"https:\/\/www.justiceinfo.net\/1007-tunisie-un-film-pour-ne-pas-oublier-la-torture.html"},"modified":"2015-07-01T12:06:54","modified_gmt":"2015-07-01T10:06:54","slug":"tunisie-un-film-pour-ne-pas-oublier-la-torture","status":"publish","type":"post","link":"https:\/\/www.justiceinfo.net\/fr\/1007-tunisie-un-film-pour-ne-pas-oublier-la-torture.html","title":{"rendered":"Tunisie : Un film pour ne pas oublier la torture"},"content":{"rendered":"<p>Produit en 2014, La M\u00e9moire Noire, un documentaire de 52 mn du cin\u00e9aste Hichem Ben Ammar, traite d\u2019un sujet qui impr\u00e8gne de douleur et de pesanteur plus d\u2019un demi-si\u00e8cle de dictature tunisienne. Quatre anciens d\u00e9tenus politiques s\u2019y souviennent de la r\u00e9pression dont ils ont \u00e9t\u00e9 victimes, lorsque le pr\u00e9sident Bourguiba ordonna de d\u00e9manteler le mouvement de gauche, \u00ab\u00a0Perspectives\u00a0\u00bb. Juste, touchant et percutant, le film se veut un premier pas pour affronter la part la plus sombre de l\u2019histoire du pays. Rencontre.<\/p>\n<p><strong>\u00a0<\/strong><\/p>\n<p><strong>\u00a0<\/strong><\/p>\n<p><strong>Justiceinfo.net: Comment vous-est venue l'id\u00e9e de traiter d'un sujet aussi grave que la torture contre les prisonniers d'opinion en Tunisie ?<\/strong><\/p>\n<p>Hichem Ben Ammar: Tout a commenc\u00e9 avec l\u2019organisation le 26 juin 2012, journ\u00e9e mondiale de soutien aux victimes de la torture, d\u2019un cycle de films sur le th\u00e8me des droits de l\u2019Homme au cours d\u2019une tourn\u00e9e au nord-ouest du pays des \u00ab\u00a0Caravanes Documentaires\u00a0\u00bb, un programme itin\u00e9rant pour la promotion de la citoyennet\u00e9 \u00e0 travers la culture audiovisuelle. Nous avions \u00e0 cette occasion, dans le cadre d\u2019un atelier de production, r\u00e9alis\u00e9 des interviews avec des militants qui ont subi la maltraitance physique et psychologique lors de leur arrestation au cours de la p\u00e9riode de l\u2019ex pr\u00e9sident Ben Ali. Ensuite, nous avons organis\u00e9 une manifestation intitul\u00e9e journ\u00e9e mondiale de l\u2019\u00e9crivain en prison (le 15 novembre 2012). C\u2019est ainsi que le M\u00e9morial de la Stasi \u00e0 Berlin a pris contact avec nous et nous a permis de poursuivre notre action citoyenne en r\u00e9alisant le premier volet d\u2019un triptyque sur l\u2019histoire de la r\u00e9pression politique en Tunisie.\u00a0<\/p>\n<p>\u00a0<\/p>\n<p><strong> Pourquoi avoir commenc\u00e9 avec le groupe \u00ab\u00a0Perspectives\u00a0\u00bb ? Est-ce les premiers cas de torture en Tunisie ?<\/strong><\/p>\n<p>Non, pas du tout, il y a eu avant les \u00ab\u00a0youss\u00e9fistes\u00a0\u00bb (nationalistes arabes) et les membres du complot de 1962 contre la pr\u00e9sidence de la R\u00e9publique qui ont \u00e9t\u00e9 cruellement r\u00e9prim\u00e9s par Bourguiba. Et puis bien avant, la torture a \u00e9t\u00e9 institu\u00e9e par les colons fran\u00e7ais avec l\u2019installation du syst\u00e8me carc\u00e9ral en Tunisie. Mais partant du principe qu\u2019un film ne peut \u00eatre exhaustif, nous avons pr\u00e9f\u00e9r\u00e9 focaliser notre attention, dans un premier temps, sur un seul groupe politique pour en faire ressortir l\u2019esprit profond, \u00e0 travers des t\u00e9moignages de quatre de ses membres, repr\u00e9sentatifs de quatre g\u00e9n\u00e9rations de ce mouvement de gauche, n\u00e9 \u00e0 la moiti\u00e9 des ann\u00e9es 60. Le fait que le cinquantenaire de \u00ab\u00a0Perspectives\u00a0\u00bb corresponde par hasard \u00e0 notre tournage, nous a encourag\u00e9s \u00e0 pr\u00e9senter ce film en premier.\u00a0<\/p>\n<p>\u00a0<\/p>\n<p><strong> <img loading=\"lazy\" decoding=\"async\" class=\"pull-right\" src=\"images\/affiche_prison.jpg\" alt=\"\" width=\"460\" height=\"651\" \/>Comment aborder artistiquement un th\u00e8me aussi noir sans tomber entre autres dans le voyeurisme ?<\/strong><\/p>\n<p>\u00a0C\u2019est avant tout une question d\u2019\u00e9thique. Le minimalisme est une forme exigeante qui \u00e9vite les fioritures et qui permet surtout de trouver la distance la plus juste par rapport au sujet. Au pathos, qui est une sorte de complaisance et de\u00a0manipulation, nous pr\u00e9f\u00e9rons l\u2019empathie qui engage notre conscience dans l\u2019acte de restituer une parole authentique et digne. Il est \u00e9vident que nous pr\u00e9f\u00e9rons l\u2019approche humaniste \u00e0 l\u2019approche id\u00e9ologique et c'est ce qui conf\u00e8re au film une dimension artistique. La construction du r\u00e9cit m\u00e8ne \u00e0 une vraie catharsis c'est justement ce qui garantit l'impact de cette galerie de portraits.\u00a0<\/p>\n<p>\u00a0<\/p>\n<p><strong> D'apr\u00e8s les t\u00e9moignages que vous avez recueillis que cherchent les bourreaux en exer\u00e7ant des actes de torture contre leurs victimes plus inhumains les uns que les autres ?<\/strong><\/p>\n<p>La torture se fonde sur une domination phallocratique qui s\u2019autorise tous les d\u00e9passements. C\u2019est une volont\u00e9 de soumettre l\u2019autre en l\u2019humiliant tout en faisant appel \u00e0 une forme d\u2019\u00e9rotisme psychopathe qui utilise la force et le sadisme. C\u2019est, en quelque sorte, un viol du corps pour mieux saper l\u2019esprit. La torture psychologique est encore plus perverse dans la mesure o\u00f9 elle cherche \u00e0 briser la victime de l\u2019int\u00e9rieur dans sa dignit\u00e9, dans son humanit\u00e9. C\u2019est la forme la plus abjecte de la communication. En montrant des personnes r\u00e9silientes, capables de parler de leur exp\u00e9rience avec de la distance et m\u00eame avec humour, mon film, La M\u00e9moire Noire se veut un pied de nez aux tortionnaires.<\/p>\n<p>\u00a0<\/p>\n<p><strong> En quoi ce documentaire peut-il \u00eatre utile \u00e0 l'Instance\u00a0V\u00e9rit\u00e9 et Dignit\u00e9 (IVD) charg\u00e9e de lever le voile sur les atteintes des droits de l'homme qui ont marqu\u00e9 l'histoire de la Tunisie ?<\/strong><\/p>\n<p>Le but de ce film est justement de participer au d\u00e9bat sur la justice transitionnelle. L\u2019Instance\u00a0V\u00e9rit\u00e9 et Dignit\u00e9 dans sa collecte d\u2019informations pourrait le projeter pour aider les langues \u00e0 se d\u00e9lier car ce film d\u00e9dramatise la prise de parole sur un sujet aussi d\u00e9licat. Pour moi, ce travail sur la m\u00e9moire s\u2019inscrit dans le cadre d\u2019une th\u00e9rapie collective, il peut \u00eatre tr\u00e8s utile dans le cadre de s\u00e9ances de monitoring et de sensibilisation. En tout \u00e9tat de cause, il prendra de la valeur avec le temps.<\/p>\n<p>\u00a0<\/p>\n<p><strong> Comment \u00e9valuez-vous l'impact de La M\u00e9moire Noire ?<\/strong><\/p>\n<p>\u00a0Le film rencontre, l\u00e0 o\u00f9 il passe, l\u2019adh\u00e9sion du public. Il a beaucoup circul\u00e9 en r\u00e9gion mais pas assez \u00e0 l\u2019\u00e9tranger. Actuellement, je trouve des difficult\u00e9s \u00e0 financer les deux autres volets initialement pr\u00e9vus. Ne trouvez-vous pas cela symptomatique\u00a0? Il semble que cette question de la justice transitionnelle suscite \u00e9norm\u00e9ment d\u2019ambivalences. Cette lenteur est peut \u00eatre compr\u00e9hensible quand on pense que des pays comme l\u2019Espagne, le Portugal et m\u00eame l\u2019Allemagne ont mis du temps pour affronter leurs vieux d\u00e9mons.<\/p>\n<p>\u00a0<\/p>\n<p><strong> Ce film constitue un premier volet d'un triptyque sur la torture. De quoi traiteront vos deux autres projets ?<\/strong><\/p>\n<p>Le complot du silence dans le milieu de m\u00e9decins qui ont \u00e9t\u00e9 les complices passifs d\u2019un syst\u00e8me qui les a compromis... Ou encore les souffrances des\u00a0femmes islamistes au cours des ann\u00e9es quatre vingt dix. D\u2019autres pistes de recherche existent pouvant donner lieu \u00e0 des concepts tr\u00e8s int\u00e9ressants encore faut-il avoir les moyens de les concr\u00e9tiser.<\/p>\n<p><strong>Propos recueillis par Olfa Belhassine<\/strong><\/p>\n<p>\u00a0<\/p>\n<p>\u00a0<\/p>\n<p>\u00a0<\/p>\n","protected":false},"excerpt":{"rendered":"<p>Produit en 2014, La M\u00e9moire Noire, un documentaire de 52 mn du cin\u00e9aste Hichem Ben Ammar, traite d\u2019un sujet qui impr\u00e8gne de douleur et de pesanteur plus d\u2019un demi-si\u00e8cle de dictature tunisienne. Quatre anciens d\u00e9tenus politiques s\u2019y souviennent de la r\u00e9pression dont ils ont \u00e9t\u00e9 victimes, lorsque le pr\u00e9sident Bourguiba ordonna de d\u00e9manteler le mouvement [&hellip;]<\/p>\n","protected":false},"author":64,"featured_media":65106,"comment_status":"open","ping_status":"closed","sticky":false,"template":"","format":"standard","meta":{"_acf_changed":false,"footnotes":""},"categories":[556],"tags":[],"ji_location":[2520],"class_list":["post-1007","post","type-post","status-publish","format-standard","has-post-thumbnail","hentry","category-divers","ji_location-tunisie"],"acf":[],"yoast_head":"<!-- This site is optimized with the Yoast SEO Premium plugin v25.3.1 (Yoast SEO v25.3.1) - https:\/\/yoast.com\/wordpress\/plugins\/seo\/ -->\n<title>Tunisie : Un film pour ne pas oublier la torture - JusticeInfo.net<\/title>\n<meta name=\"robots\" content=\"index, follow, max-snippet:-1, max-image-preview:large, max-video-preview:-1\" \/>\n<link rel=\"canonical\" href=\"https:\/\/www.justiceinfo.net\/fr\/1007-tunisie-un-film-pour-ne-pas-oublier-la-torture.html\" \/>\n<meta property=\"og:locale\" content=\"fr_FR\" \/>\n<meta property=\"og:type\" content=\"article\" \/>\n<meta property=\"og:title\" content=\"Tunisie : Un film pour ne pas oublier la torture\" \/>\n<meta property=\"og:description\" content=\"Produit en 2014, La M\u00e9moire Noire, un documentaire de 52 mn du cin\u00e9aste Hichem Ben Ammar, traite d\u2019un sujet qui impr\u00e8gne de douleur et de pesanteur plus d\u2019un demi-si\u00e8cle de dictature tunisienne. Quatre anciens d\u00e9tenus politiques s\u2019y souviennent de la r\u00e9pression dont ils ont \u00e9t\u00e9 victimes, lorsque le pr\u00e9sident Bourguiba ordonna de d\u00e9manteler le mouvement [&hellip;]\" \/>\n<meta property=\"og:url\" content=\"https:\/\/www.justiceinfo.net\/fr\/1007-tunisie-un-film-pour-ne-pas-oublier-la-torture.html\" \/>\n<meta property=\"og:site_name\" content=\"JusticeInfo.net\" \/>\n<meta property=\"article:publisher\" content=\"https:\/\/www.facebook.com\/JusticeInfo\/\" \/>\n<meta property=\"article:published_time\" content=\"2015-07-01T10:06:54+00:00\" \/>\n<meta property=\"og:image\" content=\"https:\/\/www.justiceinfo.net\/wp-content\/uploads\/0cd16382a44dd5666a6cdb7bae9c7fbd.jpg\" \/>\n\t<meta property=\"og:image:width\" content=\"1936\" \/>\n\t<meta property=\"og:image:height\" content=\"1288\" \/>\n\t<meta property=\"og:image:type\" content=\"image\/jpeg\" \/>\n<meta name=\"author\" content=\"Olfa Belhassine, Tunis Correspondante\" \/>\n<meta name=\"twitter:card\" content=\"summary_large_image\" \/>\n<meta name=\"twitter:creator\" content=\"@justiceinfonet\" \/>\n<meta name=\"twitter:site\" content=\"@justiceinfonet\" \/>\n<meta name=\"twitter:label1\" content=\"\u00c9crit par\" \/>\n\t<meta name=\"twitter:data1\" content=\"Olfa Belhassine, Tunis Correspondante\" \/>\n\t<meta name=\"twitter:label2\" content=\"Dur\u00e9e de lecture estim\u00e9e\" \/>\n\t<meta name=\"twitter:data2\" content=\"5 minutes\" \/>\n<script type=\"application\/ld+json\" class=\"yoast-schema-graph\">{\"@context\":\"https:\/\/schema.org\",\"@graph\":[{\"@type\":\"NewsArticle\",\"@id\":\"https:\/\/www.justiceinfo.net\/fr\/1007-tunisie-un-film-pour-ne-pas-oublier-la-torture.html#article\",\"isPartOf\":{\"@id\":\"https:\/\/www.justiceinfo.net\/fr\/1007-tunisie-un-film-pour-ne-pas-oublier-la-torture.html\"},\"author\":{\"name\":\"solivri\",\"@id\":\"https:\/\/www.justiceinfo.net\/fr#\/schema\/person\/6e53cba1629e2e66f3fc1821d3091865\"},\"headline\":\"Tunisie : Un film pour ne pas oublier la torture\",\"datePublished\":\"2015-07-01T10:06:54+00:00\",\"mainEntityOfPage\":{\"@id\":\"https:\/\/www.justiceinfo.net\/fr\/1007-tunisie-un-film-pour-ne-pas-oublier-la-torture.html\"},\"wordCount\":1064,\"commentCount\":0,\"publisher\":{\"@id\":\"https:\/\/www.justiceinfo.net\/fr#organization\"},\"image\":{\"@id\":\"https:\/\/www.justiceinfo.net\/fr\/1007-tunisie-un-film-pour-ne-pas-oublier-la-torture.html#primaryimage\"},\"thumbnailUrl\":\"https:\/\/www.justiceinfo.net\/wp-content\/uploads\/0cd16382a44dd5666a6cdb7bae9c7fbd.jpg\",\"articleSection\":[\"Divers\"],\"inLanguage\":\"fr-FR\",\"potentialAction\":[{\"@type\":\"CommentAction\",\"name\":\"Comment\",\"target\":[\"https:\/\/www.justiceinfo.net\/fr\/1007-tunisie-un-film-pour-ne-pas-oublier-la-torture.html#respond\"]}]},{\"@type\":\"WebPage\",\"@id\":\"https:\/\/www.justiceinfo.net\/fr\/1007-tunisie-un-film-pour-ne-pas-oublier-la-torture.html\",\"url\":\"https:\/\/www.justiceinfo.net\/fr\/1007-tunisie-un-film-pour-ne-pas-oublier-la-torture.html\",\"name\":\"Tunisie : Un film pour ne pas oublier la torture - JusticeInfo.net\",\"isPartOf\":{\"@id\":\"https:\/\/www.justiceinfo.net\/fr#website\"},\"primaryImageOfPage\":{\"@id\":\"https:\/\/www.justiceinfo.net\/fr\/1007-tunisie-un-film-pour-ne-pas-oublier-la-torture.html#primaryimage\"},\"image\":{\"@id\":\"https:\/\/www.justiceinfo.net\/fr\/1007-tunisie-un-film-pour-ne-pas-oublier-la-torture.html#primaryimage\"},\"thumbnailUrl\":\"https:\/\/www.justiceinfo.net\/wp-content\/uploads\/0cd16382a44dd5666a6cdb7bae9c7fbd.jpg\",\"datePublished\":\"2015-07-01T10:06:54+00:00\",\"breadcrumb\":{\"@id\":\"https:\/\/www.justiceinfo.net\/fr\/1007-tunisie-un-film-pour-ne-pas-oublier-la-torture.html#breadcrumb\"},\"inLanguage\":\"fr-FR\",\"potentialAction\":[{\"@type\":\"ReadAction\",\"target\":[\"https:\/\/www.justiceinfo.net\/fr\/1007-tunisie-un-film-pour-ne-pas-oublier-la-torture.html\"]}]},{\"@type\":\"ImageObject\",\"inLanguage\":\"fr-FR\",\"@id\":\"https:\/\/www.justiceinfo.net\/fr\/1007-tunisie-un-film-pour-ne-pas-oublier-la-torture.html#primaryimage\",\"url\":\"https:\/\/www.justiceinfo.net\/wp-content\/uploads\/0cd16382a44dd5666a6cdb7bae9c7fbd.jpg\",\"contentUrl\":\"https:\/\/www.justiceinfo.net\/wp-content\/uploads\/0cd16382a44dd5666a6cdb7bae9c7fbd.jpg\",\"width\":1936,\"height\":1288},{\"@type\":\"BreadcrumbList\",\"@id\":\"https:\/\/www.justiceinfo.net\/fr\/1007-tunisie-un-film-pour-ne-pas-oublier-la-torture.html#breadcrumb\",\"itemListElement\":[{\"@type\":\"ListItem\",\"position\":1,\"name\":\"Home\",\"item\":\"https:\/\/www.justiceinfo.net\/fr\"},{\"@type\":\"ListItem\",\"position\":2,\"name\":\"Tunisie : Un film pour ne pas oublier la torture\"}]},{\"@type\":\"WebSite\",\"@id\":\"https:\/\/www.justiceinfo.net\/fr#website\",\"url\":\"https:\/\/www.justiceinfo.net\/fr\",\"name\":\"JusticeInfo.net\",\"description\":\"La justice doit \u00eatre vue pour \u00eatre rendue\",\"publisher\":{\"@id\":\"https:\/\/www.justiceinfo.net\/fr#organization\"},\"potentialAction\":[{\"@type\":\"SearchAction\",\"target\":{\"@type\":\"EntryPoint\",\"urlTemplate\":\"https:\/\/www.justiceinfo.net\/fr?s={search_term_string}\"},\"query-input\":{\"@type\":\"PropertyValueSpecification\",\"valueRequired\":true,\"valueName\":\"search_term_string\"}}],\"inLanguage\":\"fr-FR\"},{\"@type\":\"Organization\",\"@id\":\"https:\/\/www.justiceinfo.net\/fr#organization\",\"name\":\"Justice Info\",\"url\":\"https:\/\/www.justiceinfo.net\/fr\",\"logo\":{\"@type\":\"ImageObject\",\"inLanguage\":\"fr-FR\",\"@id\":\"https:\/\/www.justiceinfo.net\/fr#\/schema\/logo\/image\/\",\"url\":\"https:\/\/www.justiceinfo.net\/wp-content\/uploads\/justiceinfo_logo-trans_1200x1200px.png\",\"contentUrl\":\"https:\/\/www.justiceinfo.net\/wp-content\/uploads\/justiceinfo_logo-trans_1200x1200px.png\",\"width\":1199,\"height\":1200,\"caption\":\"Justice Info\"},\"image\":{\"@id\":\"https:\/\/www.justiceinfo.net\/fr#\/schema\/logo\/image\/\"},\"sameAs\":[\"https:\/\/www.facebook.com\/JusticeInfo\/\",\"https:\/\/x.com\/justiceinfonet\",\"https:\/\/www.linkedin.com\/company\/justice-info\",\"https:\/\/www.youtube.com\/channel\/UCyCEsARodyuWtkWyhn-e7pA\"]},{\"@type\":\"Person\",\"name\":\"Olfa Belhassine, Tunis Correspondante\",\"url\":\"\/fr\/?s=Olfa Belhassine, Tunis Correspondante\"}]}<\/script>\n<!-- \/ Yoast SEO Premium plugin. -->","yoast_head_json":{"title":"Tunisie : Un film pour ne pas oublier la torture - JusticeInfo.net","robots":{"index":"index","follow":"follow","max-snippet":"max-snippet:-1","max-image-preview":"max-image-preview:large","max-video-preview":"max-video-preview:-1"},"canonical":"https:\/\/www.justiceinfo.net\/fr\/1007-tunisie-un-film-pour-ne-pas-oublier-la-torture.html","og_locale":"fr_FR","og_type":"article","og_title":"Tunisie : Un film pour ne pas oublier la torture","og_description":"Produit en 2014, La M\u00e9moire Noire, un documentaire de 52 mn du cin\u00e9aste Hichem Ben Ammar, traite d\u2019un sujet qui impr\u00e8gne de douleur et de pesanteur plus d\u2019un demi-si\u00e8cle de dictature tunisienne. Quatre anciens d\u00e9tenus politiques s\u2019y souviennent de la r\u00e9pression dont ils ont \u00e9t\u00e9 victimes, lorsque le pr\u00e9sident Bourguiba ordonna de d\u00e9manteler le mouvement [&hellip;]","og_url":"https:\/\/www.justiceinfo.net\/fr\/1007-tunisie-un-film-pour-ne-pas-oublier-la-torture.html","og_site_name":"JusticeInfo.net","article_publisher":"https:\/\/www.facebook.com\/JusticeInfo\/","article_published_time":"2015-07-01T10:06:54+00:00","og_image":[{"width":1936,"height":1288,"url":"https:\/\/www.justiceinfo.net\/wp-content\/uploads\/0cd16382a44dd5666a6cdb7bae9c7fbd.jpg","type":"image\/jpeg"}],"author":"Olfa Belhassine, Tunis Correspondante","twitter_card":"summary_large_image","twitter_creator":"@justiceinfonet","twitter_site":"@justiceinfonet","twitter_misc":{"\u00c9crit par":"Olfa Belhassine, Tunis Correspondante","Dur\u00e9e de lecture estim\u00e9e":"5 minutes"},"schema":{"@context":"https:\/\/schema.org","@graph":[{"@type":"NewsArticle","@id":"https:\/\/www.justiceinfo.net\/fr\/1007-tunisie-un-film-pour-ne-pas-oublier-la-torture.html#article","isPartOf":{"@id":"https:\/\/www.justiceinfo.net\/fr\/1007-tunisie-un-film-pour-ne-pas-oublier-la-torture.html"},"author":{"name":"solivri","@id":"https:\/\/www.justiceinfo.net\/fr#\/schema\/person\/6e53cba1629e2e66f3fc1821d3091865"},"headline":"Tunisie : Un film pour ne pas oublier la torture","datePublished":"2015-07-01T10:06:54+00:00","mainEntityOfPage":{"@id":"https:\/\/www.justiceinfo.net\/fr\/1007-tunisie-un-film-pour-ne-pas-oublier-la-torture.html"},"wordCount":1064,"commentCount":0,"publisher":{"@id":"https:\/\/www.justiceinfo.net\/fr#organization"},"image":{"@id":"https:\/\/www.justiceinfo.net\/fr\/1007-tunisie-un-film-pour-ne-pas-oublier-la-torture.html#primaryimage"},"thumbnailUrl":"https:\/\/www.justiceinfo.net\/wp-content\/uploads\/0cd16382a44dd5666a6cdb7bae9c7fbd.jpg","articleSection":["Divers"],"inLanguage":"fr-FR","potentialAction":[{"@type":"CommentAction","name":"Comment","target":["https:\/\/www.justiceinfo.net\/fr\/1007-tunisie-un-film-pour-ne-pas-oublier-la-torture.html#respond"]}]},{"@type":"WebPage","@id":"https:\/\/www.justiceinfo.net\/fr\/1007-tunisie-un-film-pour-ne-pas-oublier-la-torture.html","url":"https:\/\/www.justiceinfo.net\/fr\/1007-tunisie-un-film-pour-ne-pas-oublier-la-torture.html","name":"Tunisie : Un film pour ne pas oublier la torture - JusticeInfo.net","isPartOf":{"@id":"https:\/\/www.justiceinfo.net\/fr#website"},"primaryImageOfPage":{"@id":"https:\/\/www.justiceinfo.net\/fr\/1007-tunisie-un-film-pour-ne-pas-oublier-la-torture.html#primaryimage"},"image":{"@id":"https:\/\/www.justiceinfo.net\/fr\/1007-tunisie-un-film-pour-ne-pas-oublier-la-torture.html#primaryimage"},"thumbnailUrl":"https:\/\/www.justiceinfo.net\/wp-content\/uploads\/0cd16382a44dd5666a6cdb7bae9c7fbd.jpg","datePublished":"2015-07-01T10:06:54+00:00","breadcrumb":{"@id":"https:\/\/www.justiceinfo.net\/fr\/1007-tunisie-un-film-pour-ne-pas-oublier-la-torture.html#breadcrumb"},"inLanguage":"fr-FR","potentialAction":[{"@type":"ReadAction","target":["https:\/\/www.justiceinfo.net\/fr\/1007-tunisie-un-film-pour-ne-pas-oublier-la-torture.html"]}]},{"@type":"ImageObject","inLanguage":"fr-FR","@id":"https:\/\/www.justiceinfo.net\/fr\/1007-tunisie-un-film-pour-ne-pas-oublier-la-torture.html#primaryimage","url":"https:\/\/www.justiceinfo.net\/wp-content\/uploads\/0cd16382a44dd5666a6cdb7bae9c7fbd.jpg","contentUrl":"https:\/\/www.justiceinfo.net\/wp-content\/uploads\/0cd16382a44dd5666a6cdb7bae9c7fbd.jpg","width":1936,"height":1288},{"@type":"BreadcrumbList","@id":"https:\/\/www.justiceinfo.net\/fr\/1007-tunisie-un-film-pour-ne-pas-oublier-la-torture.html#breadcrumb","itemListElement":[{"@type":"ListItem","position":1,"name":"Home","item":"https:\/\/www.justiceinfo.net\/fr"},{"@type":"ListItem","position":2,"name":"Tunisie : Un film pour ne pas oublier la torture"}]},{"@type":"WebSite","@id":"https:\/\/www.justiceinfo.net\/fr#website","url":"https:\/\/www.justiceinfo.net\/fr","name":"JusticeInfo.net","description":"La justice doit \u00eatre vue pour \u00eatre rendue","publisher":{"@id":"https:\/\/www.justiceinfo.net\/fr#organization"},"potentialAction":[{"@type":"SearchAction","target":{"@type":"EntryPoint","urlTemplate":"https:\/\/www.justiceinfo.net\/fr?s={search_term_string}"},"query-input":{"@type":"PropertyValueSpecification","valueRequired":true,"valueName":"search_term_string"}}],"inLanguage":"fr-FR"},{"@type":"Organization","@id":"https:\/\/www.justiceinfo.net\/fr#organization","name":"Justice Info","url":"https:\/\/www.justiceinfo.net\/fr","logo":{"@type":"ImageObject","inLanguage":"fr-FR","@id":"https:\/\/www.justiceinfo.net\/fr#\/schema\/logo\/image\/","url":"https:\/\/www.justiceinfo.net\/wp-content\/uploads\/justiceinfo_logo-trans_1200x1200px.png","contentUrl":"https:\/\/www.justiceinfo.net\/wp-content\/uploads\/justiceinfo_logo-trans_1200x1200px.png","width":1199,"height":1200,"caption":"Justice Info"},"image":{"@id":"https:\/\/www.justiceinfo.net\/fr#\/schema\/logo\/image\/"},"sameAs":["https:\/\/www.facebook.com\/JusticeInfo\/","https:\/\/x.com\/justiceinfonet","https:\/\/www.linkedin.com\/company\/justice-info","https:\/\/www.youtube.com\/channel\/UCyCEsARodyuWtkWyhn-e7pA"]},{"@type":"Person","name":"Olfa Belhassine, Tunis Correspondante","url":"\/fr\/?s=Olfa Belhassine, Tunis Correspondante"}]}},"_links":{"self":[{"href":"https:\/\/www.justiceinfo.net\/fr\/wp-json\/wp\/v2\/posts\/1007","targetHints":{"allow":["GET"]}}],"collection":[{"href":"https:\/\/www.justiceinfo.net\/fr\/wp-json\/wp\/v2\/posts"}],"about":[{"href":"https:\/\/www.justiceinfo.net\/fr\/wp-json\/wp\/v2\/types\/post"}],"author":[{"embeddable":true,"href":"https:\/\/www.justiceinfo.net\/fr\/wp-json\/wp\/v2\/users\/64"}],"replies":[{"embeddable":true,"href":"https:\/\/www.justiceinfo.net\/fr\/wp-json\/wp\/v2\/comments?post=1007"}],"version-history":[{"count":0,"href":"https:\/\/www.justiceinfo.net\/fr\/wp-json\/wp\/v2\/posts\/1007\/revisions"}],"wp:featuredmedia":[{"embeddable":true,"href":"https:\/\/www.justiceinfo.net\/fr\/wp-json\/wp\/v2\/media\/65106"}],"wp:attachment":[{"href":"https:\/\/www.justiceinfo.net\/fr\/wp-json\/wp\/v2\/media?parent=1007"}],"wp:term":[{"taxonomy":"category","embeddable":true,"href":"https:\/\/www.justiceinfo.net\/fr\/wp-json\/wp\/v2\/categories?post=1007"},{"taxonomy":"post_tag","embeddable":true,"href":"https:\/\/www.justiceinfo.net\/fr\/wp-json\/wp\/v2\/tags?post=1007"},{"taxonomy":"ji_location","embeddable":true,"href":"https:\/\/www.justiceinfo.net\/fr\/wp-json\/wp\/v2\/ji_location?post=1007"}],"curies":[{"name":"wp","href":"https:\/\/api.w.org\/{rel}","templated":true}]}}