{"id":102084,"date":"2022-06-20T09:40:12","date_gmt":"2022-06-20T07:40:12","guid":{"rendered":"https:\/\/www.justiceinfo.net\/?p=102084"},"modified":"2026-04-14T11:05:30","modified_gmt":"2026-04-14T09:05:30","slug":"entreprises-face-maree-montante-justice","status":"publish","type":"post","link":"https:\/\/www.justiceinfo.net\/fr\/102084-entreprises-face-maree-montante-justice.html","title":{"rendered":"Les entreprises face \u00e0 la mar\u00e9e montante de la justice"},"content":{"rendered":"\n<p><strong>On l\u2019\u00e9voque lors de chaque guerre ; on l\u2019apprend apr\u00e8s chaque dictature ; on la cible encore plus face \u00e0 la destruction de la plan\u00e8te et au changement climatique : la responsabilit\u00e9 des entreprises dans des crimes internationaux est \u00e0 la fois r\u00e9guli\u00e8rement d\u00e9nonc\u00e9e et totalement absente de la justice p\u00e9nale internationale depuis Nuremberg. Pourtant, au niveau national, il existe des pr\u00e9c\u00e9dents, de plus en plus de plaintes et de poursuites sont engag\u00e9es et des dossiers de premier plan sont ouverts. Pourquoi les acteurs \u00e9conomiques ont-ils \u00e9t\u00e9 si prot\u00e9g\u00e9s des poursuites p\u00e9nales pour leur contribution directe ou indirecte \u00e0 des crimes de masse ? Cette protection doit-elle et peut-elle \u00eatre alt\u00e9r\u00e9e ?<\/strong><\/p>\n\n\n\n<!--more-->\n\n\n\n<figure class=\"wp-block-image size-full\"><img loading=\"lazy\" decoding=\"async\" width=\"1200\" height=\"800\" src=\"https:\/\/www.justiceinfo.net\/wp-content\/uploads\/corporate-responsibility_business-ocean-justice_@Claire-Braud-JusticeInfo-1.jpg\" alt=\"Illustration mettant en sc\u00e8ne des hommes et femmes d'affaire flottant sur un oc\u00e9an d\u00e9cha\u00een\u00e9. Certains semblent confiants et d'autres paniquent. Au fond, un radeau flotte transportant un magistrat en robe (mat symolisant la balance de la justice). \u00a9 Claire Braud pour JusticeInfo.net\" class=\"wp-image-102115\" title=\"Un oc\u00e9an de business et la justice en ligne de mire\" srcset=\"https:\/\/www.justiceinfo.net\/wp-content\/uploads\/corporate-responsibility_business-ocean-justice_@Claire-Braud-JusticeInfo-1.jpg 1200w, https:\/\/www.justiceinfo.net\/wp-content\/uploads\/corporate-responsibility_business-ocean-justice_@Claire-Braud-JusticeInfo-1-540x360.jpg 540w, https:\/\/www.justiceinfo.net\/wp-content\/uploads\/corporate-responsibility_business-ocean-justice_@Claire-Braud-JusticeInfo-1-730x487.jpg 730w, https:\/\/www.justiceinfo.net\/wp-content\/uploads\/corporate-responsibility_business-ocean-justice_@Claire-Braud-JusticeInfo-1-1110x740.jpg 1110w\" sizes=\"auto, (max-width: 1200px) 100vw, 1200px\" \/><figcaption class=\"wp-element-caption\">Illustration : \u00a9 Claire Braud pour JusticeInfo.net<\/figcaption><\/figure>\n","protected":false},"excerpt":{"rendered":"<p>On l\u2019\u00e9voque lors de chaque guerre ; on l\u2019apprend apr\u00e8s chaque dictature ; on la cible encore plus face \u00e0 la destruction de la plan\u00e8te et au changement climatique : la responsabilit\u00e9 des entreprises dans des crimes internationaux est \u00e0 la fois r\u00e9guli\u00e8rement d\u00e9nonc\u00e9e et totalement absente de la justice p\u00e9nale internationale depuis Nuremberg. Pourtant, [&hellip;]<\/p>\n","protected":false},"author":64,"featured_media":102108,"comment_status":"open","ping_status":"closed","sticky":false,"template":"","format":"standard","meta":{"_acf_changed":false,"footnotes":""},"categories":[556],"tags":[2664,3394],"ji_location":[2566],"class_list":["post-102084","post","type-post","status-publish","format-standard","has-post-thumbnail","hentry","category-divers","tag-droits-humains","tag-responsabilite-des-entreprises","ji_location-international"],"acf":[],"yoast_head":"<!-- This site is optimized with the Yoast SEO Premium plugin v25.3.1 (Yoast SEO v25.3.1) - https:\/\/yoast.com\/wordpress\/plugins\/seo\/ -->\n<title>Les entreprises face \u00e0 la mar\u00e9e montante de la justice - JusticeInfo.net<\/title>\n<meta name=\"description\" content=\"Dossier sp\u00e9cial sur les entreprises face \u00e0 la justice internationale. En temps de guerre, sous les dictatures ou lorsqu&#039;on parle de r\u00e9chauffement climatique : la responsabilit\u00e9 des entreprises dans des crimes internationaux est \u00e0 la fois r\u00e9guli\u00e8rement d\u00e9nonc\u00e9e et totalement absente de la justice p\u00e9nale internationale depuis Nuremberg. Pourquoi ? Est-ce en train de changer ?\" \/>\n<meta name=\"robots\" content=\"index, follow, max-snippet:-1, max-image-preview:large, max-video-preview:-1\" \/>\n<link rel=\"canonical\" href=\"https:\/\/www.justiceinfo.net\/fr\/102084-entreprises-face-maree-montante-justice.html\" \/>\n<meta property=\"og:locale\" content=\"fr_FR\" \/>\n<meta property=\"og:type\" content=\"article\" \/>\n<meta property=\"og:title\" content=\"Les entreprises face \u00e0 la mar\u00e9e montante de la justice\" \/>\n<meta property=\"og:description\" content=\"Dossier sp\u00e9cial sur les entreprises face \u00e0 la justice internationale. En temps de guerre, sous les dictatures ou lorsqu&#039;on parle de r\u00e9chauffement climatique : la responsabilit\u00e9 des entreprises dans des crimes internationaux est \u00e0 la fois r\u00e9guli\u00e8rement d\u00e9nonc\u00e9e et totalement absente de la justice p\u00e9nale internationale depuis Nuremberg. Pourquoi ? Est-ce en train de changer ?\" \/>\n<meta property=\"og:url\" content=\"https:\/\/www.justiceinfo.net\/fr\/102084-entreprises-face-maree-montante-justice.html\" \/>\n<meta property=\"og:site_name\" content=\"JusticeInfo.net\" \/>\n<meta property=\"article:publisher\" content=\"https:\/\/www.facebook.com\/JusticeInfo\/\" \/>\n<meta property=\"article:published_time\" content=\"2022-06-20T07:40:12+00:00\" \/>\n<meta property=\"article:modified_time\" content=\"2026-04-14T09:05:30+00:00\" \/>\n<meta property=\"og:image\" content=\"https:\/\/www.justiceinfo.net\/wp-content\/uploads\/corporate-responsibility_business-ocean-justice_@Claire-Braud-JusticeInfo.jpg\" \/>\n\t<meta property=\"og:image:width\" content=\"1200\" \/>\n\t<meta property=\"og:image:height\" content=\"800\" \/>\n\t<meta property=\"og:image:type\" content=\"image\/jpeg\" \/>\n<meta name=\"author\" content=\"solivri\" \/>\n<meta name=\"twitter:card\" content=\"summary_large_image\" \/>\n<meta name=\"twitter:creator\" content=\"@justiceinfonet\" \/>\n<meta name=\"twitter:site\" content=\"@justiceinfonet\" \/>\n<meta name=\"twitter:label1\" content=\"\u00c9crit par\" \/>\n\t<meta name=\"twitter:data1\" content=\"solivri\" \/>\n\t<meta name=\"twitter:label2\" content=\"Dur\u00e9e de lecture estim\u00e9e\" \/>\n\t<meta name=\"twitter:data2\" content=\"1 minute\" \/>\n<script type=\"application\/ld+json\" class=\"yoast-schema-graph\">{\"@context\":\"https:\/\/schema.org\",\"@graph\":[{\"@type\":\"NewsArticle\",\"@id\":\"https:\/\/www.justiceinfo.net\/fr\/102084-entreprises-face-maree-montante-justice.html#article\",\"isPartOf\":{\"@id\":\"https:\/\/www.justiceinfo.net\/fr\/102084-entreprises-face-maree-montante-justice.html\"},\"author\":{\"name\":\"solivri\",\"@id\":\"https:\/\/www.justiceinfo.net\/fr#\/schema\/person\/6e53cba1629e2e66f3fc1821d3091865\"},\"headline\":\"Les entreprises face \u00e0 la mar\u00e9e montante de la justice\",\"datePublished\":\"2022-06-20T07:40:12+00:00\",\"dateModified\":\"2026-04-14T09:05:30+00:00\",\"mainEntityOfPage\":{\"@id\":\"https:\/\/www.justiceinfo.net\/fr\/102084-entreprises-face-maree-montante-justice.html\"},\"wordCount\":137,\"commentCount\":0,\"publisher\":{\"@id\":\"https:\/\/www.justiceinfo.net\/fr#organization\"},\"image\":{\"@id\":\"https:\/\/www.justiceinfo.net\/fr\/102084-entreprises-face-maree-montante-justice.html#primaryimage\"},\"thumbnailUrl\":\"https:\/\/www.justiceinfo.net\/wp-content\/uploads\/corporate-responsibility_business-ocean-justice_@Claire-Braud-JusticeInfo.jpg\",\"keywords\":[\"droits humains\",\"responsabilit\u00e9 des entreprises\"],\"articleSection\":[\"Divers\"],\"inLanguage\":\"fr-FR\",\"potentialAction\":[{\"@type\":\"CommentAction\",\"name\":\"Comment\",\"target\":[\"https:\/\/www.justiceinfo.net\/fr\/102084-entreprises-face-maree-montante-justice.html#respond\"]}]},{\"@type\":\"WebPage\",\"@id\":\"https:\/\/www.justiceinfo.net\/fr\/102084-entreprises-face-maree-montante-justice.html\",\"url\":\"https:\/\/www.justiceinfo.net\/fr\/102084-entreprises-face-maree-montante-justice.html\",\"name\":\"Les entreprises face \u00e0 la mar\u00e9e montante de la justice - JusticeInfo.net\",\"isPartOf\":{\"@id\":\"https:\/\/www.justiceinfo.net\/fr#website\"},\"primaryImageOfPage\":{\"@id\":\"https:\/\/www.justiceinfo.net\/fr\/102084-entreprises-face-maree-montante-justice.html#primaryimage\"},\"image\":{\"@id\":\"https:\/\/www.justiceinfo.net\/fr\/102084-entreprises-face-maree-montante-justice.html#primaryimage\"},\"thumbnailUrl\":\"https:\/\/www.justiceinfo.net\/wp-content\/uploads\/corporate-responsibility_business-ocean-justice_@Claire-Braud-JusticeInfo.jpg\",\"datePublished\":\"2022-06-20T07:40:12+00:00\",\"dateModified\":\"2026-04-14T09:05:30+00:00\",\"description\":\"Dossier sp\u00e9cial sur les entreprises face \u00e0 la justice internationale. En temps de guerre, sous les dictatures ou lorsqu'on parle de r\u00e9chauffement climatique : la responsabilit\u00e9 des entreprises dans des crimes internationaux est \u00e0 la fois r\u00e9guli\u00e8rement d\u00e9nonc\u00e9e et totalement absente de la justice p\u00e9nale internationale depuis Nuremberg. Pourquoi ? Est-ce en train de changer ?\",\"breadcrumb\":{\"@id\":\"https:\/\/www.justiceinfo.net\/fr\/102084-entreprises-face-maree-montante-justice.html#breadcrumb\"},\"inLanguage\":\"fr-FR\",\"potentialAction\":[{\"@type\":\"ReadAction\",\"target\":[\"https:\/\/www.justiceinfo.net\/fr\/102084-entreprises-face-maree-montante-justice.html\"]}]},{\"@type\":\"ImageObject\",\"inLanguage\":\"fr-FR\",\"@id\":\"https:\/\/www.justiceinfo.net\/fr\/102084-entreprises-face-maree-montante-justice.html#primaryimage\",\"url\":\"https:\/\/www.justiceinfo.net\/wp-content\/uploads\/corporate-responsibility_business-ocean-justice_@Claire-Braud-JusticeInfo.jpg\",\"contentUrl\":\"https:\/\/www.justiceinfo.net\/wp-content\/uploads\/corporate-responsibility_business-ocean-justice_@Claire-Braud-JusticeInfo.jpg\",\"width\":1200,\"height\":800,\"caption\":\"\u00a9 Claire Braud pour JusticeInfo.net\"},{\"@type\":\"BreadcrumbList\",\"@id\":\"https:\/\/www.justiceinfo.net\/fr\/102084-entreprises-face-maree-montante-justice.html#breadcrumb\",\"itemListElement\":[{\"@type\":\"ListItem\",\"position\":1,\"name\":\"Home\",\"item\":\"https:\/\/www.justiceinfo.net\/fr\"},{\"@type\":\"ListItem\",\"position\":2,\"name\":\"Les entreprises face \u00e0 la mar\u00e9e montante de la justice\"}]},{\"@type\":\"WebSite\",\"@id\":\"https:\/\/www.justiceinfo.net\/fr#website\",\"url\":\"https:\/\/www.justiceinfo.net\/fr\",\"name\":\"JusticeInfo.net\",\"description\":\"La justice doit \u00eatre vue pour \u00eatre rendue\",\"publisher\":{\"@id\":\"https:\/\/www.justiceinfo.net\/fr#organization\"},\"potentialAction\":[{\"@type\":\"SearchAction\",\"target\":{\"@type\":\"EntryPoint\",\"urlTemplate\":\"https:\/\/www.justiceinfo.net\/fr?s={search_term_string}\"},\"query-input\":{\"@type\":\"PropertyValueSpecification\",\"valueRequired\":true,\"valueName\":\"search_term_string\"}}],\"inLanguage\":\"fr-FR\"},{\"@type\":\"Organization\",\"@id\":\"https:\/\/www.justiceinfo.net\/fr#organization\",\"name\":\"Justice Info\",\"url\":\"https:\/\/www.justiceinfo.net\/fr\",\"logo\":{\"@type\":\"ImageObject\",\"inLanguage\":\"fr-FR\",\"@id\":\"https:\/\/www.justiceinfo.net\/fr#\/schema\/logo\/image\/\",\"url\":\"https:\/\/www.justiceinfo.net\/wp-content\/uploads\/justiceinfo_logo-trans_1200x1200px.png\",\"contentUrl\":\"https:\/\/www.justiceinfo.net\/wp-content\/uploads\/justiceinfo_logo-trans_1200x1200px.png\",\"width\":1199,\"height\":1200,\"caption\":\"Justice Info\"},\"image\":{\"@id\":\"https:\/\/www.justiceinfo.net\/fr#\/schema\/logo\/image\/\"},\"sameAs\":[\"https:\/\/www.facebook.com\/JusticeInfo\/\",\"https:\/\/x.com\/justiceinfonet\",\"https:\/\/www.linkedin.com\/company\/justice-info\",\"https:\/\/www.youtube.com\/channel\/UCyCEsARodyuWtkWyhn-e7pA\"]},{\"@type\":\"Person\",\"name\":\"solivri\",\"url\":\"\/fr\/?s=solivri\"}]}<\/script>\n<!-- \/ Yoast SEO Premium plugin. -->","yoast_head_json":{"title":"Les entreprises face \u00e0 la mar\u00e9e montante de la justice - JusticeInfo.net","description":"Dossier sp\u00e9cial sur les entreprises face \u00e0 la justice internationale. En temps de guerre, sous les dictatures ou lorsqu'on parle de r\u00e9chauffement climatique : la responsabilit\u00e9 des entreprises dans des crimes internationaux est \u00e0 la fois r\u00e9guli\u00e8rement d\u00e9nonc\u00e9e et totalement absente de la justice p\u00e9nale internationale depuis Nuremberg. Pourquoi ? Est-ce en train de changer ?","robots":{"index":"index","follow":"follow","max-snippet":"max-snippet:-1","max-image-preview":"max-image-preview:large","max-video-preview":"max-video-preview:-1"},"canonical":"https:\/\/www.justiceinfo.net\/fr\/102084-entreprises-face-maree-montante-justice.html","og_locale":"fr_FR","og_type":"article","og_title":"Les entreprises face \u00e0 la mar\u00e9e montante de la justice","og_description":"Dossier sp\u00e9cial sur les entreprises face \u00e0 la justice internationale. En temps de guerre, sous les dictatures ou lorsqu'on parle de r\u00e9chauffement climatique : la responsabilit\u00e9 des entreprises dans des crimes internationaux est \u00e0 la fois r\u00e9guli\u00e8rement d\u00e9nonc\u00e9e et totalement absente de la justice p\u00e9nale internationale depuis Nuremberg. Pourquoi ? Est-ce en train de changer ?","og_url":"https:\/\/www.justiceinfo.net\/fr\/102084-entreprises-face-maree-montante-justice.html","og_site_name":"JusticeInfo.net","article_publisher":"https:\/\/www.facebook.com\/JusticeInfo\/","article_published_time":"2022-06-20T07:40:12+00:00","article_modified_time":"2026-04-14T09:05:30+00:00","og_image":[{"width":1200,"height":800,"url":"https:\/\/www.justiceinfo.net\/wp-content\/uploads\/corporate-responsibility_business-ocean-justice_@Claire-Braud-JusticeInfo.jpg","type":"image\/jpeg"}],"author":"solivri","twitter_card":"summary_large_image","twitter_creator":"@justiceinfonet","twitter_site":"@justiceinfonet","twitter_misc":{"\u00c9crit par":"solivri","Dur\u00e9e de lecture estim\u00e9e":"1 minute"},"schema":{"@context":"https:\/\/schema.org","@graph":[{"@type":"NewsArticle","@id":"https:\/\/www.justiceinfo.net\/fr\/102084-entreprises-face-maree-montante-justice.html#article","isPartOf":{"@id":"https:\/\/www.justiceinfo.net\/fr\/102084-entreprises-face-maree-montante-justice.html"},"author":{"name":"solivri","@id":"https:\/\/www.justiceinfo.net\/fr#\/schema\/person\/6e53cba1629e2e66f3fc1821d3091865"},"headline":"Les entreprises face \u00e0 la mar\u00e9e montante de la justice","datePublished":"2022-06-20T07:40:12+00:00","dateModified":"2026-04-14T09:05:30+00:00","mainEntityOfPage":{"@id":"https:\/\/www.justiceinfo.net\/fr\/102084-entreprises-face-maree-montante-justice.html"},"wordCount":137,"commentCount":0,"publisher":{"@id":"https:\/\/www.justiceinfo.net\/fr#organization"},"image":{"@id":"https:\/\/www.justiceinfo.net\/fr\/102084-entreprises-face-maree-montante-justice.html#primaryimage"},"thumbnailUrl":"https:\/\/www.justiceinfo.net\/wp-content\/uploads\/corporate-responsibility_business-ocean-justice_@Claire-Braud-JusticeInfo.jpg","keywords":["droits humains","responsabilit\u00e9 des entreprises"],"articleSection":["Divers"],"inLanguage":"fr-FR","potentialAction":[{"@type":"CommentAction","name":"Comment","target":["https:\/\/www.justiceinfo.net\/fr\/102084-entreprises-face-maree-montante-justice.html#respond"]}]},{"@type":"WebPage","@id":"https:\/\/www.justiceinfo.net\/fr\/102084-entreprises-face-maree-montante-justice.html","url":"https:\/\/www.justiceinfo.net\/fr\/102084-entreprises-face-maree-montante-justice.html","name":"Les entreprises face \u00e0 la mar\u00e9e montante de la justice - JusticeInfo.net","isPartOf":{"@id":"https:\/\/www.justiceinfo.net\/fr#website"},"primaryImageOfPage":{"@id":"https:\/\/www.justiceinfo.net\/fr\/102084-entreprises-face-maree-montante-justice.html#primaryimage"},"image":{"@id":"https:\/\/www.justiceinfo.net\/fr\/102084-entreprises-face-maree-montante-justice.html#primaryimage"},"thumbnailUrl":"https:\/\/www.justiceinfo.net\/wp-content\/uploads\/corporate-responsibility_business-ocean-justice_@Claire-Braud-JusticeInfo.jpg","datePublished":"2022-06-20T07:40:12+00:00","dateModified":"2026-04-14T09:05:30+00:00","description":"Dossier sp\u00e9cial sur les entreprises face \u00e0 la justice internationale. En temps de guerre, sous les dictatures ou lorsqu'on parle de r\u00e9chauffement climatique : la responsabilit\u00e9 des entreprises dans des crimes internationaux est \u00e0 la fois r\u00e9guli\u00e8rement d\u00e9nonc\u00e9e et totalement absente de la justice p\u00e9nale internationale depuis Nuremberg. Pourquoi ? Est-ce en train de changer ?","breadcrumb":{"@id":"https:\/\/www.justiceinfo.net\/fr\/102084-entreprises-face-maree-montante-justice.html#breadcrumb"},"inLanguage":"fr-FR","potentialAction":[{"@type":"ReadAction","target":["https:\/\/www.justiceinfo.net\/fr\/102084-entreprises-face-maree-montante-justice.html"]}]},{"@type":"ImageObject","inLanguage":"fr-FR","@id":"https:\/\/www.justiceinfo.net\/fr\/102084-entreprises-face-maree-montante-justice.html#primaryimage","url":"https:\/\/www.justiceinfo.net\/wp-content\/uploads\/corporate-responsibility_business-ocean-justice_@Claire-Braud-JusticeInfo.jpg","contentUrl":"https:\/\/www.justiceinfo.net\/wp-content\/uploads\/corporate-responsibility_business-ocean-justice_@Claire-Braud-JusticeInfo.jpg","width":1200,"height":800,"caption":"\u00a9 Claire Braud pour JusticeInfo.net"},{"@type":"BreadcrumbList","@id":"https:\/\/www.justiceinfo.net\/fr\/102084-entreprises-face-maree-montante-justice.html#breadcrumb","itemListElement":[{"@type":"ListItem","position":1,"name":"Home","item":"https:\/\/www.justiceinfo.net\/fr"},{"@type":"ListItem","position":2,"name":"Les entreprises face \u00e0 la mar\u00e9e montante de la justice"}]},{"@type":"WebSite","@id":"https:\/\/www.justiceinfo.net\/fr#website","url":"https:\/\/www.justiceinfo.net\/fr","name":"JusticeInfo.net","description":"La justice doit \u00eatre vue pour \u00eatre rendue","publisher":{"@id":"https:\/\/www.justiceinfo.net\/fr#organization"},"potentialAction":[{"@type":"SearchAction","target":{"@type":"EntryPoint","urlTemplate":"https:\/\/www.justiceinfo.net\/fr?s={search_term_string}"},"query-input":{"@type":"PropertyValueSpecification","valueRequired":true,"valueName":"search_term_string"}}],"inLanguage":"fr-FR"},{"@type":"Organization","@id":"https:\/\/www.justiceinfo.net\/fr#organization","name":"Justice Info","url":"https:\/\/www.justiceinfo.net\/fr","logo":{"@type":"ImageObject","inLanguage":"fr-FR","@id":"https:\/\/www.justiceinfo.net\/fr#\/schema\/logo\/image\/","url":"https:\/\/www.justiceinfo.net\/wp-content\/uploads\/justiceinfo_logo-trans_1200x1200px.png","contentUrl":"https:\/\/www.justiceinfo.net\/wp-content\/uploads\/justiceinfo_logo-trans_1200x1200px.png","width":1199,"height":1200,"caption":"Justice Info"},"image":{"@id":"https:\/\/www.justiceinfo.net\/fr#\/schema\/logo\/image\/"},"sameAs":["https:\/\/www.facebook.com\/JusticeInfo\/","https:\/\/x.com\/justiceinfonet","https:\/\/www.linkedin.com\/company\/justice-info","https:\/\/www.youtube.com\/channel\/UCyCEsARodyuWtkWyhn-e7pA"]},{"@type":"Person","name":"solivri","url":"\/fr\/?s=solivri"}]}},"_links":{"self":[{"href":"https:\/\/www.justiceinfo.net\/fr\/wp-json\/wp\/v2\/posts\/102084","targetHints":{"allow":["GET"]}}],"collection":[{"href":"https:\/\/www.justiceinfo.net\/fr\/wp-json\/wp\/v2\/posts"}],"about":[{"href":"https:\/\/www.justiceinfo.net\/fr\/wp-json\/wp\/v2\/types\/post"}],"author":[{"embeddable":true,"href":"https:\/\/www.justiceinfo.net\/fr\/wp-json\/wp\/v2\/users\/64"}],"replies":[{"embeddable":true,"href":"https:\/\/www.justiceinfo.net\/fr\/wp-json\/wp\/v2\/comments?post=102084"}],"version-history":[{"count":65,"href":"https:\/\/www.justiceinfo.net\/fr\/wp-json\/wp\/v2\/posts\/102084\/revisions"}],"predecessor-version":[{"id":157900,"href":"https:\/\/www.justiceinfo.net\/fr\/wp-json\/wp\/v2\/posts\/102084\/revisions\/157900"}],"wp:featuredmedia":[{"embeddable":true,"href":"https:\/\/www.justiceinfo.net\/fr\/wp-json\/wp\/v2\/media\/102108"}],"wp:attachment":[{"href":"https:\/\/www.justiceinfo.net\/fr\/wp-json\/wp\/v2\/media?parent=102084"}],"wp:term":[{"taxonomy":"category","embeddable":true,"href":"https:\/\/www.justiceinfo.net\/fr\/wp-json\/wp\/v2\/categories?post=102084"},{"taxonomy":"post_tag","embeddable":true,"href":"https:\/\/www.justiceinfo.net\/fr\/wp-json\/wp\/v2\/tags?post=102084"},{"taxonomy":"ji_location","embeddable":true,"href":"https:\/\/www.justiceinfo.net\/fr\/wp-json\/wp\/v2\/ji_location?post=102084"}],"curies":[{"name":"wp","href":"https:\/\/api.w.org\/{rel}","templated":true}]}}