{"id":10271,"date":"2008-12-18T00:00:00","date_gmt":"2008-12-17T23:00:00","guid":{"rendered":"https:\/\/www.justiceinfo.net\/10271-181208-tpirzigiranyirazo-protais-zigiranyirazo-condamne-a-20-ans-de-prison7078.html"},"modified":"2008-12-18T00:00:00","modified_gmt":"2008-12-17T23:00:00","slug":"181208-tpirzigiranyirazo-protais-zigiranyirazo-condamne-a-20-ans-de-prison7078","status":"publish","type":"post","link":"https:\/\/www.justiceinfo.net\/fr\/10271-181208-tpirzigiranyirazo-protais-zigiranyirazo-condamne-a-20-ans-de-prison7078.html","title":{"rendered":"18.12.08 - TPIR\/ZIGIRANYIRAZO - PROTAIS ZIGIRANYIRAZO CONDAMNE A 20 ANS DE PRISON"},"content":{"rendered":"<p>Arusha, 18 d&eacute;cembre 2008 (FH) - M. Protais Zigiranyirazo, beau fr&egrave;re de l'ex-pr&eacute;sident rwandais Juv&eacute;nal Habyarimana et ancien pr&eacute;fet de la r&eacute;gion de Ruhengeri (nord), a &eacute;t&eacute; condamn&eacute; jeudi &agrave; 20 ans de prison par le Tribunal p&eacute;nal international pour le Rwanda (TPIR).<br \/>\n<!--more--><\/p>\n<p>\nZigiranyirazo, 70 ans, &eacute;tait notamment accus&eacute; de g&eacute;nocide et de crimes contre l'humanit&eacute;. Il plaidait non coupable. Il a &eacute;t&eacute; d&eacute;clar&eacute; coupable de g&eacute;nocide et d'extermination constitutive de crime contre l'humanit&eacute;. Il a &eacute;t&eacute; condamn&eacute; &laquo; concomitamment &raquo; &agrave; deux peines de 20 ans de prison et &agrave; 15 ann&eacute;es de prison. <\/p>\n<p>Arr&ecirc;t&eacute; &agrave; Bruxelles en juillet 2001, le fr&egrave;re d'Agathe Habyarimana, la femme du pr&eacute;sident assassin&eacute;, avait &eacute;t&eacute; transf&eacute;r&eacute; &agrave; Arusha en octobre suivant. Son proc&egrave;s avait d&eacute;but&eacute; le 3 octobre 2005. Sa participation aux pr&eacute;paratifs d'un massacre de 800 &agrave; 1500 tutsis sur la colline de Kesho, dans la pr&eacute;fecture de Gisenyi le 8 avril 1994 a notamment &eacute;t&eacute; &eacute;voqu&eacute;e pour sa culpabilit&eacute;. <\/p>\n<p>Le procureur du TPIR Hassan Abubakar Jallow, apr&egrave;s la lecture du jugement, l'a qualifi&eacute; de &laquo; bon &raquo;. Le repr&eacute;sentant du Rwanda, Aloys Mutabingwa, par contre, a estim&eacute; qu'une condamnation pour g&eacute;nocide aurait m&eacute;rit&eacute; une peine plus lourde. <\/p>\n<p>Cette condamnation est la 33&egrave;me prononc&eacute;e par le TPIR depuis sa cr&eacute;ation en 1994. Le g&eacute;nocide rwandais a fait selon les nations unies 800.000 victimes entre le 7 avril et la mi juillet 1994. <\/p>\n<p>PB\/ER\/GF <\/p>\n<p>&copy; Agence Hirondelle<\/p>\n","protected":false},"excerpt":{"rendered":"<p>Arusha, 18 d&eacute;cembre 2008 (FH) - M. Protais Zigiranyirazo, beau fr&egrave;re de l'ex-pr&eacute;sident rwandais Juv&eacute;nal Habyarimana et ancien pr&eacute;fet de la r&eacute;gion de Ruhengeri (nord), a &eacute;t&eacute; condamn&eacute; jeudi &agrave; 20 ans de prison par le Tribunal p&eacute;nal international pour le Rwanda (TPIR).<\/p>\n","protected":false},"author":64,"featured_media":0,"comment_status":"open","ping_status":"closed","sticky":false,"template":"","format":"standard","meta":{"_acf_changed":false,"footnotes":""},"categories":[554],"tags":[],"ji_location":[],"class_list":["post-10271","post","type-post","status-publish","format-standard","hentry","category-hirondellenews"],"acf":[],"yoast_head":"<!-- This site is optimized with the Yoast SEO Premium plugin v25.3.1 (Yoast SEO v25.3.1) - https:\/\/yoast.com\/wordpress\/plugins\/seo\/ -->\n<title>18.12.08 - TPIR\/ZIGIRANYIRAZO - PROTAIS ZIGIRANYIRAZO CONDAMNE A 20 ANS DE PRISON - JusticeInfo.net<\/title>\n<meta name=\"robots\" content=\"index, follow, max-snippet:-1, max-image-preview:large, max-video-preview:-1\" \/>\n<link rel=\"canonical\" href=\"https:\/\/www.justiceinfo.net\/fr\/10271-181208-tpirzigiranyirazo-protais-zigiranyirazo-condamne-a-20-ans-de-prison7078.html\" \/>\n<meta property=\"og:locale\" content=\"fr_FR\" \/>\n<meta property=\"og:type\" content=\"article\" \/>\n<meta property=\"og:title\" content=\"18.12.08 - TPIR\/ZIGIRANYIRAZO - PROTAIS ZIGIRANYIRAZO CONDAMNE A 20 ANS DE PRISON\" \/>\n<meta property=\"og:description\" content=\"Arusha, 18 d&eacute;cembre 2008 (FH) - M. Protais Zigiranyirazo, beau fr&egrave;re de l&#039;ex-pr&eacute;sident rwandais Juv&eacute;nal Habyarimana et ancien pr&eacute;fet de la r&eacute;gion de Ruhengeri (nord), a &eacute;t&eacute; condamn&eacute; jeudi &agrave; 20 ans de prison par le Tribunal p&eacute;nal international pour le Rwanda (TPIR).\" \/>\n<meta property=\"og:url\" content=\"https:\/\/www.justiceinfo.net\/fr\/10271-181208-tpirzigiranyirazo-protais-zigiranyirazo-condamne-a-20-ans-de-prison7078.html\" \/>\n<meta property=\"og:site_name\" content=\"JusticeInfo.net\" \/>\n<meta property=\"article:publisher\" content=\"https:\/\/www.facebook.com\/JusticeInfo\/\" \/>\n<meta property=\"article:published_time\" content=\"2008-12-17T23:00:00+00:00\" \/>\n<meta property=\"og:image\" content=\"https:\/\/www.justiceinfo.net\/wp-content\/uploads\/JusticeInfoNet_logo_1200x630px.jpg\" \/>\n\t<meta property=\"og:image:width\" content=\"1200\" \/>\n\t<meta property=\"og:image:height\" content=\"630\" \/>\n\t<meta property=\"og:image:type\" content=\"image\/jpeg\" \/>\n<meta name=\"author\" content=\"solivri\" \/>\n<meta name=\"twitter:card\" content=\"summary_large_image\" \/>\n<meta name=\"twitter:creator\" content=\"@justiceinfonet\" \/>\n<meta name=\"twitter:site\" content=\"@justiceinfonet\" \/>\n<meta name=\"twitter:label1\" content=\"\u00c9crit par\" \/>\n\t<meta name=\"twitter:data1\" content=\"solivri\" \/>\n\t<meta name=\"twitter:label2\" content=\"Dur\u00e9e de lecture estim\u00e9e\" \/>\n\t<meta name=\"twitter:data2\" content=\"2 minutes\" \/>\n<script type=\"application\/ld+json\" class=\"yoast-schema-graph\">{\"@context\":\"https:\/\/schema.org\",\"@graph\":[{\"@type\":\"NewsArticle\",\"@id\":\"https:\/\/www.justiceinfo.net\/fr\/10271-181208-tpirzigiranyirazo-protais-zigiranyirazo-condamne-a-20-ans-de-prison7078.html#article\",\"isPartOf\":{\"@id\":\"https:\/\/www.justiceinfo.net\/fr\/10271-181208-tpirzigiranyirazo-protais-zigiranyirazo-condamne-a-20-ans-de-prison7078.html\"},\"author\":{\"name\":\"solivri\",\"@id\":\"https:\/\/www.justiceinfo.net\/fr#\/schema\/person\/6e53cba1629e2e66f3fc1821d3091865\"},\"headline\":\"18.12.08 - TPIR\/ZIGIRANYIRAZO - PROTAIS ZIGIRANYIRAZO CONDAMNE A 20 ANS DE PRISON\",\"datePublished\":\"2008-12-17T23:00:00+00:00\",\"mainEntityOfPage\":{\"@id\":\"https:\/\/www.justiceinfo.net\/fr\/10271-181208-tpirzigiranyirazo-protais-zigiranyirazo-condamne-a-20-ans-de-prison7078.html\"},\"wordCount\":319,\"commentCount\":0,\"publisher\":{\"@id\":\"https:\/\/www.justiceinfo.net\/fr#organization\"},\"articleSection\":[\"Hirondelle News\"],\"inLanguage\":\"fr-FR\",\"potentialAction\":[{\"@type\":\"CommentAction\",\"name\":\"Comment\",\"target\":[\"https:\/\/www.justiceinfo.net\/fr\/10271-181208-tpirzigiranyirazo-protais-zigiranyirazo-condamne-a-20-ans-de-prison7078.html#respond\"]}]},{\"@type\":\"WebPage\",\"@id\":\"https:\/\/www.justiceinfo.net\/fr\/10271-181208-tpirzigiranyirazo-protais-zigiranyirazo-condamne-a-20-ans-de-prison7078.html\",\"url\":\"https:\/\/www.justiceinfo.net\/fr\/10271-181208-tpirzigiranyirazo-protais-zigiranyirazo-condamne-a-20-ans-de-prison7078.html\",\"name\":\"18.12.08 - TPIR\/ZIGIRANYIRAZO - PROTAIS ZIGIRANYIRAZO CONDAMNE A 20 ANS DE PRISON - JusticeInfo.net\",\"isPartOf\":{\"@id\":\"https:\/\/www.justiceinfo.net\/fr#website\"},\"datePublished\":\"2008-12-17T23:00:00+00:00\",\"breadcrumb\":{\"@id\":\"https:\/\/www.justiceinfo.net\/fr\/10271-181208-tpirzigiranyirazo-protais-zigiranyirazo-condamne-a-20-ans-de-prison7078.html#breadcrumb\"},\"inLanguage\":\"fr-FR\",\"potentialAction\":[{\"@type\":\"ReadAction\",\"target\":[\"https:\/\/www.justiceinfo.net\/fr\/10271-181208-tpirzigiranyirazo-protais-zigiranyirazo-condamne-a-20-ans-de-prison7078.html\"]}]},{\"@type\":\"BreadcrumbList\",\"@id\":\"https:\/\/www.justiceinfo.net\/fr\/10271-181208-tpirzigiranyirazo-protais-zigiranyirazo-condamne-a-20-ans-de-prison7078.html#breadcrumb\",\"itemListElement\":[{\"@type\":\"ListItem\",\"position\":1,\"name\":\"Home\",\"item\":\"https:\/\/www.justiceinfo.net\/fr\"},{\"@type\":\"ListItem\",\"position\":2,\"name\":\"18.12.08 - TPIR\/ZIGIRANYIRAZO - PROTAIS ZIGIRANYIRAZO CONDAMNE A 20 ANS DE PRISON\"}]},{\"@type\":\"WebSite\",\"@id\":\"https:\/\/www.justiceinfo.net\/fr#website\",\"url\":\"https:\/\/www.justiceinfo.net\/fr\",\"name\":\"JusticeInfo.net\",\"description\":\"La justice doit \u00eatre vue pour \u00eatre rendue\",\"publisher\":{\"@id\":\"https:\/\/www.justiceinfo.net\/fr#organization\"},\"potentialAction\":[{\"@type\":\"SearchAction\",\"target\":{\"@type\":\"EntryPoint\",\"urlTemplate\":\"https:\/\/www.justiceinfo.net\/fr?s={search_term_string}\"},\"query-input\":{\"@type\":\"PropertyValueSpecification\",\"valueRequired\":true,\"valueName\":\"search_term_string\"}}],\"inLanguage\":\"fr-FR\"},{\"@type\":\"Organization\",\"@id\":\"https:\/\/www.justiceinfo.net\/fr#organization\",\"name\":\"Justice Info\",\"url\":\"https:\/\/www.justiceinfo.net\/fr\",\"logo\":{\"@type\":\"ImageObject\",\"inLanguage\":\"fr-FR\",\"@id\":\"https:\/\/www.justiceinfo.net\/fr#\/schema\/logo\/image\/\",\"url\":\"https:\/\/www.justiceinfo.net\/wp-content\/uploads\/justiceinfo_logo-trans_1200x1200px.png\",\"contentUrl\":\"https:\/\/www.justiceinfo.net\/wp-content\/uploads\/justiceinfo_logo-trans_1200x1200px.png\",\"width\":1199,\"height\":1200,\"caption\":\"Justice Info\"},\"image\":{\"@id\":\"https:\/\/www.justiceinfo.net\/fr#\/schema\/logo\/image\/\"},\"sameAs\":[\"https:\/\/www.facebook.com\/JusticeInfo\/\",\"https:\/\/x.com\/justiceinfonet\",\"https:\/\/www.linkedin.com\/company\/justice-info\",\"https:\/\/www.youtube.com\/channel\/UCyCEsARodyuWtkWyhn-e7pA\"]},{\"@type\":\"Person\",\"name\":\"solivri\",\"url\":\"\/fr\/?s=solivri\"}]}<\/script>\n<!-- \/ Yoast SEO Premium plugin. -->","yoast_head_json":{"title":"18.12.08 - TPIR\/ZIGIRANYIRAZO - PROTAIS ZIGIRANYIRAZO CONDAMNE A 20 ANS DE PRISON - JusticeInfo.net","robots":{"index":"index","follow":"follow","max-snippet":"max-snippet:-1","max-image-preview":"max-image-preview:large","max-video-preview":"max-video-preview:-1"},"canonical":"https:\/\/www.justiceinfo.net\/fr\/10271-181208-tpirzigiranyirazo-protais-zigiranyirazo-condamne-a-20-ans-de-prison7078.html","og_locale":"fr_FR","og_type":"article","og_title":"18.12.08 - TPIR\/ZIGIRANYIRAZO - PROTAIS ZIGIRANYIRAZO CONDAMNE A 20 ANS DE PRISON","og_description":"Arusha, 18 d&eacute;cembre 2008 (FH) - M. Protais Zigiranyirazo, beau fr&egrave;re de l'ex-pr&eacute;sident rwandais Juv&eacute;nal Habyarimana et ancien pr&eacute;fet de la r&eacute;gion de Ruhengeri (nord), a &eacute;t&eacute; condamn&eacute; jeudi &agrave; 20 ans de prison par le Tribunal p&eacute;nal international pour le Rwanda (TPIR).","og_url":"https:\/\/www.justiceinfo.net\/fr\/10271-181208-tpirzigiranyirazo-protais-zigiranyirazo-condamne-a-20-ans-de-prison7078.html","og_site_name":"JusticeInfo.net","article_publisher":"https:\/\/www.facebook.com\/JusticeInfo\/","article_published_time":"2008-12-17T23:00:00+00:00","og_image":[{"width":1200,"height":630,"url":"https:\/\/www.justiceinfo.net\/wp-content\/uploads\/JusticeInfoNet_logo_1200x630px.jpg","type":"image\/jpeg"}],"author":"solivri","twitter_card":"summary_large_image","twitter_creator":"@justiceinfonet","twitter_site":"@justiceinfonet","twitter_misc":{"\u00c9crit par":"solivri","Dur\u00e9e de lecture estim\u00e9e":"2 minutes"},"schema":{"@context":"https:\/\/schema.org","@graph":[{"@type":"NewsArticle","@id":"https:\/\/www.justiceinfo.net\/fr\/10271-181208-tpirzigiranyirazo-protais-zigiranyirazo-condamne-a-20-ans-de-prison7078.html#article","isPartOf":{"@id":"https:\/\/www.justiceinfo.net\/fr\/10271-181208-tpirzigiranyirazo-protais-zigiranyirazo-condamne-a-20-ans-de-prison7078.html"},"author":{"name":"solivri","@id":"https:\/\/www.justiceinfo.net\/fr#\/schema\/person\/6e53cba1629e2e66f3fc1821d3091865"},"headline":"18.12.08 - TPIR\/ZIGIRANYIRAZO - PROTAIS ZIGIRANYIRAZO CONDAMNE A 20 ANS DE PRISON","datePublished":"2008-12-17T23:00:00+00:00","mainEntityOfPage":{"@id":"https:\/\/www.justiceinfo.net\/fr\/10271-181208-tpirzigiranyirazo-protais-zigiranyirazo-condamne-a-20-ans-de-prison7078.html"},"wordCount":319,"commentCount":0,"publisher":{"@id":"https:\/\/www.justiceinfo.net\/fr#organization"},"articleSection":["Hirondelle News"],"inLanguage":"fr-FR","potentialAction":[{"@type":"CommentAction","name":"Comment","target":["https:\/\/www.justiceinfo.net\/fr\/10271-181208-tpirzigiranyirazo-protais-zigiranyirazo-condamne-a-20-ans-de-prison7078.html#respond"]}]},{"@type":"WebPage","@id":"https:\/\/www.justiceinfo.net\/fr\/10271-181208-tpirzigiranyirazo-protais-zigiranyirazo-condamne-a-20-ans-de-prison7078.html","url":"https:\/\/www.justiceinfo.net\/fr\/10271-181208-tpirzigiranyirazo-protais-zigiranyirazo-condamne-a-20-ans-de-prison7078.html","name":"18.12.08 - TPIR\/ZIGIRANYIRAZO - PROTAIS ZIGIRANYIRAZO CONDAMNE A 20 ANS DE PRISON - JusticeInfo.net","isPartOf":{"@id":"https:\/\/www.justiceinfo.net\/fr#website"},"datePublished":"2008-12-17T23:00:00+00:00","breadcrumb":{"@id":"https:\/\/www.justiceinfo.net\/fr\/10271-181208-tpirzigiranyirazo-protais-zigiranyirazo-condamne-a-20-ans-de-prison7078.html#breadcrumb"},"inLanguage":"fr-FR","potentialAction":[{"@type":"ReadAction","target":["https:\/\/www.justiceinfo.net\/fr\/10271-181208-tpirzigiranyirazo-protais-zigiranyirazo-condamne-a-20-ans-de-prison7078.html"]}]},{"@type":"BreadcrumbList","@id":"https:\/\/www.justiceinfo.net\/fr\/10271-181208-tpirzigiranyirazo-protais-zigiranyirazo-condamne-a-20-ans-de-prison7078.html#breadcrumb","itemListElement":[{"@type":"ListItem","position":1,"name":"Home","item":"https:\/\/www.justiceinfo.net\/fr"},{"@type":"ListItem","position":2,"name":"18.12.08 - TPIR\/ZIGIRANYIRAZO - PROTAIS ZIGIRANYIRAZO CONDAMNE A 20 ANS DE PRISON"}]},{"@type":"WebSite","@id":"https:\/\/www.justiceinfo.net\/fr#website","url":"https:\/\/www.justiceinfo.net\/fr","name":"JusticeInfo.net","description":"La justice doit \u00eatre vue pour \u00eatre rendue","publisher":{"@id":"https:\/\/www.justiceinfo.net\/fr#organization"},"potentialAction":[{"@type":"SearchAction","target":{"@type":"EntryPoint","urlTemplate":"https:\/\/www.justiceinfo.net\/fr?s={search_term_string}"},"query-input":{"@type":"PropertyValueSpecification","valueRequired":true,"valueName":"search_term_string"}}],"inLanguage":"fr-FR"},{"@type":"Organization","@id":"https:\/\/www.justiceinfo.net\/fr#organization","name":"Justice Info","url":"https:\/\/www.justiceinfo.net\/fr","logo":{"@type":"ImageObject","inLanguage":"fr-FR","@id":"https:\/\/www.justiceinfo.net\/fr#\/schema\/logo\/image\/","url":"https:\/\/www.justiceinfo.net\/wp-content\/uploads\/justiceinfo_logo-trans_1200x1200px.png","contentUrl":"https:\/\/www.justiceinfo.net\/wp-content\/uploads\/justiceinfo_logo-trans_1200x1200px.png","width":1199,"height":1200,"caption":"Justice Info"},"image":{"@id":"https:\/\/www.justiceinfo.net\/fr#\/schema\/logo\/image\/"},"sameAs":["https:\/\/www.facebook.com\/JusticeInfo\/","https:\/\/x.com\/justiceinfonet","https:\/\/www.linkedin.com\/company\/justice-info","https:\/\/www.youtube.com\/channel\/UCyCEsARodyuWtkWyhn-e7pA"]},{"@type":"Person","name":"solivri","url":"\/fr\/?s=solivri"}]}},"_links":{"self":[{"href":"https:\/\/www.justiceinfo.net\/fr\/wp-json\/wp\/v2\/posts\/10271","targetHints":{"allow":["GET"]}}],"collection":[{"href":"https:\/\/www.justiceinfo.net\/fr\/wp-json\/wp\/v2\/posts"}],"about":[{"href":"https:\/\/www.justiceinfo.net\/fr\/wp-json\/wp\/v2\/types\/post"}],"author":[{"embeddable":true,"href":"https:\/\/www.justiceinfo.net\/fr\/wp-json\/wp\/v2\/users\/64"}],"replies":[{"embeddable":true,"href":"https:\/\/www.justiceinfo.net\/fr\/wp-json\/wp\/v2\/comments?post=10271"}],"version-history":[{"count":0,"href":"https:\/\/www.justiceinfo.net\/fr\/wp-json\/wp\/v2\/posts\/10271\/revisions"}],"wp:attachment":[{"href":"https:\/\/www.justiceinfo.net\/fr\/wp-json\/wp\/v2\/media?parent=10271"}],"wp:term":[{"taxonomy":"category","embeddable":true,"href":"https:\/\/www.justiceinfo.net\/fr\/wp-json\/wp\/v2\/categories?post=10271"},{"taxonomy":"post_tag","embeddable":true,"href":"https:\/\/www.justiceinfo.net\/fr\/wp-json\/wp\/v2\/tags?post=10271"},{"taxonomy":"ji_location","embeddable":true,"href":"https:\/\/www.justiceinfo.net\/fr\/wp-json\/wp\/v2\/ji_location?post=10271"}],"curies":[{"name":"wp","href":"https:\/\/api.w.org\/{rel}","templated":true}]}}