{"id":10301,"date":"2008-12-30T00:00:00","date_gmt":"2008-12-29T23:00:00","guid":{"rendered":"https:\/\/www.justiceinfo.net\/10301-301208-rwandahrw-le-rwanda-ne-dit-pas-pourquoi-des-forges-est-indesirable7108.html"},"modified":"2008-12-30T00:00:00","modified_gmt":"2008-12-29T23:00:00","slug":"301208-rwandahrw-le-rwanda-ne-dit-pas-pourquoi-des-forges-est-indesirable7108","status":"publish","type":"post","link":"https:\/\/www.justiceinfo.net\/fr\/10301-301208-rwandahrw-le-rwanda-ne-dit-pas-pourquoi-des-forges-est-indesirable7108.html","title":{"rendered":"30.12.08 - RWANDA\/HRW - LE RWANDA NE DIT PAS POURQUOI DES FORGES EST INDESIRABLE"},"content":{"rendered":"<p>\nArusha, 30 d&eacute;cembre 2008 (FH) - Le gouvernement a reconnu qu'il avait interdit &agrave; Alison Des Forges, la responsable de l'Afrique d'Human rights watch (HRW), l'entr&eacute;e sur son territoire, &agrave; titre individuel mais sans pr&eacute;ciser ses raisons.\n<\/p>\n<p><!--more--><\/p>\n<p>\nLe directeur des services d'immigration, M. Anaclet Kalibata, cit&eacute; par le journal pro gouvernemental New Times a expliqu&eacute; que cette mesure &eacute;tait &laquo; personnelle &raquo; et ne visait pas l'organisation de d&eacute;fense des droits de l'homme. <\/p>\n<p>&laquo; C'est vrai que nous lui avons interdit l'acc&egrave;s mais c'&eacute;tait un probl&egrave;me d'immigration, cela n'a rien &agrave; voir avec les droits de l'homme, c'est une situation individuelle &raquo; a dit Kalibata. Selon lui, HRW a un bureau au Rwanda qui fonctionne toujours ce qui est, selon lui, la preuve que le Rwanda n'a aucune difficult&eacute; en ce qui concerne leurs activit&eacute;s. <\/p>\n<p>L'organisation avait lanc&eacute; un appel la semaine derni&egrave;re afin de faire revenir le gouvernement rwandais sur sa d&eacute;cision d'interdire &agrave; Alison des Forges, coordinatrice de l'ouvrage &laquo; Aucun t&eacute;moin ne doit survivre &raquo;, d'entrer au Rwanda. <\/p>\n<p>Alison Des Forges a t&eacute;moign&eacute; en tant que t&eacute;moin expert devant le Tribunal P&eacute;nal international pour le Rwanda a de nombreuses reprises ainsi que dans d'autres proc&egrave;s en Belghique, au Canada, aux Pays bas et en Suisse. A deux reprises elle s'est vue interdire l'acc&egrave;s au Rwanda sans que les motifs de ces interdictions lui soient expos&eacute;s. <\/p>\n<p>SC\/PB\/GF <\/p>\n<p>&copy; Agence Hirondelle<\/p>\n","protected":false},"excerpt":{"rendered":"<p>Arusha, 30 d&eacute;cembre 2008 (FH) - Le gouvernement a reconnu qu'il avait interdit &agrave; Alison Des Forges, la responsable de l'Afrique d'Human rights watch (HRW), l'entr&eacute;e sur son territoire, &agrave; titre individuel mais sans pr&eacute;ciser ses raisons.<\/p>\n","protected":false},"author":64,"featured_media":0,"comment_status":"open","ping_status":"closed","sticky":false,"template":"","format":"standard","meta":{"_acf_changed":false,"footnotes":""},"categories":[554],"tags":[],"ji_location":[],"class_list":["post-10301","post","type-post","status-publish","format-standard","hentry","category-hirondellenews"],"acf":[],"yoast_head":"<!-- This site is optimized with the Yoast SEO Premium plugin v25.3.1 (Yoast SEO v25.3.1) - https:\/\/yoast.com\/wordpress\/plugins\/seo\/ -->\n<title>30.12.08 - RWANDA\/HRW - LE RWANDA NE DIT PAS POURQUOI DES FORGES EST INDESIRABLE - JusticeInfo.net<\/title>\n<meta name=\"robots\" content=\"index, follow, max-snippet:-1, max-image-preview:large, max-video-preview:-1\" \/>\n<link rel=\"canonical\" href=\"https:\/\/www.justiceinfo.net\/fr\/10301-301208-rwandahrw-le-rwanda-ne-dit-pas-pourquoi-des-forges-est-indesirable7108.html\" \/>\n<meta property=\"og:locale\" content=\"fr_FR\" \/>\n<meta property=\"og:type\" content=\"article\" \/>\n<meta property=\"og:title\" content=\"30.12.08 - RWANDA\/HRW - LE RWANDA NE DIT PAS POURQUOI DES FORGES EST INDESIRABLE\" \/>\n<meta property=\"og:description\" content=\"Arusha, 30 d&eacute;cembre 2008 (FH) - Le gouvernement a reconnu qu&#039;il avait interdit &agrave; Alison Des Forges, la responsable de l&#039;Afrique d&#039;Human rights watch (HRW), l&#039;entr&eacute;e sur son territoire, &agrave; titre individuel mais sans pr&eacute;ciser ses raisons.\" \/>\n<meta property=\"og:url\" content=\"https:\/\/www.justiceinfo.net\/fr\/10301-301208-rwandahrw-le-rwanda-ne-dit-pas-pourquoi-des-forges-est-indesirable7108.html\" \/>\n<meta property=\"og:site_name\" content=\"JusticeInfo.net\" \/>\n<meta property=\"article:publisher\" content=\"https:\/\/www.facebook.com\/JusticeInfo\/\" \/>\n<meta property=\"article:published_time\" content=\"2008-12-29T23:00:00+00:00\" \/>\n<meta property=\"og:image\" content=\"https:\/\/www.justiceinfo.net\/wp-content\/uploads\/JusticeInfoNet_logo_1200x630px.jpg\" \/>\n\t<meta property=\"og:image:width\" content=\"1200\" \/>\n\t<meta property=\"og:image:height\" content=\"630\" \/>\n\t<meta property=\"og:image:type\" content=\"image\/jpeg\" \/>\n<meta name=\"author\" content=\"solivri\" \/>\n<meta name=\"twitter:card\" content=\"summary_large_image\" \/>\n<meta name=\"twitter:creator\" content=\"@justiceinfonet\" \/>\n<meta name=\"twitter:site\" content=\"@justiceinfonet\" \/>\n<meta name=\"twitter:label1\" content=\"\u00c9crit par\" \/>\n\t<meta name=\"twitter:data1\" content=\"solivri\" \/>\n\t<meta name=\"twitter:label2\" content=\"Dur\u00e9e de lecture estim\u00e9e\" \/>\n\t<meta name=\"twitter:data2\" content=\"1 minute\" \/>\n<script type=\"application\/ld+json\" class=\"yoast-schema-graph\">{\"@context\":\"https:\/\/schema.org\",\"@graph\":[{\"@type\":\"NewsArticle\",\"@id\":\"https:\/\/www.justiceinfo.net\/fr\/10301-301208-rwandahrw-le-rwanda-ne-dit-pas-pourquoi-des-forges-est-indesirable7108.html#article\",\"isPartOf\":{\"@id\":\"https:\/\/www.justiceinfo.net\/fr\/10301-301208-rwandahrw-le-rwanda-ne-dit-pas-pourquoi-des-forges-est-indesirable7108.html\"},\"author\":{\"name\":\"solivri\",\"@id\":\"https:\/\/www.justiceinfo.net\/fr#\/schema\/person\/6e53cba1629e2e66f3fc1821d3091865\"},\"headline\":\"30.12.08 - RWANDA\/HRW - LE RWANDA NE DIT PAS POURQUOI DES FORGES EST INDESIRABLE\",\"datePublished\":\"2008-12-29T23:00:00+00:00\",\"mainEntityOfPage\":{\"@id\":\"https:\/\/www.justiceinfo.net\/fr\/10301-301208-rwandahrw-le-rwanda-ne-dit-pas-pourquoi-des-forges-est-indesirable7108.html\"},\"wordCount\":307,\"commentCount\":0,\"publisher\":{\"@id\":\"https:\/\/www.justiceinfo.net\/fr#organization\"},\"articleSection\":[\"Hirondelle News\"],\"inLanguage\":\"fr-FR\",\"potentialAction\":[{\"@type\":\"CommentAction\",\"name\":\"Comment\",\"target\":[\"https:\/\/www.justiceinfo.net\/fr\/10301-301208-rwandahrw-le-rwanda-ne-dit-pas-pourquoi-des-forges-est-indesirable7108.html#respond\"]}]},{\"@type\":\"WebPage\",\"@id\":\"https:\/\/www.justiceinfo.net\/fr\/10301-301208-rwandahrw-le-rwanda-ne-dit-pas-pourquoi-des-forges-est-indesirable7108.html\",\"url\":\"https:\/\/www.justiceinfo.net\/fr\/10301-301208-rwandahrw-le-rwanda-ne-dit-pas-pourquoi-des-forges-est-indesirable7108.html\",\"name\":\"30.12.08 - RWANDA\/HRW - LE RWANDA NE DIT PAS POURQUOI DES FORGES EST INDESIRABLE - JusticeInfo.net\",\"isPartOf\":{\"@id\":\"https:\/\/www.justiceinfo.net\/fr#website\"},\"datePublished\":\"2008-12-29T23:00:00+00:00\",\"breadcrumb\":{\"@id\":\"https:\/\/www.justiceinfo.net\/fr\/10301-301208-rwandahrw-le-rwanda-ne-dit-pas-pourquoi-des-forges-est-indesirable7108.html#breadcrumb\"},\"inLanguage\":\"fr-FR\",\"potentialAction\":[{\"@type\":\"ReadAction\",\"target\":[\"https:\/\/www.justiceinfo.net\/fr\/10301-301208-rwandahrw-le-rwanda-ne-dit-pas-pourquoi-des-forges-est-indesirable7108.html\"]}]},{\"@type\":\"BreadcrumbList\",\"@id\":\"https:\/\/www.justiceinfo.net\/fr\/10301-301208-rwandahrw-le-rwanda-ne-dit-pas-pourquoi-des-forges-est-indesirable7108.html#breadcrumb\",\"itemListElement\":[{\"@type\":\"ListItem\",\"position\":1,\"name\":\"Home\",\"item\":\"https:\/\/www.justiceinfo.net\/fr\"},{\"@type\":\"ListItem\",\"position\":2,\"name\":\"30.12.08 - RWANDA\/HRW - LE RWANDA NE DIT PAS POURQUOI DES FORGES EST INDESIRABLE\"}]},{\"@type\":\"WebSite\",\"@id\":\"https:\/\/www.justiceinfo.net\/fr#website\",\"url\":\"https:\/\/www.justiceinfo.net\/fr\",\"name\":\"JusticeInfo.net\",\"description\":\"La justice doit \u00eatre vue pour \u00eatre rendue\",\"publisher\":{\"@id\":\"https:\/\/www.justiceinfo.net\/fr#organization\"},\"potentialAction\":[{\"@type\":\"SearchAction\",\"target\":{\"@type\":\"EntryPoint\",\"urlTemplate\":\"https:\/\/www.justiceinfo.net\/fr?s={search_term_string}\"},\"query-input\":{\"@type\":\"PropertyValueSpecification\",\"valueRequired\":true,\"valueName\":\"search_term_string\"}}],\"inLanguage\":\"fr-FR\"},{\"@type\":\"Organization\",\"@id\":\"https:\/\/www.justiceinfo.net\/fr#organization\",\"name\":\"Justice Info\",\"url\":\"https:\/\/www.justiceinfo.net\/fr\",\"logo\":{\"@type\":\"ImageObject\",\"inLanguage\":\"fr-FR\",\"@id\":\"https:\/\/www.justiceinfo.net\/fr#\/schema\/logo\/image\/\",\"url\":\"https:\/\/www.justiceinfo.net\/wp-content\/uploads\/justiceinfo_logo-trans_1200x1200px.png\",\"contentUrl\":\"https:\/\/www.justiceinfo.net\/wp-content\/uploads\/justiceinfo_logo-trans_1200x1200px.png\",\"width\":1199,\"height\":1200,\"caption\":\"Justice Info\"},\"image\":{\"@id\":\"https:\/\/www.justiceinfo.net\/fr#\/schema\/logo\/image\/\"},\"sameAs\":[\"https:\/\/www.facebook.com\/JusticeInfo\/\",\"https:\/\/x.com\/justiceinfonet\",\"https:\/\/www.linkedin.com\/company\/justice-info\",\"https:\/\/www.youtube.com\/channel\/UCyCEsARodyuWtkWyhn-e7pA\"]},{\"@type\":\"Person\",\"name\":\"solivri\",\"url\":\"\/fr\/?s=solivri\"}]}<\/script>\n<!-- \/ Yoast SEO Premium plugin. -->","yoast_head_json":{"title":"30.12.08 - RWANDA\/HRW - LE RWANDA NE DIT PAS POURQUOI DES FORGES EST INDESIRABLE - JusticeInfo.net","robots":{"index":"index","follow":"follow","max-snippet":"max-snippet:-1","max-image-preview":"max-image-preview:large","max-video-preview":"max-video-preview:-1"},"canonical":"https:\/\/www.justiceinfo.net\/fr\/10301-301208-rwandahrw-le-rwanda-ne-dit-pas-pourquoi-des-forges-est-indesirable7108.html","og_locale":"fr_FR","og_type":"article","og_title":"30.12.08 - RWANDA\/HRW - LE RWANDA NE DIT PAS POURQUOI DES FORGES EST INDESIRABLE","og_description":"Arusha, 30 d&eacute;cembre 2008 (FH) - Le gouvernement a reconnu qu'il avait interdit &agrave; Alison Des Forges, la responsable de l'Afrique d'Human rights watch (HRW), l'entr&eacute;e sur son territoire, &agrave; titre individuel mais sans pr&eacute;ciser ses raisons.","og_url":"https:\/\/www.justiceinfo.net\/fr\/10301-301208-rwandahrw-le-rwanda-ne-dit-pas-pourquoi-des-forges-est-indesirable7108.html","og_site_name":"JusticeInfo.net","article_publisher":"https:\/\/www.facebook.com\/JusticeInfo\/","article_published_time":"2008-12-29T23:00:00+00:00","og_image":[{"width":1200,"height":630,"url":"https:\/\/www.justiceinfo.net\/wp-content\/uploads\/JusticeInfoNet_logo_1200x630px.jpg","type":"image\/jpeg"}],"author":"solivri","twitter_card":"summary_large_image","twitter_creator":"@justiceinfonet","twitter_site":"@justiceinfonet","twitter_misc":{"\u00c9crit par":"solivri","Dur\u00e9e de lecture estim\u00e9e":"1 minute"},"schema":{"@context":"https:\/\/schema.org","@graph":[{"@type":"NewsArticle","@id":"https:\/\/www.justiceinfo.net\/fr\/10301-301208-rwandahrw-le-rwanda-ne-dit-pas-pourquoi-des-forges-est-indesirable7108.html#article","isPartOf":{"@id":"https:\/\/www.justiceinfo.net\/fr\/10301-301208-rwandahrw-le-rwanda-ne-dit-pas-pourquoi-des-forges-est-indesirable7108.html"},"author":{"name":"solivri","@id":"https:\/\/www.justiceinfo.net\/fr#\/schema\/person\/6e53cba1629e2e66f3fc1821d3091865"},"headline":"30.12.08 - RWANDA\/HRW - LE RWANDA NE DIT PAS POURQUOI DES FORGES EST INDESIRABLE","datePublished":"2008-12-29T23:00:00+00:00","mainEntityOfPage":{"@id":"https:\/\/www.justiceinfo.net\/fr\/10301-301208-rwandahrw-le-rwanda-ne-dit-pas-pourquoi-des-forges-est-indesirable7108.html"},"wordCount":307,"commentCount":0,"publisher":{"@id":"https:\/\/www.justiceinfo.net\/fr#organization"},"articleSection":["Hirondelle News"],"inLanguage":"fr-FR","potentialAction":[{"@type":"CommentAction","name":"Comment","target":["https:\/\/www.justiceinfo.net\/fr\/10301-301208-rwandahrw-le-rwanda-ne-dit-pas-pourquoi-des-forges-est-indesirable7108.html#respond"]}]},{"@type":"WebPage","@id":"https:\/\/www.justiceinfo.net\/fr\/10301-301208-rwandahrw-le-rwanda-ne-dit-pas-pourquoi-des-forges-est-indesirable7108.html","url":"https:\/\/www.justiceinfo.net\/fr\/10301-301208-rwandahrw-le-rwanda-ne-dit-pas-pourquoi-des-forges-est-indesirable7108.html","name":"30.12.08 - RWANDA\/HRW - LE RWANDA NE DIT PAS POURQUOI DES FORGES EST INDESIRABLE - JusticeInfo.net","isPartOf":{"@id":"https:\/\/www.justiceinfo.net\/fr#website"},"datePublished":"2008-12-29T23:00:00+00:00","breadcrumb":{"@id":"https:\/\/www.justiceinfo.net\/fr\/10301-301208-rwandahrw-le-rwanda-ne-dit-pas-pourquoi-des-forges-est-indesirable7108.html#breadcrumb"},"inLanguage":"fr-FR","potentialAction":[{"@type":"ReadAction","target":["https:\/\/www.justiceinfo.net\/fr\/10301-301208-rwandahrw-le-rwanda-ne-dit-pas-pourquoi-des-forges-est-indesirable7108.html"]}]},{"@type":"BreadcrumbList","@id":"https:\/\/www.justiceinfo.net\/fr\/10301-301208-rwandahrw-le-rwanda-ne-dit-pas-pourquoi-des-forges-est-indesirable7108.html#breadcrumb","itemListElement":[{"@type":"ListItem","position":1,"name":"Home","item":"https:\/\/www.justiceinfo.net\/fr"},{"@type":"ListItem","position":2,"name":"30.12.08 - RWANDA\/HRW - LE RWANDA NE DIT PAS POURQUOI DES FORGES EST INDESIRABLE"}]},{"@type":"WebSite","@id":"https:\/\/www.justiceinfo.net\/fr#website","url":"https:\/\/www.justiceinfo.net\/fr","name":"JusticeInfo.net","description":"La justice doit \u00eatre vue pour \u00eatre rendue","publisher":{"@id":"https:\/\/www.justiceinfo.net\/fr#organization"},"potentialAction":[{"@type":"SearchAction","target":{"@type":"EntryPoint","urlTemplate":"https:\/\/www.justiceinfo.net\/fr?s={search_term_string}"},"query-input":{"@type":"PropertyValueSpecification","valueRequired":true,"valueName":"search_term_string"}}],"inLanguage":"fr-FR"},{"@type":"Organization","@id":"https:\/\/www.justiceinfo.net\/fr#organization","name":"Justice Info","url":"https:\/\/www.justiceinfo.net\/fr","logo":{"@type":"ImageObject","inLanguage":"fr-FR","@id":"https:\/\/www.justiceinfo.net\/fr#\/schema\/logo\/image\/","url":"https:\/\/www.justiceinfo.net\/wp-content\/uploads\/justiceinfo_logo-trans_1200x1200px.png","contentUrl":"https:\/\/www.justiceinfo.net\/wp-content\/uploads\/justiceinfo_logo-trans_1200x1200px.png","width":1199,"height":1200,"caption":"Justice Info"},"image":{"@id":"https:\/\/www.justiceinfo.net\/fr#\/schema\/logo\/image\/"},"sameAs":["https:\/\/www.facebook.com\/JusticeInfo\/","https:\/\/x.com\/justiceinfonet","https:\/\/www.linkedin.com\/company\/justice-info","https:\/\/www.youtube.com\/channel\/UCyCEsARodyuWtkWyhn-e7pA"]},{"@type":"Person","name":"solivri","url":"\/fr\/?s=solivri"}]}},"_links":{"self":[{"href":"https:\/\/www.justiceinfo.net\/fr\/wp-json\/wp\/v2\/posts\/10301","targetHints":{"allow":["GET"]}}],"collection":[{"href":"https:\/\/www.justiceinfo.net\/fr\/wp-json\/wp\/v2\/posts"}],"about":[{"href":"https:\/\/www.justiceinfo.net\/fr\/wp-json\/wp\/v2\/types\/post"}],"author":[{"embeddable":true,"href":"https:\/\/www.justiceinfo.net\/fr\/wp-json\/wp\/v2\/users\/64"}],"replies":[{"embeddable":true,"href":"https:\/\/www.justiceinfo.net\/fr\/wp-json\/wp\/v2\/comments?post=10301"}],"version-history":[{"count":0,"href":"https:\/\/www.justiceinfo.net\/fr\/wp-json\/wp\/v2\/posts\/10301\/revisions"}],"wp:attachment":[{"href":"https:\/\/www.justiceinfo.net\/fr\/wp-json\/wp\/v2\/media?parent=10301"}],"wp:term":[{"taxonomy":"category","embeddable":true,"href":"https:\/\/www.justiceinfo.net\/fr\/wp-json\/wp\/v2\/categories?post=10301"},{"taxonomy":"post_tag","embeddable":true,"href":"https:\/\/www.justiceinfo.net\/fr\/wp-json\/wp\/v2\/tags?post=10301"},{"taxonomy":"ji_location","embeddable":true,"href":"https:\/\/www.justiceinfo.net\/fr\/wp-json\/wp\/v2\/ji_location?post=10301"}],"curies":[{"name":"wp","href":"https:\/\/api.w.org\/{rel}","templated":true}]}}