{"id":10303,"date":"2008-12-30T00:00:00","date_gmt":"2008-12-29T23:00:00","guid":{"rendered":"https:\/\/www.justiceinfo.net\/10303-301208-tpironu-le-tpir-coince-entre-la-justice-et-le-calendrier7110.html"},"modified":"2008-12-30T00:00:00","modified_gmt":"2008-12-29T23:00:00","slug":"301208-tpironu-le-tpir-coince-entre-la-justice-et-le-calendrier7110","status":"publish","type":"post","link":"https:\/\/www.justiceinfo.net\/fr\/10303-301208-tpironu-le-tpir-coince-entre-la-justice-et-le-calendrier7110.html","title":{"rendered":"30.12.08 - TPIR\/ONU - LE TPIR COINCE ENTRE LA JUSTICE ET LE CALENDRIER"},"content":{"rendered":"<p>\nArusha, 30 d&eacute;cembre 2008 (FH) - Le Tribunal p&eacute;nal international pour le Rwanda (TPIR) est dans une situation inconfortable, entre sa volont&eacute; de juger &eacute;quitablement toutes les personnes qu'il accuse d'avoir organis&eacute; le g&eacute;nocide de 1994 et le souhait des Nations unies de le voir terminer son travail au plus t&ocirc;t.\n<\/p>\n<p><!--more--><\/p>\n<p>\nLe Conseil de s&eacute;curit&eacute; des Nations unies, qui l'a cr&eacute;&eacute; en 1994 a reconnu en juillet dernier que sa t&acirc;che ne serait pas achev&eacute;e d'ici la fin de cette ann&eacute;e comme c'&eacute;tait pr&eacute;vu. Il lui a accord&eacute; comme &agrave; son homologue de l'ex Yougoslavie, une prolongation d'un an, jusque fin 2009, mais l'&eacute;lan semble avoir disparu. <\/p>\n<p>En 2007 seuls trois proc&egrave;s d'organisateurs pr&eacute;sum&eacute;s du g&eacute;nocide ont commenc&eacute; et m&ecirc;me si le greffe insiste sur l'obligation d'acc&eacute;l&eacute;rer les proc&eacute;dures, certains magistrats semblent avoir perdu leur motivation. D&eacute;j&agrave;, de nombreux juristes se sont orient&eacute;s vers d'autres pr&eacute;toires. Les juges semblent en faire autant. Sur 18, quatre ont d&eacute;missionn&eacute;, trois autres s'appr&ecirc;tent &agrave; le faire. <\/p>\n<p>Pour satisfaire ses commanditaires, le pr&eacute;sident du tribunal, sir Dennys Byron, avait annonc&eacute; en octobre que l'ann&eacute;e &agrave; venir serait la plus efficace avec 38 jugements en 14 mois. R&eacute;cemment, il a du revenir sur ses affirmations, et se limiter aux pr&eacute;sentations des preuves avant la fin de l'ann&eacute;e 2009 pour les dix accus&eacute;s qui restent encore &agrave; juger. Ce qui revient &agrave; admettre que les proc&egrave;s se prolongeront au del&agrave;. <\/p>\n<p>Depuis sa cr&eacute;ation en 1994 et sa premi&egrave;re audience en 1997, le tribunal a jug&eacute; 47 personnes. Les chambres ont jusqu'&agrave; pr&eacute;sent refus&eacute; que certains de ces accus&eacute;s soient pr&eacute;sent&eacute;s devant la justice rwandaise. Le Rwanda et le bureau du procureur semblent encore croire &agrave; cette solution mais les juges, qui en sont &agrave; leur cinqui&egrave;me rejet, auront du mal &agrave; se d&eacute;dire. <\/p>\n<p>Dans un proc&egrave;s dont il pr&eacute;side la Cour, le juge Byron a r&eacute;cemment invit&eacute; un avocat &agrave; acc&eacute;l&eacute;rer la pr&eacute;sentation de ses t&eacute;moins. &laquo; Nous n'avons pas les m&ecirc;mes priorit&eacute;s, Monsieur le Pr&eacute;sident, la mienne est la d&eacute;fense de mon client&raquo; lui a-t-il &eacute;t&eacute; r&eacute;pondu. D'autres avocats s'appr&ecirc;tent ou ont d&eacute;j&agrave; d&eacute;pos&eacute; des recours devant cette volont&eacute; d'acc&eacute;l&eacute;rer qui, selon eux, irait &agrave; l'encontre d'une justice &eacute;quitable. <\/p>\n<p>PB\/GF <\/p>\n<p>&copy; Agence Hirondelle<\/p>\n","protected":false},"excerpt":{"rendered":"<p>Arusha, 30 d&eacute;cembre 2008 (FH) - Le Tribunal p&eacute;nal international pour le Rwanda (TPIR) est dans une situation inconfortable, entre sa volont&eacute; de juger &eacute;quitablement toutes les personnes qu'il accuse d'avoir organis&eacute; le g&eacute;nocide de 1994 et le souhait des Nations unies de le voir terminer son travail au plus t&ocirc;t.<\/p>\n","protected":false},"author":64,"featured_media":0,"comment_status":"open","ping_status":"closed","sticky":false,"template":"","format":"standard","meta":{"_acf_changed":false,"footnotes":""},"categories":[554],"tags":[],"ji_location":[],"class_list":["post-10303","post","type-post","status-publish","format-standard","hentry","category-hirondellenews"],"acf":[],"yoast_head":"<!-- This site is optimized with the Yoast SEO Premium plugin v25.3.1 (Yoast SEO v25.3.1) - https:\/\/yoast.com\/wordpress\/plugins\/seo\/ -->\n<title>30.12.08 - TPIR\/ONU - LE TPIR COINCE ENTRE LA JUSTICE ET LE CALENDRIER - JusticeInfo.net<\/title>\n<meta name=\"robots\" content=\"index, follow, max-snippet:-1, max-image-preview:large, max-video-preview:-1\" \/>\n<link rel=\"canonical\" href=\"https:\/\/www.justiceinfo.net\/fr\/10303-301208-tpironu-le-tpir-coince-entre-la-justice-et-le-calendrier7110.html\" \/>\n<meta property=\"og:locale\" content=\"fr_FR\" \/>\n<meta property=\"og:type\" content=\"article\" \/>\n<meta property=\"og:title\" content=\"30.12.08 - TPIR\/ONU - LE TPIR COINCE ENTRE LA JUSTICE ET LE CALENDRIER\" \/>\n<meta property=\"og:description\" content=\"Arusha, 30 d&eacute;cembre 2008 (FH) - Le Tribunal p&eacute;nal international pour le Rwanda (TPIR) est dans une situation inconfortable, entre sa volont&eacute; de juger &eacute;quitablement toutes les personnes qu&#039;il accuse d&#039;avoir organis&eacute; le g&eacute;nocide de 1994 et le souhait des Nations unies de le voir terminer son travail au plus t&ocirc;t.\" \/>\n<meta property=\"og:url\" content=\"https:\/\/www.justiceinfo.net\/fr\/10303-301208-tpironu-le-tpir-coince-entre-la-justice-et-le-calendrier7110.html\" \/>\n<meta property=\"og:site_name\" content=\"JusticeInfo.net\" \/>\n<meta property=\"article:publisher\" content=\"https:\/\/www.facebook.com\/JusticeInfo\/\" \/>\n<meta property=\"article:published_time\" content=\"2008-12-29T23:00:00+00:00\" \/>\n<meta property=\"og:image\" content=\"https:\/\/www.justiceinfo.net\/wp-content\/uploads\/JusticeInfoNet_logo_1200x630px.jpg\" \/>\n\t<meta property=\"og:image:width\" content=\"1200\" \/>\n\t<meta property=\"og:image:height\" content=\"630\" \/>\n\t<meta property=\"og:image:type\" content=\"image\/jpeg\" \/>\n<meta name=\"author\" content=\"solivri\" \/>\n<meta name=\"twitter:card\" content=\"summary_large_image\" \/>\n<meta name=\"twitter:creator\" content=\"@justiceinfonet\" \/>\n<meta name=\"twitter:site\" content=\"@justiceinfonet\" \/>\n<meta name=\"twitter:label1\" content=\"\u00c9crit par\" \/>\n\t<meta name=\"twitter:data1\" content=\"solivri\" \/>\n\t<meta name=\"twitter:label2\" content=\"Dur\u00e9e de lecture estim\u00e9e\" \/>\n\t<meta name=\"twitter:data2\" content=\"2 minutes\" \/>\n<script type=\"application\/ld+json\" class=\"yoast-schema-graph\">{\"@context\":\"https:\/\/schema.org\",\"@graph\":[{\"@type\":\"NewsArticle\",\"@id\":\"https:\/\/www.justiceinfo.net\/fr\/10303-301208-tpironu-le-tpir-coince-entre-la-justice-et-le-calendrier7110.html#article\",\"isPartOf\":{\"@id\":\"https:\/\/www.justiceinfo.net\/fr\/10303-301208-tpironu-le-tpir-coince-entre-la-justice-et-le-calendrier7110.html\"},\"author\":{\"name\":\"solivri\",\"@id\":\"https:\/\/www.justiceinfo.net\/fr#\/schema\/person\/6e53cba1629e2e66f3fc1821d3091865\"},\"headline\":\"30.12.08 - TPIR\/ONU - LE TPIR COINCE ENTRE LA JUSTICE ET LE CALENDRIER\",\"datePublished\":\"2008-12-29T23:00:00+00:00\",\"mainEntityOfPage\":{\"@id\":\"https:\/\/www.justiceinfo.net\/fr\/10303-301208-tpironu-le-tpir-coince-entre-la-justice-et-le-calendrier7110.html\"},\"wordCount\":523,\"commentCount\":0,\"publisher\":{\"@id\":\"https:\/\/www.justiceinfo.net\/fr#organization\"},\"articleSection\":[\"Hirondelle News\"],\"inLanguage\":\"fr-FR\",\"potentialAction\":[{\"@type\":\"CommentAction\",\"name\":\"Comment\",\"target\":[\"https:\/\/www.justiceinfo.net\/fr\/10303-301208-tpironu-le-tpir-coince-entre-la-justice-et-le-calendrier7110.html#respond\"]}]},{\"@type\":\"WebPage\",\"@id\":\"https:\/\/www.justiceinfo.net\/fr\/10303-301208-tpironu-le-tpir-coince-entre-la-justice-et-le-calendrier7110.html\",\"url\":\"https:\/\/www.justiceinfo.net\/fr\/10303-301208-tpironu-le-tpir-coince-entre-la-justice-et-le-calendrier7110.html\",\"name\":\"30.12.08 - TPIR\/ONU - LE TPIR COINCE ENTRE LA JUSTICE ET LE CALENDRIER - JusticeInfo.net\",\"isPartOf\":{\"@id\":\"https:\/\/www.justiceinfo.net\/fr#website\"},\"datePublished\":\"2008-12-29T23:00:00+00:00\",\"breadcrumb\":{\"@id\":\"https:\/\/www.justiceinfo.net\/fr\/10303-301208-tpironu-le-tpir-coince-entre-la-justice-et-le-calendrier7110.html#breadcrumb\"},\"inLanguage\":\"fr-FR\",\"potentialAction\":[{\"@type\":\"ReadAction\",\"target\":[\"https:\/\/www.justiceinfo.net\/fr\/10303-301208-tpironu-le-tpir-coince-entre-la-justice-et-le-calendrier7110.html\"]}]},{\"@type\":\"BreadcrumbList\",\"@id\":\"https:\/\/www.justiceinfo.net\/fr\/10303-301208-tpironu-le-tpir-coince-entre-la-justice-et-le-calendrier7110.html#breadcrumb\",\"itemListElement\":[{\"@type\":\"ListItem\",\"position\":1,\"name\":\"Home\",\"item\":\"https:\/\/www.justiceinfo.net\/fr\"},{\"@type\":\"ListItem\",\"position\":2,\"name\":\"30.12.08 - TPIR\/ONU - LE TPIR COINCE ENTRE LA JUSTICE ET LE CALENDRIER\"}]},{\"@type\":\"WebSite\",\"@id\":\"https:\/\/www.justiceinfo.net\/fr#website\",\"url\":\"https:\/\/www.justiceinfo.net\/fr\",\"name\":\"JusticeInfo.net\",\"description\":\"La justice doit \u00eatre vue pour \u00eatre rendue\",\"publisher\":{\"@id\":\"https:\/\/www.justiceinfo.net\/fr#organization\"},\"potentialAction\":[{\"@type\":\"SearchAction\",\"target\":{\"@type\":\"EntryPoint\",\"urlTemplate\":\"https:\/\/www.justiceinfo.net\/fr?s={search_term_string}\"},\"query-input\":{\"@type\":\"PropertyValueSpecification\",\"valueRequired\":true,\"valueName\":\"search_term_string\"}}],\"inLanguage\":\"fr-FR\"},{\"@type\":\"Organization\",\"@id\":\"https:\/\/www.justiceinfo.net\/fr#organization\",\"name\":\"Justice Info\",\"url\":\"https:\/\/www.justiceinfo.net\/fr\",\"logo\":{\"@type\":\"ImageObject\",\"inLanguage\":\"fr-FR\",\"@id\":\"https:\/\/www.justiceinfo.net\/fr#\/schema\/logo\/image\/\",\"url\":\"https:\/\/www.justiceinfo.net\/wp-content\/uploads\/justiceinfo_logo-trans_1200x1200px.png\",\"contentUrl\":\"https:\/\/www.justiceinfo.net\/wp-content\/uploads\/justiceinfo_logo-trans_1200x1200px.png\",\"width\":1199,\"height\":1200,\"caption\":\"Justice Info\"},\"image\":{\"@id\":\"https:\/\/www.justiceinfo.net\/fr#\/schema\/logo\/image\/\"},\"sameAs\":[\"https:\/\/www.facebook.com\/JusticeInfo\/\",\"https:\/\/x.com\/justiceinfonet\",\"https:\/\/www.linkedin.com\/company\/justice-info\",\"https:\/\/www.youtube.com\/channel\/UCyCEsARodyuWtkWyhn-e7pA\"]},{\"@type\":\"Person\",\"name\":\"solivri\",\"url\":\"\/fr\/?s=solivri\"}]}<\/script>\n<!-- \/ Yoast SEO Premium plugin. -->","yoast_head_json":{"title":"30.12.08 - TPIR\/ONU - LE TPIR COINCE ENTRE LA JUSTICE ET LE CALENDRIER - JusticeInfo.net","robots":{"index":"index","follow":"follow","max-snippet":"max-snippet:-1","max-image-preview":"max-image-preview:large","max-video-preview":"max-video-preview:-1"},"canonical":"https:\/\/www.justiceinfo.net\/fr\/10303-301208-tpironu-le-tpir-coince-entre-la-justice-et-le-calendrier7110.html","og_locale":"fr_FR","og_type":"article","og_title":"30.12.08 - TPIR\/ONU - LE TPIR COINCE ENTRE LA JUSTICE ET LE CALENDRIER","og_description":"Arusha, 30 d&eacute;cembre 2008 (FH) - Le Tribunal p&eacute;nal international pour le Rwanda (TPIR) est dans une situation inconfortable, entre sa volont&eacute; de juger &eacute;quitablement toutes les personnes qu'il accuse d'avoir organis&eacute; le g&eacute;nocide de 1994 et le souhait des Nations unies de le voir terminer son travail au plus t&ocirc;t.","og_url":"https:\/\/www.justiceinfo.net\/fr\/10303-301208-tpironu-le-tpir-coince-entre-la-justice-et-le-calendrier7110.html","og_site_name":"JusticeInfo.net","article_publisher":"https:\/\/www.facebook.com\/JusticeInfo\/","article_published_time":"2008-12-29T23:00:00+00:00","og_image":[{"width":1200,"height":630,"url":"https:\/\/www.justiceinfo.net\/wp-content\/uploads\/JusticeInfoNet_logo_1200x630px.jpg","type":"image\/jpeg"}],"author":"solivri","twitter_card":"summary_large_image","twitter_creator":"@justiceinfonet","twitter_site":"@justiceinfonet","twitter_misc":{"\u00c9crit par":"solivri","Dur\u00e9e de lecture estim\u00e9e":"2 minutes"},"schema":{"@context":"https:\/\/schema.org","@graph":[{"@type":"NewsArticle","@id":"https:\/\/www.justiceinfo.net\/fr\/10303-301208-tpironu-le-tpir-coince-entre-la-justice-et-le-calendrier7110.html#article","isPartOf":{"@id":"https:\/\/www.justiceinfo.net\/fr\/10303-301208-tpironu-le-tpir-coince-entre-la-justice-et-le-calendrier7110.html"},"author":{"name":"solivri","@id":"https:\/\/www.justiceinfo.net\/fr#\/schema\/person\/6e53cba1629e2e66f3fc1821d3091865"},"headline":"30.12.08 - TPIR\/ONU - LE TPIR COINCE ENTRE LA JUSTICE ET LE CALENDRIER","datePublished":"2008-12-29T23:00:00+00:00","mainEntityOfPage":{"@id":"https:\/\/www.justiceinfo.net\/fr\/10303-301208-tpironu-le-tpir-coince-entre-la-justice-et-le-calendrier7110.html"},"wordCount":523,"commentCount":0,"publisher":{"@id":"https:\/\/www.justiceinfo.net\/fr#organization"},"articleSection":["Hirondelle News"],"inLanguage":"fr-FR","potentialAction":[{"@type":"CommentAction","name":"Comment","target":["https:\/\/www.justiceinfo.net\/fr\/10303-301208-tpironu-le-tpir-coince-entre-la-justice-et-le-calendrier7110.html#respond"]}]},{"@type":"WebPage","@id":"https:\/\/www.justiceinfo.net\/fr\/10303-301208-tpironu-le-tpir-coince-entre-la-justice-et-le-calendrier7110.html","url":"https:\/\/www.justiceinfo.net\/fr\/10303-301208-tpironu-le-tpir-coince-entre-la-justice-et-le-calendrier7110.html","name":"30.12.08 - TPIR\/ONU - LE TPIR COINCE ENTRE LA JUSTICE ET LE CALENDRIER - JusticeInfo.net","isPartOf":{"@id":"https:\/\/www.justiceinfo.net\/fr#website"},"datePublished":"2008-12-29T23:00:00+00:00","breadcrumb":{"@id":"https:\/\/www.justiceinfo.net\/fr\/10303-301208-tpironu-le-tpir-coince-entre-la-justice-et-le-calendrier7110.html#breadcrumb"},"inLanguage":"fr-FR","potentialAction":[{"@type":"ReadAction","target":["https:\/\/www.justiceinfo.net\/fr\/10303-301208-tpironu-le-tpir-coince-entre-la-justice-et-le-calendrier7110.html"]}]},{"@type":"BreadcrumbList","@id":"https:\/\/www.justiceinfo.net\/fr\/10303-301208-tpironu-le-tpir-coince-entre-la-justice-et-le-calendrier7110.html#breadcrumb","itemListElement":[{"@type":"ListItem","position":1,"name":"Home","item":"https:\/\/www.justiceinfo.net\/fr"},{"@type":"ListItem","position":2,"name":"30.12.08 - TPIR\/ONU - LE TPIR COINCE ENTRE LA JUSTICE ET LE CALENDRIER"}]},{"@type":"WebSite","@id":"https:\/\/www.justiceinfo.net\/fr#website","url":"https:\/\/www.justiceinfo.net\/fr","name":"JusticeInfo.net","description":"La justice doit \u00eatre vue pour \u00eatre rendue","publisher":{"@id":"https:\/\/www.justiceinfo.net\/fr#organization"},"potentialAction":[{"@type":"SearchAction","target":{"@type":"EntryPoint","urlTemplate":"https:\/\/www.justiceinfo.net\/fr?s={search_term_string}"},"query-input":{"@type":"PropertyValueSpecification","valueRequired":true,"valueName":"search_term_string"}}],"inLanguage":"fr-FR"},{"@type":"Organization","@id":"https:\/\/www.justiceinfo.net\/fr#organization","name":"Justice Info","url":"https:\/\/www.justiceinfo.net\/fr","logo":{"@type":"ImageObject","inLanguage":"fr-FR","@id":"https:\/\/www.justiceinfo.net\/fr#\/schema\/logo\/image\/","url":"https:\/\/www.justiceinfo.net\/wp-content\/uploads\/justiceinfo_logo-trans_1200x1200px.png","contentUrl":"https:\/\/www.justiceinfo.net\/wp-content\/uploads\/justiceinfo_logo-trans_1200x1200px.png","width":1199,"height":1200,"caption":"Justice Info"},"image":{"@id":"https:\/\/www.justiceinfo.net\/fr#\/schema\/logo\/image\/"},"sameAs":["https:\/\/www.facebook.com\/JusticeInfo\/","https:\/\/x.com\/justiceinfonet","https:\/\/www.linkedin.com\/company\/justice-info","https:\/\/www.youtube.com\/channel\/UCyCEsARodyuWtkWyhn-e7pA"]},{"@type":"Person","name":"solivri","url":"\/fr\/?s=solivri"}]}},"_links":{"self":[{"href":"https:\/\/www.justiceinfo.net\/fr\/wp-json\/wp\/v2\/posts\/10303","targetHints":{"allow":["GET"]}}],"collection":[{"href":"https:\/\/www.justiceinfo.net\/fr\/wp-json\/wp\/v2\/posts"}],"about":[{"href":"https:\/\/www.justiceinfo.net\/fr\/wp-json\/wp\/v2\/types\/post"}],"author":[{"embeddable":true,"href":"https:\/\/www.justiceinfo.net\/fr\/wp-json\/wp\/v2\/users\/64"}],"replies":[{"embeddable":true,"href":"https:\/\/www.justiceinfo.net\/fr\/wp-json\/wp\/v2\/comments?post=10303"}],"version-history":[{"count":0,"href":"https:\/\/www.justiceinfo.net\/fr\/wp-json\/wp\/v2\/posts\/10303\/revisions"}],"wp:attachment":[{"href":"https:\/\/www.justiceinfo.net\/fr\/wp-json\/wp\/v2\/media?parent=10303"}],"wp:term":[{"taxonomy":"category","embeddable":true,"href":"https:\/\/www.justiceinfo.net\/fr\/wp-json\/wp\/v2\/categories?post=10303"},{"taxonomy":"post_tag","embeddable":true,"href":"https:\/\/www.justiceinfo.net\/fr\/wp-json\/wp\/v2\/tags?post=10303"},{"taxonomy":"ji_location","embeddable":true,"href":"https:\/\/www.justiceinfo.net\/fr\/wp-json\/wp\/v2\/ji_location?post=10303"}],"curies":[{"name":"wp","href":"https:\/\/api.w.org\/{rel}","templated":true}]}}