{"id":10414,"date":"2009-02-09T00:00:00","date_gmt":"2009-02-08T23:00:00","guid":{"rendered":"https:\/\/www.justiceinfo.net\/10414-090209-rwandagacaca-onze-temoins-defendent-lhonneur-dun-militant-des-droits-de-lhomme7221.html"},"modified":"2009-02-09T00:00:00","modified_gmt":"2009-02-08T23:00:00","slug":"090209-rwandagacaca-onze-temoins-defendent-lhonneur-dun-militant-des-droits-de-lhomme7221","status":"publish","type":"post","link":"https:\/\/www.justiceinfo.net\/fr\/10414-090209-rwandagacaca-onze-temoins-defendent-lhonneur-dun-militant-des-droits-de-lhomme7221.html","title":{"rendered":"09.02.09 - RWANDA\/GACACA - ONZE TEMOINS DEFENDENT L'HONNEUR D'UN MILITANT DES DROITS DE L'HOMME"},"content":{"rendered":"<p >\nKigali, 09 f&eacute;vrier 2009 (FH) - &nbsp;Fran&ccedil;ois- Xavier Byuma, c&eacute;l&egrave;bre militant des droits de l'homme jug&eacute; en r&eacute;vision pour&nbsp; son r&ocirc;le pr&eacute;sum&eacute; dans le g&eacute;nocide de 1994 au Rwanda, a cit&eacute; samedi dernier 11 t&eacute;moins devant une juridiction semi-populaire gacaca (prononcer gatchatcha) si&eacute;geant &agrave; Kigali, la capitale rwandaise.\n<\/p>\n<p><!--more--><\/p>\n<p >\nCondamn&eacute; &agrave; 19 ans de prison, Byuma, &eacute;galement auteur dramatique de renom dans son pays, compara&icirc;t, en r&eacute;vision, devant un tribunal gacaca de la Province de l'Est qui se d&eacute;place &agrave; Kigali pour les audiences.\n<\/p>\n<p >\n<p >\n&laquo; Je connais et je connaissais bien Byuma, comme un voisin. Je sais que c'est un homme int&egrave;gre. S'il avait commis un crime pendant le g&eacute;nocide, je l'aurais su ! (Le t&eacute;moin) Haruna l'a accus&eacute; &agrave; cause d'un diff&eacute;rend survenu apr&egrave;s le g&eacute;nocide &raquo;, a clam&eacute; Marie Mutumwinka, premier de la dizaine de t&eacute;moins &agrave; d&eacute;charge entendus samedi. Byuma et Haruna s'&eacute;taient disput&eacute;s une parcelle apr&egrave;s 1994, a-t-elle expliqu&eacute;.\n<\/p>\n<p >\n<p >\nCe litige a &eacute;t&eacute; confirm&eacute; par un autre t&eacute;moin, Rose Nyirasangwa, qui a &eacute;galement d&eacute;fendu l'honneur de son ancien voisin. &laquo; Byuma n'&eacute;tait pas seulement un homme int&egrave;gre. Pour avoir beaucoup fr&eacute;quent&eacute; sa maison, je sais qu'il ne pouvait m&ecirc;me pas &eacute;gorger une poule &raquo;, a-t-elle d&eacute;clar&eacute;, sous la foi du serment.\n<\/p>\n<p >\nSelon l'acte d'accusation, cet activiste des droits de l'homme est poursuivi pour &laquo; tentative d'assassinat de Louise Batamuliza, complicit&eacute; d'assassinat de Raymond Kabayiza, &eacute;rection de barrages routiers, d&eacute;tention ill&eacute;gale d'une arme &agrave; feu et association de malfaiteurs &raquo;.\n<\/p>\n<p >\nPour ce qui est des &eacute;l&eacute;ments &agrave; charge, les juges ont lu une d&eacute;claration &eacute;crite d'Aline, fille de Kabayiza. Selon ce texte, Byuma aurait aid&eacute; &agrave; ligoter Kabayiza avant sa mise &agrave; mort. Unique t&eacute;moin &agrave; charge entendue samedi, Mme Batamuliza a affirm&eacute; que Byuma lui avait dit, en d&eacute;signant le corps de Kabayiza qui gisait dans une rigole : &laquo; Je vais te donner en mariage &agrave; Raymond Kabayiza &raquo;. Ce que Byuma a vigoureusement ni&eacute;. &laquo; Les nomm&eacute;s Habib, Amiru et Madede ont reconnu avoir tu&eacute; Kabayiza, et ont &eacute;t&eacute; condamn&eacute;s pour &ccedil;a...Leur audition est utile pour ma d&eacute;fense &raquo;, a demand&eacute; Byuma.\n<\/p>\n<p >\nApr&egrave;s d&eacute;lib&eacute;ration, la chambre a fait droit &agrave; la requ&ecirc;te.\n<\/p>\n<p >\n&nbsp;&laquo; Le proc&egrave;s reprendra le 7 mars &raquo;, avec l'audition, entre autres, de ces nouveaux t&eacute;moins, a indiqu&eacute; le juge pr&eacute;sident Georges Karangwa.\n<\/p>\n<p >\nByuma est incarc&eacute;r&eacute; &agrave; la prison centrale de Kigali (PCK) depuis mai 2007.\n<\/p>\n<p >\n<p >\nSon premier proc&egrave;s avait suscit&eacute; des r&eacute;actions d'indignation tant au niveau de la population locale que des organisations de d&eacute;fense des droits de l'homme\n<\/p>\n<p >\n<p >\nSRE\/ER\/GF\n<\/p>\n<p>\n&copy; Agence Hirondelle<\/p>\n","protected":false},"excerpt":{"rendered":"<p>Kigali, 09 f&eacute;vrier 2009 (FH) - &nbsp;Fran&ccedil;ois- Xavier Byuma, c&eacute;l&egrave;bre militant des droits de l'homme jug&eacute; en r&eacute;vision pour&nbsp; son r&ocirc;le pr&eacute;sum&eacute; dans le g&eacute;nocide de 1994 au Rwanda, a cit&eacute; samedi dernier 11 t&eacute;moins devant une juridiction semi-populaire gacaca (prononcer gatchatcha) si&eacute;geant &agrave; Kigali, la capitale rwandaise.<\/p>\n","protected":false},"author":64,"featured_media":0,"comment_status":"open","ping_status":"closed","sticky":false,"template":"","format":"standard","meta":{"_acf_changed":false,"footnotes":""},"categories":[554],"tags":[],"ji_location":[],"class_list":["post-10414","post","type-post","status-publish","format-standard","hentry","category-hirondellenews"],"acf":[],"yoast_head":"<!-- This site is optimized with the Yoast SEO Premium plugin v25.3.1 (Yoast SEO v25.3.1) - https:\/\/yoast.com\/wordpress\/plugins\/seo\/ -->\n<title>09.02.09 - RWANDA\/GACACA - ONZE TEMOINS DEFENDENT L&#039;HONNEUR D&#039;UN MILITANT DES DROITS DE L&#039;HOMME - JusticeInfo.net<\/title>\n<meta name=\"robots\" content=\"index, follow, max-snippet:-1, max-image-preview:large, max-video-preview:-1\" \/>\n<link rel=\"canonical\" href=\"https:\/\/www.justiceinfo.net\/fr\/10414-090209-rwandagacaca-onze-temoins-defendent-lhonneur-dun-militant-des-droits-de-lhomme7221.html\" \/>\n<meta property=\"og:locale\" content=\"fr_FR\" \/>\n<meta property=\"og:type\" content=\"article\" \/>\n<meta property=\"og:title\" content=\"09.02.09 - RWANDA\/GACACA - ONZE TEMOINS DEFENDENT L&#039;HONNEUR D&#039;UN MILITANT DES DROITS DE L&#039;HOMME\" \/>\n<meta property=\"og:description\" content=\"Kigali, 09 f&eacute;vrier 2009 (FH) - &nbsp;Fran&ccedil;ois- Xavier Byuma, c&eacute;l&egrave;bre militant des droits de l&#039;homme jug&eacute; en r&eacute;vision pour&nbsp; son r&ocirc;le pr&eacute;sum&eacute; dans le g&eacute;nocide de 1994 au Rwanda, a cit&eacute; samedi dernier 11 t&eacute;moins devant une juridiction semi-populaire gacaca (prononcer gatchatcha) si&eacute;geant &agrave; Kigali, la capitale rwandaise.\" \/>\n<meta property=\"og:url\" content=\"https:\/\/www.justiceinfo.net\/fr\/10414-090209-rwandagacaca-onze-temoins-defendent-lhonneur-dun-militant-des-droits-de-lhomme7221.html\" \/>\n<meta property=\"og:site_name\" content=\"JusticeInfo.net\" \/>\n<meta property=\"article:publisher\" content=\"https:\/\/www.facebook.com\/JusticeInfo\/\" \/>\n<meta property=\"article:published_time\" content=\"2009-02-08T23:00:00+00:00\" \/>\n<meta property=\"og:image\" content=\"https:\/\/www.justiceinfo.net\/wp-content\/uploads\/JusticeInfoNet_logo_1200x630px.jpg\" \/>\n\t<meta property=\"og:image:width\" content=\"1200\" \/>\n\t<meta property=\"og:image:height\" content=\"630\" \/>\n\t<meta property=\"og:image:type\" content=\"image\/jpeg\" \/>\n<meta name=\"author\" content=\"solivri\" \/>\n<meta name=\"twitter:card\" content=\"summary_large_image\" \/>\n<meta name=\"twitter:creator\" content=\"@justiceinfonet\" \/>\n<meta name=\"twitter:site\" content=\"@justiceinfonet\" \/>\n<meta name=\"twitter:label1\" content=\"\u00c9crit par\" \/>\n\t<meta name=\"twitter:data1\" content=\"solivri\" \/>\n\t<meta name=\"twitter:label2\" content=\"Dur\u00e9e de lecture estim\u00e9e\" \/>\n\t<meta name=\"twitter:data2\" content=\"3 minutes\" \/>\n<script type=\"application\/ld+json\" class=\"yoast-schema-graph\">{\"@context\":\"https:\/\/schema.org\",\"@graph\":[{\"@type\":\"NewsArticle\",\"@id\":\"https:\/\/www.justiceinfo.net\/fr\/10414-090209-rwandagacaca-onze-temoins-defendent-lhonneur-dun-militant-des-droits-de-lhomme7221.html#article\",\"isPartOf\":{\"@id\":\"https:\/\/www.justiceinfo.net\/fr\/10414-090209-rwandagacaca-onze-temoins-defendent-lhonneur-dun-militant-des-droits-de-lhomme7221.html\"},\"author\":{\"name\":\"solivri\",\"@id\":\"https:\/\/www.justiceinfo.net\/fr#\/schema\/person\/6e53cba1629e2e66f3fc1821d3091865\"},\"headline\":\"09.02.09 - RWANDA\/GACACA - ONZE TEMOINS DEFENDENT L'HONNEUR D'UN MILITANT DES DROITS DE L'HOMME\",\"datePublished\":\"2009-02-08T23:00:00+00:00\",\"mainEntityOfPage\":{\"@id\":\"https:\/\/www.justiceinfo.net\/fr\/10414-090209-rwandagacaca-onze-temoins-defendent-lhonneur-dun-militant-des-droits-de-lhomme7221.html\"},\"wordCount\":585,\"commentCount\":0,\"publisher\":{\"@id\":\"https:\/\/www.justiceinfo.net\/fr#organization\"},\"articleSection\":[\"Hirondelle News\"],\"inLanguage\":\"fr-FR\",\"potentialAction\":[{\"@type\":\"CommentAction\",\"name\":\"Comment\",\"target\":[\"https:\/\/www.justiceinfo.net\/fr\/10414-090209-rwandagacaca-onze-temoins-defendent-lhonneur-dun-militant-des-droits-de-lhomme7221.html#respond\"]}]},{\"@type\":\"WebPage\",\"@id\":\"https:\/\/www.justiceinfo.net\/fr\/10414-090209-rwandagacaca-onze-temoins-defendent-lhonneur-dun-militant-des-droits-de-lhomme7221.html\",\"url\":\"https:\/\/www.justiceinfo.net\/fr\/10414-090209-rwandagacaca-onze-temoins-defendent-lhonneur-dun-militant-des-droits-de-lhomme7221.html\",\"name\":\"09.02.09 - RWANDA\/GACACA - ONZE TEMOINS DEFENDENT L'HONNEUR D'UN MILITANT DES DROITS DE L'HOMME - JusticeInfo.net\",\"isPartOf\":{\"@id\":\"https:\/\/www.justiceinfo.net\/fr#website\"},\"datePublished\":\"2009-02-08T23:00:00+00:00\",\"breadcrumb\":{\"@id\":\"https:\/\/www.justiceinfo.net\/fr\/10414-090209-rwandagacaca-onze-temoins-defendent-lhonneur-dun-militant-des-droits-de-lhomme7221.html#breadcrumb\"},\"inLanguage\":\"fr-FR\",\"potentialAction\":[{\"@type\":\"ReadAction\",\"target\":[\"https:\/\/www.justiceinfo.net\/fr\/10414-090209-rwandagacaca-onze-temoins-defendent-lhonneur-dun-militant-des-droits-de-lhomme7221.html\"]}]},{\"@type\":\"BreadcrumbList\",\"@id\":\"https:\/\/www.justiceinfo.net\/fr\/10414-090209-rwandagacaca-onze-temoins-defendent-lhonneur-dun-militant-des-droits-de-lhomme7221.html#breadcrumb\",\"itemListElement\":[{\"@type\":\"ListItem\",\"position\":1,\"name\":\"Home\",\"item\":\"https:\/\/www.justiceinfo.net\/fr\"},{\"@type\":\"ListItem\",\"position\":2,\"name\":\"09.02.09 - RWANDA\/GACACA - ONZE TEMOINS DEFENDENT L'HONNEUR D'UN MILITANT DES DROITS DE L'HOMME\"}]},{\"@type\":\"WebSite\",\"@id\":\"https:\/\/www.justiceinfo.net\/fr#website\",\"url\":\"https:\/\/www.justiceinfo.net\/fr\",\"name\":\"JusticeInfo.net\",\"description\":\"La justice doit \u00eatre vue pour \u00eatre rendue\",\"publisher\":{\"@id\":\"https:\/\/www.justiceinfo.net\/fr#organization\"},\"potentialAction\":[{\"@type\":\"SearchAction\",\"target\":{\"@type\":\"EntryPoint\",\"urlTemplate\":\"https:\/\/www.justiceinfo.net\/fr?s={search_term_string}\"},\"query-input\":{\"@type\":\"PropertyValueSpecification\",\"valueRequired\":true,\"valueName\":\"search_term_string\"}}],\"inLanguage\":\"fr-FR\"},{\"@type\":\"Organization\",\"@id\":\"https:\/\/www.justiceinfo.net\/fr#organization\",\"name\":\"Justice Info\",\"url\":\"https:\/\/www.justiceinfo.net\/fr\",\"logo\":{\"@type\":\"ImageObject\",\"inLanguage\":\"fr-FR\",\"@id\":\"https:\/\/www.justiceinfo.net\/fr#\/schema\/logo\/image\/\",\"url\":\"https:\/\/www.justiceinfo.net\/wp-content\/uploads\/justiceinfo_logo-trans_1200x1200px.png\",\"contentUrl\":\"https:\/\/www.justiceinfo.net\/wp-content\/uploads\/justiceinfo_logo-trans_1200x1200px.png\",\"width\":1199,\"height\":1200,\"caption\":\"Justice Info\"},\"image\":{\"@id\":\"https:\/\/www.justiceinfo.net\/fr#\/schema\/logo\/image\/\"},\"sameAs\":[\"https:\/\/www.facebook.com\/JusticeInfo\/\",\"https:\/\/x.com\/justiceinfonet\",\"https:\/\/www.linkedin.com\/company\/justice-info\",\"https:\/\/www.youtube.com\/channel\/UCyCEsARodyuWtkWyhn-e7pA\"]},{\"@type\":\"Person\",\"name\":\"solivri\",\"url\":\"\/fr\/?s=solivri\"}]}<\/script>\n<!-- \/ Yoast SEO Premium plugin. -->","yoast_head_json":{"title":"09.02.09 - RWANDA\/GACACA - ONZE TEMOINS DEFENDENT L'HONNEUR D'UN MILITANT DES DROITS DE L'HOMME - JusticeInfo.net","robots":{"index":"index","follow":"follow","max-snippet":"max-snippet:-1","max-image-preview":"max-image-preview:large","max-video-preview":"max-video-preview:-1"},"canonical":"https:\/\/www.justiceinfo.net\/fr\/10414-090209-rwandagacaca-onze-temoins-defendent-lhonneur-dun-militant-des-droits-de-lhomme7221.html","og_locale":"fr_FR","og_type":"article","og_title":"09.02.09 - RWANDA\/GACACA - ONZE TEMOINS DEFENDENT L'HONNEUR D'UN MILITANT DES DROITS DE L'HOMME","og_description":"Kigali, 09 f&eacute;vrier 2009 (FH) - &nbsp;Fran&ccedil;ois- Xavier Byuma, c&eacute;l&egrave;bre militant des droits de l'homme jug&eacute; en r&eacute;vision pour&nbsp; son r&ocirc;le pr&eacute;sum&eacute; dans le g&eacute;nocide de 1994 au Rwanda, a cit&eacute; samedi dernier 11 t&eacute;moins devant une juridiction semi-populaire gacaca (prononcer gatchatcha) si&eacute;geant &agrave; Kigali, la capitale rwandaise.","og_url":"https:\/\/www.justiceinfo.net\/fr\/10414-090209-rwandagacaca-onze-temoins-defendent-lhonneur-dun-militant-des-droits-de-lhomme7221.html","og_site_name":"JusticeInfo.net","article_publisher":"https:\/\/www.facebook.com\/JusticeInfo\/","article_published_time":"2009-02-08T23:00:00+00:00","og_image":[{"width":1200,"height":630,"url":"https:\/\/www.justiceinfo.net\/wp-content\/uploads\/JusticeInfoNet_logo_1200x630px.jpg","type":"image\/jpeg"}],"author":"solivri","twitter_card":"summary_large_image","twitter_creator":"@justiceinfonet","twitter_site":"@justiceinfonet","twitter_misc":{"\u00c9crit par":"solivri","Dur\u00e9e de lecture estim\u00e9e":"3 minutes"},"schema":{"@context":"https:\/\/schema.org","@graph":[{"@type":"NewsArticle","@id":"https:\/\/www.justiceinfo.net\/fr\/10414-090209-rwandagacaca-onze-temoins-defendent-lhonneur-dun-militant-des-droits-de-lhomme7221.html#article","isPartOf":{"@id":"https:\/\/www.justiceinfo.net\/fr\/10414-090209-rwandagacaca-onze-temoins-defendent-lhonneur-dun-militant-des-droits-de-lhomme7221.html"},"author":{"name":"solivri","@id":"https:\/\/www.justiceinfo.net\/fr#\/schema\/person\/6e53cba1629e2e66f3fc1821d3091865"},"headline":"09.02.09 - RWANDA\/GACACA - ONZE TEMOINS DEFENDENT L'HONNEUR D'UN MILITANT DES DROITS DE L'HOMME","datePublished":"2009-02-08T23:00:00+00:00","mainEntityOfPage":{"@id":"https:\/\/www.justiceinfo.net\/fr\/10414-090209-rwandagacaca-onze-temoins-defendent-lhonneur-dun-militant-des-droits-de-lhomme7221.html"},"wordCount":585,"commentCount":0,"publisher":{"@id":"https:\/\/www.justiceinfo.net\/fr#organization"},"articleSection":["Hirondelle News"],"inLanguage":"fr-FR","potentialAction":[{"@type":"CommentAction","name":"Comment","target":["https:\/\/www.justiceinfo.net\/fr\/10414-090209-rwandagacaca-onze-temoins-defendent-lhonneur-dun-militant-des-droits-de-lhomme7221.html#respond"]}]},{"@type":"WebPage","@id":"https:\/\/www.justiceinfo.net\/fr\/10414-090209-rwandagacaca-onze-temoins-defendent-lhonneur-dun-militant-des-droits-de-lhomme7221.html","url":"https:\/\/www.justiceinfo.net\/fr\/10414-090209-rwandagacaca-onze-temoins-defendent-lhonneur-dun-militant-des-droits-de-lhomme7221.html","name":"09.02.09 - RWANDA\/GACACA - ONZE TEMOINS DEFENDENT L'HONNEUR D'UN MILITANT DES DROITS DE L'HOMME - JusticeInfo.net","isPartOf":{"@id":"https:\/\/www.justiceinfo.net\/fr#website"},"datePublished":"2009-02-08T23:00:00+00:00","breadcrumb":{"@id":"https:\/\/www.justiceinfo.net\/fr\/10414-090209-rwandagacaca-onze-temoins-defendent-lhonneur-dun-militant-des-droits-de-lhomme7221.html#breadcrumb"},"inLanguage":"fr-FR","potentialAction":[{"@type":"ReadAction","target":["https:\/\/www.justiceinfo.net\/fr\/10414-090209-rwandagacaca-onze-temoins-defendent-lhonneur-dun-militant-des-droits-de-lhomme7221.html"]}]},{"@type":"BreadcrumbList","@id":"https:\/\/www.justiceinfo.net\/fr\/10414-090209-rwandagacaca-onze-temoins-defendent-lhonneur-dun-militant-des-droits-de-lhomme7221.html#breadcrumb","itemListElement":[{"@type":"ListItem","position":1,"name":"Home","item":"https:\/\/www.justiceinfo.net\/fr"},{"@type":"ListItem","position":2,"name":"09.02.09 - RWANDA\/GACACA - ONZE TEMOINS DEFENDENT L'HONNEUR D'UN MILITANT DES DROITS DE L'HOMME"}]},{"@type":"WebSite","@id":"https:\/\/www.justiceinfo.net\/fr#website","url":"https:\/\/www.justiceinfo.net\/fr","name":"JusticeInfo.net","description":"La justice doit \u00eatre vue pour \u00eatre rendue","publisher":{"@id":"https:\/\/www.justiceinfo.net\/fr#organization"},"potentialAction":[{"@type":"SearchAction","target":{"@type":"EntryPoint","urlTemplate":"https:\/\/www.justiceinfo.net\/fr?s={search_term_string}"},"query-input":{"@type":"PropertyValueSpecification","valueRequired":true,"valueName":"search_term_string"}}],"inLanguage":"fr-FR"},{"@type":"Organization","@id":"https:\/\/www.justiceinfo.net\/fr#organization","name":"Justice Info","url":"https:\/\/www.justiceinfo.net\/fr","logo":{"@type":"ImageObject","inLanguage":"fr-FR","@id":"https:\/\/www.justiceinfo.net\/fr#\/schema\/logo\/image\/","url":"https:\/\/www.justiceinfo.net\/wp-content\/uploads\/justiceinfo_logo-trans_1200x1200px.png","contentUrl":"https:\/\/www.justiceinfo.net\/wp-content\/uploads\/justiceinfo_logo-trans_1200x1200px.png","width":1199,"height":1200,"caption":"Justice Info"},"image":{"@id":"https:\/\/www.justiceinfo.net\/fr#\/schema\/logo\/image\/"},"sameAs":["https:\/\/www.facebook.com\/JusticeInfo\/","https:\/\/x.com\/justiceinfonet","https:\/\/www.linkedin.com\/company\/justice-info","https:\/\/www.youtube.com\/channel\/UCyCEsARodyuWtkWyhn-e7pA"]},{"@type":"Person","name":"solivri","url":"\/fr\/?s=solivri"}]}},"_links":{"self":[{"href":"https:\/\/www.justiceinfo.net\/fr\/wp-json\/wp\/v2\/posts\/10414","targetHints":{"allow":["GET"]}}],"collection":[{"href":"https:\/\/www.justiceinfo.net\/fr\/wp-json\/wp\/v2\/posts"}],"about":[{"href":"https:\/\/www.justiceinfo.net\/fr\/wp-json\/wp\/v2\/types\/post"}],"author":[{"embeddable":true,"href":"https:\/\/www.justiceinfo.net\/fr\/wp-json\/wp\/v2\/users\/64"}],"replies":[{"embeddable":true,"href":"https:\/\/www.justiceinfo.net\/fr\/wp-json\/wp\/v2\/comments?post=10414"}],"version-history":[{"count":0,"href":"https:\/\/www.justiceinfo.net\/fr\/wp-json\/wp\/v2\/posts\/10414\/revisions"}],"wp:attachment":[{"href":"https:\/\/www.justiceinfo.net\/fr\/wp-json\/wp\/v2\/media?parent=10414"}],"wp:term":[{"taxonomy":"category","embeddable":true,"href":"https:\/\/www.justiceinfo.net\/fr\/wp-json\/wp\/v2\/categories?post=10414"},{"taxonomy":"post_tag","embeddable":true,"href":"https:\/\/www.justiceinfo.net\/fr\/wp-json\/wp\/v2\/tags?post=10414"},{"taxonomy":"ji_location","embeddable":true,"href":"https:\/\/www.justiceinfo.net\/fr\/wp-json\/wp\/v2\/ji_location?post=10414"}],"curies":[{"name":"wp","href":"https:\/\/api.w.org\/{rel}","templated":true}]}}