{"id":10516,"date":"2009-01-12T00:00:00","date_gmt":"2009-01-11T23:00:00","guid":{"rendered":"https:\/\/www.justiceinfo.net\/10516-120109-tpirrwanda-le-tpir-et-le-rwanda-comptent-toujours-sur-les-transferts7323.html"},"modified":"2009-01-12T00:00:00","modified_gmt":"2009-01-11T23:00:00","slug":"120109-tpirrwanda-le-tpir-et-le-rwanda-comptent-toujours-sur-les-transferts7323","status":"publish","type":"post","link":"https:\/\/www.justiceinfo.net\/fr\/10516-120109-tpirrwanda-le-tpir-et-le-rwanda-comptent-toujours-sur-les-transferts7323.html","title":{"rendered":"12.01.09 - TPIR\/RWANDA - LE TPIR ET LE RWANDA COMPTENT TOUJOURS SUR LES TRANSFERTS"},"content":{"rendered":"<p>Arusha, 12 janvier 2009 (FH) - Le Tribunal p&eacute;nal international pour le Rwanda (TPIR) vient de refuser pour la cinqui&egrave;me fois de transf&eacute;rer vers le Rwanda des personnes accus&eacute;es de g&eacute;nocide, m&ecirc;me si le Rwanda a dit son intention d'adapter son syst&egrave;me judiciaire aux exigences de la communaut&eacute; internationale.<br \/>\n<!--more--><\/p>\n<p>\nLes juges ont de nouveau motiv&eacute; leur d&eacute;cision par leur crainte pour la protection des t&eacute;moins, ainsi que par leur refus que l'accus&eacute; risque l'emprisonnement &agrave; perp&eacute;tuit&eacute; en isolement. <\/p>\n<p>A la lumi&egrave;re de ce raisonnement, les juridictions europ&eacute;ennes ont rejet&eacute; elles aussi les demandes d'extradition du Rwanda contre ses ressortissants r&eacute;sidant &agrave; l'&eacute;tranger et suspect&eacute;s d'avoir particip&eacute; au g&eacute;nocide. Seule la Grande-Bretagne a pour le moment accept&eacute; d'extrader quatre ressortissants rwandais suspects de g&eacute;nocide : V. Bajinya, C. Munyaneza, E. Nteziryayo et C. Ugirashebuja. En juin, apr&egrave;s s'&ecirc;tre livr&eacute;e &agrave; un examen minutieux, la Cour britannique n'avait observ&eacute; aucune raison de s'y opposer. Cette d&eacute;cision est en appel. <\/p>\n<p>Au contraire, la Cour d'appel de Paris vient de refuser d'extrader Isaac Kamali, naturalis&eacute; fran&ccedil;ais depuis 2002. Deux d&eacute;cisions identiques ont &eacute;t&eacute; prises auparavant concernant Pascal Simbikangwa par la Cour d'appel de Mamoudzou de Mayotte o&ugrave; il avait &eacute;t&eacute; arr&ecirc;t&eacute; en octobre, et Marcel Bivugabagabo par la Cour d'appel de Toulouse. Ce dernier &eacute;tait sous &eacute;crou extraditionnel depuis le mois de janvier. <\/p>\n<p>Claver Kamana attend toujours une d&eacute;cision. La Cour d'appel de Chamb&eacute;ry avait donn&eacute; un avis favorable &agrave; son extradition, mais &laquo; circonstance rare &raquo; selon Me Philippe Gr&eacute;ciano, conseil dans plusieurs affaires de ce type, la Cour de cassation a cass&eacute; et annul&eacute; la d&eacute;cision de la juridiction de Savoie consid&eacute;rant qu'elle &laquo; n'avait pas exerc&eacute; son devoir de contr&ocirc;le du bien fond&eacute; de l'extradition&raquo;. L'affaire est dor&eacute;navant entre les mains de la Cour d'appel de Lyon. <\/p>\n<p>L'Allemagne a elle aussi refus&eacute; de livrer les suspects de g&eacute;nocide Onesphore Rwabukombe et Callixte Mbarushimana. Les juges allemands ont consid&eacute;r&eacute; que le refus du TPIR de transf&eacute;rer des affaires vers le Rwanda &laquo; au motif que les droits de la personne n'&eacute;taient pas garantis &raquo;, n'&eacute;tait &laquo; pas un cas d'esp&egrave;ce&raquo; a expliqu&eacute; Me Greciano &agrave; l'agence Hirondelle, mais &laquo; qu'il s'agissait de l'affirmation d'un principe fondamental &agrave; valeur constitutionnelle &raquo;, ce qui les a autoris&eacute;s &agrave; d&eacute;clarer irrecevable les demandes de Kigali sans m&ecirc;me les examiner sur le fond. <\/p>\n<p>L'avocat voit notamment deux obstacles &agrave; ces extraditions. Selon lui, les demandes rwandaises contiennent beaucoup d'erreurs de droit pr&eacute;sentes &agrave; diff&eacute;rentes &eacute;tapes de la proc&eacute;dure. &laquo; Cela r&eacute;v&egrave;le l'existence d'un foss&eacute; culturel entre les pratiques et les traditions juridiques qui ne laisse pas la communaut&eacute; internationale insensible quand il s'agit de faire un travail de justice et de v&eacute;rit&eacute; dans un esprit de m&eacute;moire et de r&eacute;conciliation &raquo;. Ensuite, la position du TPIR dans son refus de transf&eacute;rer certaines de ses affaires vers le Rwanda par la proc&eacute;dure de l'article 11 bis de son R&egrave;glement de proc&eacute;dure et de preuve est &laquo; symbolique &raquo;. <\/p>\n<p>En effet, accepter d'extrader un suspect du g&eacute;nocide vers le Rwanda alors que le TPIR affirme que les droits de l'Homme n'y sont pas garantis (probl&egrave;me du proc&egrave;s &eacute;quitable, de la protection des t&eacute;moins, prison &agrave; perp&eacute;tuit&eacute; en isolement), engagerait la cr&eacute;dibilit&eacute; et la responsabilit&eacute; des Etats de droit sur la sc&egrave;ne internationale et surtout devant la Cour europ&eacute;enne des Droits de l'Homme au risque de se faire condamner (cf. affaire Bozano c. France 1986). <\/p>\n<p>A cela s'ajoute les critiques d'ONG telles qu'Human rights watch ou Amnesty international. Cette derni&egrave;re, dans un rapport de 2007, rejette les extraditions &laquo; tant que le Rwanda n'aura pas fait la preuve de sa capacit&eacute; et de sa volont&eacute; de mener les proc&egrave;s de mani&egrave;re &eacute;quitable et impartiale et de prot&eacute;ger les victimes et les t&eacute;moins &raquo;. Aux critiques du TPIR, Amnesty ajoute des attentes &laquo; manifestement d&eacute;raisonnables &raquo; pour juger les accus&eacute;s et l'absence d'un &laquo; m&eacute;canisme permettant de suivre l'application des peines des d&eacute;tenus transf&eacute;r&eacute;s au Rwanda &raquo;. <\/p>\n<p>Sur la liste des 93 suspects de g&eacute;nocide se trouvant &agrave; l'&eacute;tranger pour lesquels le Rwanda a &eacute;mis des mandats d'arr&ecirc;t internationaux, onze au moins ont d&eacute;j&agrave; &eacute;t&eacute; identifi&eacute;s notamment en Europe. <\/p>\n<p>Emmanuel Bagambiki a &eacute;t&eacute; acquitt&eacute; par le TPIR en 2006, mais le Rwanda dit vouloir le poursuivre pour d'autres faits. Andr&eacute; Sebatware a comparu en 2002 devant le TPIR en tant que t&eacute;moin de la D&eacute;fense dans le proc&egrave;s de Eli&eacute;zer Niyitegeka. Wenceslas Munyeshaka et Laurent Bucyibaruta sont poursuivis par les juridictions fran&ccedil;aises. Les sept autres suspects ont fait l'objet de proc&eacute;dures d'extradition aupr&egrave;s de diff&eacute;rents pays europ&eacute;ens qui pour le moment les ont toutes rejet&eacute;es. <\/p>\n<p>Une organisation fran&ccedil;aise intitul&eacute;e Collectif des parties civiles pour le Rwanda a pos&eacute; le probl&egrave;me r&eacute;cemment en demandant aux juges fran&ccedil;ais de prendre leurs responsabilit&eacute;s et de juger eux-m&ecirc;mes ces accus&eacute;s. Amnesty International &laquo; exhorte &raquo; d'ailleurs tous les &Eacute;tats qui se sont jusqu'&agrave; pr&eacute;sent d&eacute;clar&eacute;s incomp&eacute;tents pour traiter ce genre de dossiers, &laquo; &agrave; r&eacute;examiner leur l&eacute;gislation et, si n&eacute;cessaire, &agrave; la modifier pour que leurs juridictions nationales puissent conna&icirc;tre des crimes relevant de la comp&eacute;tence du TPIR &raquo;. <\/p>\n<p>AV\/PB\/GF<br \/>\n&copy; Agence Hirondelle<\/p>\n","protected":false},"excerpt":{"rendered":"<p>Arusha, 12 janvier 2009 (FH) - Le Tribunal p&eacute;nal international pour le Rwanda (TPIR) vient de refuser pour la cinqui&egrave;me fois de transf&eacute;rer vers le Rwanda des personnes accus&eacute;es de g&eacute;nocide, m&ecirc;me si le Rwanda a dit son intention d'adapter son syst&egrave;me judiciaire aux exigences de la communaut&eacute; internationale.<\/p>\n","protected":false},"author":64,"featured_media":0,"comment_status":"open","ping_status":"closed","sticky":false,"template":"","format":"standard","meta":{"_acf_changed":false,"footnotes":""},"categories":[554],"tags":[],"ji_location":[],"class_list":["post-10516","post","type-post","status-publish","format-standard","hentry","category-hirondellenews"],"acf":[],"yoast_head":"<!-- This site is optimized with the Yoast SEO Premium plugin v25.3.1 (Yoast SEO v25.3.1) - https:\/\/yoast.com\/wordpress\/plugins\/seo\/ -->\n<title>12.01.09 - TPIR\/RWANDA - LE TPIR ET LE RWANDA COMPTENT TOUJOURS SUR LES TRANSFERTS - JusticeInfo.net<\/title>\n<meta name=\"robots\" content=\"index, follow, max-snippet:-1, max-image-preview:large, max-video-preview:-1\" \/>\n<link rel=\"canonical\" href=\"https:\/\/www.justiceinfo.net\/fr\/10516-120109-tpirrwanda-le-tpir-et-le-rwanda-comptent-toujours-sur-les-transferts7323.html\" \/>\n<meta property=\"og:locale\" content=\"fr_FR\" \/>\n<meta property=\"og:type\" content=\"article\" \/>\n<meta property=\"og:title\" content=\"12.01.09 - TPIR\/RWANDA - LE TPIR ET LE RWANDA COMPTENT TOUJOURS SUR LES TRANSFERTS\" \/>\n<meta property=\"og:description\" content=\"Arusha, 12 janvier 2009 (FH) - Le Tribunal p&eacute;nal international pour le Rwanda (TPIR) vient de refuser pour la cinqui&egrave;me fois de transf&eacute;rer vers le Rwanda des personnes accus&eacute;es de g&eacute;nocide, m&ecirc;me si le Rwanda a dit son intention d&#039;adapter son syst&egrave;me judiciaire aux exigences de la communaut&eacute; internationale.\" \/>\n<meta property=\"og:url\" content=\"https:\/\/www.justiceinfo.net\/fr\/10516-120109-tpirrwanda-le-tpir-et-le-rwanda-comptent-toujours-sur-les-transferts7323.html\" \/>\n<meta property=\"og:site_name\" content=\"JusticeInfo.net\" \/>\n<meta property=\"article:publisher\" content=\"https:\/\/www.facebook.com\/JusticeInfo\/\" \/>\n<meta property=\"article:published_time\" content=\"2009-01-11T23:00:00+00:00\" \/>\n<meta property=\"og:image\" content=\"https:\/\/www.justiceinfo.net\/wp-content\/uploads\/JusticeInfoNet_logo_1200x630px.jpg\" \/>\n\t<meta property=\"og:image:width\" content=\"1200\" \/>\n\t<meta property=\"og:image:height\" content=\"630\" \/>\n\t<meta property=\"og:image:type\" content=\"image\/jpeg\" \/>\n<meta name=\"author\" content=\"solivri\" \/>\n<meta name=\"twitter:card\" content=\"summary_large_image\" \/>\n<meta name=\"twitter:creator\" content=\"@justiceinfonet\" \/>\n<meta name=\"twitter:site\" content=\"@justiceinfonet\" \/>\n<meta name=\"twitter:label1\" content=\"\u00c9crit par\" \/>\n\t<meta name=\"twitter:data1\" content=\"solivri\" \/>\n\t<meta name=\"twitter:label2\" content=\"Dur\u00e9e de lecture estim\u00e9e\" \/>\n\t<meta name=\"twitter:data2\" content=\"5 minutes\" \/>\n<script type=\"application\/ld+json\" class=\"yoast-schema-graph\">{\"@context\":\"https:\/\/schema.org\",\"@graph\":[{\"@type\":\"NewsArticle\",\"@id\":\"https:\/\/www.justiceinfo.net\/fr\/10516-120109-tpirrwanda-le-tpir-et-le-rwanda-comptent-toujours-sur-les-transferts7323.html#article\",\"isPartOf\":{\"@id\":\"https:\/\/www.justiceinfo.net\/fr\/10516-120109-tpirrwanda-le-tpir-et-le-rwanda-comptent-toujours-sur-les-transferts7323.html\"},\"author\":{\"name\":\"solivri\",\"@id\":\"https:\/\/www.justiceinfo.net\/fr#\/schema\/person\/6e53cba1629e2e66f3fc1821d3091865\"},\"headline\":\"12.01.09 - TPIR\/RWANDA - LE TPIR ET LE RWANDA COMPTENT TOUJOURS SUR LES TRANSFERTS\",\"datePublished\":\"2009-01-11T23:00:00+00:00\",\"mainEntityOfPage\":{\"@id\":\"https:\/\/www.justiceinfo.net\/fr\/10516-120109-tpirrwanda-le-tpir-et-le-rwanda-comptent-toujours-sur-les-transferts7323.html\"},\"wordCount\":1157,\"commentCount\":0,\"publisher\":{\"@id\":\"https:\/\/www.justiceinfo.net\/fr#organization\"},\"articleSection\":[\"Hirondelle News\"],\"inLanguage\":\"fr-FR\",\"potentialAction\":[{\"@type\":\"CommentAction\",\"name\":\"Comment\",\"target\":[\"https:\/\/www.justiceinfo.net\/fr\/10516-120109-tpirrwanda-le-tpir-et-le-rwanda-comptent-toujours-sur-les-transferts7323.html#respond\"]}]},{\"@type\":\"WebPage\",\"@id\":\"https:\/\/www.justiceinfo.net\/fr\/10516-120109-tpirrwanda-le-tpir-et-le-rwanda-comptent-toujours-sur-les-transferts7323.html\",\"url\":\"https:\/\/www.justiceinfo.net\/fr\/10516-120109-tpirrwanda-le-tpir-et-le-rwanda-comptent-toujours-sur-les-transferts7323.html\",\"name\":\"12.01.09 - TPIR\/RWANDA - LE TPIR ET LE RWANDA COMPTENT TOUJOURS SUR LES TRANSFERTS - JusticeInfo.net\",\"isPartOf\":{\"@id\":\"https:\/\/www.justiceinfo.net\/fr#website\"},\"datePublished\":\"2009-01-11T23:00:00+00:00\",\"breadcrumb\":{\"@id\":\"https:\/\/www.justiceinfo.net\/fr\/10516-120109-tpirrwanda-le-tpir-et-le-rwanda-comptent-toujours-sur-les-transferts7323.html#breadcrumb\"},\"inLanguage\":\"fr-FR\",\"potentialAction\":[{\"@type\":\"ReadAction\",\"target\":[\"https:\/\/www.justiceinfo.net\/fr\/10516-120109-tpirrwanda-le-tpir-et-le-rwanda-comptent-toujours-sur-les-transferts7323.html\"]}]},{\"@type\":\"BreadcrumbList\",\"@id\":\"https:\/\/www.justiceinfo.net\/fr\/10516-120109-tpirrwanda-le-tpir-et-le-rwanda-comptent-toujours-sur-les-transferts7323.html#breadcrumb\",\"itemListElement\":[{\"@type\":\"ListItem\",\"position\":1,\"name\":\"Home\",\"item\":\"https:\/\/www.justiceinfo.net\/fr\"},{\"@type\":\"ListItem\",\"position\":2,\"name\":\"12.01.09 - TPIR\/RWANDA - LE TPIR ET LE RWANDA COMPTENT TOUJOURS SUR LES TRANSFERTS\"}]},{\"@type\":\"WebSite\",\"@id\":\"https:\/\/www.justiceinfo.net\/fr#website\",\"url\":\"https:\/\/www.justiceinfo.net\/fr\",\"name\":\"JusticeInfo.net\",\"description\":\"La justice doit \u00eatre vue pour \u00eatre rendue\",\"publisher\":{\"@id\":\"https:\/\/www.justiceinfo.net\/fr#organization\"},\"potentialAction\":[{\"@type\":\"SearchAction\",\"target\":{\"@type\":\"EntryPoint\",\"urlTemplate\":\"https:\/\/www.justiceinfo.net\/fr?s={search_term_string}\"},\"query-input\":{\"@type\":\"PropertyValueSpecification\",\"valueRequired\":true,\"valueName\":\"search_term_string\"}}],\"inLanguage\":\"fr-FR\"},{\"@type\":\"Organization\",\"@id\":\"https:\/\/www.justiceinfo.net\/fr#organization\",\"name\":\"Justice Info\",\"url\":\"https:\/\/www.justiceinfo.net\/fr\",\"logo\":{\"@type\":\"ImageObject\",\"inLanguage\":\"fr-FR\",\"@id\":\"https:\/\/www.justiceinfo.net\/fr#\/schema\/logo\/image\/\",\"url\":\"https:\/\/www.justiceinfo.net\/wp-content\/uploads\/justiceinfo_logo-trans_1200x1200px.png\",\"contentUrl\":\"https:\/\/www.justiceinfo.net\/wp-content\/uploads\/justiceinfo_logo-trans_1200x1200px.png\",\"width\":1199,\"height\":1200,\"caption\":\"Justice Info\"},\"image\":{\"@id\":\"https:\/\/www.justiceinfo.net\/fr#\/schema\/logo\/image\/\"},\"sameAs\":[\"https:\/\/www.facebook.com\/JusticeInfo\/\",\"https:\/\/x.com\/justiceinfonet\",\"https:\/\/www.linkedin.com\/company\/justice-info\",\"https:\/\/www.youtube.com\/channel\/UCyCEsARodyuWtkWyhn-e7pA\"]},{\"@type\":\"Person\",\"name\":\"solivri\",\"url\":\"\/fr\/?s=solivri\"}]}<\/script>\n<!-- \/ Yoast SEO Premium plugin. -->","yoast_head_json":{"title":"12.01.09 - TPIR\/RWANDA - LE TPIR ET LE RWANDA COMPTENT TOUJOURS SUR LES TRANSFERTS - JusticeInfo.net","robots":{"index":"index","follow":"follow","max-snippet":"max-snippet:-1","max-image-preview":"max-image-preview:large","max-video-preview":"max-video-preview:-1"},"canonical":"https:\/\/www.justiceinfo.net\/fr\/10516-120109-tpirrwanda-le-tpir-et-le-rwanda-comptent-toujours-sur-les-transferts7323.html","og_locale":"fr_FR","og_type":"article","og_title":"12.01.09 - TPIR\/RWANDA - LE TPIR ET LE RWANDA COMPTENT TOUJOURS SUR LES TRANSFERTS","og_description":"Arusha, 12 janvier 2009 (FH) - Le Tribunal p&eacute;nal international pour le Rwanda (TPIR) vient de refuser pour la cinqui&egrave;me fois de transf&eacute;rer vers le Rwanda des personnes accus&eacute;es de g&eacute;nocide, m&ecirc;me si le Rwanda a dit son intention d'adapter son syst&egrave;me judiciaire aux exigences de la communaut&eacute; internationale.","og_url":"https:\/\/www.justiceinfo.net\/fr\/10516-120109-tpirrwanda-le-tpir-et-le-rwanda-comptent-toujours-sur-les-transferts7323.html","og_site_name":"JusticeInfo.net","article_publisher":"https:\/\/www.facebook.com\/JusticeInfo\/","article_published_time":"2009-01-11T23:00:00+00:00","og_image":[{"width":1200,"height":630,"url":"https:\/\/www.justiceinfo.net\/wp-content\/uploads\/JusticeInfoNet_logo_1200x630px.jpg","type":"image\/jpeg"}],"author":"solivri","twitter_card":"summary_large_image","twitter_creator":"@justiceinfonet","twitter_site":"@justiceinfonet","twitter_misc":{"\u00c9crit par":"solivri","Dur\u00e9e de lecture estim\u00e9e":"5 minutes"},"schema":{"@context":"https:\/\/schema.org","@graph":[{"@type":"NewsArticle","@id":"https:\/\/www.justiceinfo.net\/fr\/10516-120109-tpirrwanda-le-tpir-et-le-rwanda-comptent-toujours-sur-les-transferts7323.html#article","isPartOf":{"@id":"https:\/\/www.justiceinfo.net\/fr\/10516-120109-tpirrwanda-le-tpir-et-le-rwanda-comptent-toujours-sur-les-transferts7323.html"},"author":{"name":"solivri","@id":"https:\/\/www.justiceinfo.net\/fr#\/schema\/person\/6e53cba1629e2e66f3fc1821d3091865"},"headline":"12.01.09 - TPIR\/RWANDA - LE TPIR ET LE RWANDA COMPTENT TOUJOURS SUR LES TRANSFERTS","datePublished":"2009-01-11T23:00:00+00:00","mainEntityOfPage":{"@id":"https:\/\/www.justiceinfo.net\/fr\/10516-120109-tpirrwanda-le-tpir-et-le-rwanda-comptent-toujours-sur-les-transferts7323.html"},"wordCount":1157,"commentCount":0,"publisher":{"@id":"https:\/\/www.justiceinfo.net\/fr#organization"},"articleSection":["Hirondelle News"],"inLanguage":"fr-FR","potentialAction":[{"@type":"CommentAction","name":"Comment","target":["https:\/\/www.justiceinfo.net\/fr\/10516-120109-tpirrwanda-le-tpir-et-le-rwanda-comptent-toujours-sur-les-transferts7323.html#respond"]}]},{"@type":"WebPage","@id":"https:\/\/www.justiceinfo.net\/fr\/10516-120109-tpirrwanda-le-tpir-et-le-rwanda-comptent-toujours-sur-les-transferts7323.html","url":"https:\/\/www.justiceinfo.net\/fr\/10516-120109-tpirrwanda-le-tpir-et-le-rwanda-comptent-toujours-sur-les-transferts7323.html","name":"12.01.09 - TPIR\/RWANDA - LE TPIR ET LE RWANDA COMPTENT TOUJOURS SUR LES TRANSFERTS - JusticeInfo.net","isPartOf":{"@id":"https:\/\/www.justiceinfo.net\/fr#website"},"datePublished":"2009-01-11T23:00:00+00:00","breadcrumb":{"@id":"https:\/\/www.justiceinfo.net\/fr\/10516-120109-tpirrwanda-le-tpir-et-le-rwanda-comptent-toujours-sur-les-transferts7323.html#breadcrumb"},"inLanguage":"fr-FR","potentialAction":[{"@type":"ReadAction","target":["https:\/\/www.justiceinfo.net\/fr\/10516-120109-tpirrwanda-le-tpir-et-le-rwanda-comptent-toujours-sur-les-transferts7323.html"]}]},{"@type":"BreadcrumbList","@id":"https:\/\/www.justiceinfo.net\/fr\/10516-120109-tpirrwanda-le-tpir-et-le-rwanda-comptent-toujours-sur-les-transferts7323.html#breadcrumb","itemListElement":[{"@type":"ListItem","position":1,"name":"Home","item":"https:\/\/www.justiceinfo.net\/fr"},{"@type":"ListItem","position":2,"name":"12.01.09 - TPIR\/RWANDA - LE TPIR ET LE RWANDA COMPTENT TOUJOURS SUR LES TRANSFERTS"}]},{"@type":"WebSite","@id":"https:\/\/www.justiceinfo.net\/fr#website","url":"https:\/\/www.justiceinfo.net\/fr","name":"JusticeInfo.net","description":"La justice doit \u00eatre vue pour \u00eatre rendue","publisher":{"@id":"https:\/\/www.justiceinfo.net\/fr#organization"},"potentialAction":[{"@type":"SearchAction","target":{"@type":"EntryPoint","urlTemplate":"https:\/\/www.justiceinfo.net\/fr?s={search_term_string}"},"query-input":{"@type":"PropertyValueSpecification","valueRequired":true,"valueName":"search_term_string"}}],"inLanguage":"fr-FR"},{"@type":"Organization","@id":"https:\/\/www.justiceinfo.net\/fr#organization","name":"Justice Info","url":"https:\/\/www.justiceinfo.net\/fr","logo":{"@type":"ImageObject","inLanguage":"fr-FR","@id":"https:\/\/www.justiceinfo.net\/fr#\/schema\/logo\/image\/","url":"https:\/\/www.justiceinfo.net\/wp-content\/uploads\/justiceinfo_logo-trans_1200x1200px.png","contentUrl":"https:\/\/www.justiceinfo.net\/wp-content\/uploads\/justiceinfo_logo-trans_1200x1200px.png","width":1199,"height":1200,"caption":"Justice Info"},"image":{"@id":"https:\/\/www.justiceinfo.net\/fr#\/schema\/logo\/image\/"},"sameAs":["https:\/\/www.facebook.com\/JusticeInfo\/","https:\/\/x.com\/justiceinfonet","https:\/\/www.linkedin.com\/company\/justice-info","https:\/\/www.youtube.com\/channel\/UCyCEsARodyuWtkWyhn-e7pA"]},{"@type":"Person","name":"solivri","url":"\/fr\/?s=solivri"}]}},"_links":{"self":[{"href":"https:\/\/www.justiceinfo.net\/fr\/wp-json\/wp\/v2\/posts\/10516","targetHints":{"allow":["GET"]}}],"collection":[{"href":"https:\/\/www.justiceinfo.net\/fr\/wp-json\/wp\/v2\/posts"}],"about":[{"href":"https:\/\/www.justiceinfo.net\/fr\/wp-json\/wp\/v2\/types\/post"}],"author":[{"embeddable":true,"href":"https:\/\/www.justiceinfo.net\/fr\/wp-json\/wp\/v2\/users\/64"}],"replies":[{"embeddable":true,"href":"https:\/\/www.justiceinfo.net\/fr\/wp-json\/wp\/v2\/comments?post=10516"}],"version-history":[{"count":0,"href":"https:\/\/www.justiceinfo.net\/fr\/wp-json\/wp\/v2\/posts\/10516\/revisions"}],"wp:attachment":[{"href":"https:\/\/www.justiceinfo.net\/fr\/wp-json\/wp\/v2\/media?parent=10516"}],"wp:term":[{"taxonomy":"category","embeddable":true,"href":"https:\/\/www.justiceinfo.net\/fr\/wp-json\/wp\/v2\/categories?post=10516"},{"taxonomy":"post_tag","embeddable":true,"href":"https:\/\/www.justiceinfo.net\/fr\/wp-json\/wp\/v2\/tags?post=10516"},{"taxonomy":"ji_location","embeddable":true,"href":"https:\/\/www.justiceinfo.net\/fr\/wp-json\/wp\/v2\/ji_location?post=10516"}],"curies":[{"name":"wp","href":"https:\/\/api.w.org\/{rel}","templated":true}]}}