{"id":10577,"date":"2009-03-19T00:00:00","date_gmt":"2009-03-18T23:00:00","guid":{"rendered":"https:\/\/www.justiceinfo.net\/10577-190309-rwandaonu-le-rwanda-et-lonu-discuteront-le-27-mars-de-lapres-tpir7384.html"},"modified":"2009-03-19T00:00:00","modified_gmt":"2009-03-18T23:00:00","slug":"190309-rwandaonu-le-rwanda-et-lonu-discuteront-le-27-mars-de-lapres-tpir7384","status":"publish","type":"post","link":"https:\/\/www.justiceinfo.net\/fr\/10577-190309-rwandaonu-le-rwanda-et-lonu-discuteront-le-27-mars-de-lapres-tpir7384.html","title":{"rendered":"19.03.09 - RWANDA\/ONU - LE RWANDA ET L'ONU DISCUTERONT LE 27 MARS DE L'APRES-TPIR"},"content":{"rendered":"<p >\nArusha, 19 mars 2009 (FH) - La Secr&eacute;taire g&eacute;n&eacute;rale adjointe de l'ONU aux Affaires juridiques, Patricia O'Brien, effectuera la semaine prochaine une tourn&eacute;e africaine, dont l'&eacute;tape rwandaise pr&eacute;vue le 27 mars, sera consacr&eacute;e &agrave; des discussions avec les autorit&eacute;s rwandaises sur le projet de mise en place d'un &laquo; m&eacute;canisme r&eacute;siduel &raquo; du Tribunal p&eacute;nal international pour le Rwanda (TPIR).\n<\/p>\n<p><!--more--><\/p>\n<p >\n<p >\nIl s'agit d'une structure qui aura pour mission de g&eacute;rer les questions qui n'auront pas &eacute;t&eacute; r&eacute;gl&eacute;es &agrave; la fermeture du tribunal.\n<\/p>\n<p >\nSelon un &eacute;ch&eacute;ancier fix&eacute; par le Conseil de s&eacute;curit&eacute;, le TPIR bas&eacute; &agrave; Arusha, dans le nord de la Tanzanie, doit terminer les proc&egrave;s en premi&egrave;re instance &agrave; la fin de cette ann&eacute;e et les affaires en appel fin 2010.\n<\/p>\n<p >\n&laquo; Nous sommes heureux de cette visite. La question de la mise en place du m&eacute;canisme r&eacute;siduel, de son pays h&ocirc;te et de la conservation des archives (du tribunal) sera discut&eacute;e en d&eacute;tail &raquo;, a indiqu&eacute; &agrave; l'agence Hirondelle, le repr&eacute;sentant du gouvernement rwandais au TPIR, Aloys Mutabingwa.\n<\/p>\n<p >\nLe Rwanda affirme &ecirc;tre le pays le mieux indiqu&eacute; pour &ecirc;tre le d&eacute;positaire des archives de ce tribunal.\n<\/p>\n<p >\nLa relocalisation des personnes condamn&eacute;es sera &eacute;galement au menu de l'&eacute;tape rwandaise, selon le diplomate.\n<\/p>\n<p >\nLe gouvernement rwandais qui a toujours demand&eacute; &agrave; h&eacute;berger les condamn&eacute;s du TPIR aura un argument de plus apr&egrave;s la signature mercredi d'un accord aux termes duquel Kigali s'engage &agrave; accueillir des prisonniers du Tribunal sp&eacute;cial pour la Sierra Leone (TSSL) cr&eacute;&eacute;, comme celui d'Arusha, par le Conseil de s&eacute;curit&eacute;,.\n<\/p>\n<p >\nSelon ce texte, des condamn&eacute;s&nbsp; du TSSL pourront &ecirc;tre accueillis &agrave; la prison de Mpanga (sud du Rwanda), un centre de d&eacute;tention construit par le gouvernement rwandais dans l'espoir d'y accueillir des condamn&eacute;s du TPIR.\n<\/p>\n<p >\n&laquo; Nous esp&eacute;rons que les Nations unies vont accorder toute son importance &agrave; cet accord. Le TSSL a appr&eacute;ci&eacute; la gestion et les infrastructures de la prison de Mpanga. Cette prison est spacieuse et offre plus que ce qui est requis par le TPIR &raquo;, a soulign&eacute; Mutabingwa.\n<\/p>\n<p >\n&laquo; Ce que le TSSL nous demande aujourd'hui, le TPIR aurait d&ucirc; commencer &agrave; le mettre en application depuis des ann&eacute;es, car il est tenu par son statut de transf&eacute;rer ses condamn&eacute;s vers le Rwanda &raquo;, a ajout&eacute; le diplomate.\n<\/p>\n<p >\nSelon l'article 26 du statut du tribunal, &laquo; les peines d'emprisonnement sont ex&eacute;cut&eacute;es au Rwanda ou dans un Etat d&eacute;sign&eacute; par le TPIR sur la liste des Etats qui ont fait savoir au Conseil de s&eacute;curit&eacute; qu'ils &eacute;taient dispos&eacute;s &agrave; recevoir des condamn&eacute;s &raquo;. Kigali a toujours fait valoir que, d'apr&egrave;s ce texte, la premi&egrave;re destination des prisonniers du TPIR est le Rwanda. Pour les autorit&eacute;s rwandaises, tout transfert d'un condamn&eacute; ailleurs qu'au Rwanda constitue donc une violation du statut m&ecirc;me du tribunal.\n<\/p>\n<p >\nQuinze prisonniers du TPIR, dont l'ancien Premier ministre Jean Kambanda, purgent actuellement leurs peines au Mali, en vertu d'un accord pass&eacute; avec les Nations unies.\n<\/p>\n<p >\nLe Mali mis &agrave; part, six autres pays, dont l'Italie qui abrite l'ancien pr&eacute;sentateur italo-belge de la RTLM, Georges Ruggiu, seul non Rwandais &agrave; avoir &eacute;t&eacute; condamn&eacute; par le TPIR, ont sign&eacute; l' accord sur l'ex&eacute;cution des peines.\n<\/p>\n<p >\nLes autres pays signataires, mais qui n'ont encore re&ccedil;u aucun prisonnier, sont le B&eacute;nin, le Swaziland, la France, la Su&egrave;de et le Rwanda.\n<\/p>\n<p >\nER\/GF\n<\/p>\n<p>\n&copy; Agence Hirondelle<\/p>\n","protected":false},"excerpt":{"rendered":"<p>Arusha, 19 mars 2009 (FH) - La Secr&eacute;taire g&eacute;n&eacute;rale adjointe de l'ONU aux Affaires juridiques, Patricia O'Brien, effectuera la semaine prochaine une tourn&eacute;e africaine, dont l'&eacute;tape rwandaise pr&eacute;vue le 27 mars, sera consacr&eacute;e &agrave; des discussions avec les autorit&eacute;s rwandaises sur le projet de mise en place d'un &laquo; m&eacute;canisme r&eacute;siduel &raquo; du Tribunal p&eacute;nal [&hellip;]<\/p>\n","protected":false},"author":64,"featured_media":0,"comment_status":"open","ping_status":"closed","sticky":false,"template":"","format":"standard","meta":{"_acf_changed":false,"footnotes":""},"categories":[554],"tags":[],"ji_location":[],"class_list":["post-10577","post","type-post","status-publish","format-standard","hentry","category-hirondellenews"],"acf":[],"yoast_head":"<!-- This site is optimized with the Yoast SEO Premium plugin v25.3.1 (Yoast SEO v25.3.1) - https:\/\/yoast.com\/wordpress\/plugins\/seo\/ -->\n<title>19.03.09 - RWANDA\/ONU - LE RWANDA ET L&#039;ONU DISCUTERONT LE 27 MARS DE L&#039;APRES-TPIR - JusticeInfo.net<\/title>\n<meta name=\"robots\" content=\"index, follow, max-snippet:-1, max-image-preview:large, max-video-preview:-1\" \/>\n<link rel=\"canonical\" href=\"https:\/\/www.justiceinfo.net\/fr\/10577-190309-rwandaonu-le-rwanda-et-lonu-discuteront-le-27-mars-de-lapres-tpir7384.html\" \/>\n<meta property=\"og:locale\" content=\"fr_FR\" \/>\n<meta property=\"og:type\" content=\"article\" \/>\n<meta property=\"og:title\" content=\"19.03.09 - RWANDA\/ONU - LE RWANDA ET L&#039;ONU DISCUTERONT LE 27 MARS DE L&#039;APRES-TPIR\" \/>\n<meta property=\"og:description\" content=\"Arusha, 19 mars 2009 (FH) - La Secr&eacute;taire g&eacute;n&eacute;rale adjointe de l&#039;ONU aux Affaires juridiques, Patricia O&#039;Brien, effectuera la semaine prochaine une tourn&eacute;e africaine, dont l&#039;&eacute;tape rwandaise pr&eacute;vue le 27 mars, sera consacr&eacute;e &agrave; des discussions avec les autorit&eacute;s rwandaises sur le projet de mise en place d&#039;un &laquo; m&eacute;canisme r&eacute;siduel &raquo; du Tribunal p&eacute;nal [&hellip;]\" \/>\n<meta property=\"og:url\" content=\"https:\/\/www.justiceinfo.net\/fr\/10577-190309-rwandaonu-le-rwanda-et-lonu-discuteront-le-27-mars-de-lapres-tpir7384.html\" \/>\n<meta property=\"og:site_name\" content=\"JusticeInfo.net\" \/>\n<meta property=\"article:publisher\" content=\"https:\/\/www.facebook.com\/JusticeInfo\/\" \/>\n<meta property=\"article:published_time\" content=\"2009-03-18T23:00:00+00:00\" \/>\n<meta property=\"og:image\" content=\"https:\/\/www.justiceinfo.net\/wp-content\/uploads\/JusticeInfoNet_logo_1200x630px.jpg\" \/>\n\t<meta property=\"og:image:width\" content=\"1200\" \/>\n\t<meta property=\"og:image:height\" content=\"630\" \/>\n\t<meta property=\"og:image:type\" content=\"image\/jpeg\" \/>\n<meta name=\"author\" content=\"solivri\" \/>\n<meta name=\"twitter:card\" content=\"summary_large_image\" \/>\n<meta name=\"twitter:creator\" content=\"@justiceinfonet\" \/>\n<meta name=\"twitter:site\" content=\"@justiceinfonet\" \/>\n<meta name=\"twitter:label1\" content=\"\u00c9crit par\" \/>\n\t<meta name=\"twitter:data1\" content=\"solivri\" \/>\n\t<meta name=\"twitter:label2\" content=\"Dur\u00e9e de lecture estim\u00e9e\" \/>\n\t<meta name=\"twitter:data2\" content=\"3 minutes\" \/>\n<script type=\"application\/ld+json\" class=\"yoast-schema-graph\">{\"@context\":\"https:\/\/schema.org\",\"@graph\":[{\"@type\":\"NewsArticle\",\"@id\":\"https:\/\/www.justiceinfo.net\/fr\/10577-190309-rwandaonu-le-rwanda-et-lonu-discuteront-le-27-mars-de-lapres-tpir7384.html#article\",\"isPartOf\":{\"@id\":\"https:\/\/www.justiceinfo.net\/fr\/10577-190309-rwandaonu-le-rwanda-et-lonu-discuteront-le-27-mars-de-lapres-tpir7384.html\"},\"author\":{\"name\":\"solivri\",\"@id\":\"https:\/\/www.justiceinfo.net\/fr#\/schema\/person\/6e53cba1629e2e66f3fc1821d3091865\"},\"headline\":\"19.03.09 - RWANDA\/ONU - LE RWANDA ET L'ONU DISCUTERONT LE 27 MARS DE L'APRES-TPIR\",\"datePublished\":\"2009-03-18T23:00:00+00:00\",\"mainEntityOfPage\":{\"@id\":\"https:\/\/www.justiceinfo.net\/fr\/10577-190309-rwandaonu-le-rwanda-et-lonu-discuteront-le-27-mars-de-lapres-tpir7384.html\"},\"wordCount\":727,\"commentCount\":0,\"publisher\":{\"@id\":\"https:\/\/www.justiceinfo.net\/fr#organization\"},\"articleSection\":[\"Hirondelle News\"],\"inLanguage\":\"fr-FR\",\"potentialAction\":[{\"@type\":\"CommentAction\",\"name\":\"Comment\",\"target\":[\"https:\/\/www.justiceinfo.net\/fr\/10577-190309-rwandaonu-le-rwanda-et-lonu-discuteront-le-27-mars-de-lapres-tpir7384.html#respond\"]}]},{\"@type\":\"WebPage\",\"@id\":\"https:\/\/www.justiceinfo.net\/fr\/10577-190309-rwandaonu-le-rwanda-et-lonu-discuteront-le-27-mars-de-lapres-tpir7384.html\",\"url\":\"https:\/\/www.justiceinfo.net\/fr\/10577-190309-rwandaonu-le-rwanda-et-lonu-discuteront-le-27-mars-de-lapres-tpir7384.html\",\"name\":\"19.03.09 - RWANDA\/ONU - LE RWANDA ET L'ONU DISCUTERONT LE 27 MARS DE L'APRES-TPIR - JusticeInfo.net\",\"isPartOf\":{\"@id\":\"https:\/\/www.justiceinfo.net\/fr#website\"},\"datePublished\":\"2009-03-18T23:00:00+00:00\",\"breadcrumb\":{\"@id\":\"https:\/\/www.justiceinfo.net\/fr\/10577-190309-rwandaonu-le-rwanda-et-lonu-discuteront-le-27-mars-de-lapres-tpir7384.html#breadcrumb\"},\"inLanguage\":\"fr-FR\",\"potentialAction\":[{\"@type\":\"ReadAction\",\"target\":[\"https:\/\/www.justiceinfo.net\/fr\/10577-190309-rwandaonu-le-rwanda-et-lonu-discuteront-le-27-mars-de-lapres-tpir7384.html\"]}]},{\"@type\":\"BreadcrumbList\",\"@id\":\"https:\/\/www.justiceinfo.net\/fr\/10577-190309-rwandaonu-le-rwanda-et-lonu-discuteront-le-27-mars-de-lapres-tpir7384.html#breadcrumb\",\"itemListElement\":[{\"@type\":\"ListItem\",\"position\":1,\"name\":\"Home\",\"item\":\"https:\/\/www.justiceinfo.net\/fr\"},{\"@type\":\"ListItem\",\"position\":2,\"name\":\"19.03.09 - RWANDA\/ONU - LE RWANDA ET L'ONU DISCUTERONT LE 27 MARS DE L'APRES-TPIR\"}]},{\"@type\":\"WebSite\",\"@id\":\"https:\/\/www.justiceinfo.net\/fr#website\",\"url\":\"https:\/\/www.justiceinfo.net\/fr\",\"name\":\"JusticeInfo.net\",\"description\":\"La justice doit \u00eatre vue pour \u00eatre rendue\",\"publisher\":{\"@id\":\"https:\/\/www.justiceinfo.net\/fr#organization\"},\"potentialAction\":[{\"@type\":\"SearchAction\",\"target\":{\"@type\":\"EntryPoint\",\"urlTemplate\":\"https:\/\/www.justiceinfo.net\/fr?s={search_term_string}\"},\"query-input\":{\"@type\":\"PropertyValueSpecification\",\"valueRequired\":true,\"valueName\":\"search_term_string\"}}],\"inLanguage\":\"fr-FR\"},{\"@type\":\"Organization\",\"@id\":\"https:\/\/www.justiceinfo.net\/fr#organization\",\"name\":\"Justice Info\",\"url\":\"https:\/\/www.justiceinfo.net\/fr\",\"logo\":{\"@type\":\"ImageObject\",\"inLanguage\":\"fr-FR\",\"@id\":\"https:\/\/www.justiceinfo.net\/fr#\/schema\/logo\/image\/\",\"url\":\"https:\/\/www.justiceinfo.net\/wp-content\/uploads\/justiceinfo_logo-trans_1200x1200px.png\",\"contentUrl\":\"https:\/\/www.justiceinfo.net\/wp-content\/uploads\/justiceinfo_logo-trans_1200x1200px.png\",\"width\":1199,\"height\":1200,\"caption\":\"Justice Info\"},\"image\":{\"@id\":\"https:\/\/www.justiceinfo.net\/fr#\/schema\/logo\/image\/\"},\"sameAs\":[\"https:\/\/www.facebook.com\/JusticeInfo\/\",\"https:\/\/x.com\/justiceinfonet\",\"https:\/\/www.linkedin.com\/company\/justice-info\",\"https:\/\/www.youtube.com\/channel\/UCyCEsARodyuWtkWyhn-e7pA\"]},{\"@type\":\"Person\",\"name\":\"solivri\",\"url\":\"\/fr\/?s=solivri\"}]}<\/script>\n<!-- \/ Yoast SEO Premium plugin. -->","yoast_head_json":{"title":"19.03.09 - RWANDA\/ONU - LE RWANDA ET L'ONU DISCUTERONT LE 27 MARS DE L'APRES-TPIR - JusticeInfo.net","robots":{"index":"index","follow":"follow","max-snippet":"max-snippet:-1","max-image-preview":"max-image-preview:large","max-video-preview":"max-video-preview:-1"},"canonical":"https:\/\/www.justiceinfo.net\/fr\/10577-190309-rwandaonu-le-rwanda-et-lonu-discuteront-le-27-mars-de-lapres-tpir7384.html","og_locale":"fr_FR","og_type":"article","og_title":"19.03.09 - RWANDA\/ONU - LE RWANDA ET L'ONU DISCUTERONT LE 27 MARS DE L'APRES-TPIR","og_description":"Arusha, 19 mars 2009 (FH) - La Secr&eacute;taire g&eacute;n&eacute;rale adjointe de l'ONU aux Affaires juridiques, Patricia O'Brien, effectuera la semaine prochaine une tourn&eacute;e africaine, dont l'&eacute;tape rwandaise pr&eacute;vue le 27 mars, sera consacr&eacute;e &agrave; des discussions avec les autorit&eacute;s rwandaises sur le projet de mise en place d'un &laquo; m&eacute;canisme r&eacute;siduel &raquo; du Tribunal p&eacute;nal [&hellip;]","og_url":"https:\/\/www.justiceinfo.net\/fr\/10577-190309-rwandaonu-le-rwanda-et-lonu-discuteront-le-27-mars-de-lapres-tpir7384.html","og_site_name":"JusticeInfo.net","article_publisher":"https:\/\/www.facebook.com\/JusticeInfo\/","article_published_time":"2009-03-18T23:00:00+00:00","og_image":[{"width":1200,"height":630,"url":"https:\/\/www.justiceinfo.net\/wp-content\/uploads\/JusticeInfoNet_logo_1200x630px.jpg","type":"image\/jpeg"}],"author":"solivri","twitter_card":"summary_large_image","twitter_creator":"@justiceinfonet","twitter_site":"@justiceinfonet","twitter_misc":{"\u00c9crit par":"solivri","Dur\u00e9e de lecture estim\u00e9e":"3 minutes"},"schema":{"@context":"https:\/\/schema.org","@graph":[{"@type":"NewsArticle","@id":"https:\/\/www.justiceinfo.net\/fr\/10577-190309-rwandaonu-le-rwanda-et-lonu-discuteront-le-27-mars-de-lapres-tpir7384.html#article","isPartOf":{"@id":"https:\/\/www.justiceinfo.net\/fr\/10577-190309-rwandaonu-le-rwanda-et-lonu-discuteront-le-27-mars-de-lapres-tpir7384.html"},"author":{"name":"solivri","@id":"https:\/\/www.justiceinfo.net\/fr#\/schema\/person\/6e53cba1629e2e66f3fc1821d3091865"},"headline":"19.03.09 - RWANDA\/ONU - LE RWANDA ET L'ONU DISCUTERONT LE 27 MARS DE L'APRES-TPIR","datePublished":"2009-03-18T23:00:00+00:00","mainEntityOfPage":{"@id":"https:\/\/www.justiceinfo.net\/fr\/10577-190309-rwandaonu-le-rwanda-et-lonu-discuteront-le-27-mars-de-lapres-tpir7384.html"},"wordCount":727,"commentCount":0,"publisher":{"@id":"https:\/\/www.justiceinfo.net\/fr#organization"},"articleSection":["Hirondelle News"],"inLanguage":"fr-FR","potentialAction":[{"@type":"CommentAction","name":"Comment","target":["https:\/\/www.justiceinfo.net\/fr\/10577-190309-rwandaonu-le-rwanda-et-lonu-discuteront-le-27-mars-de-lapres-tpir7384.html#respond"]}]},{"@type":"WebPage","@id":"https:\/\/www.justiceinfo.net\/fr\/10577-190309-rwandaonu-le-rwanda-et-lonu-discuteront-le-27-mars-de-lapres-tpir7384.html","url":"https:\/\/www.justiceinfo.net\/fr\/10577-190309-rwandaonu-le-rwanda-et-lonu-discuteront-le-27-mars-de-lapres-tpir7384.html","name":"19.03.09 - RWANDA\/ONU - LE RWANDA ET L'ONU DISCUTERONT LE 27 MARS DE L'APRES-TPIR - JusticeInfo.net","isPartOf":{"@id":"https:\/\/www.justiceinfo.net\/fr#website"},"datePublished":"2009-03-18T23:00:00+00:00","breadcrumb":{"@id":"https:\/\/www.justiceinfo.net\/fr\/10577-190309-rwandaonu-le-rwanda-et-lonu-discuteront-le-27-mars-de-lapres-tpir7384.html#breadcrumb"},"inLanguage":"fr-FR","potentialAction":[{"@type":"ReadAction","target":["https:\/\/www.justiceinfo.net\/fr\/10577-190309-rwandaonu-le-rwanda-et-lonu-discuteront-le-27-mars-de-lapres-tpir7384.html"]}]},{"@type":"BreadcrumbList","@id":"https:\/\/www.justiceinfo.net\/fr\/10577-190309-rwandaonu-le-rwanda-et-lonu-discuteront-le-27-mars-de-lapres-tpir7384.html#breadcrumb","itemListElement":[{"@type":"ListItem","position":1,"name":"Home","item":"https:\/\/www.justiceinfo.net\/fr"},{"@type":"ListItem","position":2,"name":"19.03.09 - RWANDA\/ONU - LE RWANDA ET L'ONU DISCUTERONT LE 27 MARS DE L'APRES-TPIR"}]},{"@type":"WebSite","@id":"https:\/\/www.justiceinfo.net\/fr#website","url":"https:\/\/www.justiceinfo.net\/fr","name":"JusticeInfo.net","description":"La justice doit \u00eatre vue pour \u00eatre rendue","publisher":{"@id":"https:\/\/www.justiceinfo.net\/fr#organization"},"potentialAction":[{"@type":"SearchAction","target":{"@type":"EntryPoint","urlTemplate":"https:\/\/www.justiceinfo.net\/fr?s={search_term_string}"},"query-input":{"@type":"PropertyValueSpecification","valueRequired":true,"valueName":"search_term_string"}}],"inLanguage":"fr-FR"},{"@type":"Organization","@id":"https:\/\/www.justiceinfo.net\/fr#organization","name":"Justice Info","url":"https:\/\/www.justiceinfo.net\/fr","logo":{"@type":"ImageObject","inLanguage":"fr-FR","@id":"https:\/\/www.justiceinfo.net\/fr#\/schema\/logo\/image\/","url":"https:\/\/www.justiceinfo.net\/wp-content\/uploads\/justiceinfo_logo-trans_1200x1200px.png","contentUrl":"https:\/\/www.justiceinfo.net\/wp-content\/uploads\/justiceinfo_logo-trans_1200x1200px.png","width":1199,"height":1200,"caption":"Justice Info"},"image":{"@id":"https:\/\/www.justiceinfo.net\/fr#\/schema\/logo\/image\/"},"sameAs":["https:\/\/www.facebook.com\/JusticeInfo\/","https:\/\/x.com\/justiceinfonet","https:\/\/www.linkedin.com\/company\/justice-info","https:\/\/www.youtube.com\/channel\/UCyCEsARodyuWtkWyhn-e7pA"]},{"@type":"Person","name":"solivri","url":"\/fr\/?s=solivri"}]}},"_links":{"self":[{"href":"https:\/\/www.justiceinfo.net\/fr\/wp-json\/wp\/v2\/posts\/10577","targetHints":{"allow":["GET"]}}],"collection":[{"href":"https:\/\/www.justiceinfo.net\/fr\/wp-json\/wp\/v2\/posts"}],"about":[{"href":"https:\/\/www.justiceinfo.net\/fr\/wp-json\/wp\/v2\/types\/post"}],"author":[{"embeddable":true,"href":"https:\/\/www.justiceinfo.net\/fr\/wp-json\/wp\/v2\/users\/64"}],"replies":[{"embeddable":true,"href":"https:\/\/www.justiceinfo.net\/fr\/wp-json\/wp\/v2\/comments?post=10577"}],"version-history":[{"count":0,"href":"https:\/\/www.justiceinfo.net\/fr\/wp-json\/wp\/v2\/posts\/10577\/revisions"}],"wp:attachment":[{"href":"https:\/\/www.justiceinfo.net\/fr\/wp-json\/wp\/v2\/media?parent=10577"}],"wp:term":[{"taxonomy":"category","embeddable":true,"href":"https:\/\/www.justiceinfo.net\/fr\/wp-json\/wp\/v2\/categories?post=10577"},{"taxonomy":"post_tag","embeddable":true,"href":"https:\/\/www.justiceinfo.net\/fr\/wp-json\/wp\/v2\/tags?post=10577"},{"taxonomy":"ji_location","embeddable":true,"href":"https:\/\/www.justiceinfo.net\/fr\/wp-json\/wp\/v2\/ji_location?post=10577"}],"curies":[{"name":"wp","href":"https:\/\/api.w.org\/{rel}","templated":true}]}}