{"id":10591,"date":"2009-03-23T00:00:00","date_gmt":"2009-03-22T23:00:00","guid":{"rendered":"https:\/\/www.justiceinfo.net\/10591-230309-tpirkaremera-la-chambre-revient-sur-la-disjonction-dinstances-dans-laffaire-mrnd7398.html"},"modified":"2009-03-23T00:00:00","modified_gmt":"2009-03-22T23:00:00","slug":"230309-tpirkaremera-la-chambre-revient-sur-la-disjonction-dinstances-dans-laffaire-mrnd7398","status":"publish","type":"post","link":"https:\/\/www.justiceinfo.net\/fr\/10591-230309-tpirkaremera-la-chambre-revient-sur-la-disjonction-dinstances-dans-laffaire-mrnd7398.html","title":{"rendered":"23.03.09 - TPIR\/KAREMERA - LA CHAMBRE REVIENT SUR LA DISJONCTION D'INSTANCES DANS L'AFFAIRE MRND"},"content":{"rendered":"<p >\nArusha, 23 mars 2009 (FH) - La chambre du Tribunal p&eacute;nal international pour le Rwanda (TPIR) saisie du proc&egrave;s de trois dirigeants de l'ex-parti pr&eacute;sidentiel est revenue lundi sur sa d&eacute;cision de disjonction d'instances qu'elle avait rendue au d&eacute;but du mois, suite &agrave; la maladie&nbsp; prolong&eacute;e de l'un des accus&eacute;s.\n<\/p>\n<p><!--more--><\/p>\n<p >\n<p >\nLe 03 mars, les trois juges avaient ordonn&eacute; que les anciens vice-pr&eacute;sident et secr&eacute;taire g&eacute;n&eacute;ral du Mouvement r&eacute;publicain national pour la d&eacute;mocratie et le d&eacute;veloppement (MRND), Edouard Karemera et Joseph Nzirorera continuent &agrave; &ecirc;tre jug&eacute;s ensemble et que l'ex-pr&eacute;sident du parti, Mathieu Ngirumpatse, hospitalis&eacute; &agrave; Nairobi, au Kenya, soit jug&eacute; s&eacute;par&eacute;ment.\n<\/p>\n<p >\nLes &eacute;quipes de d&eacute;fense avaient imm&eacute;diatement fait appel de la d&eacute;cision.\n<\/p>\n<p >\nLundi, la chambre est revenue sur sa d&eacute;cision apr&egrave;s que Ngirumpatse, joint au t&eacute;l&eacute;phone, par son avocate Chantal Hounkpatin, eut accept&eacute; que les d&eacute;bats se poursuivent en son absence, en attendant la d&eacute;cision de la chambre d'appel.\n<\/p>\n<p >\nParalys&eacute; depuis ao&ucirc;t dernier par le mauvais &eacute;tat de sant&eacute; de l'ex-pr&eacute;sident du MRND, le proc&egrave;s pourra ainsi reprendre mardi avec la suite du d&eacute;fil&eacute; des t&eacute;moins de Karemera, premier &agrave; pr&eacute;senter sa d&eacute;fense.\n<\/p>\n<p >\n<p >\nLe proc&egrave;s joint des trois dirigeants du MRND a commenc&eacute; le 19 septembre 2005. Le procureur a termin&eacute; son accusation le 4 d&eacute;cembre 2007.\n<\/p>\n<p >\n<p >\nDans cette affaire consid&eacute;r&eacute;e comme l'une des plus importantes du tribunal, l'accusation s'est assign&eacute; pour t&acirc;che essentielle de prouver la r&eacute;alit&eacute;, &agrave; la t&ecirc;te de l'ancien parti pr&eacute;sidentiel, d'une entreprise criminelle commune visant &agrave; commettre le g&eacute;nocide perp&eacute;tr&eacute; contre les Tutsis en 1994.\n<\/p>\n<p >\n<p >\nUne premi&egrave;re proc&eacute;dure dans laquelle les trois leaders &eacute;taient poursuivis avec l'ancien ministre de l'Enseignement, Andr&eacute; Rwamakuba qui venait d'un autre parti, avait &eacute;t&eacute; annul&eacute;e en septembre 2004, en raison de &laquo; l'apparence de partialit&eacute; &raquo; de l'un des juges, la S&eacute;n&eacute;galaise Andr&eacute;sia Vaz.\n<\/p>\n<p >\n<p >\nDans la foul&eacute;e, le procureur avait demand&eacute; et obtenu en f&eacute;vrier 2005 un proc&egrave;s s&eacute;par&eacute; pour les responsables de l'ex-parti pr&eacute;sidentiel.\n<\/p>\n<p >\n<p >\nJug&eacute; seul, Rwamakuba a, quant &agrave; lui, &eacute;t&eacute; acquitt&eacute; en septembre 2006 et vit en Suisse depuis l'ann&eacute;e derni&egrave;re.\n<\/p>\n<p >\n<p >\nER\/GF\n<\/p>\n<p >\n<p>\n&copy; Agence Hirondelle<\/p>\n","protected":false},"excerpt":{"rendered":"<p>Arusha, 23 mars 2009 (FH) - La chambre du Tribunal p&eacute;nal international pour le Rwanda (TPIR) saisie du proc&egrave;s de trois dirigeants de l'ex-parti pr&eacute;sidentiel est revenue lundi sur sa d&eacute;cision de disjonction d'instances qu'elle avait rendue au d&eacute;but du mois, suite &agrave; la maladie&nbsp; prolong&eacute;e de l'un des accus&eacute;s.<\/p>\n","protected":false},"author":64,"featured_media":0,"comment_status":"open","ping_status":"closed","sticky":false,"template":"","format":"standard","meta":{"_acf_changed":false,"footnotes":""},"categories":[554],"tags":[],"ji_location":[],"class_list":["post-10591","post","type-post","status-publish","format-standard","hentry","category-hirondellenews"],"acf":[],"yoast_head":"<!-- This site is optimized with the Yoast SEO Premium plugin v25.3.1 (Yoast SEO v25.3.1) - https:\/\/yoast.com\/wordpress\/plugins\/seo\/ -->\n<title>23.03.09 - TPIR\/KAREMERA - LA CHAMBRE REVIENT SUR LA DISJONCTION D&#039;INSTANCES DANS L&#039;AFFAIRE MRND - JusticeInfo.net<\/title>\n<meta name=\"robots\" content=\"index, follow, max-snippet:-1, max-image-preview:large, max-video-preview:-1\" \/>\n<link rel=\"canonical\" href=\"https:\/\/www.justiceinfo.net\/fr\/10591-230309-tpirkaremera-la-chambre-revient-sur-la-disjonction-dinstances-dans-laffaire-mrnd7398.html\" \/>\n<meta property=\"og:locale\" content=\"fr_FR\" \/>\n<meta property=\"og:type\" content=\"article\" \/>\n<meta property=\"og:title\" content=\"23.03.09 - TPIR\/KAREMERA - LA CHAMBRE REVIENT SUR LA DISJONCTION D&#039;INSTANCES DANS L&#039;AFFAIRE MRND\" \/>\n<meta property=\"og:description\" content=\"Arusha, 23 mars 2009 (FH) - La chambre du Tribunal p&eacute;nal international pour le Rwanda (TPIR) saisie du proc&egrave;s de trois dirigeants de l&#039;ex-parti pr&eacute;sidentiel est revenue lundi sur sa d&eacute;cision de disjonction d&#039;instances qu&#039;elle avait rendue au d&eacute;but du mois, suite &agrave; la maladie&nbsp; prolong&eacute;e de l&#039;un des accus&eacute;s.\" \/>\n<meta property=\"og:url\" content=\"https:\/\/www.justiceinfo.net\/fr\/10591-230309-tpirkaremera-la-chambre-revient-sur-la-disjonction-dinstances-dans-laffaire-mrnd7398.html\" \/>\n<meta property=\"og:site_name\" content=\"JusticeInfo.net\" \/>\n<meta property=\"article:publisher\" content=\"https:\/\/www.facebook.com\/JusticeInfo\/\" \/>\n<meta property=\"article:published_time\" content=\"2009-03-22T23:00:00+00:00\" \/>\n<meta property=\"og:image\" content=\"https:\/\/www.justiceinfo.net\/wp-content\/uploads\/JusticeInfoNet_logo_1200x630px.jpg\" \/>\n\t<meta property=\"og:image:width\" content=\"1200\" \/>\n\t<meta property=\"og:image:height\" content=\"630\" \/>\n\t<meta property=\"og:image:type\" content=\"image\/jpeg\" \/>\n<meta name=\"author\" content=\"solivri\" \/>\n<meta name=\"twitter:card\" content=\"summary_large_image\" \/>\n<meta name=\"twitter:creator\" content=\"@justiceinfonet\" \/>\n<meta name=\"twitter:site\" content=\"@justiceinfonet\" \/>\n<meta name=\"twitter:label1\" content=\"\u00c9crit par\" \/>\n\t<meta name=\"twitter:data1\" content=\"solivri\" \/>\n\t<meta name=\"twitter:label2\" content=\"Dur\u00e9e de lecture estim\u00e9e\" \/>\n\t<meta name=\"twitter:data2\" content=\"2 minutes\" \/>\n<script type=\"application\/ld+json\" class=\"yoast-schema-graph\">{\"@context\":\"https:\/\/schema.org\",\"@graph\":[{\"@type\":\"NewsArticle\",\"@id\":\"https:\/\/www.justiceinfo.net\/fr\/10591-230309-tpirkaremera-la-chambre-revient-sur-la-disjonction-dinstances-dans-laffaire-mrnd7398.html#article\",\"isPartOf\":{\"@id\":\"https:\/\/www.justiceinfo.net\/fr\/10591-230309-tpirkaremera-la-chambre-revient-sur-la-disjonction-dinstances-dans-laffaire-mrnd7398.html\"},\"author\":{\"name\":\"solivri\",\"@id\":\"https:\/\/www.justiceinfo.net\/fr#\/schema\/person\/6e53cba1629e2e66f3fc1821d3091865\"},\"headline\":\"23.03.09 - TPIR\/KAREMERA - LA CHAMBRE REVIENT SUR LA DISJONCTION D'INSTANCES DANS L'AFFAIRE MRND\",\"datePublished\":\"2009-03-22T23:00:00+00:00\",\"mainEntityOfPage\":{\"@id\":\"https:\/\/www.justiceinfo.net\/fr\/10591-230309-tpirkaremera-la-chambre-revient-sur-la-disjonction-dinstances-dans-laffaire-mrnd7398.html\"},\"wordCount\":504,\"commentCount\":0,\"publisher\":{\"@id\":\"https:\/\/www.justiceinfo.net\/fr#organization\"},\"articleSection\":[\"Hirondelle News\"],\"inLanguage\":\"fr-FR\",\"potentialAction\":[{\"@type\":\"CommentAction\",\"name\":\"Comment\",\"target\":[\"https:\/\/www.justiceinfo.net\/fr\/10591-230309-tpirkaremera-la-chambre-revient-sur-la-disjonction-dinstances-dans-laffaire-mrnd7398.html#respond\"]}]},{\"@type\":\"WebPage\",\"@id\":\"https:\/\/www.justiceinfo.net\/fr\/10591-230309-tpirkaremera-la-chambre-revient-sur-la-disjonction-dinstances-dans-laffaire-mrnd7398.html\",\"url\":\"https:\/\/www.justiceinfo.net\/fr\/10591-230309-tpirkaremera-la-chambre-revient-sur-la-disjonction-dinstances-dans-laffaire-mrnd7398.html\",\"name\":\"23.03.09 - TPIR\/KAREMERA - LA CHAMBRE REVIENT SUR LA DISJONCTION D'INSTANCES DANS L'AFFAIRE MRND - JusticeInfo.net\",\"isPartOf\":{\"@id\":\"https:\/\/www.justiceinfo.net\/fr#website\"},\"datePublished\":\"2009-03-22T23:00:00+00:00\",\"breadcrumb\":{\"@id\":\"https:\/\/www.justiceinfo.net\/fr\/10591-230309-tpirkaremera-la-chambre-revient-sur-la-disjonction-dinstances-dans-laffaire-mrnd7398.html#breadcrumb\"},\"inLanguage\":\"fr-FR\",\"potentialAction\":[{\"@type\":\"ReadAction\",\"target\":[\"https:\/\/www.justiceinfo.net\/fr\/10591-230309-tpirkaremera-la-chambre-revient-sur-la-disjonction-dinstances-dans-laffaire-mrnd7398.html\"]}]},{\"@type\":\"BreadcrumbList\",\"@id\":\"https:\/\/www.justiceinfo.net\/fr\/10591-230309-tpirkaremera-la-chambre-revient-sur-la-disjonction-dinstances-dans-laffaire-mrnd7398.html#breadcrumb\",\"itemListElement\":[{\"@type\":\"ListItem\",\"position\":1,\"name\":\"Home\",\"item\":\"https:\/\/www.justiceinfo.net\/fr\"},{\"@type\":\"ListItem\",\"position\":2,\"name\":\"23.03.09 - TPIR\/KAREMERA - LA CHAMBRE REVIENT SUR LA DISJONCTION D'INSTANCES DANS L'AFFAIRE MRND\"}]},{\"@type\":\"WebSite\",\"@id\":\"https:\/\/www.justiceinfo.net\/fr#website\",\"url\":\"https:\/\/www.justiceinfo.net\/fr\",\"name\":\"JusticeInfo.net\",\"description\":\"La justice doit \u00eatre vue pour \u00eatre rendue\",\"publisher\":{\"@id\":\"https:\/\/www.justiceinfo.net\/fr#organization\"},\"potentialAction\":[{\"@type\":\"SearchAction\",\"target\":{\"@type\":\"EntryPoint\",\"urlTemplate\":\"https:\/\/www.justiceinfo.net\/fr?s={search_term_string}\"},\"query-input\":{\"@type\":\"PropertyValueSpecification\",\"valueRequired\":true,\"valueName\":\"search_term_string\"}}],\"inLanguage\":\"fr-FR\"},{\"@type\":\"Organization\",\"@id\":\"https:\/\/www.justiceinfo.net\/fr#organization\",\"name\":\"Justice Info\",\"url\":\"https:\/\/www.justiceinfo.net\/fr\",\"logo\":{\"@type\":\"ImageObject\",\"inLanguage\":\"fr-FR\",\"@id\":\"https:\/\/www.justiceinfo.net\/fr#\/schema\/logo\/image\/\",\"url\":\"https:\/\/www.justiceinfo.net\/wp-content\/uploads\/justiceinfo_logo-trans_1200x1200px.png\",\"contentUrl\":\"https:\/\/www.justiceinfo.net\/wp-content\/uploads\/justiceinfo_logo-trans_1200x1200px.png\",\"width\":1199,\"height\":1200,\"caption\":\"Justice Info\"},\"image\":{\"@id\":\"https:\/\/www.justiceinfo.net\/fr#\/schema\/logo\/image\/\"},\"sameAs\":[\"https:\/\/www.facebook.com\/JusticeInfo\/\",\"https:\/\/x.com\/justiceinfonet\",\"https:\/\/www.linkedin.com\/company\/justice-info\",\"https:\/\/www.youtube.com\/channel\/UCyCEsARodyuWtkWyhn-e7pA\"]},{\"@type\":\"Person\",\"name\":\"solivri\",\"url\":\"\/fr\/?s=solivri\"}]}<\/script>\n<!-- \/ Yoast SEO Premium plugin. -->","yoast_head_json":{"title":"23.03.09 - TPIR\/KAREMERA - LA CHAMBRE REVIENT SUR LA DISJONCTION D'INSTANCES DANS L'AFFAIRE MRND - JusticeInfo.net","robots":{"index":"index","follow":"follow","max-snippet":"max-snippet:-1","max-image-preview":"max-image-preview:large","max-video-preview":"max-video-preview:-1"},"canonical":"https:\/\/www.justiceinfo.net\/fr\/10591-230309-tpirkaremera-la-chambre-revient-sur-la-disjonction-dinstances-dans-laffaire-mrnd7398.html","og_locale":"fr_FR","og_type":"article","og_title":"23.03.09 - TPIR\/KAREMERA - LA CHAMBRE REVIENT SUR LA DISJONCTION D'INSTANCES DANS L'AFFAIRE MRND","og_description":"Arusha, 23 mars 2009 (FH) - La chambre du Tribunal p&eacute;nal international pour le Rwanda (TPIR) saisie du proc&egrave;s de trois dirigeants de l'ex-parti pr&eacute;sidentiel est revenue lundi sur sa d&eacute;cision de disjonction d'instances qu'elle avait rendue au d&eacute;but du mois, suite &agrave; la maladie&nbsp; prolong&eacute;e de l'un des accus&eacute;s.","og_url":"https:\/\/www.justiceinfo.net\/fr\/10591-230309-tpirkaremera-la-chambre-revient-sur-la-disjonction-dinstances-dans-laffaire-mrnd7398.html","og_site_name":"JusticeInfo.net","article_publisher":"https:\/\/www.facebook.com\/JusticeInfo\/","article_published_time":"2009-03-22T23:00:00+00:00","og_image":[{"width":1200,"height":630,"url":"https:\/\/www.justiceinfo.net\/wp-content\/uploads\/JusticeInfoNet_logo_1200x630px.jpg","type":"image\/jpeg"}],"author":"solivri","twitter_card":"summary_large_image","twitter_creator":"@justiceinfonet","twitter_site":"@justiceinfonet","twitter_misc":{"\u00c9crit par":"solivri","Dur\u00e9e de lecture estim\u00e9e":"2 minutes"},"schema":{"@context":"https:\/\/schema.org","@graph":[{"@type":"NewsArticle","@id":"https:\/\/www.justiceinfo.net\/fr\/10591-230309-tpirkaremera-la-chambre-revient-sur-la-disjonction-dinstances-dans-laffaire-mrnd7398.html#article","isPartOf":{"@id":"https:\/\/www.justiceinfo.net\/fr\/10591-230309-tpirkaremera-la-chambre-revient-sur-la-disjonction-dinstances-dans-laffaire-mrnd7398.html"},"author":{"name":"solivri","@id":"https:\/\/www.justiceinfo.net\/fr#\/schema\/person\/6e53cba1629e2e66f3fc1821d3091865"},"headline":"23.03.09 - TPIR\/KAREMERA - LA CHAMBRE REVIENT SUR LA DISJONCTION D'INSTANCES DANS L'AFFAIRE MRND","datePublished":"2009-03-22T23:00:00+00:00","mainEntityOfPage":{"@id":"https:\/\/www.justiceinfo.net\/fr\/10591-230309-tpirkaremera-la-chambre-revient-sur-la-disjonction-dinstances-dans-laffaire-mrnd7398.html"},"wordCount":504,"commentCount":0,"publisher":{"@id":"https:\/\/www.justiceinfo.net\/fr#organization"},"articleSection":["Hirondelle News"],"inLanguage":"fr-FR","potentialAction":[{"@type":"CommentAction","name":"Comment","target":["https:\/\/www.justiceinfo.net\/fr\/10591-230309-tpirkaremera-la-chambre-revient-sur-la-disjonction-dinstances-dans-laffaire-mrnd7398.html#respond"]}]},{"@type":"WebPage","@id":"https:\/\/www.justiceinfo.net\/fr\/10591-230309-tpirkaremera-la-chambre-revient-sur-la-disjonction-dinstances-dans-laffaire-mrnd7398.html","url":"https:\/\/www.justiceinfo.net\/fr\/10591-230309-tpirkaremera-la-chambre-revient-sur-la-disjonction-dinstances-dans-laffaire-mrnd7398.html","name":"23.03.09 - TPIR\/KAREMERA - LA CHAMBRE REVIENT SUR LA DISJONCTION D'INSTANCES DANS L'AFFAIRE MRND - JusticeInfo.net","isPartOf":{"@id":"https:\/\/www.justiceinfo.net\/fr#website"},"datePublished":"2009-03-22T23:00:00+00:00","breadcrumb":{"@id":"https:\/\/www.justiceinfo.net\/fr\/10591-230309-tpirkaremera-la-chambre-revient-sur-la-disjonction-dinstances-dans-laffaire-mrnd7398.html#breadcrumb"},"inLanguage":"fr-FR","potentialAction":[{"@type":"ReadAction","target":["https:\/\/www.justiceinfo.net\/fr\/10591-230309-tpirkaremera-la-chambre-revient-sur-la-disjonction-dinstances-dans-laffaire-mrnd7398.html"]}]},{"@type":"BreadcrumbList","@id":"https:\/\/www.justiceinfo.net\/fr\/10591-230309-tpirkaremera-la-chambre-revient-sur-la-disjonction-dinstances-dans-laffaire-mrnd7398.html#breadcrumb","itemListElement":[{"@type":"ListItem","position":1,"name":"Home","item":"https:\/\/www.justiceinfo.net\/fr"},{"@type":"ListItem","position":2,"name":"23.03.09 - TPIR\/KAREMERA - LA CHAMBRE REVIENT SUR LA DISJONCTION D'INSTANCES DANS L'AFFAIRE MRND"}]},{"@type":"WebSite","@id":"https:\/\/www.justiceinfo.net\/fr#website","url":"https:\/\/www.justiceinfo.net\/fr","name":"JusticeInfo.net","description":"La justice doit \u00eatre vue pour \u00eatre rendue","publisher":{"@id":"https:\/\/www.justiceinfo.net\/fr#organization"},"potentialAction":[{"@type":"SearchAction","target":{"@type":"EntryPoint","urlTemplate":"https:\/\/www.justiceinfo.net\/fr?s={search_term_string}"},"query-input":{"@type":"PropertyValueSpecification","valueRequired":true,"valueName":"search_term_string"}}],"inLanguage":"fr-FR"},{"@type":"Organization","@id":"https:\/\/www.justiceinfo.net\/fr#organization","name":"Justice Info","url":"https:\/\/www.justiceinfo.net\/fr","logo":{"@type":"ImageObject","inLanguage":"fr-FR","@id":"https:\/\/www.justiceinfo.net\/fr#\/schema\/logo\/image\/","url":"https:\/\/www.justiceinfo.net\/wp-content\/uploads\/justiceinfo_logo-trans_1200x1200px.png","contentUrl":"https:\/\/www.justiceinfo.net\/wp-content\/uploads\/justiceinfo_logo-trans_1200x1200px.png","width":1199,"height":1200,"caption":"Justice Info"},"image":{"@id":"https:\/\/www.justiceinfo.net\/fr#\/schema\/logo\/image\/"},"sameAs":["https:\/\/www.facebook.com\/JusticeInfo\/","https:\/\/x.com\/justiceinfonet","https:\/\/www.linkedin.com\/company\/justice-info","https:\/\/www.youtube.com\/channel\/UCyCEsARodyuWtkWyhn-e7pA"]},{"@type":"Person","name":"solivri","url":"\/fr\/?s=solivri"}]}},"_links":{"self":[{"href":"https:\/\/www.justiceinfo.net\/fr\/wp-json\/wp\/v2\/posts\/10591","targetHints":{"allow":["GET"]}}],"collection":[{"href":"https:\/\/www.justiceinfo.net\/fr\/wp-json\/wp\/v2\/posts"}],"about":[{"href":"https:\/\/www.justiceinfo.net\/fr\/wp-json\/wp\/v2\/types\/post"}],"author":[{"embeddable":true,"href":"https:\/\/www.justiceinfo.net\/fr\/wp-json\/wp\/v2\/users\/64"}],"replies":[{"embeddable":true,"href":"https:\/\/www.justiceinfo.net\/fr\/wp-json\/wp\/v2\/comments?post=10591"}],"version-history":[{"count":0,"href":"https:\/\/www.justiceinfo.net\/fr\/wp-json\/wp\/v2\/posts\/10591\/revisions"}],"wp:attachment":[{"href":"https:\/\/www.justiceinfo.net\/fr\/wp-json\/wp\/v2\/media?parent=10591"}],"wp:term":[{"taxonomy":"category","embeddable":true,"href":"https:\/\/www.justiceinfo.net\/fr\/wp-json\/wp\/v2\/categories?post=10591"},{"taxonomy":"post_tag","embeddable":true,"href":"https:\/\/www.justiceinfo.net\/fr\/wp-json\/wp\/v2\/tags?post=10591"},{"taxonomy":"ji_location","embeddable":true,"href":"https:\/\/www.justiceinfo.net\/fr\/wp-json\/wp\/v2\/ji_location?post=10591"}],"curies":[{"name":"wp","href":"https:\/\/api.w.org\/{rel}","templated":true}]}}