{"id":10603,"date":"2009-03-25T00:00:00","date_gmt":"2009-03-24T23:00:00","guid":{"rendered":"https:\/\/www.justiceinfo.net\/10603-250309-tpironu-la-conseillere-juridique-de-lonu-recontre-les-responsables-du-tpir7410.html"},"modified":"2009-03-25T00:00:00","modified_gmt":"2009-03-24T23:00:00","slug":"250309-tpironu-la-conseillere-juridique-de-lonu-recontre-les-responsables-du-tpir7410","status":"publish","type":"post","link":"https:\/\/www.justiceinfo.net\/fr\/10603-250309-tpironu-la-conseillere-juridique-de-lonu-recontre-les-responsables-du-tpir7410.html","title":{"rendered":"25.03.09 - TPIR\/ONU - LA CONSEILLERE JURIDIQUE DE L'ONU RECONTRE LES RESPONSABLES DU TPIR"},"content":{"rendered":"<p >\nArusha, 25 mars 2009 (FH) - La Secr&eacute;taire g&eacute;n&eacute;rale adjointe de l'ONU aux Affaires juridiques, Patricia O'Brien, s'est entretenue mercredi &agrave; Arusha, en Tanzanie, avec les plus hauts responsables du Tribunal p&eacute;nal international pour le Rwanda (TPIR), de la mise en ex&eacute;cution du mandat de la juridiction.\n<\/p>\n<p><!--more--><\/p>\n<p >\n<p >\nLe Conseil de s&eacute;curit&eacute; insiste pour que le TPIR ait termin&eacute; fin d&eacute;cembre les proc&egrave;s en premi&egrave;re instance.\n<\/p>\n<p >\nMme O'Brien, qui effectue une visite officielle de deux jours au TPIR, a, dans la journ&eacute;e, rencontr&eacute; tour &agrave; tour le pr&eacute;sident du tribunal, Dennis Byron, le procureur en chef, Hassan Bubacar Jallow et le greffier Adama Dieng, selon le porte-parole de l'institution, Roland Amoussouga.\n<\/p>\n<p >\nEn fin de journ&eacute;e, elle a tenu une r&eacute;union avec le pr&eacute;sident et les autres juges du tribunal.\n<\/p>\n<p >\nJeudi, elle rencontrera l'ensemble du personnel, se rendra au centre de d&eacute;tention du TPIR, avant de clore sa visite par une r&eacute;union avec &laquo; le comit&eacute; de coordination &raquo; qui comprend le pr&eacute;sident, le procureur et le greffier.\n<\/p>\n<p >\nLa conseill&egrave;re juridique de l'ONU est attendue vendredi &agrave; Nairobi et lundi &agrave; Kigali. Au Kenya, elle discutera avec les autorit&eacute;s &laquo; des questions de coop&eacute;ration avec le TPIR &raquo;, selon Amoussouga.\n<\/p>\n<p >\n<p >\nLe TPIR reproche au gouvernement k&eacute;nyan de ne pas d&eacute;ployer tous les efforts n&eacute;cessaires pour l'arrestation du milliardaire F&eacute;licien Kabuga pr&eacute;sent&eacute; comme l'argentier du g&eacute;nocide de 1994. L'homme d'affaires rwandais m&egrave;ne l'essentiel de ses activit&eacute;s commerciales au Kenya, selon le TPIR.\n<\/p>\n<p >\nAu Rwanda, les discussions devraient porter notamment sur la conservation des archives du tribunal et la relocalisation de ses condamn&eacute;s d&eacute;finitifs. Le Rwanda affirme &ecirc;tre le pays le mieux indiqu&eacute; pour &ecirc;tre le d&eacute;positaire des archives du TPIR.\n<\/p>\n<p >\nPar ailleurs, le gouvernement rwandais qui a jusqu'&agrave; pr&eacute;sent demand&eacute; en vain &agrave; h&eacute;berger les prisonniers de ce tribunal international aura un argument de plus apr&egrave;s la signature la semaine derni&egrave;re d'un accord aux termes duquel il s'est engag&eacute; &agrave; accueillir des condamn&eacute;s du Tribunal sp&eacute;cial pour la Sierra Leone (TSSL) cr&eacute;&eacute;, comme celui d'Arusha, par le Conseil de s&eacute;curit&eacute;.\n<\/p>\n<p >\n<p >\nSelon ce texte, des condamn&eacute;s&nbsp; du TSSL pourront &ecirc;tre accueillis &agrave; la prison de Mpanga (sud du Rwanda).\n<\/p>\n<p >\n<p >\nER\/GF\n<\/p>\n<p >\nAgence Hirondelle<\/p>\n","protected":false},"excerpt":{"rendered":"<p>Arusha, 25 mars 2009 (FH) - La Secr&eacute;taire g&eacute;n&eacute;rale adjointe de l'ONU aux Affaires juridiques, Patricia O'Brien, s'est entretenue mercredi &agrave; Arusha, en Tanzanie, avec les plus hauts responsables du Tribunal p&eacute;nal international pour le Rwanda (TPIR), de la mise en ex&eacute;cution du mandat de la juridiction.<\/p>\n","protected":false},"author":64,"featured_media":0,"comment_status":"open","ping_status":"closed","sticky":false,"template":"","format":"standard","meta":{"_acf_changed":false,"footnotes":""},"categories":[554],"tags":[],"ji_location":[],"class_list":["post-10603","post","type-post","status-publish","format-standard","hentry","category-hirondellenews"],"acf":[],"yoast_head":"<!-- This site is optimized with the Yoast SEO Premium plugin v25.3.1 (Yoast SEO v25.3.1) - https:\/\/yoast.com\/wordpress\/plugins\/seo\/ -->\n<title>25.03.09 - TPIR\/ONU - LA CONSEILLERE JURIDIQUE DE L&#039;ONU RECONTRE LES RESPONSABLES DU TPIR - JusticeInfo.net<\/title>\n<meta name=\"robots\" content=\"index, follow, max-snippet:-1, max-image-preview:large, max-video-preview:-1\" \/>\n<link rel=\"canonical\" href=\"https:\/\/www.justiceinfo.net\/fr\/10603-250309-tpironu-la-conseillere-juridique-de-lonu-recontre-les-responsables-du-tpir7410.html\" \/>\n<meta property=\"og:locale\" content=\"fr_FR\" \/>\n<meta property=\"og:type\" content=\"article\" \/>\n<meta property=\"og:title\" content=\"25.03.09 - TPIR\/ONU - LA CONSEILLERE JURIDIQUE DE L&#039;ONU RECONTRE LES RESPONSABLES DU TPIR\" \/>\n<meta property=\"og:description\" content=\"Arusha, 25 mars 2009 (FH) - La Secr&eacute;taire g&eacute;n&eacute;rale adjointe de l&#039;ONU aux Affaires juridiques, Patricia O&#039;Brien, s&#039;est entretenue mercredi &agrave; Arusha, en Tanzanie, avec les plus hauts responsables du Tribunal p&eacute;nal international pour le Rwanda (TPIR), de la mise en ex&eacute;cution du mandat de la juridiction.\" \/>\n<meta property=\"og:url\" content=\"https:\/\/www.justiceinfo.net\/fr\/10603-250309-tpironu-la-conseillere-juridique-de-lonu-recontre-les-responsables-du-tpir7410.html\" \/>\n<meta property=\"og:site_name\" content=\"JusticeInfo.net\" \/>\n<meta property=\"article:publisher\" content=\"https:\/\/www.facebook.com\/JusticeInfo\/\" \/>\n<meta property=\"article:published_time\" content=\"2009-03-24T23:00:00+00:00\" \/>\n<meta property=\"og:image\" content=\"https:\/\/www.justiceinfo.net\/wp-content\/uploads\/JusticeInfoNet_logo_1200x630px.jpg\" \/>\n\t<meta property=\"og:image:width\" content=\"1200\" \/>\n\t<meta property=\"og:image:height\" content=\"630\" \/>\n\t<meta property=\"og:image:type\" content=\"image\/jpeg\" \/>\n<meta name=\"author\" content=\"solivri\" \/>\n<meta name=\"twitter:card\" content=\"summary_large_image\" \/>\n<meta name=\"twitter:creator\" content=\"@justiceinfonet\" \/>\n<meta name=\"twitter:site\" content=\"@justiceinfonet\" \/>\n<meta name=\"twitter:label1\" content=\"\u00c9crit par\" \/>\n\t<meta name=\"twitter:data1\" content=\"solivri\" \/>\n\t<meta name=\"twitter:label2\" content=\"Dur\u00e9e de lecture estim\u00e9e\" \/>\n\t<meta name=\"twitter:data2\" content=\"2 minutes\" \/>\n<script type=\"application\/ld+json\" class=\"yoast-schema-graph\">{\"@context\":\"https:\/\/schema.org\",\"@graph\":[{\"@type\":\"NewsArticle\",\"@id\":\"https:\/\/www.justiceinfo.net\/fr\/10603-250309-tpironu-la-conseillere-juridique-de-lonu-recontre-les-responsables-du-tpir7410.html#article\",\"isPartOf\":{\"@id\":\"https:\/\/www.justiceinfo.net\/fr\/10603-250309-tpironu-la-conseillere-juridique-de-lonu-recontre-les-responsables-du-tpir7410.html\"},\"author\":{\"name\":\"solivri\",\"@id\":\"https:\/\/www.justiceinfo.net\/fr#\/schema\/person\/6e53cba1629e2e66f3fc1821d3091865\"},\"headline\":\"25.03.09 - TPIR\/ONU - LA CONSEILLERE JURIDIQUE DE L'ONU RECONTRE LES RESPONSABLES DU TPIR\",\"datePublished\":\"2009-03-24T23:00:00+00:00\",\"mainEntityOfPage\":{\"@id\":\"https:\/\/www.justiceinfo.net\/fr\/10603-250309-tpironu-la-conseillere-juridique-de-lonu-recontre-les-responsables-du-tpir7410.html\"},\"wordCount\":480,\"commentCount\":0,\"publisher\":{\"@id\":\"https:\/\/www.justiceinfo.net\/fr#organization\"},\"articleSection\":[\"Hirondelle News\"],\"inLanguage\":\"fr-FR\",\"potentialAction\":[{\"@type\":\"CommentAction\",\"name\":\"Comment\",\"target\":[\"https:\/\/www.justiceinfo.net\/fr\/10603-250309-tpironu-la-conseillere-juridique-de-lonu-recontre-les-responsables-du-tpir7410.html#respond\"]}]},{\"@type\":\"WebPage\",\"@id\":\"https:\/\/www.justiceinfo.net\/fr\/10603-250309-tpironu-la-conseillere-juridique-de-lonu-recontre-les-responsables-du-tpir7410.html\",\"url\":\"https:\/\/www.justiceinfo.net\/fr\/10603-250309-tpironu-la-conseillere-juridique-de-lonu-recontre-les-responsables-du-tpir7410.html\",\"name\":\"25.03.09 - TPIR\/ONU - LA CONSEILLERE JURIDIQUE DE L'ONU RECONTRE LES RESPONSABLES DU TPIR - JusticeInfo.net\",\"isPartOf\":{\"@id\":\"https:\/\/www.justiceinfo.net\/fr#website\"},\"datePublished\":\"2009-03-24T23:00:00+00:00\",\"breadcrumb\":{\"@id\":\"https:\/\/www.justiceinfo.net\/fr\/10603-250309-tpironu-la-conseillere-juridique-de-lonu-recontre-les-responsables-du-tpir7410.html#breadcrumb\"},\"inLanguage\":\"fr-FR\",\"potentialAction\":[{\"@type\":\"ReadAction\",\"target\":[\"https:\/\/www.justiceinfo.net\/fr\/10603-250309-tpironu-la-conseillere-juridique-de-lonu-recontre-les-responsables-du-tpir7410.html\"]}]},{\"@type\":\"BreadcrumbList\",\"@id\":\"https:\/\/www.justiceinfo.net\/fr\/10603-250309-tpironu-la-conseillere-juridique-de-lonu-recontre-les-responsables-du-tpir7410.html#breadcrumb\",\"itemListElement\":[{\"@type\":\"ListItem\",\"position\":1,\"name\":\"Home\",\"item\":\"https:\/\/www.justiceinfo.net\/fr\"},{\"@type\":\"ListItem\",\"position\":2,\"name\":\"25.03.09 - TPIR\/ONU - LA CONSEILLERE JURIDIQUE DE L'ONU RECONTRE LES RESPONSABLES DU TPIR\"}]},{\"@type\":\"WebSite\",\"@id\":\"https:\/\/www.justiceinfo.net\/fr#website\",\"url\":\"https:\/\/www.justiceinfo.net\/fr\",\"name\":\"JusticeInfo.net\",\"description\":\"La justice doit \u00eatre vue pour \u00eatre rendue\",\"publisher\":{\"@id\":\"https:\/\/www.justiceinfo.net\/fr#organization\"},\"potentialAction\":[{\"@type\":\"SearchAction\",\"target\":{\"@type\":\"EntryPoint\",\"urlTemplate\":\"https:\/\/www.justiceinfo.net\/fr?s={search_term_string}\"},\"query-input\":{\"@type\":\"PropertyValueSpecification\",\"valueRequired\":true,\"valueName\":\"search_term_string\"}}],\"inLanguage\":\"fr-FR\"},{\"@type\":\"Organization\",\"@id\":\"https:\/\/www.justiceinfo.net\/fr#organization\",\"name\":\"Justice Info\",\"url\":\"https:\/\/www.justiceinfo.net\/fr\",\"logo\":{\"@type\":\"ImageObject\",\"inLanguage\":\"fr-FR\",\"@id\":\"https:\/\/www.justiceinfo.net\/fr#\/schema\/logo\/image\/\",\"url\":\"https:\/\/www.justiceinfo.net\/wp-content\/uploads\/justiceinfo_logo-trans_1200x1200px.png\",\"contentUrl\":\"https:\/\/www.justiceinfo.net\/wp-content\/uploads\/justiceinfo_logo-trans_1200x1200px.png\",\"width\":1199,\"height\":1200,\"caption\":\"Justice Info\"},\"image\":{\"@id\":\"https:\/\/www.justiceinfo.net\/fr#\/schema\/logo\/image\/\"},\"sameAs\":[\"https:\/\/www.facebook.com\/JusticeInfo\/\",\"https:\/\/x.com\/justiceinfonet\",\"https:\/\/www.linkedin.com\/company\/justice-info\",\"https:\/\/www.youtube.com\/channel\/UCyCEsARodyuWtkWyhn-e7pA\"]},{\"@type\":\"Person\",\"name\":\"solivri\",\"url\":\"\/fr\/?s=solivri\"}]}<\/script>\n<!-- \/ Yoast SEO Premium plugin. -->","yoast_head_json":{"title":"25.03.09 - TPIR\/ONU - LA CONSEILLERE JURIDIQUE DE L'ONU RECONTRE LES RESPONSABLES DU TPIR - JusticeInfo.net","robots":{"index":"index","follow":"follow","max-snippet":"max-snippet:-1","max-image-preview":"max-image-preview:large","max-video-preview":"max-video-preview:-1"},"canonical":"https:\/\/www.justiceinfo.net\/fr\/10603-250309-tpironu-la-conseillere-juridique-de-lonu-recontre-les-responsables-du-tpir7410.html","og_locale":"fr_FR","og_type":"article","og_title":"25.03.09 - TPIR\/ONU - LA CONSEILLERE JURIDIQUE DE L'ONU RECONTRE LES RESPONSABLES DU TPIR","og_description":"Arusha, 25 mars 2009 (FH) - La Secr&eacute;taire g&eacute;n&eacute;rale adjointe de l'ONU aux Affaires juridiques, Patricia O'Brien, s'est entretenue mercredi &agrave; Arusha, en Tanzanie, avec les plus hauts responsables du Tribunal p&eacute;nal international pour le Rwanda (TPIR), de la mise en ex&eacute;cution du mandat de la juridiction.","og_url":"https:\/\/www.justiceinfo.net\/fr\/10603-250309-tpironu-la-conseillere-juridique-de-lonu-recontre-les-responsables-du-tpir7410.html","og_site_name":"JusticeInfo.net","article_publisher":"https:\/\/www.facebook.com\/JusticeInfo\/","article_published_time":"2009-03-24T23:00:00+00:00","og_image":[{"width":1200,"height":630,"url":"https:\/\/www.justiceinfo.net\/wp-content\/uploads\/JusticeInfoNet_logo_1200x630px.jpg","type":"image\/jpeg"}],"author":"solivri","twitter_card":"summary_large_image","twitter_creator":"@justiceinfonet","twitter_site":"@justiceinfonet","twitter_misc":{"\u00c9crit par":"solivri","Dur\u00e9e de lecture estim\u00e9e":"2 minutes"},"schema":{"@context":"https:\/\/schema.org","@graph":[{"@type":"NewsArticle","@id":"https:\/\/www.justiceinfo.net\/fr\/10603-250309-tpironu-la-conseillere-juridique-de-lonu-recontre-les-responsables-du-tpir7410.html#article","isPartOf":{"@id":"https:\/\/www.justiceinfo.net\/fr\/10603-250309-tpironu-la-conseillere-juridique-de-lonu-recontre-les-responsables-du-tpir7410.html"},"author":{"name":"solivri","@id":"https:\/\/www.justiceinfo.net\/fr#\/schema\/person\/6e53cba1629e2e66f3fc1821d3091865"},"headline":"25.03.09 - TPIR\/ONU - LA CONSEILLERE JURIDIQUE DE L'ONU RECONTRE LES RESPONSABLES DU TPIR","datePublished":"2009-03-24T23:00:00+00:00","mainEntityOfPage":{"@id":"https:\/\/www.justiceinfo.net\/fr\/10603-250309-tpironu-la-conseillere-juridique-de-lonu-recontre-les-responsables-du-tpir7410.html"},"wordCount":480,"commentCount":0,"publisher":{"@id":"https:\/\/www.justiceinfo.net\/fr#organization"},"articleSection":["Hirondelle News"],"inLanguage":"fr-FR","potentialAction":[{"@type":"CommentAction","name":"Comment","target":["https:\/\/www.justiceinfo.net\/fr\/10603-250309-tpironu-la-conseillere-juridique-de-lonu-recontre-les-responsables-du-tpir7410.html#respond"]}]},{"@type":"WebPage","@id":"https:\/\/www.justiceinfo.net\/fr\/10603-250309-tpironu-la-conseillere-juridique-de-lonu-recontre-les-responsables-du-tpir7410.html","url":"https:\/\/www.justiceinfo.net\/fr\/10603-250309-tpironu-la-conseillere-juridique-de-lonu-recontre-les-responsables-du-tpir7410.html","name":"25.03.09 - TPIR\/ONU - LA CONSEILLERE JURIDIQUE DE L'ONU RECONTRE LES RESPONSABLES DU TPIR - JusticeInfo.net","isPartOf":{"@id":"https:\/\/www.justiceinfo.net\/fr#website"},"datePublished":"2009-03-24T23:00:00+00:00","breadcrumb":{"@id":"https:\/\/www.justiceinfo.net\/fr\/10603-250309-tpironu-la-conseillere-juridique-de-lonu-recontre-les-responsables-du-tpir7410.html#breadcrumb"},"inLanguage":"fr-FR","potentialAction":[{"@type":"ReadAction","target":["https:\/\/www.justiceinfo.net\/fr\/10603-250309-tpironu-la-conseillere-juridique-de-lonu-recontre-les-responsables-du-tpir7410.html"]}]},{"@type":"BreadcrumbList","@id":"https:\/\/www.justiceinfo.net\/fr\/10603-250309-tpironu-la-conseillere-juridique-de-lonu-recontre-les-responsables-du-tpir7410.html#breadcrumb","itemListElement":[{"@type":"ListItem","position":1,"name":"Home","item":"https:\/\/www.justiceinfo.net\/fr"},{"@type":"ListItem","position":2,"name":"25.03.09 - TPIR\/ONU - LA CONSEILLERE JURIDIQUE DE L'ONU RECONTRE LES RESPONSABLES DU TPIR"}]},{"@type":"WebSite","@id":"https:\/\/www.justiceinfo.net\/fr#website","url":"https:\/\/www.justiceinfo.net\/fr","name":"JusticeInfo.net","description":"La justice doit \u00eatre vue pour \u00eatre rendue","publisher":{"@id":"https:\/\/www.justiceinfo.net\/fr#organization"},"potentialAction":[{"@type":"SearchAction","target":{"@type":"EntryPoint","urlTemplate":"https:\/\/www.justiceinfo.net\/fr?s={search_term_string}"},"query-input":{"@type":"PropertyValueSpecification","valueRequired":true,"valueName":"search_term_string"}}],"inLanguage":"fr-FR"},{"@type":"Organization","@id":"https:\/\/www.justiceinfo.net\/fr#organization","name":"Justice Info","url":"https:\/\/www.justiceinfo.net\/fr","logo":{"@type":"ImageObject","inLanguage":"fr-FR","@id":"https:\/\/www.justiceinfo.net\/fr#\/schema\/logo\/image\/","url":"https:\/\/www.justiceinfo.net\/wp-content\/uploads\/justiceinfo_logo-trans_1200x1200px.png","contentUrl":"https:\/\/www.justiceinfo.net\/wp-content\/uploads\/justiceinfo_logo-trans_1200x1200px.png","width":1199,"height":1200,"caption":"Justice Info"},"image":{"@id":"https:\/\/www.justiceinfo.net\/fr#\/schema\/logo\/image\/"},"sameAs":["https:\/\/www.facebook.com\/JusticeInfo\/","https:\/\/x.com\/justiceinfonet","https:\/\/www.linkedin.com\/company\/justice-info","https:\/\/www.youtube.com\/channel\/UCyCEsARodyuWtkWyhn-e7pA"]},{"@type":"Person","name":"solivri","url":"\/fr\/?s=solivri"}]}},"_links":{"self":[{"href":"https:\/\/www.justiceinfo.net\/fr\/wp-json\/wp\/v2\/posts\/10603","targetHints":{"allow":["GET"]}}],"collection":[{"href":"https:\/\/www.justiceinfo.net\/fr\/wp-json\/wp\/v2\/posts"}],"about":[{"href":"https:\/\/www.justiceinfo.net\/fr\/wp-json\/wp\/v2\/types\/post"}],"author":[{"embeddable":true,"href":"https:\/\/www.justiceinfo.net\/fr\/wp-json\/wp\/v2\/users\/64"}],"replies":[{"embeddable":true,"href":"https:\/\/www.justiceinfo.net\/fr\/wp-json\/wp\/v2\/comments?post=10603"}],"version-history":[{"count":0,"href":"https:\/\/www.justiceinfo.net\/fr\/wp-json\/wp\/v2\/posts\/10603\/revisions"}],"wp:attachment":[{"href":"https:\/\/www.justiceinfo.net\/fr\/wp-json\/wp\/v2\/media?parent=10603"}],"wp:term":[{"taxonomy":"category","embeddable":true,"href":"https:\/\/www.justiceinfo.net\/fr\/wp-json\/wp\/v2\/categories?post=10603"},{"taxonomy":"post_tag","embeddable":true,"href":"https:\/\/www.justiceinfo.net\/fr\/wp-json\/wp\/v2\/tags?post=10603"},{"taxonomy":"ji_location","embeddable":true,"href":"https:\/\/www.justiceinfo.net\/fr\/wp-json\/wp\/v2\/ji_location?post=10603"}],"curies":[{"name":"wp","href":"https:\/\/api.w.org\/{rel}","templated":true}]}}