{"id":10616,"date":"2009-03-27T00:00:00","date_gmt":"2009-03-26T23:00:00","guid":{"rendered":"https:\/\/www.justiceinfo.net\/10616-270309-tpirsysnthese-proces-karemera-et-precisions-sur-le-sort-des-accuses-en-fuite7423.html"},"modified":"2009-03-27T00:00:00","modified_gmt":"2009-03-26T23:00:00","slug":"270309-tpirsysnthese-proces-karemera-et-precisions-sur-le-sort-des-accuses-en-fuite7423","status":"publish","type":"post","link":"https:\/\/www.justiceinfo.net\/fr\/10616-270309-tpirsysnthese-proces-karemera-et-precisions-sur-le-sort-des-accuses-en-fuite7423.html","title":{"rendered":"27.03.09 - TPIR\/SYSNTHESE - PROCES KAREMERA ET PRECISIONS SUR LE SORT DES ACCUSES EN FUITE"},"content":{"rendered":"<p >\nArusha, 27 mars 2009 (FH) - La semaine qui s'ach&egrave;ve a &eacute;t&eacute; marqu&eacute;e au Tribunal p&eacute;nal international pour le Rwanda (TPIR) par la visite de la secr&eacute;taire g&eacute;n&eacute;rale adjointe de l'ONU pour les Affaires juridiques, Patricia O'Brien. Au deuxi&egrave;me et dernier jour de sa visite jeudi, Mme O'Brien assur&eacute; que les 13 accus&eacute;s encore en fuite n'&eacute;chapperont pas &agrave; la justice. Elle a annonc&eacute; la mise en place, &agrave; la cl&ocirc;ture du tribunal, d'un &laquo; m&eacute;canisme r&eacute;siduel &raquo; qui sera charg&eacute; de l'ex&eacute;cution totale du mandat du TPIR.\n<\/p>\n<p><!--more-->Dans les chambres, trois affaires se sont poursuivies cette semaine. Paralys&eacute; depuis ao&ucirc;t dernier, le proc&egrave;s des trois anciens responsables du Mouvement r&eacute;publicain national pour la d&eacute;mocratie et le d&eacute;veloppement (MRND) a pu reprendre mardi apr&egrave;s que l'ex-pr&eacute;sident du parti, Mathieu Ngirumpatse, hospitalis&eacute; &agrave; Nairobi, au Kenya, eut accept&eacute; que les d&eacute;bats se poursuivent en son absence. Ngirumpatse, qui avait longtemps fait valoir son droit d'&ecirc;tre physiquement pr&eacute;sent &agrave; son proc&egrave;s, a l&acirc;ch&eacute; du lest apr&egrave;s que la chambre a pris, le 03 mars, une d&eacute;cision de disjonction. Cela a permis la reprise des d&eacute;bats mardi avec la suite du d&eacute;fil&eacute; des t&eacute;moins de l'ancien vice-pr&eacute;sident du MRND, Edouard Karemera, premier &agrave; pr&eacute;senter sa d&eacute;fense. UOW, un des t&eacute;moins entendus cette semaine, a ni&eacute; que Karemera ait jamais distribu&eacute; les armes du g&eacute;nocide &agrave; Kibuye, sa r&eacute;gion natale. <\/p>\n<p >\nLe proc&egrave;s du lieutenant Ildephonse Hategekimana qui commandait un petit camp militaire dans le sud du Rwanda s'est poursuivi avec l'audition des t&eacute;moins de l'accusation. Le proc&egrave;s en &eacute;tait &agrave; sa deuxi&egrave;me semaine. Hategekimana est poursuivi pour des crimes perp&eacute;tr&eacute;s pendant le g&eacute;nocide dans la ville de Butare et ses environs\n<\/p>\n<p >\nL&eacute;onidas Nshogoza, un avocat rwandais accus&eacute; de subornation de t&eacute;moins a demand&eacute; en vain &agrave; pouvoir citer un t&eacute;moin suppl&eacute;mentaire. Apr&egrave;s le rejet de cette requ&ecirc;te, ce n'est plus que l'accus&eacute; lui-m&ecirc;me qui est attendu lundi prochain dans le box des t&eacute;moins.\n<\/p>\n<p >\nER\/GF\n<\/p>\n<p >\n<p>\n&copy; Agence Hirondelle<\/p>\n","protected":false},"excerpt":{"rendered":"<p>Arusha, 27 mars 2009 (FH) - La semaine qui s'ach&egrave;ve a &eacute;t&eacute; marqu&eacute;e au Tribunal p&eacute;nal international pour le Rwanda (TPIR) par la visite de la secr&eacute;taire g&eacute;n&eacute;rale adjointe de l'ONU pour les Affaires juridiques, Patricia O'Brien. Au deuxi&egrave;me et dernier jour de sa visite jeudi, Mme O'Brien assur&eacute; que les 13 accus&eacute;s encore en [&hellip;]<\/p>\n","protected":false},"author":64,"featured_media":0,"comment_status":"open","ping_status":"closed","sticky":false,"template":"","format":"standard","meta":{"_acf_changed":false,"footnotes":""},"categories":[554],"tags":[],"ji_location":[],"class_list":["post-10616","post","type-post","status-publish","format-standard","hentry","category-hirondellenews"],"acf":[],"yoast_head":"<!-- This site is optimized with the Yoast SEO Premium plugin v25.3.1 (Yoast SEO v25.3.1) - https:\/\/yoast.com\/wordpress\/plugins\/seo\/ -->\n<title>27.03.09 - TPIR\/SYSNTHESE - PROCES KAREMERA ET PRECISIONS SUR LE SORT DES ACCUSES EN FUITE - JusticeInfo.net<\/title>\n<meta name=\"robots\" content=\"index, follow, max-snippet:-1, max-image-preview:large, max-video-preview:-1\" \/>\n<link rel=\"canonical\" href=\"https:\/\/www.justiceinfo.net\/fr\/10616-270309-tpirsysnthese-proces-karemera-et-precisions-sur-le-sort-des-accuses-en-fuite7423.html\" \/>\n<meta property=\"og:locale\" content=\"fr_FR\" \/>\n<meta property=\"og:type\" content=\"article\" \/>\n<meta property=\"og:title\" content=\"27.03.09 - TPIR\/SYSNTHESE - PROCES KAREMERA ET PRECISIONS SUR LE SORT DES ACCUSES EN FUITE\" \/>\n<meta property=\"og:description\" content=\"Arusha, 27 mars 2009 (FH) - La semaine qui s&#039;ach&egrave;ve a &eacute;t&eacute; marqu&eacute;e au Tribunal p&eacute;nal international pour le Rwanda (TPIR) par la visite de la secr&eacute;taire g&eacute;n&eacute;rale adjointe de l&#039;ONU pour les Affaires juridiques, Patricia O&#039;Brien. Au deuxi&egrave;me et dernier jour de sa visite jeudi, Mme O&#039;Brien assur&eacute; que les 13 accus&eacute;s encore en [&hellip;]\" \/>\n<meta property=\"og:url\" content=\"https:\/\/www.justiceinfo.net\/fr\/10616-270309-tpirsysnthese-proces-karemera-et-precisions-sur-le-sort-des-accuses-en-fuite7423.html\" \/>\n<meta property=\"og:site_name\" content=\"JusticeInfo.net\" \/>\n<meta property=\"article:publisher\" content=\"https:\/\/www.facebook.com\/JusticeInfo\/\" \/>\n<meta property=\"article:published_time\" content=\"2009-03-26T23:00:00+00:00\" \/>\n<meta property=\"og:image\" content=\"https:\/\/www.justiceinfo.net\/wp-content\/uploads\/JusticeInfoNet_logo_1200x630px.jpg\" \/>\n\t<meta property=\"og:image:width\" content=\"1200\" \/>\n\t<meta property=\"og:image:height\" content=\"630\" \/>\n\t<meta property=\"og:image:type\" content=\"image\/jpeg\" \/>\n<meta name=\"author\" content=\"solivri\" \/>\n<meta name=\"twitter:card\" content=\"summary_large_image\" \/>\n<meta name=\"twitter:creator\" content=\"@justiceinfonet\" \/>\n<meta name=\"twitter:site\" content=\"@justiceinfonet\" \/>\n<meta name=\"twitter:label1\" content=\"\u00c9crit par\" \/>\n\t<meta name=\"twitter:data1\" content=\"solivri\" \/>\n\t<meta name=\"twitter:label2\" content=\"Dur\u00e9e de lecture estim\u00e9e\" \/>\n\t<meta name=\"twitter:data2\" content=\"2 minutes\" \/>\n<script type=\"application\/ld+json\" class=\"yoast-schema-graph\">{\"@context\":\"https:\/\/schema.org\",\"@graph\":[{\"@type\":\"NewsArticle\",\"@id\":\"https:\/\/www.justiceinfo.net\/fr\/10616-270309-tpirsysnthese-proces-karemera-et-precisions-sur-le-sort-des-accuses-en-fuite7423.html#article\",\"isPartOf\":{\"@id\":\"https:\/\/www.justiceinfo.net\/fr\/10616-270309-tpirsysnthese-proces-karemera-et-precisions-sur-le-sort-des-accuses-en-fuite7423.html\"},\"author\":{\"name\":\"solivri\",\"@id\":\"https:\/\/www.justiceinfo.net\/fr#\/schema\/person\/6e53cba1629e2e66f3fc1821d3091865\"},\"headline\":\"27.03.09 - TPIR\/SYSNTHESE - PROCES KAREMERA ET PRECISIONS SUR LE SORT DES ACCUSES EN FUITE\",\"datePublished\":\"2009-03-26T23:00:00+00:00\",\"mainEntityOfPage\":{\"@id\":\"https:\/\/www.justiceinfo.net\/fr\/10616-270309-tpirsysnthese-proces-karemera-et-precisions-sur-le-sort-des-accuses-en-fuite7423.html\"},\"wordCount\":466,\"commentCount\":0,\"publisher\":{\"@id\":\"https:\/\/www.justiceinfo.net\/fr#organization\"},\"articleSection\":[\"Hirondelle News\"],\"inLanguage\":\"fr-FR\",\"potentialAction\":[{\"@type\":\"CommentAction\",\"name\":\"Comment\",\"target\":[\"https:\/\/www.justiceinfo.net\/fr\/10616-270309-tpirsysnthese-proces-karemera-et-precisions-sur-le-sort-des-accuses-en-fuite7423.html#respond\"]}]},{\"@type\":\"WebPage\",\"@id\":\"https:\/\/www.justiceinfo.net\/fr\/10616-270309-tpirsysnthese-proces-karemera-et-precisions-sur-le-sort-des-accuses-en-fuite7423.html\",\"url\":\"https:\/\/www.justiceinfo.net\/fr\/10616-270309-tpirsysnthese-proces-karemera-et-precisions-sur-le-sort-des-accuses-en-fuite7423.html\",\"name\":\"27.03.09 - TPIR\/SYSNTHESE - PROCES KAREMERA ET PRECISIONS SUR LE SORT DES ACCUSES EN FUITE - JusticeInfo.net\",\"isPartOf\":{\"@id\":\"https:\/\/www.justiceinfo.net\/fr#website\"},\"datePublished\":\"2009-03-26T23:00:00+00:00\",\"breadcrumb\":{\"@id\":\"https:\/\/www.justiceinfo.net\/fr\/10616-270309-tpirsysnthese-proces-karemera-et-precisions-sur-le-sort-des-accuses-en-fuite7423.html#breadcrumb\"},\"inLanguage\":\"fr-FR\",\"potentialAction\":[{\"@type\":\"ReadAction\",\"target\":[\"https:\/\/www.justiceinfo.net\/fr\/10616-270309-tpirsysnthese-proces-karemera-et-precisions-sur-le-sort-des-accuses-en-fuite7423.html\"]}]},{\"@type\":\"BreadcrumbList\",\"@id\":\"https:\/\/www.justiceinfo.net\/fr\/10616-270309-tpirsysnthese-proces-karemera-et-precisions-sur-le-sort-des-accuses-en-fuite7423.html#breadcrumb\",\"itemListElement\":[{\"@type\":\"ListItem\",\"position\":1,\"name\":\"Home\",\"item\":\"https:\/\/www.justiceinfo.net\/fr\"},{\"@type\":\"ListItem\",\"position\":2,\"name\":\"27.03.09 - TPIR\/SYSNTHESE - PROCES KAREMERA ET PRECISIONS SUR LE SORT DES ACCUSES EN FUITE\"}]},{\"@type\":\"WebSite\",\"@id\":\"https:\/\/www.justiceinfo.net\/fr#website\",\"url\":\"https:\/\/www.justiceinfo.net\/fr\",\"name\":\"JusticeInfo.net\",\"description\":\"La justice doit \u00eatre vue pour \u00eatre rendue\",\"publisher\":{\"@id\":\"https:\/\/www.justiceinfo.net\/fr#organization\"},\"potentialAction\":[{\"@type\":\"SearchAction\",\"target\":{\"@type\":\"EntryPoint\",\"urlTemplate\":\"https:\/\/www.justiceinfo.net\/fr?s={search_term_string}\"},\"query-input\":{\"@type\":\"PropertyValueSpecification\",\"valueRequired\":true,\"valueName\":\"search_term_string\"}}],\"inLanguage\":\"fr-FR\"},{\"@type\":\"Organization\",\"@id\":\"https:\/\/www.justiceinfo.net\/fr#organization\",\"name\":\"Justice Info\",\"url\":\"https:\/\/www.justiceinfo.net\/fr\",\"logo\":{\"@type\":\"ImageObject\",\"inLanguage\":\"fr-FR\",\"@id\":\"https:\/\/www.justiceinfo.net\/fr#\/schema\/logo\/image\/\",\"url\":\"https:\/\/www.justiceinfo.net\/wp-content\/uploads\/justiceinfo_logo-trans_1200x1200px.png\",\"contentUrl\":\"https:\/\/www.justiceinfo.net\/wp-content\/uploads\/justiceinfo_logo-trans_1200x1200px.png\",\"width\":1199,\"height\":1200,\"caption\":\"Justice Info\"},\"image\":{\"@id\":\"https:\/\/www.justiceinfo.net\/fr#\/schema\/logo\/image\/\"},\"sameAs\":[\"https:\/\/www.facebook.com\/JusticeInfo\/\",\"https:\/\/x.com\/justiceinfonet\",\"https:\/\/www.linkedin.com\/company\/justice-info\",\"https:\/\/www.youtube.com\/channel\/UCyCEsARodyuWtkWyhn-e7pA\"]},{\"@type\":\"Person\",\"name\":\"solivri\",\"url\":\"\/fr\/?s=solivri\"}]}<\/script>\n<!-- \/ Yoast SEO Premium plugin. -->","yoast_head_json":{"title":"27.03.09 - TPIR\/SYSNTHESE - PROCES KAREMERA ET PRECISIONS SUR LE SORT DES ACCUSES EN FUITE - JusticeInfo.net","robots":{"index":"index","follow":"follow","max-snippet":"max-snippet:-1","max-image-preview":"max-image-preview:large","max-video-preview":"max-video-preview:-1"},"canonical":"https:\/\/www.justiceinfo.net\/fr\/10616-270309-tpirsysnthese-proces-karemera-et-precisions-sur-le-sort-des-accuses-en-fuite7423.html","og_locale":"fr_FR","og_type":"article","og_title":"27.03.09 - TPIR\/SYSNTHESE - PROCES KAREMERA ET PRECISIONS SUR LE SORT DES ACCUSES EN FUITE","og_description":"Arusha, 27 mars 2009 (FH) - La semaine qui s'ach&egrave;ve a &eacute;t&eacute; marqu&eacute;e au Tribunal p&eacute;nal international pour le Rwanda (TPIR) par la visite de la secr&eacute;taire g&eacute;n&eacute;rale adjointe de l'ONU pour les Affaires juridiques, Patricia O'Brien. Au deuxi&egrave;me et dernier jour de sa visite jeudi, Mme O'Brien assur&eacute; que les 13 accus&eacute;s encore en [&hellip;]","og_url":"https:\/\/www.justiceinfo.net\/fr\/10616-270309-tpirsysnthese-proces-karemera-et-precisions-sur-le-sort-des-accuses-en-fuite7423.html","og_site_name":"JusticeInfo.net","article_publisher":"https:\/\/www.facebook.com\/JusticeInfo\/","article_published_time":"2009-03-26T23:00:00+00:00","og_image":[{"width":1200,"height":630,"url":"https:\/\/www.justiceinfo.net\/wp-content\/uploads\/JusticeInfoNet_logo_1200x630px.jpg","type":"image\/jpeg"}],"author":"solivri","twitter_card":"summary_large_image","twitter_creator":"@justiceinfonet","twitter_site":"@justiceinfonet","twitter_misc":{"\u00c9crit par":"solivri","Dur\u00e9e de lecture estim\u00e9e":"2 minutes"},"schema":{"@context":"https:\/\/schema.org","@graph":[{"@type":"NewsArticle","@id":"https:\/\/www.justiceinfo.net\/fr\/10616-270309-tpirsysnthese-proces-karemera-et-precisions-sur-le-sort-des-accuses-en-fuite7423.html#article","isPartOf":{"@id":"https:\/\/www.justiceinfo.net\/fr\/10616-270309-tpirsysnthese-proces-karemera-et-precisions-sur-le-sort-des-accuses-en-fuite7423.html"},"author":{"name":"solivri","@id":"https:\/\/www.justiceinfo.net\/fr#\/schema\/person\/6e53cba1629e2e66f3fc1821d3091865"},"headline":"27.03.09 - TPIR\/SYSNTHESE - PROCES KAREMERA ET PRECISIONS SUR LE SORT DES ACCUSES EN FUITE","datePublished":"2009-03-26T23:00:00+00:00","mainEntityOfPage":{"@id":"https:\/\/www.justiceinfo.net\/fr\/10616-270309-tpirsysnthese-proces-karemera-et-precisions-sur-le-sort-des-accuses-en-fuite7423.html"},"wordCount":466,"commentCount":0,"publisher":{"@id":"https:\/\/www.justiceinfo.net\/fr#organization"},"articleSection":["Hirondelle News"],"inLanguage":"fr-FR","potentialAction":[{"@type":"CommentAction","name":"Comment","target":["https:\/\/www.justiceinfo.net\/fr\/10616-270309-tpirsysnthese-proces-karemera-et-precisions-sur-le-sort-des-accuses-en-fuite7423.html#respond"]}]},{"@type":"WebPage","@id":"https:\/\/www.justiceinfo.net\/fr\/10616-270309-tpirsysnthese-proces-karemera-et-precisions-sur-le-sort-des-accuses-en-fuite7423.html","url":"https:\/\/www.justiceinfo.net\/fr\/10616-270309-tpirsysnthese-proces-karemera-et-precisions-sur-le-sort-des-accuses-en-fuite7423.html","name":"27.03.09 - TPIR\/SYSNTHESE - PROCES KAREMERA ET PRECISIONS SUR LE SORT DES ACCUSES EN FUITE - JusticeInfo.net","isPartOf":{"@id":"https:\/\/www.justiceinfo.net\/fr#website"},"datePublished":"2009-03-26T23:00:00+00:00","breadcrumb":{"@id":"https:\/\/www.justiceinfo.net\/fr\/10616-270309-tpirsysnthese-proces-karemera-et-precisions-sur-le-sort-des-accuses-en-fuite7423.html#breadcrumb"},"inLanguage":"fr-FR","potentialAction":[{"@type":"ReadAction","target":["https:\/\/www.justiceinfo.net\/fr\/10616-270309-tpirsysnthese-proces-karemera-et-precisions-sur-le-sort-des-accuses-en-fuite7423.html"]}]},{"@type":"BreadcrumbList","@id":"https:\/\/www.justiceinfo.net\/fr\/10616-270309-tpirsysnthese-proces-karemera-et-precisions-sur-le-sort-des-accuses-en-fuite7423.html#breadcrumb","itemListElement":[{"@type":"ListItem","position":1,"name":"Home","item":"https:\/\/www.justiceinfo.net\/fr"},{"@type":"ListItem","position":2,"name":"27.03.09 - TPIR\/SYSNTHESE - PROCES KAREMERA ET PRECISIONS SUR LE SORT DES ACCUSES EN FUITE"}]},{"@type":"WebSite","@id":"https:\/\/www.justiceinfo.net\/fr#website","url":"https:\/\/www.justiceinfo.net\/fr","name":"JusticeInfo.net","description":"La justice doit \u00eatre vue pour \u00eatre rendue","publisher":{"@id":"https:\/\/www.justiceinfo.net\/fr#organization"},"potentialAction":[{"@type":"SearchAction","target":{"@type":"EntryPoint","urlTemplate":"https:\/\/www.justiceinfo.net\/fr?s={search_term_string}"},"query-input":{"@type":"PropertyValueSpecification","valueRequired":true,"valueName":"search_term_string"}}],"inLanguage":"fr-FR"},{"@type":"Organization","@id":"https:\/\/www.justiceinfo.net\/fr#organization","name":"Justice Info","url":"https:\/\/www.justiceinfo.net\/fr","logo":{"@type":"ImageObject","inLanguage":"fr-FR","@id":"https:\/\/www.justiceinfo.net\/fr#\/schema\/logo\/image\/","url":"https:\/\/www.justiceinfo.net\/wp-content\/uploads\/justiceinfo_logo-trans_1200x1200px.png","contentUrl":"https:\/\/www.justiceinfo.net\/wp-content\/uploads\/justiceinfo_logo-trans_1200x1200px.png","width":1199,"height":1200,"caption":"Justice Info"},"image":{"@id":"https:\/\/www.justiceinfo.net\/fr#\/schema\/logo\/image\/"},"sameAs":["https:\/\/www.facebook.com\/JusticeInfo\/","https:\/\/x.com\/justiceinfonet","https:\/\/www.linkedin.com\/company\/justice-info","https:\/\/www.youtube.com\/channel\/UCyCEsARodyuWtkWyhn-e7pA"]},{"@type":"Person","name":"solivri","url":"\/fr\/?s=solivri"}]}},"_links":{"self":[{"href":"https:\/\/www.justiceinfo.net\/fr\/wp-json\/wp\/v2\/posts\/10616","targetHints":{"allow":["GET"]}}],"collection":[{"href":"https:\/\/www.justiceinfo.net\/fr\/wp-json\/wp\/v2\/posts"}],"about":[{"href":"https:\/\/www.justiceinfo.net\/fr\/wp-json\/wp\/v2\/types\/post"}],"author":[{"embeddable":true,"href":"https:\/\/www.justiceinfo.net\/fr\/wp-json\/wp\/v2\/users\/64"}],"replies":[{"embeddable":true,"href":"https:\/\/www.justiceinfo.net\/fr\/wp-json\/wp\/v2\/comments?post=10616"}],"version-history":[{"count":0,"href":"https:\/\/www.justiceinfo.net\/fr\/wp-json\/wp\/v2\/posts\/10616\/revisions"}],"wp:attachment":[{"href":"https:\/\/www.justiceinfo.net\/fr\/wp-json\/wp\/v2\/media?parent=10616"}],"wp:term":[{"taxonomy":"category","embeddable":true,"href":"https:\/\/www.justiceinfo.net\/fr\/wp-json\/wp\/v2\/categories?post=10616"},{"taxonomy":"post_tag","embeddable":true,"href":"https:\/\/www.justiceinfo.net\/fr\/wp-json\/wp\/v2\/tags?post=10616"},{"taxonomy":"ji_location","embeddable":true,"href":"https:\/\/www.justiceinfo.net\/fr\/wp-json\/wp\/v2\/ji_location?post=10616"}],"curies":[{"name":"wp","href":"https:\/\/api.w.org\/{rel}","templated":true}]}}