{"id":10636,"date":"2009-04-02T00:00:00","date_gmt":"2009-04-01T22:00:00","guid":{"rendered":"https:\/\/www.justiceinfo.net\/10636-020409-tpirgreffe-un-francais-nomme-par-le-greffe-aux-plus-hautes-fonctions-juridiques7443.html"},"modified":"2009-04-02T00:00:00","modified_gmt":"2009-04-01T22:00:00","slug":"020409-tpirgreffe-un-francais-nomme-par-le-greffe-aux-plus-hautes-fonctions-juridiques7443","status":"publish","type":"post","link":"https:\/\/www.justiceinfo.net\/fr\/10636-020409-tpirgreffe-un-francais-nomme-par-le-greffe-aux-plus-hautes-fonctions-juridiques7443.html","title":{"rendered":"02.04.09 - TPIR\/GREFFE - UN FRAN\u00c7AIS NOMME PAR LE GREFFE AUX PLUS HAUTES FONCTIONS JURIDIQUES"},"content":{"rendered":"<p >\nArusha, 2 avril 2009 (FH) - Le greffier en chef du Tribunal p&eacute;nal international pour le Rwanda (TPIR), le S&eacute;n&eacute;galais Adama Dieng, a d&eacute;sign&eacute; un ancien avocat fran&ccedil;ais, M. Pascal Besnier, comme administrateur charg&eacute; de la division des services judiciaires et juridiques, confirme-t-on aupr&egrave;s du service de presse.\n<\/p>\n<p><!--more--><\/p>\n<p >\n<p >\n<p>Pascal Besnier, qui est d&eacute;j&agrave; chef de la section de l'administration des questions relatives au conseil de la d&eacute;fense et au centre de d&eacute;tention, reprendra certaines des attributions qui incombaient au greffier adjoint, Everard O'Donell, qui a d&eacute;missionn&eacute; apr&egrave;s dix ans pass&eacute;s au service du TPIR.&nbsp; <\/p>\n<p >\n<p >\nL'Anglo-am&eacute;ricain O'Donell &eacute;tait entr&eacute; au TPIR &agrave; la fin des ann&eacute;es 1990 en tant que chef de la section des services d'appui aux chambres. C'est en 2005 qu'il &eacute;tait devenu greffier adjoint.&nbsp;\n<\/p>\n<p >\n<p >\nSelon le Chef des Relations Ext&eacute;rieures et Porte-parole du TPIR, le Canadien Roland Amoussouga, la nomination de Pascal Besnier est entr&eacute;e en vigueur le 1er avril.&nbsp;\n<\/p>\n<p >\n<p >\nAncien avocat du Barreau de Paris, il fut l'un des premiers avocats de la d&eacute;fense &agrave; s'engager dans des proc&egrave;s aupr&egrave;s du TPIR. En 1999 et 2004, il a d&eacute;fendu MM. Obed Ruzindana et Emmanuel Ndindabahizi.&nbsp;\n<\/p>\n<p >\n<p >\nIl est entr&eacute; &agrave; la section de l'administration des questions relatives au conseil de la d&eacute;fense et au centre de d&eacute;tention en novembre 2008, apr&egrave;s un feuilleton administratif qui avait d&eacute;but&eacute; en ao&ucirc;t 2005 quand la copie d'une pr&eacute;tendue correspondance priv&eacute;e entre Pascal Besnier et Roland Amoussouga avait &eacute;t&eacute; largement distribu&eacute;e de fa&ccedil;on anonyme.&nbsp;\n<\/p>\n<p >\n<p >\nL'enqu&ecirc;te administrative, boucl&eacute;e en septembre 2008, avait amen&eacute; le Secr&eacute;taire-g&eacute;n&eacute;ral de l'organisation &agrave; mettre hors de cause les deux hommes. Le 30 septembre dernier, le chef de l'administration du\n<\/p>\n<p >\nTribunal, Sarah Kilemi, avait annonc&eacute; la fin des mesures provisoires relatives &agrave; ce recrutement et pr&eacute;sent&eacute; les excuses du TPIR &laquo; &agrave; toutes les personnes concern&eacute;es &raquo;.\n<\/p>\n<p >\n<p >\nSC\/DC\/GF\n<\/p>\n<p >\n<p>\n&copy; Agence Hirondelle<\/p>\n","protected":false},"excerpt":{"rendered":"<p>Arusha, 2 avril 2009 (FH) - Le greffier en chef du Tribunal p&eacute;nal international pour le Rwanda (TPIR), le S&eacute;n&eacute;galais Adama Dieng, a d&eacute;sign&eacute; un ancien avocat fran&ccedil;ais, M. Pascal Besnier, comme administrateur charg&eacute; de la division des services judiciaires et juridiques, confirme-t-on aupr&egrave;s du service de presse.<\/p>\n","protected":false},"author":64,"featured_media":0,"comment_status":"open","ping_status":"closed","sticky":false,"template":"","format":"standard","meta":{"_acf_changed":false,"footnotes":""},"categories":[554],"tags":[],"ji_location":[],"class_list":["post-10636","post","type-post","status-publish","format-standard","hentry","category-hirondellenews"],"acf":[],"yoast_head":"<!-- This site is optimized with the Yoast SEO Premium plugin v25.3.1 (Yoast SEO v25.3.1) - https:\/\/yoast.com\/wordpress\/plugins\/seo\/ -->\n<title>02.04.09 - TPIR\/GREFFE - UN FRAN\u00c7AIS NOMME PAR LE GREFFE AUX PLUS HAUTES FONCTIONS JURIDIQUES - JusticeInfo.net<\/title>\n<meta name=\"robots\" content=\"index, follow, max-snippet:-1, max-image-preview:large, max-video-preview:-1\" \/>\n<link rel=\"canonical\" href=\"https:\/\/www.justiceinfo.net\/fr\/10636-020409-tpirgreffe-un-francais-nomme-par-le-greffe-aux-plus-hautes-fonctions-juridiques7443.html\" \/>\n<meta property=\"og:locale\" content=\"fr_FR\" \/>\n<meta property=\"og:type\" content=\"article\" \/>\n<meta property=\"og:title\" content=\"02.04.09 - TPIR\/GREFFE - UN FRAN\u00c7AIS NOMME PAR LE GREFFE AUX PLUS HAUTES FONCTIONS JURIDIQUES\" \/>\n<meta property=\"og:description\" content=\"Arusha, 2 avril 2009 (FH) - Le greffier en chef du Tribunal p&eacute;nal international pour le Rwanda (TPIR), le S&eacute;n&eacute;galais Adama Dieng, a d&eacute;sign&eacute; un ancien avocat fran&ccedil;ais, M. Pascal Besnier, comme administrateur charg&eacute; de la division des services judiciaires et juridiques, confirme-t-on aupr&egrave;s du service de presse.\" \/>\n<meta property=\"og:url\" content=\"https:\/\/www.justiceinfo.net\/fr\/10636-020409-tpirgreffe-un-francais-nomme-par-le-greffe-aux-plus-hautes-fonctions-juridiques7443.html\" \/>\n<meta property=\"og:site_name\" content=\"JusticeInfo.net\" \/>\n<meta property=\"article:publisher\" content=\"https:\/\/www.facebook.com\/JusticeInfo\/\" \/>\n<meta property=\"article:published_time\" content=\"2009-04-01T22:00:00+00:00\" \/>\n<meta property=\"og:image\" content=\"https:\/\/www.justiceinfo.net\/wp-content\/uploads\/JusticeInfoNet_logo_1200x630px.jpg\" \/>\n\t<meta property=\"og:image:width\" content=\"1200\" \/>\n\t<meta property=\"og:image:height\" content=\"630\" \/>\n\t<meta property=\"og:image:type\" content=\"image\/jpeg\" \/>\n<meta name=\"author\" content=\"solivri\" \/>\n<meta name=\"twitter:card\" content=\"summary_large_image\" \/>\n<meta name=\"twitter:creator\" content=\"@justiceinfonet\" \/>\n<meta name=\"twitter:site\" content=\"@justiceinfonet\" \/>\n<meta name=\"twitter:label1\" content=\"\u00c9crit par\" \/>\n\t<meta name=\"twitter:data1\" content=\"solivri\" \/>\n\t<meta name=\"twitter:label2\" content=\"Dur\u00e9e de lecture estim\u00e9e\" \/>\n\t<meta name=\"twitter:data2\" content=\"2 minutes\" \/>\n<script type=\"application\/ld+json\" class=\"yoast-schema-graph\">{\"@context\":\"https:\/\/schema.org\",\"@graph\":[{\"@type\":\"NewsArticle\",\"@id\":\"https:\/\/www.justiceinfo.net\/fr\/10636-020409-tpirgreffe-un-francais-nomme-par-le-greffe-aux-plus-hautes-fonctions-juridiques7443.html#article\",\"isPartOf\":{\"@id\":\"https:\/\/www.justiceinfo.net\/fr\/10636-020409-tpirgreffe-un-francais-nomme-par-le-greffe-aux-plus-hautes-fonctions-juridiques7443.html\"},\"author\":{\"name\":\"solivri\",\"@id\":\"https:\/\/www.justiceinfo.net\/fr#\/schema\/person\/6e53cba1629e2e66f3fc1821d3091865\"},\"headline\":\"02.04.09 - TPIR\/GREFFE - UN FRAN\u00c7AIS NOMME PAR LE GREFFE AUX PLUS HAUTES FONCTIONS JURIDIQUES\",\"datePublished\":\"2009-04-01T22:00:00+00:00\",\"mainEntityOfPage\":{\"@id\":\"https:\/\/www.justiceinfo.net\/fr\/10636-020409-tpirgreffe-un-francais-nomme-par-le-greffe-aux-plus-hautes-fonctions-juridiques7443.html\"},\"wordCount\":415,\"commentCount\":0,\"publisher\":{\"@id\":\"https:\/\/www.justiceinfo.net\/fr#organization\"},\"articleSection\":[\"Hirondelle News\"],\"inLanguage\":\"fr-FR\",\"potentialAction\":[{\"@type\":\"CommentAction\",\"name\":\"Comment\",\"target\":[\"https:\/\/www.justiceinfo.net\/fr\/10636-020409-tpirgreffe-un-francais-nomme-par-le-greffe-aux-plus-hautes-fonctions-juridiques7443.html#respond\"]}]},{\"@type\":\"WebPage\",\"@id\":\"https:\/\/www.justiceinfo.net\/fr\/10636-020409-tpirgreffe-un-francais-nomme-par-le-greffe-aux-plus-hautes-fonctions-juridiques7443.html\",\"url\":\"https:\/\/www.justiceinfo.net\/fr\/10636-020409-tpirgreffe-un-francais-nomme-par-le-greffe-aux-plus-hautes-fonctions-juridiques7443.html\",\"name\":\"02.04.09 - TPIR\/GREFFE - UN FRAN\u00c7AIS NOMME PAR LE GREFFE AUX PLUS HAUTES FONCTIONS JURIDIQUES - JusticeInfo.net\",\"isPartOf\":{\"@id\":\"https:\/\/www.justiceinfo.net\/fr#website\"},\"datePublished\":\"2009-04-01T22:00:00+00:00\",\"breadcrumb\":{\"@id\":\"https:\/\/www.justiceinfo.net\/fr\/10636-020409-tpirgreffe-un-francais-nomme-par-le-greffe-aux-plus-hautes-fonctions-juridiques7443.html#breadcrumb\"},\"inLanguage\":\"fr-FR\",\"potentialAction\":[{\"@type\":\"ReadAction\",\"target\":[\"https:\/\/www.justiceinfo.net\/fr\/10636-020409-tpirgreffe-un-francais-nomme-par-le-greffe-aux-plus-hautes-fonctions-juridiques7443.html\"]}]},{\"@type\":\"BreadcrumbList\",\"@id\":\"https:\/\/www.justiceinfo.net\/fr\/10636-020409-tpirgreffe-un-francais-nomme-par-le-greffe-aux-plus-hautes-fonctions-juridiques7443.html#breadcrumb\",\"itemListElement\":[{\"@type\":\"ListItem\",\"position\":1,\"name\":\"Home\",\"item\":\"https:\/\/www.justiceinfo.net\/fr\"},{\"@type\":\"ListItem\",\"position\":2,\"name\":\"02.04.09 - TPIR\/GREFFE - UN FRAN\u00c7AIS NOMME PAR LE GREFFE AUX PLUS HAUTES FONCTIONS JURIDIQUES\"}]},{\"@type\":\"WebSite\",\"@id\":\"https:\/\/www.justiceinfo.net\/fr#website\",\"url\":\"https:\/\/www.justiceinfo.net\/fr\",\"name\":\"JusticeInfo.net\",\"description\":\"La justice doit \u00eatre vue pour \u00eatre rendue\",\"publisher\":{\"@id\":\"https:\/\/www.justiceinfo.net\/fr#organization\"},\"potentialAction\":[{\"@type\":\"SearchAction\",\"target\":{\"@type\":\"EntryPoint\",\"urlTemplate\":\"https:\/\/www.justiceinfo.net\/fr?s={search_term_string}\"},\"query-input\":{\"@type\":\"PropertyValueSpecification\",\"valueRequired\":true,\"valueName\":\"search_term_string\"}}],\"inLanguage\":\"fr-FR\"},{\"@type\":\"Organization\",\"@id\":\"https:\/\/www.justiceinfo.net\/fr#organization\",\"name\":\"Justice Info\",\"url\":\"https:\/\/www.justiceinfo.net\/fr\",\"logo\":{\"@type\":\"ImageObject\",\"inLanguage\":\"fr-FR\",\"@id\":\"https:\/\/www.justiceinfo.net\/fr#\/schema\/logo\/image\/\",\"url\":\"https:\/\/www.justiceinfo.net\/wp-content\/uploads\/justiceinfo_logo-trans_1200x1200px.png\",\"contentUrl\":\"https:\/\/www.justiceinfo.net\/wp-content\/uploads\/justiceinfo_logo-trans_1200x1200px.png\",\"width\":1199,\"height\":1200,\"caption\":\"Justice Info\"},\"image\":{\"@id\":\"https:\/\/www.justiceinfo.net\/fr#\/schema\/logo\/image\/\"},\"sameAs\":[\"https:\/\/www.facebook.com\/JusticeInfo\/\",\"https:\/\/x.com\/justiceinfonet\",\"https:\/\/www.linkedin.com\/company\/justice-info\",\"https:\/\/www.youtube.com\/channel\/UCyCEsARodyuWtkWyhn-e7pA\"]},{\"@type\":\"Person\",\"name\":\"solivri\",\"url\":\"\/fr\/?s=solivri\"}]}<\/script>\n<!-- \/ Yoast SEO Premium plugin. -->","yoast_head_json":{"title":"02.04.09 - TPIR\/GREFFE - UN FRAN\u00c7AIS NOMME PAR LE GREFFE AUX PLUS HAUTES FONCTIONS JURIDIQUES - JusticeInfo.net","robots":{"index":"index","follow":"follow","max-snippet":"max-snippet:-1","max-image-preview":"max-image-preview:large","max-video-preview":"max-video-preview:-1"},"canonical":"https:\/\/www.justiceinfo.net\/fr\/10636-020409-tpirgreffe-un-francais-nomme-par-le-greffe-aux-plus-hautes-fonctions-juridiques7443.html","og_locale":"fr_FR","og_type":"article","og_title":"02.04.09 - TPIR\/GREFFE - UN FRAN\u00c7AIS NOMME PAR LE GREFFE AUX PLUS HAUTES FONCTIONS JURIDIQUES","og_description":"Arusha, 2 avril 2009 (FH) - Le greffier en chef du Tribunal p&eacute;nal international pour le Rwanda (TPIR), le S&eacute;n&eacute;galais Adama Dieng, a d&eacute;sign&eacute; un ancien avocat fran&ccedil;ais, M. Pascal Besnier, comme administrateur charg&eacute; de la division des services judiciaires et juridiques, confirme-t-on aupr&egrave;s du service de presse.","og_url":"https:\/\/www.justiceinfo.net\/fr\/10636-020409-tpirgreffe-un-francais-nomme-par-le-greffe-aux-plus-hautes-fonctions-juridiques7443.html","og_site_name":"JusticeInfo.net","article_publisher":"https:\/\/www.facebook.com\/JusticeInfo\/","article_published_time":"2009-04-01T22:00:00+00:00","og_image":[{"width":1200,"height":630,"url":"https:\/\/www.justiceinfo.net\/wp-content\/uploads\/JusticeInfoNet_logo_1200x630px.jpg","type":"image\/jpeg"}],"author":"solivri","twitter_card":"summary_large_image","twitter_creator":"@justiceinfonet","twitter_site":"@justiceinfonet","twitter_misc":{"\u00c9crit par":"solivri","Dur\u00e9e de lecture estim\u00e9e":"2 minutes"},"schema":{"@context":"https:\/\/schema.org","@graph":[{"@type":"NewsArticle","@id":"https:\/\/www.justiceinfo.net\/fr\/10636-020409-tpirgreffe-un-francais-nomme-par-le-greffe-aux-plus-hautes-fonctions-juridiques7443.html#article","isPartOf":{"@id":"https:\/\/www.justiceinfo.net\/fr\/10636-020409-tpirgreffe-un-francais-nomme-par-le-greffe-aux-plus-hautes-fonctions-juridiques7443.html"},"author":{"name":"solivri","@id":"https:\/\/www.justiceinfo.net\/fr#\/schema\/person\/6e53cba1629e2e66f3fc1821d3091865"},"headline":"02.04.09 - TPIR\/GREFFE - UN FRAN\u00c7AIS NOMME PAR LE GREFFE AUX PLUS HAUTES FONCTIONS JURIDIQUES","datePublished":"2009-04-01T22:00:00+00:00","mainEntityOfPage":{"@id":"https:\/\/www.justiceinfo.net\/fr\/10636-020409-tpirgreffe-un-francais-nomme-par-le-greffe-aux-plus-hautes-fonctions-juridiques7443.html"},"wordCount":415,"commentCount":0,"publisher":{"@id":"https:\/\/www.justiceinfo.net\/fr#organization"},"articleSection":["Hirondelle News"],"inLanguage":"fr-FR","potentialAction":[{"@type":"CommentAction","name":"Comment","target":["https:\/\/www.justiceinfo.net\/fr\/10636-020409-tpirgreffe-un-francais-nomme-par-le-greffe-aux-plus-hautes-fonctions-juridiques7443.html#respond"]}]},{"@type":"WebPage","@id":"https:\/\/www.justiceinfo.net\/fr\/10636-020409-tpirgreffe-un-francais-nomme-par-le-greffe-aux-plus-hautes-fonctions-juridiques7443.html","url":"https:\/\/www.justiceinfo.net\/fr\/10636-020409-tpirgreffe-un-francais-nomme-par-le-greffe-aux-plus-hautes-fonctions-juridiques7443.html","name":"02.04.09 - TPIR\/GREFFE - UN FRAN\u00c7AIS NOMME PAR LE GREFFE AUX PLUS HAUTES FONCTIONS JURIDIQUES - JusticeInfo.net","isPartOf":{"@id":"https:\/\/www.justiceinfo.net\/fr#website"},"datePublished":"2009-04-01T22:00:00+00:00","breadcrumb":{"@id":"https:\/\/www.justiceinfo.net\/fr\/10636-020409-tpirgreffe-un-francais-nomme-par-le-greffe-aux-plus-hautes-fonctions-juridiques7443.html#breadcrumb"},"inLanguage":"fr-FR","potentialAction":[{"@type":"ReadAction","target":["https:\/\/www.justiceinfo.net\/fr\/10636-020409-tpirgreffe-un-francais-nomme-par-le-greffe-aux-plus-hautes-fonctions-juridiques7443.html"]}]},{"@type":"BreadcrumbList","@id":"https:\/\/www.justiceinfo.net\/fr\/10636-020409-tpirgreffe-un-francais-nomme-par-le-greffe-aux-plus-hautes-fonctions-juridiques7443.html#breadcrumb","itemListElement":[{"@type":"ListItem","position":1,"name":"Home","item":"https:\/\/www.justiceinfo.net\/fr"},{"@type":"ListItem","position":2,"name":"02.04.09 - TPIR\/GREFFE - UN FRAN\u00c7AIS NOMME PAR LE GREFFE AUX PLUS HAUTES FONCTIONS JURIDIQUES"}]},{"@type":"WebSite","@id":"https:\/\/www.justiceinfo.net\/fr#website","url":"https:\/\/www.justiceinfo.net\/fr","name":"JusticeInfo.net","description":"La justice doit \u00eatre vue pour \u00eatre rendue","publisher":{"@id":"https:\/\/www.justiceinfo.net\/fr#organization"},"potentialAction":[{"@type":"SearchAction","target":{"@type":"EntryPoint","urlTemplate":"https:\/\/www.justiceinfo.net\/fr?s={search_term_string}"},"query-input":{"@type":"PropertyValueSpecification","valueRequired":true,"valueName":"search_term_string"}}],"inLanguage":"fr-FR"},{"@type":"Organization","@id":"https:\/\/www.justiceinfo.net\/fr#organization","name":"Justice Info","url":"https:\/\/www.justiceinfo.net\/fr","logo":{"@type":"ImageObject","inLanguage":"fr-FR","@id":"https:\/\/www.justiceinfo.net\/fr#\/schema\/logo\/image\/","url":"https:\/\/www.justiceinfo.net\/wp-content\/uploads\/justiceinfo_logo-trans_1200x1200px.png","contentUrl":"https:\/\/www.justiceinfo.net\/wp-content\/uploads\/justiceinfo_logo-trans_1200x1200px.png","width":1199,"height":1200,"caption":"Justice Info"},"image":{"@id":"https:\/\/www.justiceinfo.net\/fr#\/schema\/logo\/image\/"},"sameAs":["https:\/\/www.facebook.com\/JusticeInfo\/","https:\/\/x.com\/justiceinfonet","https:\/\/www.linkedin.com\/company\/justice-info","https:\/\/www.youtube.com\/channel\/UCyCEsARodyuWtkWyhn-e7pA"]},{"@type":"Person","name":"solivri","url":"\/fr\/?s=solivri"}]}},"_links":{"self":[{"href":"https:\/\/www.justiceinfo.net\/fr\/wp-json\/wp\/v2\/posts\/10636","targetHints":{"allow":["GET"]}}],"collection":[{"href":"https:\/\/www.justiceinfo.net\/fr\/wp-json\/wp\/v2\/posts"}],"about":[{"href":"https:\/\/www.justiceinfo.net\/fr\/wp-json\/wp\/v2\/types\/post"}],"author":[{"embeddable":true,"href":"https:\/\/www.justiceinfo.net\/fr\/wp-json\/wp\/v2\/users\/64"}],"replies":[{"embeddable":true,"href":"https:\/\/www.justiceinfo.net\/fr\/wp-json\/wp\/v2\/comments?post=10636"}],"version-history":[{"count":0,"href":"https:\/\/www.justiceinfo.net\/fr\/wp-json\/wp\/v2\/posts\/10636\/revisions"}],"wp:attachment":[{"href":"https:\/\/www.justiceinfo.net\/fr\/wp-json\/wp\/v2\/media?parent=10636"}],"wp:term":[{"taxonomy":"category","embeddable":true,"href":"https:\/\/www.justiceinfo.net\/fr\/wp-json\/wp\/v2\/categories?post=10636"},{"taxonomy":"post_tag","embeddable":true,"href":"https:\/\/www.justiceinfo.net\/fr\/wp-json\/wp\/v2\/tags?post=10636"},{"taxonomy":"ji_location","embeddable":true,"href":"https:\/\/www.justiceinfo.net\/fr\/wp-json\/wp\/v2\/ji_location?post=10636"}],"curies":[{"name":"wp","href":"https:\/\/api.w.org\/{rel}","templated":true}]}}