{"id":10646,"date":"2009-04-06T00:00:00","date_gmt":"2009-04-05T22:00:00","guid":{"rendered":"https:\/\/www.justiceinfo.net\/10646-060409-rwandagenocide-le-rwanda-commemore-mardi-le-quinzieme-anniversaire-du-genocide7453.html"},"modified":"2009-04-06T00:00:00","modified_gmt":"2009-04-05T22:00:00","slug":"060409-rwandagenocide-le-rwanda-commemore-mardi-le-quinzieme-anniversaire-du-genocide7453","status":"publish","type":"post","link":"https:\/\/www.justiceinfo.net\/fr\/10646-060409-rwandagenocide-le-rwanda-commemore-mardi-le-quinzieme-anniversaire-du-genocide7453.html","title":{"rendered":"06.04.09 - RWANDA\/GENOCIDE - LE RWANDA COMMEMORE MARDI LE QUINZIEME ANNIVERSAIRE DU GENOCIDE"},"content":{"rendered":"<p >\nKigali, 06 avril 2009 (FH) - Le Chef de l'Etat rwandais, Paul Kagame, pr&eacute;sidera mardi sur la colline de Nyanza, dans la capitale, les c&eacute;r&eacute;monies de la 15 i&egrave;me comm&eacute;moration annuelle du g&eacute;nocide de 1994 au cours duquel pr&egrave;s de 800 000 personnes, essentiellement parmi l'ethnie tutsie, ont &eacute;t&eacute; tu&eacute;es, selon l'ONU.\n<\/p>\n<p><!--more--><\/p>\n<p >\n<p >\nSelon le programme de la journ&eacute;e obtenu au secr&eacute;tariat g&eacute;n&eacute;ral de la Commission nationale de lutte contre le g&eacute;nocide, le pr&eacute;sident Kagame y allumera un &laquo; flambeau de l'espoir &raquo;. Il sera accompagn&eacute; pour la c&eacute;r&eacute;monie par Alice Ishimwe, 15 ans, dont les parents ont &eacute;t&eacute; tu&eacute;s pendant le g&eacute;nocide.\n<\/p>\n<p >\nDes milliers de Tutsis avaient cherch&eacute; refuge sur la colline de Nyanza, dans des structures comme l'Ecole technique officielle (ETO), sous la protection du contingent belge de la Mission d'assistance de l'ONU pour le Rwanda (MINUAR). Mais ils furent massacr&eacute;s apr&egrave;s le retrait des Casques bleus belges le 11 avril 1994.\n<\/p>\n<p >\nSelon Ibuka, la principale organisation de rescap&eacute;s du g&eacute;nocide, au moins 5.000 personnes y ont &eacute;t&eacute; tu&eacute;es par des miliciens Interahamwe et des soldats de l'arm&eacute;e r&eacute;guli&egrave;re de l'&eacute;poque. Ibuka, qui avait ses bureaux au centre de Kigali, a emm&eacute;nag&eacute; depuis mai 2008 sur cette colline hautement symbolique, selon l'organisation, de la faillite de la communaut&eacute; internationale.\n<\/p>\n<p >\nCertains corps, d&eacute;couverts r&eacute;cemment dans les environs du site, y recevront mardi une s&eacute;pulture digne, en pr&eacute;sence d'autres hauts responsables rwandais, de diplomates et d'autres personnalit&eacute;s.\n<\/p>\n<p >\nCette journ&eacute;e sera le point d'orgue d'activit&eacute;s qui ont d&eacute;but&eacute; il y a plusieurs jours et qui se poursuivront apr&egrave;s.\n<\/p>\n<p >\nLe week-end dernier, par exemple, a &eacute;t&eacute; lanc&eacute;e une campagne de collecte de fonds en vue d'assister les orphelins du g&eacute;nocide. Des Rwandais de l'int&eacute;rieur ou de la diaspora ont d&eacute;j&agrave; r&eacute;uni quelque 52.600 dollars am&eacute;ricains.\n<\/p>\n<p >\nDes c&eacute;r&eacute;monies de comm&eacute;moration seront &eacute;galement organis&eacute;es par toutes les provinces, toutes les repr&eacute;sentations diplomatiques du Rwanda ainsi que par de nombreuses communaut&eacute;s rwandaises &agrave; travers le monde, notamment su si&egrave;ge du Tribunal p&eacute;nal international pour le Rwanda (TPIR) &agrave; Arusha, en Tanzanie.\n<\/p>\n<p >\n<p >\nNI\/ER\/GF\n<\/p>\n<p >\n<p>\n&copy; Agence Hirondelle<\/p>\n","protected":false},"excerpt":{"rendered":"<p>Kigali, 06 avril 2009 (FH) - Le Chef de l'Etat rwandais, Paul Kagame, pr&eacute;sidera mardi sur la colline de Nyanza, dans la capitale, les c&eacute;r&eacute;monies de la 15 i&egrave;me comm&eacute;moration annuelle du g&eacute;nocide de 1994 au cours duquel pr&egrave;s de 800 000 personnes, essentiellement parmi l'ethnie tutsie, ont &eacute;t&eacute; tu&eacute;es, selon l'ONU.<\/p>\n","protected":false},"author":64,"featured_media":0,"comment_status":"open","ping_status":"closed","sticky":false,"template":"","format":"standard","meta":{"_acf_changed":false,"footnotes":""},"categories":[554],"tags":[],"ji_location":[],"class_list":["post-10646","post","type-post","status-publish","format-standard","hentry","category-hirondellenews"],"acf":[],"yoast_head":"<!-- This site is optimized with the Yoast SEO Premium plugin v25.3.1 (Yoast SEO v25.3.1) - https:\/\/yoast.com\/wordpress\/plugins\/seo\/ -->\n<title>06.04.09 - RWANDA\/GENOCIDE - LE RWANDA COMMEMORE MARDI LE QUINZIEME ANNIVERSAIRE DU GENOCIDE - JusticeInfo.net<\/title>\n<meta name=\"robots\" content=\"index, follow, max-snippet:-1, max-image-preview:large, max-video-preview:-1\" \/>\n<link rel=\"canonical\" href=\"https:\/\/www.justiceinfo.net\/fr\/10646-060409-rwandagenocide-le-rwanda-commemore-mardi-le-quinzieme-anniversaire-du-genocide7453.html\" \/>\n<meta property=\"og:locale\" content=\"fr_FR\" \/>\n<meta property=\"og:type\" content=\"article\" \/>\n<meta property=\"og:title\" content=\"06.04.09 - RWANDA\/GENOCIDE - LE RWANDA COMMEMORE MARDI LE QUINZIEME ANNIVERSAIRE DU GENOCIDE\" \/>\n<meta property=\"og:description\" content=\"Kigali, 06 avril 2009 (FH) - Le Chef de l&#039;Etat rwandais, Paul Kagame, pr&eacute;sidera mardi sur la colline de Nyanza, dans la capitale, les c&eacute;r&eacute;monies de la 15 i&egrave;me comm&eacute;moration annuelle du g&eacute;nocide de 1994 au cours duquel pr&egrave;s de 800 000 personnes, essentiellement parmi l&#039;ethnie tutsie, ont &eacute;t&eacute; tu&eacute;es, selon l&#039;ONU.\" \/>\n<meta property=\"og:url\" content=\"https:\/\/www.justiceinfo.net\/fr\/10646-060409-rwandagenocide-le-rwanda-commemore-mardi-le-quinzieme-anniversaire-du-genocide7453.html\" \/>\n<meta property=\"og:site_name\" content=\"JusticeInfo.net\" \/>\n<meta property=\"article:publisher\" content=\"https:\/\/www.facebook.com\/JusticeInfo\/\" \/>\n<meta property=\"article:published_time\" content=\"2009-04-05T22:00:00+00:00\" \/>\n<meta property=\"og:image\" content=\"https:\/\/www.justiceinfo.net\/wp-content\/uploads\/JusticeInfoNet_logo_1200x630px.jpg\" \/>\n\t<meta property=\"og:image:width\" content=\"1200\" \/>\n\t<meta property=\"og:image:height\" content=\"630\" \/>\n\t<meta property=\"og:image:type\" content=\"image\/jpeg\" \/>\n<meta name=\"author\" content=\"solivri\" \/>\n<meta name=\"twitter:card\" content=\"summary_large_image\" \/>\n<meta name=\"twitter:creator\" content=\"@justiceinfonet\" \/>\n<meta name=\"twitter:site\" content=\"@justiceinfonet\" \/>\n<meta name=\"twitter:label1\" content=\"\u00c9crit par\" \/>\n\t<meta name=\"twitter:data1\" content=\"solivri\" \/>\n\t<meta name=\"twitter:label2\" content=\"Dur\u00e9e de lecture estim\u00e9e\" \/>\n\t<meta name=\"twitter:data2\" content=\"2 minutes\" \/>\n<script type=\"application\/ld+json\" class=\"yoast-schema-graph\">{\"@context\":\"https:\/\/schema.org\",\"@graph\":[{\"@type\":\"NewsArticle\",\"@id\":\"https:\/\/www.justiceinfo.net\/fr\/10646-060409-rwandagenocide-le-rwanda-commemore-mardi-le-quinzieme-anniversaire-du-genocide7453.html#article\",\"isPartOf\":{\"@id\":\"https:\/\/www.justiceinfo.net\/fr\/10646-060409-rwandagenocide-le-rwanda-commemore-mardi-le-quinzieme-anniversaire-du-genocide7453.html\"},\"author\":{\"name\":\"solivri\",\"@id\":\"https:\/\/www.justiceinfo.net\/fr#\/schema\/person\/6e53cba1629e2e66f3fc1821d3091865\"},\"headline\":\"06.04.09 - RWANDA\/GENOCIDE - LE RWANDA COMMEMORE MARDI LE QUINZIEME ANNIVERSAIRE DU GENOCIDE\",\"datePublished\":\"2009-04-05T22:00:00+00:00\",\"mainEntityOfPage\":{\"@id\":\"https:\/\/www.justiceinfo.net\/fr\/10646-060409-rwandagenocide-le-rwanda-commemore-mardi-le-quinzieme-anniversaire-du-genocide7453.html\"},\"wordCount\":474,\"commentCount\":0,\"publisher\":{\"@id\":\"https:\/\/www.justiceinfo.net\/fr#organization\"},\"articleSection\":[\"Hirondelle News\"],\"inLanguage\":\"fr-FR\",\"potentialAction\":[{\"@type\":\"CommentAction\",\"name\":\"Comment\",\"target\":[\"https:\/\/www.justiceinfo.net\/fr\/10646-060409-rwandagenocide-le-rwanda-commemore-mardi-le-quinzieme-anniversaire-du-genocide7453.html#respond\"]}]},{\"@type\":\"WebPage\",\"@id\":\"https:\/\/www.justiceinfo.net\/fr\/10646-060409-rwandagenocide-le-rwanda-commemore-mardi-le-quinzieme-anniversaire-du-genocide7453.html\",\"url\":\"https:\/\/www.justiceinfo.net\/fr\/10646-060409-rwandagenocide-le-rwanda-commemore-mardi-le-quinzieme-anniversaire-du-genocide7453.html\",\"name\":\"06.04.09 - RWANDA\/GENOCIDE - LE RWANDA COMMEMORE MARDI LE QUINZIEME ANNIVERSAIRE DU GENOCIDE - JusticeInfo.net\",\"isPartOf\":{\"@id\":\"https:\/\/www.justiceinfo.net\/fr#website\"},\"datePublished\":\"2009-04-05T22:00:00+00:00\",\"breadcrumb\":{\"@id\":\"https:\/\/www.justiceinfo.net\/fr\/10646-060409-rwandagenocide-le-rwanda-commemore-mardi-le-quinzieme-anniversaire-du-genocide7453.html#breadcrumb\"},\"inLanguage\":\"fr-FR\",\"potentialAction\":[{\"@type\":\"ReadAction\",\"target\":[\"https:\/\/www.justiceinfo.net\/fr\/10646-060409-rwandagenocide-le-rwanda-commemore-mardi-le-quinzieme-anniversaire-du-genocide7453.html\"]}]},{\"@type\":\"BreadcrumbList\",\"@id\":\"https:\/\/www.justiceinfo.net\/fr\/10646-060409-rwandagenocide-le-rwanda-commemore-mardi-le-quinzieme-anniversaire-du-genocide7453.html#breadcrumb\",\"itemListElement\":[{\"@type\":\"ListItem\",\"position\":1,\"name\":\"Home\",\"item\":\"https:\/\/www.justiceinfo.net\/fr\"},{\"@type\":\"ListItem\",\"position\":2,\"name\":\"06.04.09 - RWANDA\/GENOCIDE - LE RWANDA COMMEMORE MARDI LE QUINZIEME ANNIVERSAIRE DU GENOCIDE\"}]},{\"@type\":\"WebSite\",\"@id\":\"https:\/\/www.justiceinfo.net\/fr#website\",\"url\":\"https:\/\/www.justiceinfo.net\/fr\",\"name\":\"JusticeInfo.net\",\"description\":\"La justice doit \u00eatre vue pour \u00eatre rendue\",\"publisher\":{\"@id\":\"https:\/\/www.justiceinfo.net\/fr#organization\"},\"potentialAction\":[{\"@type\":\"SearchAction\",\"target\":{\"@type\":\"EntryPoint\",\"urlTemplate\":\"https:\/\/www.justiceinfo.net\/fr?s={search_term_string}\"},\"query-input\":{\"@type\":\"PropertyValueSpecification\",\"valueRequired\":true,\"valueName\":\"search_term_string\"}}],\"inLanguage\":\"fr-FR\"},{\"@type\":\"Organization\",\"@id\":\"https:\/\/www.justiceinfo.net\/fr#organization\",\"name\":\"Justice Info\",\"url\":\"https:\/\/www.justiceinfo.net\/fr\",\"logo\":{\"@type\":\"ImageObject\",\"inLanguage\":\"fr-FR\",\"@id\":\"https:\/\/www.justiceinfo.net\/fr#\/schema\/logo\/image\/\",\"url\":\"https:\/\/www.justiceinfo.net\/wp-content\/uploads\/justiceinfo_logo-trans_1200x1200px.png\",\"contentUrl\":\"https:\/\/www.justiceinfo.net\/wp-content\/uploads\/justiceinfo_logo-trans_1200x1200px.png\",\"width\":1199,\"height\":1200,\"caption\":\"Justice Info\"},\"image\":{\"@id\":\"https:\/\/www.justiceinfo.net\/fr#\/schema\/logo\/image\/\"},\"sameAs\":[\"https:\/\/www.facebook.com\/JusticeInfo\/\",\"https:\/\/x.com\/justiceinfonet\",\"https:\/\/www.linkedin.com\/company\/justice-info\",\"https:\/\/www.youtube.com\/channel\/UCyCEsARodyuWtkWyhn-e7pA\"]},{\"@type\":\"Person\",\"name\":\"solivri\",\"url\":\"\/fr\/?s=solivri\"}]}<\/script>\n<!-- \/ Yoast SEO Premium plugin. -->","yoast_head_json":{"title":"06.04.09 - RWANDA\/GENOCIDE - LE RWANDA COMMEMORE MARDI LE QUINZIEME ANNIVERSAIRE DU GENOCIDE - JusticeInfo.net","robots":{"index":"index","follow":"follow","max-snippet":"max-snippet:-1","max-image-preview":"max-image-preview:large","max-video-preview":"max-video-preview:-1"},"canonical":"https:\/\/www.justiceinfo.net\/fr\/10646-060409-rwandagenocide-le-rwanda-commemore-mardi-le-quinzieme-anniversaire-du-genocide7453.html","og_locale":"fr_FR","og_type":"article","og_title":"06.04.09 - RWANDA\/GENOCIDE - LE RWANDA COMMEMORE MARDI LE QUINZIEME ANNIVERSAIRE DU GENOCIDE","og_description":"Kigali, 06 avril 2009 (FH) - Le Chef de l'Etat rwandais, Paul Kagame, pr&eacute;sidera mardi sur la colline de Nyanza, dans la capitale, les c&eacute;r&eacute;monies de la 15 i&egrave;me comm&eacute;moration annuelle du g&eacute;nocide de 1994 au cours duquel pr&egrave;s de 800 000 personnes, essentiellement parmi l'ethnie tutsie, ont &eacute;t&eacute; tu&eacute;es, selon l'ONU.","og_url":"https:\/\/www.justiceinfo.net\/fr\/10646-060409-rwandagenocide-le-rwanda-commemore-mardi-le-quinzieme-anniversaire-du-genocide7453.html","og_site_name":"JusticeInfo.net","article_publisher":"https:\/\/www.facebook.com\/JusticeInfo\/","article_published_time":"2009-04-05T22:00:00+00:00","og_image":[{"width":1200,"height":630,"url":"https:\/\/www.justiceinfo.net\/wp-content\/uploads\/JusticeInfoNet_logo_1200x630px.jpg","type":"image\/jpeg"}],"author":"solivri","twitter_card":"summary_large_image","twitter_creator":"@justiceinfonet","twitter_site":"@justiceinfonet","twitter_misc":{"\u00c9crit par":"solivri","Dur\u00e9e de lecture estim\u00e9e":"2 minutes"},"schema":{"@context":"https:\/\/schema.org","@graph":[{"@type":"NewsArticle","@id":"https:\/\/www.justiceinfo.net\/fr\/10646-060409-rwandagenocide-le-rwanda-commemore-mardi-le-quinzieme-anniversaire-du-genocide7453.html#article","isPartOf":{"@id":"https:\/\/www.justiceinfo.net\/fr\/10646-060409-rwandagenocide-le-rwanda-commemore-mardi-le-quinzieme-anniversaire-du-genocide7453.html"},"author":{"name":"solivri","@id":"https:\/\/www.justiceinfo.net\/fr#\/schema\/person\/6e53cba1629e2e66f3fc1821d3091865"},"headline":"06.04.09 - RWANDA\/GENOCIDE - LE RWANDA COMMEMORE MARDI LE QUINZIEME ANNIVERSAIRE DU GENOCIDE","datePublished":"2009-04-05T22:00:00+00:00","mainEntityOfPage":{"@id":"https:\/\/www.justiceinfo.net\/fr\/10646-060409-rwandagenocide-le-rwanda-commemore-mardi-le-quinzieme-anniversaire-du-genocide7453.html"},"wordCount":474,"commentCount":0,"publisher":{"@id":"https:\/\/www.justiceinfo.net\/fr#organization"},"articleSection":["Hirondelle News"],"inLanguage":"fr-FR","potentialAction":[{"@type":"CommentAction","name":"Comment","target":["https:\/\/www.justiceinfo.net\/fr\/10646-060409-rwandagenocide-le-rwanda-commemore-mardi-le-quinzieme-anniversaire-du-genocide7453.html#respond"]}]},{"@type":"WebPage","@id":"https:\/\/www.justiceinfo.net\/fr\/10646-060409-rwandagenocide-le-rwanda-commemore-mardi-le-quinzieme-anniversaire-du-genocide7453.html","url":"https:\/\/www.justiceinfo.net\/fr\/10646-060409-rwandagenocide-le-rwanda-commemore-mardi-le-quinzieme-anniversaire-du-genocide7453.html","name":"06.04.09 - RWANDA\/GENOCIDE - LE RWANDA COMMEMORE MARDI LE QUINZIEME ANNIVERSAIRE DU GENOCIDE - JusticeInfo.net","isPartOf":{"@id":"https:\/\/www.justiceinfo.net\/fr#website"},"datePublished":"2009-04-05T22:00:00+00:00","breadcrumb":{"@id":"https:\/\/www.justiceinfo.net\/fr\/10646-060409-rwandagenocide-le-rwanda-commemore-mardi-le-quinzieme-anniversaire-du-genocide7453.html#breadcrumb"},"inLanguage":"fr-FR","potentialAction":[{"@type":"ReadAction","target":["https:\/\/www.justiceinfo.net\/fr\/10646-060409-rwandagenocide-le-rwanda-commemore-mardi-le-quinzieme-anniversaire-du-genocide7453.html"]}]},{"@type":"BreadcrumbList","@id":"https:\/\/www.justiceinfo.net\/fr\/10646-060409-rwandagenocide-le-rwanda-commemore-mardi-le-quinzieme-anniversaire-du-genocide7453.html#breadcrumb","itemListElement":[{"@type":"ListItem","position":1,"name":"Home","item":"https:\/\/www.justiceinfo.net\/fr"},{"@type":"ListItem","position":2,"name":"06.04.09 - RWANDA\/GENOCIDE - LE RWANDA COMMEMORE MARDI LE QUINZIEME ANNIVERSAIRE DU GENOCIDE"}]},{"@type":"WebSite","@id":"https:\/\/www.justiceinfo.net\/fr#website","url":"https:\/\/www.justiceinfo.net\/fr","name":"JusticeInfo.net","description":"La justice doit \u00eatre vue pour \u00eatre rendue","publisher":{"@id":"https:\/\/www.justiceinfo.net\/fr#organization"},"potentialAction":[{"@type":"SearchAction","target":{"@type":"EntryPoint","urlTemplate":"https:\/\/www.justiceinfo.net\/fr?s={search_term_string}"},"query-input":{"@type":"PropertyValueSpecification","valueRequired":true,"valueName":"search_term_string"}}],"inLanguage":"fr-FR"},{"@type":"Organization","@id":"https:\/\/www.justiceinfo.net\/fr#organization","name":"Justice Info","url":"https:\/\/www.justiceinfo.net\/fr","logo":{"@type":"ImageObject","inLanguage":"fr-FR","@id":"https:\/\/www.justiceinfo.net\/fr#\/schema\/logo\/image\/","url":"https:\/\/www.justiceinfo.net\/wp-content\/uploads\/justiceinfo_logo-trans_1200x1200px.png","contentUrl":"https:\/\/www.justiceinfo.net\/wp-content\/uploads\/justiceinfo_logo-trans_1200x1200px.png","width":1199,"height":1200,"caption":"Justice Info"},"image":{"@id":"https:\/\/www.justiceinfo.net\/fr#\/schema\/logo\/image\/"},"sameAs":["https:\/\/www.facebook.com\/JusticeInfo\/","https:\/\/x.com\/justiceinfonet","https:\/\/www.linkedin.com\/company\/justice-info","https:\/\/www.youtube.com\/channel\/UCyCEsARodyuWtkWyhn-e7pA"]},{"@type":"Person","name":"solivri","url":"\/fr\/?s=solivri"}]}},"_links":{"self":[{"href":"https:\/\/www.justiceinfo.net\/fr\/wp-json\/wp\/v2\/posts\/10646","targetHints":{"allow":["GET"]}}],"collection":[{"href":"https:\/\/www.justiceinfo.net\/fr\/wp-json\/wp\/v2\/posts"}],"about":[{"href":"https:\/\/www.justiceinfo.net\/fr\/wp-json\/wp\/v2\/types\/post"}],"author":[{"embeddable":true,"href":"https:\/\/www.justiceinfo.net\/fr\/wp-json\/wp\/v2\/users\/64"}],"replies":[{"embeddable":true,"href":"https:\/\/www.justiceinfo.net\/fr\/wp-json\/wp\/v2\/comments?post=10646"}],"version-history":[{"count":0,"href":"https:\/\/www.justiceinfo.net\/fr\/wp-json\/wp\/v2\/posts\/10646\/revisions"}],"wp:attachment":[{"href":"https:\/\/www.justiceinfo.net\/fr\/wp-json\/wp\/v2\/media?parent=10646"}],"wp:term":[{"taxonomy":"category","embeddable":true,"href":"https:\/\/www.justiceinfo.net\/fr\/wp-json\/wp\/v2\/categories?post=10646"},{"taxonomy":"post_tag","embeddable":true,"href":"https:\/\/www.justiceinfo.net\/fr\/wp-json\/wp\/v2\/tags?post=10646"},{"taxonomy":"ji_location","embeddable":true,"href":"https:\/\/www.justiceinfo.net\/fr\/wp-json\/wp\/v2\/ji_location?post=10646"}],"curies":[{"name":"wp","href":"https:\/\/api.w.org\/{rel}","templated":true}]}}