{"id":10701,"date":"2009-04-21T00:00:00","date_gmt":"2009-04-20T22:00:00","guid":{"rendered":"https:\/\/www.justiceinfo.net\/10701-210409-tpirbutare-la-prison-a-vie-requise-contre-une-ex-ministre-et-ses-co-accuses7508.html"},"modified":"2009-04-21T00:00:00","modified_gmt":"2009-04-20T22:00:00","slug":"210409-tpirbutare-la-prison-a-vie-requise-contre-une-ex-ministre-et-ses-co-accuses7508","status":"publish","type":"post","link":"https:\/\/www.justiceinfo.net\/fr\/10701-210409-tpirbutare-la-prison-a-vie-requise-contre-une-ex-ministre-et-ses-co-accuses7508.html","title":{"rendered":"21.04.09 - TPIR\/BUTARE - LA PRISON A VIE REQUISE CONTRE UNE EX-MINISTRE ET SES  CO-ACCUSES"},"content":{"rendered":"<p >\nArusha, 21 avril 2009 (FH) - Le procureur pr&egrave;s le Tribunal p&eacute;nal international pour le Rwanda (TPIR) a requis mardi la prison &agrave; vie contre l'ex-ministre de la Famille de la promotion f&eacute;minine, Pauline Nyiramasuhuko, et ses cinq co-accus&eacute;s, parmi lesquels son fils Ars&egrave;ne Shalom Ntahobali, a constat&eacute; l'agence Hirondelle.\n<\/p>\n<p><!--more--><\/p>\n<p >\n<p >\nSeule femme d&eacute;tenue par le TPIR, Nyiramasuhuko, n&eacute;e en 1946, est, par ailleurs, la premi&egrave;re femme inculp&eacute;e de g&eacute;nocide et d'incitation au viol par un tribunal international\n<\/p>\n<p >\n&laquo; Le procureur soumet respectueusement que la peine la plus appropri&eacute;e dans cette affaire est l'emprisonnement pour le restant de leur vie &raquo;, a d&eacute;clar&eacute; la Tanzanienne Holo Makwaia, au terme de son r&eacute;quisitoire entam&eacute; la veille. &laquo; Le procureur demande que &raquo; les six accus&eacute;s &laquo; soient condamn&eacute;s &agrave; la peine maximale &raquo;, a-t-elle dit, estimant avoir prouv&eacute; &laquo; au-del&agrave; de tout doute raisonnable la culpabilit&eacute; &raquo; de chaque accus&eacute; sur tous les chefs.\n<\/p>\n<p >\nNyiramasuhuko, son fils, les anciens pr&eacute;fets de Butare (sud), Alphonse Nteziryayo et Sylvain Nsabimana ainsi que les anciens maires Joseph Kanyabashi et Elie Ndayambaje sont inculp&eacute;s de divers crimes de g&eacute;nocide et contre l'humanit&eacute;.\n<\/p>\n<p >\nSelon Mme Makwaia, les six accus&eacute;s &eacute;taient anim&eacute;s de &laquo;l'intention de d&eacute;truire en tout ou en partie le groupe ethnique tutsi &raquo; &agrave; Butare.\n<\/p>\n<p >\nR&eacute;agissant la premi&egrave;re, Me Nicole Bergevin, l'avocate principale de l'ex-ministre a affirm&eacute; : &laquo; Nous croyons que la preuve pr&eacute;sent&eacute;e par la d&eacute;fense de Pauline Nyiramasuhuko a apport&eacute; plus qu'un doute raisonnable &raquo;. L'avocate canadienne poursuivra ses plaidoiries mercredi.\n<\/p>\n<p >\nAu d&eacute;but de ses r&eacute;quisitions lundi, Mme Makwaia avait cibl&eacute; l'ex-ministre et son fils. &laquo;Elle a &eacute;t&eacute; impliqu&eacute;e dans les massacres et les viols qui ont &eacute;t&eacute; commis (en 1994) &agrave; Butare. Au lieu de prot&eacute;ger les familles comme le stipulait son minist&egrave;re, elle a d&eacute;cid&eacute; de les exterminer &raquo;, avait-elle assen&eacute;.\n<\/p>\n<p >\n&laquo; Shalom Ntahobali n'&eacute;tait pas loin de sa m&egrave;re ; il a tu&eacute; et viol&eacute; &raquo;, avait-elle ajout&eacute;.\n<\/p>\n<p >\nLes plaidoiries des &eacute;quipes de d&eacute;fense devraient se poursuivre jusqu'au 30 avril.\n<\/p>\n<p >\nOuvert en juin 2001, ce proc&egrave;s est le plus long de la justice p&eacute;nale internationale.\n<\/p>\n<p >\nLes d&eacute;bats ont &eacute;t&eacute; particuli&egrave;rement longs en raison de difficult&eacute;s avec les t&eacute;moins et de l'extr&ecirc;me lenteur des interrogatoires. Par ailleurs, plusieurs t&eacute;moins experts ont &eacute;t&eacute; cit&eacute;s dans le proc&egrave;s, dont certains sont rest&eacute;s un mois dans le box. Lors de pr&eacute;sentation des preuves &agrave; d&eacute;charge, des conflits d'int&eacute;r&ecirc;ts entre accus&eacute;s sont venus rajouter &agrave; la lenteur.\n<\/p>\n<p >\n<p >\nER\/GF\n<\/p>\n<p>\n&copy; Agence Hirondelle<\/p>\n","protected":false},"excerpt":{"rendered":"<p>Arusha, 21 avril 2009 (FH) - Le procureur pr&egrave;s le Tribunal p&eacute;nal international pour le Rwanda (TPIR) a requis mardi la prison &agrave; vie contre l'ex-ministre de la Famille de la promotion f&eacute;minine, Pauline Nyiramasuhuko, et ses cinq co-accus&eacute;s, parmi lesquels son fils Ars&egrave;ne Shalom Ntahobali, a constat&eacute; l'agence Hirondelle.<\/p>\n","protected":false},"author":64,"featured_media":0,"comment_status":"open","ping_status":"closed","sticky":false,"template":"","format":"standard","meta":{"_acf_changed":false,"footnotes":""},"categories":[554],"tags":[],"ji_location":[],"class_list":["post-10701","post","type-post","status-publish","format-standard","hentry","category-hirondellenews"],"acf":[],"yoast_head":"<!-- This site is optimized with the Yoast SEO Premium plugin v25.3.1 (Yoast SEO v25.3.1) - https:\/\/yoast.com\/wordpress\/plugins\/seo\/ -->\n<title>21.04.09 - TPIR\/BUTARE - LA PRISON A VIE REQUISE CONTRE UNE EX-MINISTRE ET SES CO-ACCUSES - JusticeInfo.net<\/title>\n<meta name=\"robots\" content=\"index, follow, max-snippet:-1, max-image-preview:large, max-video-preview:-1\" \/>\n<link rel=\"canonical\" href=\"https:\/\/www.justiceinfo.net\/fr\/10701-210409-tpirbutare-la-prison-a-vie-requise-contre-une-ex-ministre-et-ses-co-accuses7508.html\" \/>\n<meta property=\"og:locale\" content=\"fr_FR\" \/>\n<meta property=\"og:type\" content=\"article\" \/>\n<meta property=\"og:title\" content=\"21.04.09 - TPIR\/BUTARE - LA PRISON A VIE REQUISE CONTRE UNE EX-MINISTRE ET SES CO-ACCUSES\" \/>\n<meta property=\"og:description\" content=\"Arusha, 21 avril 2009 (FH) - Le procureur pr&egrave;s le Tribunal p&eacute;nal international pour le Rwanda (TPIR) a requis mardi la prison &agrave; vie contre l&#039;ex-ministre de la Famille de la promotion f&eacute;minine, Pauline Nyiramasuhuko, et ses cinq co-accus&eacute;s, parmi lesquels son fils Ars&egrave;ne Shalom Ntahobali, a constat&eacute; l&#039;agence Hirondelle.\" \/>\n<meta property=\"og:url\" content=\"https:\/\/www.justiceinfo.net\/fr\/10701-210409-tpirbutare-la-prison-a-vie-requise-contre-une-ex-ministre-et-ses-co-accuses7508.html\" \/>\n<meta property=\"og:site_name\" content=\"JusticeInfo.net\" \/>\n<meta property=\"article:publisher\" content=\"https:\/\/www.facebook.com\/JusticeInfo\/\" \/>\n<meta property=\"article:published_time\" content=\"2009-04-20T22:00:00+00:00\" \/>\n<meta property=\"og:image\" content=\"https:\/\/www.justiceinfo.net\/wp-content\/uploads\/JusticeInfoNet_logo_1200x630px.jpg\" \/>\n\t<meta property=\"og:image:width\" content=\"1200\" \/>\n\t<meta property=\"og:image:height\" content=\"630\" \/>\n\t<meta property=\"og:image:type\" content=\"image\/jpeg\" \/>\n<meta name=\"author\" content=\"solivri\" \/>\n<meta name=\"twitter:card\" content=\"summary_large_image\" \/>\n<meta name=\"twitter:creator\" content=\"@justiceinfonet\" \/>\n<meta name=\"twitter:site\" content=\"@justiceinfonet\" \/>\n<meta name=\"twitter:label1\" content=\"\u00c9crit par\" \/>\n\t<meta name=\"twitter:data1\" content=\"solivri\" \/>\n\t<meta name=\"twitter:label2\" content=\"Dur\u00e9e de lecture estim\u00e9e\" \/>\n\t<meta name=\"twitter:data2\" content=\"3 minutes\" \/>\n<script type=\"application\/ld+json\" class=\"yoast-schema-graph\">{\"@context\":\"https:\/\/schema.org\",\"@graph\":[{\"@type\":\"NewsArticle\",\"@id\":\"https:\/\/www.justiceinfo.net\/fr\/10701-210409-tpirbutare-la-prison-a-vie-requise-contre-une-ex-ministre-et-ses-co-accuses7508.html#article\",\"isPartOf\":{\"@id\":\"https:\/\/www.justiceinfo.net\/fr\/10701-210409-tpirbutare-la-prison-a-vie-requise-contre-une-ex-ministre-et-ses-co-accuses7508.html\"},\"author\":{\"name\":\"solivri\",\"@id\":\"https:\/\/www.justiceinfo.net\/fr#\/schema\/person\/6e53cba1629e2e66f3fc1821d3091865\"},\"headline\":\"21.04.09 - TPIR\/BUTARE - LA PRISON A VIE REQUISE CONTRE UNE EX-MINISTRE ET SES CO-ACCUSES\",\"datePublished\":\"2009-04-20T22:00:00+00:00\",\"mainEntityOfPage\":{\"@id\":\"https:\/\/www.justiceinfo.net\/fr\/10701-210409-tpirbutare-la-prison-a-vie-requise-contre-une-ex-ministre-et-ses-co-accuses7508.html\"},\"wordCount\":559,\"commentCount\":0,\"publisher\":{\"@id\":\"https:\/\/www.justiceinfo.net\/fr#organization\"},\"articleSection\":[\"Hirondelle News\"],\"inLanguage\":\"fr-FR\",\"potentialAction\":[{\"@type\":\"CommentAction\",\"name\":\"Comment\",\"target\":[\"https:\/\/www.justiceinfo.net\/fr\/10701-210409-tpirbutare-la-prison-a-vie-requise-contre-une-ex-ministre-et-ses-co-accuses7508.html#respond\"]}]},{\"@type\":\"WebPage\",\"@id\":\"https:\/\/www.justiceinfo.net\/fr\/10701-210409-tpirbutare-la-prison-a-vie-requise-contre-une-ex-ministre-et-ses-co-accuses7508.html\",\"url\":\"https:\/\/www.justiceinfo.net\/fr\/10701-210409-tpirbutare-la-prison-a-vie-requise-contre-une-ex-ministre-et-ses-co-accuses7508.html\",\"name\":\"21.04.09 - TPIR\/BUTARE - LA PRISON A VIE REQUISE CONTRE UNE EX-MINISTRE ET SES CO-ACCUSES - JusticeInfo.net\",\"isPartOf\":{\"@id\":\"https:\/\/www.justiceinfo.net\/fr#website\"},\"datePublished\":\"2009-04-20T22:00:00+00:00\",\"breadcrumb\":{\"@id\":\"https:\/\/www.justiceinfo.net\/fr\/10701-210409-tpirbutare-la-prison-a-vie-requise-contre-une-ex-ministre-et-ses-co-accuses7508.html#breadcrumb\"},\"inLanguage\":\"fr-FR\",\"potentialAction\":[{\"@type\":\"ReadAction\",\"target\":[\"https:\/\/www.justiceinfo.net\/fr\/10701-210409-tpirbutare-la-prison-a-vie-requise-contre-une-ex-ministre-et-ses-co-accuses7508.html\"]}]},{\"@type\":\"BreadcrumbList\",\"@id\":\"https:\/\/www.justiceinfo.net\/fr\/10701-210409-tpirbutare-la-prison-a-vie-requise-contre-une-ex-ministre-et-ses-co-accuses7508.html#breadcrumb\",\"itemListElement\":[{\"@type\":\"ListItem\",\"position\":1,\"name\":\"Home\",\"item\":\"https:\/\/www.justiceinfo.net\/fr\"},{\"@type\":\"ListItem\",\"position\":2,\"name\":\"21.04.09 - TPIR\/BUTARE - LA PRISON A VIE REQUISE CONTRE UNE EX-MINISTRE ET SES CO-ACCUSES\"}]},{\"@type\":\"WebSite\",\"@id\":\"https:\/\/www.justiceinfo.net\/fr#website\",\"url\":\"https:\/\/www.justiceinfo.net\/fr\",\"name\":\"JusticeInfo.net\",\"description\":\"La justice doit \u00eatre vue pour \u00eatre rendue\",\"publisher\":{\"@id\":\"https:\/\/www.justiceinfo.net\/fr#organization\"},\"potentialAction\":[{\"@type\":\"SearchAction\",\"target\":{\"@type\":\"EntryPoint\",\"urlTemplate\":\"https:\/\/www.justiceinfo.net\/fr?s={search_term_string}\"},\"query-input\":{\"@type\":\"PropertyValueSpecification\",\"valueRequired\":true,\"valueName\":\"search_term_string\"}}],\"inLanguage\":\"fr-FR\"},{\"@type\":\"Organization\",\"@id\":\"https:\/\/www.justiceinfo.net\/fr#organization\",\"name\":\"Justice Info\",\"url\":\"https:\/\/www.justiceinfo.net\/fr\",\"logo\":{\"@type\":\"ImageObject\",\"inLanguage\":\"fr-FR\",\"@id\":\"https:\/\/www.justiceinfo.net\/fr#\/schema\/logo\/image\/\",\"url\":\"https:\/\/www.justiceinfo.net\/wp-content\/uploads\/justiceinfo_logo-trans_1200x1200px.png\",\"contentUrl\":\"https:\/\/www.justiceinfo.net\/wp-content\/uploads\/justiceinfo_logo-trans_1200x1200px.png\",\"width\":1199,\"height\":1200,\"caption\":\"Justice Info\"},\"image\":{\"@id\":\"https:\/\/www.justiceinfo.net\/fr#\/schema\/logo\/image\/\"},\"sameAs\":[\"https:\/\/www.facebook.com\/JusticeInfo\/\",\"https:\/\/x.com\/justiceinfonet\",\"https:\/\/www.linkedin.com\/company\/justice-info\",\"https:\/\/www.youtube.com\/channel\/UCyCEsARodyuWtkWyhn-e7pA\"]},{\"@type\":\"Person\",\"name\":\"solivri\",\"url\":\"\/fr\/?s=solivri\"}]}<\/script>\n<!-- \/ Yoast SEO Premium plugin. -->","yoast_head_json":{"title":"21.04.09 - TPIR\/BUTARE - LA PRISON A VIE REQUISE CONTRE UNE EX-MINISTRE ET SES CO-ACCUSES - JusticeInfo.net","robots":{"index":"index","follow":"follow","max-snippet":"max-snippet:-1","max-image-preview":"max-image-preview:large","max-video-preview":"max-video-preview:-1"},"canonical":"https:\/\/www.justiceinfo.net\/fr\/10701-210409-tpirbutare-la-prison-a-vie-requise-contre-une-ex-ministre-et-ses-co-accuses7508.html","og_locale":"fr_FR","og_type":"article","og_title":"21.04.09 - TPIR\/BUTARE - LA PRISON A VIE REQUISE CONTRE UNE EX-MINISTRE ET SES CO-ACCUSES","og_description":"Arusha, 21 avril 2009 (FH) - Le procureur pr&egrave;s le Tribunal p&eacute;nal international pour le Rwanda (TPIR) a requis mardi la prison &agrave; vie contre l'ex-ministre de la Famille de la promotion f&eacute;minine, Pauline Nyiramasuhuko, et ses cinq co-accus&eacute;s, parmi lesquels son fils Ars&egrave;ne Shalom Ntahobali, a constat&eacute; l'agence Hirondelle.","og_url":"https:\/\/www.justiceinfo.net\/fr\/10701-210409-tpirbutare-la-prison-a-vie-requise-contre-une-ex-ministre-et-ses-co-accuses7508.html","og_site_name":"JusticeInfo.net","article_publisher":"https:\/\/www.facebook.com\/JusticeInfo\/","article_published_time":"2009-04-20T22:00:00+00:00","og_image":[{"width":1200,"height":630,"url":"https:\/\/www.justiceinfo.net\/wp-content\/uploads\/JusticeInfoNet_logo_1200x630px.jpg","type":"image\/jpeg"}],"author":"solivri","twitter_card":"summary_large_image","twitter_creator":"@justiceinfonet","twitter_site":"@justiceinfonet","twitter_misc":{"\u00c9crit par":"solivri","Dur\u00e9e de lecture estim\u00e9e":"3 minutes"},"schema":{"@context":"https:\/\/schema.org","@graph":[{"@type":"NewsArticle","@id":"https:\/\/www.justiceinfo.net\/fr\/10701-210409-tpirbutare-la-prison-a-vie-requise-contre-une-ex-ministre-et-ses-co-accuses7508.html#article","isPartOf":{"@id":"https:\/\/www.justiceinfo.net\/fr\/10701-210409-tpirbutare-la-prison-a-vie-requise-contre-une-ex-ministre-et-ses-co-accuses7508.html"},"author":{"name":"solivri","@id":"https:\/\/www.justiceinfo.net\/fr#\/schema\/person\/6e53cba1629e2e66f3fc1821d3091865"},"headline":"21.04.09 - TPIR\/BUTARE - LA PRISON A VIE REQUISE CONTRE UNE EX-MINISTRE ET SES CO-ACCUSES","datePublished":"2009-04-20T22:00:00+00:00","mainEntityOfPage":{"@id":"https:\/\/www.justiceinfo.net\/fr\/10701-210409-tpirbutare-la-prison-a-vie-requise-contre-une-ex-ministre-et-ses-co-accuses7508.html"},"wordCount":559,"commentCount":0,"publisher":{"@id":"https:\/\/www.justiceinfo.net\/fr#organization"},"articleSection":["Hirondelle News"],"inLanguage":"fr-FR","potentialAction":[{"@type":"CommentAction","name":"Comment","target":["https:\/\/www.justiceinfo.net\/fr\/10701-210409-tpirbutare-la-prison-a-vie-requise-contre-une-ex-ministre-et-ses-co-accuses7508.html#respond"]}]},{"@type":"WebPage","@id":"https:\/\/www.justiceinfo.net\/fr\/10701-210409-tpirbutare-la-prison-a-vie-requise-contre-une-ex-ministre-et-ses-co-accuses7508.html","url":"https:\/\/www.justiceinfo.net\/fr\/10701-210409-tpirbutare-la-prison-a-vie-requise-contre-une-ex-ministre-et-ses-co-accuses7508.html","name":"21.04.09 - TPIR\/BUTARE - LA PRISON A VIE REQUISE CONTRE UNE EX-MINISTRE ET SES CO-ACCUSES - JusticeInfo.net","isPartOf":{"@id":"https:\/\/www.justiceinfo.net\/fr#website"},"datePublished":"2009-04-20T22:00:00+00:00","breadcrumb":{"@id":"https:\/\/www.justiceinfo.net\/fr\/10701-210409-tpirbutare-la-prison-a-vie-requise-contre-une-ex-ministre-et-ses-co-accuses7508.html#breadcrumb"},"inLanguage":"fr-FR","potentialAction":[{"@type":"ReadAction","target":["https:\/\/www.justiceinfo.net\/fr\/10701-210409-tpirbutare-la-prison-a-vie-requise-contre-une-ex-ministre-et-ses-co-accuses7508.html"]}]},{"@type":"BreadcrumbList","@id":"https:\/\/www.justiceinfo.net\/fr\/10701-210409-tpirbutare-la-prison-a-vie-requise-contre-une-ex-ministre-et-ses-co-accuses7508.html#breadcrumb","itemListElement":[{"@type":"ListItem","position":1,"name":"Home","item":"https:\/\/www.justiceinfo.net\/fr"},{"@type":"ListItem","position":2,"name":"21.04.09 - TPIR\/BUTARE - LA PRISON A VIE REQUISE CONTRE UNE EX-MINISTRE ET SES CO-ACCUSES"}]},{"@type":"WebSite","@id":"https:\/\/www.justiceinfo.net\/fr#website","url":"https:\/\/www.justiceinfo.net\/fr","name":"JusticeInfo.net","description":"La justice doit \u00eatre vue pour \u00eatre rendue","publisher":{"@id":"https:\/\/www.justiceinfo.net\/fr#organization"},"potentialAction":[{"@type":"SearchAction","target":{"@type":"EntryPoint","urlTemplate":"https:\/\/www.justiceinfo.net\/fr?s={search_term_string}"},"query-input":{"@type":"PropertyValueSpecification","valueRequired":true,"valueName":"search_term_string"}}],"inLanguage":"fr-FR"},{"@type":"Organization","@id":"https:\/\/www.justiceinfo.net\/fr#organization","name":"Justice Info","url":"https:\/\/www.justiceinfo.net\/fr","logo":{"@type":"ImageObject","inLanguage":"fr-FR","@id":"https:\/\/www.justiceinfo.net\/fr#\/schema\/logo\/image\/","url":"https:\/\/www.justiceinfo.net\/wp-content\/uploads\/justiceinfo_logo-trans_1200x1200px.png","contentUrl":"https:\/\/www.justiceinfo.net\/wp-content\/uploads\/justiceinfo_logo-trans_1200x1200px.png","width":1199,"height":1200,"caption":"Justice Info"},"image":{"@id":"https:\/\/www.justiceinfo.net\/fr#\/schema\/logo\/image\/"},"sameAs":["https:\/\/www.facebook.com\/JusticeInfo\/","https:\/\/x.com\/justiceinfonet","https:\/\/www.linkedin.com\/company\/justice-info","https:\/\/www.youtube.com\/channel\/UCyCEsARodyuWtkWyhn-e7pA"]},{"@type":"Person","name":"solivri","url":"\/fr\/?s=solivri"}]}},"_links":{"self":[{"href":"https:\/\/www.justiceinfo.net\/fr\/wp-json\/wp\/v2\/posts\/10701","targetHints":{"allow":["GET"]}}],"collection":[{"href":"https:\/\/www.justiceinfo.net\/fr\/wp-json\/wp\/v2\/posts"}],"about":[{"href":"https:\/\/www.justiceinfo.net\/fr\/wp-json\/wp\/v2\/types\/post"}],"author":[{"embeddable":true,"href":"https:\/\/www.justiceinfo.net\/fr\/wp-json\/wp\/v2\/users\/64"}],"replies":[{"embeddable":true,"href":"https:\/\/www.justiceinfo.net\/fr\/wp-json\/wp\/v2\/comments?post=10701"}],"version-history":[{"count":0,"href":"https:\/\/www.justiceinfo.net\/fr\/wp-json\/wp\/v2\/posts\/10701\/revisions"}],"wp:attachment":[{"href":"https:\/\/www.justiceinfo.net\/fr\/wp-json\/wp\/v2\/media?parent=10701"}],"wp:term":[{"taxonomy":"category","embeddable":true,"href":"https:\/\/www.justiceinfo.net\/fr\/wp-json\/wp\/v2\/categories?post=10701"},{"taxonomy":"post_tag","embeddable":true,"href":"https:\/\/www.justiceinfo.net\/fr\/wp-json\/wp\/v2\/tags?post=10701"},{"taxonomy":"ji_location","embeddable":true,"href":"https:\/\/www.justiceinfo.net\/fr\/wp-json\/wp\/v2\/ji_location?post=10701"}],"curies":[{"name":"wp","href":"https:\/\/api.w.org\/{rel}","templated":true}]}}