{"id":108479,"date":"2022-11-04T14:53:44","date_gmt":"2022-11-04T13:53:44","guid":{"rendered":"https:\/\/www.justiceinfo.net\/?p=108479"},"modified":"2025-03-25T13:53:09","modified_gmt":"2025-03-25T12:53:09","slug":"justice-outil-pour-sauver-climat","status":"publish","type":"post","link":"https:\/\/www.justiceinfo.net\/fr\/108479-justice-outil-pour-sauver-climat.html","title":{"rendered":"La\u00a0justice est-elle un\u00a0outil pour sauver le climat\u00a0?"},"content":{"rendered":"\n<p><strong>Dans ce podcast clair, pr\u00e9cis et \u00e9clairant, Judith Rochfeld, professeur de droit priv\u00e9 \u00e0 l'universit\u00e9 Paris 1-Panth\u00e9on-Sorbonne retrace l\u2019\u00e9volution de la \u00ab&nbsp;justice climatique&nbsp;\u00bb, notamment apr\u00e8s l\u2019Accord de Paris, en 2015. Comment le droit est devenu une arme pour les militants et la soci\u00e9t\u00e9 civile pour essayer de contraindre \u00c9tats et entreprises \u00e0 remplir leurs obligations de lutte contre la crise climatique.<\/strong><\/p>\n\n\n\n<p><strong>Rochfeld explique certaines grandes \u00e9tapes, comme l\u2019initiative de l\u2019organisation Urgenda aux Pays-Bas, l\u2019Affaire du si\u00e8cle en France, ou celles de collectivit\u00e9s locales, et comment ces proc\u00e8s climatiques servent d\u2019ar\u00e8nes pour d\u00e9battre et faire pression sur les politiques climatiques men\u00e9es par les \u00c9tats. Cela se passe devant les justices nationales, dans un ph\u00e9nom\u00e8ne de \u00ab&nbsp;relocalisation du global&nbsp;\u00bb qui tend \u00e0 offrir une \u00ab&nbsp;argumentation mondiale de d\u00e9fense du climat&nbsp;\u00bb.<\/strong><\/p>\n\n\n\n<p><strong>Qu\u2019est-ce que le pr\u00e9judice \u00e9cologique, la notion du \u00ab&nbsp;bien commun&nbsp;\u00bb, ou le fait de donner le statut de personne \u00e0 des lieux naturels&nbsp;? Rochfeld d\u00e9crit ce \u00ab&nbsp;laboratoire extraordinaire&nbsp;\u00bb qu\u2019est la justice climatique, \u00e0 cause de l\u2019urgence et comme r\u00e9ponse non violente. En \u00e9vitant toute id\u00e9alisation du r\u00f4le de la justice face \u00e0 cet enjeu vital.<\/strong><\/p>\n\n\n\n<!--more-->\n\n\n\n<p class=\"has-text-align-center\"><em><em>Pour \u00e9couter ce podcast, cliquez sur le bouton \"play\" ci-dessous :<\/em><\/em><\/p>\n\n\n\n<iframe loading=\"lazy\" src=\"https:\/\/embed.acast.com\/601af61a46afa254edd2b909\/635a751f1b1c6a0012a6958c\" width=\"100%\" height=\"190px\" frameborder=\"0\"><\/iframe>\n\n\n\n<div style=\"height:20px\" aria-hidden=\"true\" class=\"wp-block-spacer\"><\/div>\n\n\n\n<p>S\u00e9cheresse et canicules in\u00e9dites, mont\u00e9e des eaux, biodiversit\u00e9 en chute libre\u2026 Partout dans le monde, les effets de la crise climatique se font sentir, de plus en plus intens\u00e9ment. Face \u00e0 ce constat, document\u00e9 par les scientifiques dans les fameux rapports du GIEC, certains vivent dans la crainte qu\u2019un point de non-retour soit atteint.<\/p>\n\n\n\n<p>Et si, au-del\u00e0 des chiffres et des situations effrayantes, on s\u2019int\u00e9ressait aux initiatives qui portent leurs fruits&nbsp;? C\u2019est l\u2019objet de \u00ab&nbsp;D\u00e9fis climatiques&nbsp;: ces initiatives qui font bouger les lignes&nbsp;\u00bb, une s\u00e9rie de cinq podcasts r\u00e9alis\u00e9e en partenariat avec l\u2019Institut des hautes \u00e9tudes pour la science et la technologie. Objectif&nbsp;: appr\u00e9hender les mobilisations et les actions qui permettent de faire face \u00e0 la crise climatique et qui donnent de l\u2019espoir.<\/p>\n\n\n\n<p>Dans ce deuxi\u00e8me \u00e9pisode, on s'aventure sur le terrain de la justice et du droit. Depuis quelques ann\u00e9es, la justice climatique prend de l'ampleur. En France et ailleurs dans le monde, des citoyens saisissent des tribunaux pour d\u00e9noncer \u00ab l'inaction climatique \u00bb et tenter d'agir en faveur de l'environnement. Quelle est la port\u00e9e de ces nouvelles formes de mobilisation ? Pour nous \u00e9clairer sur ces questions, nous recevons la juriste et chercheuse Judith Rochfeld, professeur de droit priv\u00e9 \u00e0 l'universit\u00e9 Paris 1-Panth\u00e9on-Sorbonne. Judith Rochfeld a codirig\u00e9 le <a href=\"https:\/\/www.puf.com\/content\/Dictionnaire_des_biens_communs\">Dictionnaire des biens communs<\/a> et a publi\u00e9 en 2020 un essai intitul\u00e9 <a href=\"https:\/\/www.odilejacob.fr\/catalogue\/sciences\/environnement-developpement-durable\/justice-pour-le-climat-_9782738148612.php\">Justice pour le climat, les nouvelles formes de mobilisations citoyennes<\/a>.<\/p>\n\n\n\n<div style=\"height:1px\" aria-hidden=\"true\" class=\"wp-block-spacer\"><\/div>\n\n\n\n<hr class=\"wp-block-separator has-alpha-channel-opacity is-style-default\"\/>\n\n\n\n<div style=\"height:10px\" aria-hidden=\"true\" class=\"wp-block-spacer\"><\/div>\n\n\n\n<p><em>Cr\u00e9dits, conception et animation : Fran\u00e7oise Mamouyet &amp; Jennifer Gall\u00e9. R\u00e9alisation : Romain Pollet. Charg\u00e9 de production : Rayane Meguenni. Musique : \u00ab&nbsp;Night&nbsp;\u00bb - Kosmorider 2022.<\/em><\/p>\n\n\n\n<figure class=\"wp-block-image aligncenter size-large is-resized\"><img decoding=\"async\" src=\"https:\/\/images.theconversation.com\/files\/299040\/original\/file-20191028-113991-5w3olq.png?ixlib=rb-1.1.0&amp;q=30&amp;auto=format&amp;w=600&amp;h=348&amp;fit=crop&amp;dpr=2\" alt=\"\" style=\"width:165px;height:95px\"\/><\/figure>\n\n\n\n<p><em>Ce podcast prolonge une intervention tenue dans le cadre du cycle de formation 2021-2022 de l\u2019Institut des hautes \u00e9tudes pour la science et la technologie (<a href=\"https:\/\/www.ihest.fr\/\">IHEST<\/a>), intitul\u00e9 \u00ab Mobiliser les ressources pour les transitions : transformations, ruptures, m\u00e9tamorphoses \u00bb<\/em>.<!-- Ci-dessous se trouve le compteur de pages de The Conversation. Veuillez ne pas l'enlever. --><img loading=\"lazy\" decoding=\"async\" src=\"https:\/\/counter.theconversation.com\/content\/193344\/count.gif?distributor=republish-lightbox-basic\" alt=\"The Conversation\" style=\"border: none !important; box-shadow: none !important; margin: 0 !important; max-height: 1px !important; max-width: 1px !important; min-height: 1px !important; min-width: 1px !important; opacity: 0 !important; outline: none !important; padding: 0 !important\" referrerpolicy=\"no-referrer-when-downgrade\" width=\"1\" height=\"1\"><!-- Fin du code. Si vous ne voyez aucun code ci-dessus, veuillez obtenir un nouveau code dans l'onglet \u00ab Avanc\u00e9 \u00bb apr\u00e8s avoir cliqu\u00e9 sur le bouton \u00ab Republier \u00bb. Le compteur de pages ne collecte aucune donn\u00e9e personnelle. Plus d'informations : http:\/\/theconversation.com\/republishing-guidelines --><\/p>\n\n\n\n<div style=\"height:1px\" aria-hidden=\"true\" class=\"wp-block-spacer\"><\/div>\n\n\n\n<hr class=\"wp-block-separator has-text-color has-alpha-channel-opacity has-background is-style-wide\" style=\"background-color:#d2d2d2;color:#d2d2d2\"\/>\n\n\n\n<div style=\"height:10px\" aria-hidden=\"true\" class=\"wp-block-spacer\"><\/div>\n\n\n\n<p><em>Cet article, l\u00e9g\u00e8rement modifi\u00e9 par Justice Info, est republi\u00e9 \u00e0 partir de <a href=\"https:\/\/theconversation.com\/fr\" target=\"_blank\" rel=\"noreferrer noopener\">The Conversation France<\/a> sous licence Creative Commons. Lire <a href=\"https:\/\/theconversation.com\/podcast-defis-climatiques-la-justice-un-outil-de-plus-en-plus-efficace-193344\">l\u2019article original<\/a>.<\/em><\/p>\n\n\n<div class=\"articleLink articleLink--editorRecommanded articleLink--textInImage articleLink--textTop\" style=\"\">\r\n\t\t\t\t\t\r\n\t\t\t<div class=\"articleLinkSurTitle\">Recommand\u00e9 par la r\u00e9daction<\/div>\r\n\t\t\t<a class=\"articleLinkImageLink\" href=\"https:\/\/www.justiceinfo.net\/fr\/108441-redefinir-la-justice-climatique.html\"><div class=\"articleLinkImageContainer \"><img loading=\"lazy\" decoding=\"async\" width=\"540\" height=\"360\" src=\"https:\/\/www.justiceinfo.net\/wp-content\/uploads\/Arabie-Saoudite_desert-dromadaire-puits-petrole_@Marwan-Naamani-AFP-540x360.jpg\" class=\"articleLinkImage backgroundImageTag w-100 wp-post-image\" alt=\"Justice climatique - Un dromadaire dans un d\u00e9sert en Arabie saoudite. En arri\u00e8re plan, une installation p\u00e9troli\u00e8re du g\u00e9ant du p\u00e9trole Saudi Aramco.\" srcset=\"\" sizes=\"auto, (max-width: 540px) 100vw, 540px\" \/><\/div><\/a>\r\n\t\t\t<a href=\"https:\/\/www.justiceinfo.net\/fr\/108441-redefinir-la-justice-climatique.html\" class=\"articleLinkTitle articleLinkTitle--default\">\r\n\t\t\tRed\u00e9finir la justice climatique\r\n\t\t<\/a>\r\n\t\t\r\n\t\t\t\t<\/div>\n","protected":false},"excerpt":{"rendered":"<p>Dans ce podcast clair, pr\u00e9cis et \u00e9clairant, Judith Rochfeld, professeur de droit priv\u00e9 \u00e0 l'universit\u00e9 Paris 1-Panth\u00e9on-Sorbonne retrace l\u2019\u00e9volution de la \u00ab&nbsp;justice climatique&nbsp;\u00bb, notamment apr\u00e8s l\u2019Accord de Paris, en 2015. Comment le droit est devenu une arme pour les militants et la soci\u00e9t\u00e9 civile pour essayer de contraindre \u00c9tats et entreprises \u00e0 remplir leurs obligations [&hellip;]<\/p>\n","protected":false},"author":64,"featured_media":108497,"comment_status":"open","ping_status":"closed","sticky":false,"template":"","format":"standard","meta":{"_acf_changed":false,"footnotes":""},"categories":[560,575,577],"tags":[3762],"ji_location":[2566],"class_list":["post-108479","post","type-post","status-publish","format-standard","has-post-thumbnail","hentry","category-justice-environnementale","category-opinions","category-podcast","tag-justice-climatique","ji_location-international"],"acf":[],"yoast_head":"<!-- This site is optimized with the Yoast SEO Premium plugin v25.3.1 (Yoast SEO v25.3.1) - https:\/\/yoast.com\/wordpress\/plugins\/seo\/ -->\n<title>La\u00a0justice est-elle un\u00a0outil pour sauver le climat\u00a0? - JusticeInfo.net<\/title>\n<meta name=\"description\" content=\"Dans ce podcast clair, pr\u00e9cis et \u00e9clairant, Judith Rochfeld, professeur de droit priv\u00e9 \u00e0 l&#039;universit\u00e9 Paris 1-Panth\u00e9on-Sorbonne retrace l\u2019\u00e9volution de la \u00ab justice climatique \u00bb, notamment apr\u00e8s l\u2019Accord de Paris, en 2015. Comment le droit est devenu une arme pour les militants et la soci\u00e9t\u00e9 civile pour essayer de contraindre \u00c9tats et entreprises \u00e0 remplir leurs obligations de lutte contre la crise climatique.\" \/>\n<meta name=\"robots\" content=\"index, follow, max-snippet:-1, max-image-preview:large, max-video-preview:-1\" \/>\n<link rel=\"canonical\" href=\"https:\/\/www.justiceinfo.net\/fr\/108479-justice-outil-pour-sauver-climat.html\" \/>\n<meta property=\"og:locale\" content=\"fr_FR\" \/>\n<meta property=\"og:type\" content=\"article\" \/>\n<meta property=\"og:title\" content=\"La\u00a0justice est-elle un\u00a0outil pour sauver le climat\u00a0?\" \/>\n<meta property=\"og:description\" content=\"Dans ce podcast clair, pr\u00e9cis et \u00e9clairant, Judith Rochfeld, professeur de droit priv\u00e9 \u00e0 l&#039;universit\u00e9 Paris 1-Panth\u00e9on-Sorbonne retrace l\u2019\u00e9volution de la \u00ab justice climatique \u00bb, notamment apr\u00e8s l\u2019Accord de Paris, en 2015. Comment le droit est devenu une arme pour les militants et la soci\u00e9t\u00e9 civile pour essayer de contraindre \u00c9tats et entreprises \u00e0 remplir leurs obligations de lutte contre la crise climatique.\" \/>\n<meta property=\"og:url\" content=\"https:\/\/www.justiceinfo.net\/fr\/108479-justice-outil-pour-sauver-climat.html\" \/>\n<meta property=\"og:site_name\" content=\"JusticeInfo.net\" \/>\n<meta property=\"article:publisher\" content=\"https:\/\/www.facebook.com\/JusticeInfo\/\" \/>\n<meta property=\"article:published_time\" content=\"2022-11-04T13:53:44+00:00\" \/>\n<meta property=\"article:modified_time\" content=\"2025-03-25T12:53:09+00:00\" \/>\n<meta property=\"og:image\" content=\"https:\/\/www.justiceinfo.net\/wp-content\/uploads\/Climate-justice-now_demonstration-sign_@Kerstin-Joensson-AFP.jpg\" \/>\n\t<meta property=\"og:image:width\" content=\"1200\" \/>\n\t<meta property=\"og:image:height\" content=\"718\" \/>\n\t<meta property=\"og:image:type\" content=\"image\/jpeg\" \/>\n<meta name=\"author\" content=\"The Conversation France\" \/>\n<meta name=\"twitter:card\" content=\"summary_large_image\" \/>\n<meta name=\"twitter:creator\" content=\"@justiceinfonet\" \/>\n<meta name=\"twitter:site\" content=\"@justiceinfonet\" \/>\n<meta name=\"twitter:label1\" content=\"\u00c9crit par\" \/>\n\t<meta name=\"twitter:data1\" content=\"The Conversation France\" \/>\n\t<meta name=\"twitter:label2\" content=\"Dur\u00e9e de lecture estim\u00e9e\" \/>\n\t<meta name=\"twitter:data2\" content=\"4 minutes\" \/>\n<script type=\"application\/ld+json\" class=\"yoast-schema-graph\">{\"@context\":\"https:\/\/schema.org\",\"@graph\":[{\"@type\":\"NewsArticle\",\"@id\":\"https:\/\/www.justiceinfo.net\/fr\/108479-justice-outil-pour-sauver-climat.html#article\",\"isPartOf\":{\"@id\":\"https:\/\/www.justiceinfo.net\/fr\/108479-justice-outil-pour-sauver-climat.html\"},\"author\":{\"name\":\"solivri\",\"@id\":\"https:\/\/www.justiceinfo.net\/fr#\/schema\/person\/6e53cba1629e2e66f3fc1821d3091865\"},\"headline\":\"La\u00a0justice est-elle un\u00a0outil pour sauver le climat\u00a0?\",\"datePublished\":\"2022-11-04T13:53:44+00:00\",\"dateModified\":\"2025-03-25T12:53:09+00:00\",\"mainEntityOfPage\":{\"@id\":\"https:\/\/www.justiceinfo.net\/fr\/108479-justice-outil-pour-sauver-climat.html\"},\"wordCount\":581,\"commentCount\":0,\"publisher\":{\"@id\":\"https:\/\/www.justiceinfo.net\/fr#organization\"},\"image\":{\"@id\":\"https:\/\/www.justiceinfo.net\/fr\/108479-justice-outil-pour-sauver-climat.html#primaryimage\"},\"thumbnailUrl\":\"https:\/\/www.justiceinfo.net\/wp-content\/uploads\/Climate-justice-now_demonstration-sign_@Kerstin-Joensson-AFP.jpg\",\"keywords\":[\"justice climatique\"],\"articleSection\":[\"Justice environnementale\",\"Opinions\",\"Podcasts\"],\"inLanguage\":\"fr-FR\",\"potentialAction\":[{\"@type\":\"CommentAction\",\"name\":\"Comment\",\"target\":[\"https:\/\/www.justiceinfo.net\/fr\/108479-justice-outil-pour-sauver-climat.html#respond\"]}]},{\"@type\":\"WebPage\",\"@id\":\"https:\/\/www.justiceinfo.net\/fr\/108479-justice-outil-pour-sauver-climat.html\",\"url\":\"https:\/\/www.justiceinfo.net\/fr\/108479-justice-outil-pour-sauver-climat.html\",\"name\":\"La\u00a0justice est-elle un\u00a0outil pour sauver le climat\u00a0? - JusticeInfo.net\",\"isPartOf\":{\"@id\":\"https:\/\/www.justiceinfo.net\/fr#website\"},\"primaryImageOfPage\":{\"@id\":\"https:\/\/www.justiceinfo.net\/fr\/108479-justice-outil-pour-sauver-climat.html#primaryimage\"},\"image\":{\"@id\":\"https:\/\/www.justiceinfo.net\/fr\/108479-justice-outil-pour-sauver-climat.html#primaryimage\"},\"thumbnailUrl\":\"https:\/\/www.justiceinfo.net\/wp-content\/uploads\/Climate-justice-now_demonstration-sign_@Kerstin-Joensson-AFP.jpg\",\"datePublished\":\"2022-11-04T13:53:44+00:00\",\"dateModified\":\"2025-03-25T12:53:09+00:00\",\"description\":\"Dans ce podcast clair, pr\u00e9cis et \u00e9clairant, Judith Rochfeld, professeur de droit priv\u00e9 \u00e0 l'universit\u00e9 Paris 1-Panth\u00e9on-Sorbonne retrace l\u2019\u00e9volution de la \u00ab justice climatique \u00bb, notamment apr\u00e8s l\u2019Accord de Paris, en 2015. Comment le droit est devenu une arme pour les militants et la soci\u00e9t\u00e9 civile pour essayer de contraindre \u00c9tats et entreprises \u00e0 remplir leurs obligations de lutte contre la crise climatique.\",\"breadcrumb\":{\"@id\":\"https:\/\/www.justiceinfo.net\/fr\/108479-justice-outil-pour-sauver-climat.html#breadcrumb\"},\"inLanguage\":\"fr-FR\",\"potentialAction\":[{\"@type\":\"ReadAction\",\"target\":[\"https:\/\/www.justiceinfo.net\/fr\/108479-justice-outil-pour-sauver-climat.html\"]}]},{\"@type\":\"ImageObject\",\"inLanguage\":\"fr-FR\",\"@id\":\"https:\/\/www.justiceinfo.net\/fr\/108479-justice-outil-pour-sauver-climat.html#primaryimage\",\"url\":\"https:\/\/www.justiceinfo.net\/wp-content\/uploads\/Climate-justice-now_demonstration-sign_@Kerstin-Joensson-AFP.jpg\",\"contentUrl\":\"https:\/\/www.justiceinfo.net\/wp-content\/uploads\/Climate-justice-now_demonstration-sign_@Kerstin-Joensson-AFP.jpg\",\"width\":1200,\"height\":718,\"caption\":\"\u00a9 Kerstin Joensson \/ AFP\"},{\"@type\":\"BreadcrumbList\",\"@id\":\"https:\/\/www.justiceinfo.net\/fr\/108479-justice-outil-pour-sauver-climat.html#breadcrumb\",\"itemListElement\":[{\"@type\":\"ListItem\",\"position\":1,\"name\":\"Home\",\"item\":\"https:\/\/www.justiceinfo.net\/fr\"},{\"@type\":\"ListItem\",\"position\":2,\"name\":\"La\u00a0justice est-elle un\u00a0outil pour sauver le climat\u00a0?\"}]},{\"@type\":\"WebSite\",\"@id\":\"https:\/\/www.justiceinfo.net\/fr#website\",\"url\":\"https:\/\/www.justiceinfo.net\/fr\",\"name\":\"JusticeInfo.net\",\"description\":\"La justice doit \u00eatre vue pour \u00eatre rendue\",\"publisher\":{\"@id\":\"https:\/\/www.justiceinfo.net\/fr#organization\"},\"potentialAction\":[{\"@type\":\"SearchAction\",\"target\":{\"@type\":\"EntryPoint\",\"urlTemplate\":\"https:\/\/www.justiceinfo.net\/fr?s={search_term_string}\"},\"query-input\":{\"@type\":\"PropertyValueSpecification\",\"valueRequired\":true,\"valueName\":\"search_term_string\"}}],\"inLanguage\":\"fr-FR\"},{\"@type\":\"Organization\",\"@id\":\"https:\/\/www.justiceinfo.net\/fr#organization\",\"name\":\"Justice Info\",\"url\":\"https:\/\/www.justiceinfo.net\/fr\",\"logo\":{\"@type\":\"ImageObject\",\"inLanguage\":\"fr-FR\",\"@id\":\"https:\/\/www.justiceinfo.net\/fr#\/schema\/logo\/image\/\",\"url\":\"https:\/\/www.justiceinfo.net\/wp-content\/uploads\/justiceinfo_logo-trans_1200x1200px.png\",\"contentUrl\":\"https:\/\/www.justiceinfo.net\/wp-content\/uploads\/justiceinfo_logo-trans_1200x1200px.png\",\"width\":1199,\"height\":1200,\"caption\":\"Justice Info\"},\"image\":{\"@id\":\"https:\/\/www.justiceinfo.net\/fr#\/schema\/logo\/image\/\"},\"sameAs\":[\"https:\/\/www.facebook.com\/JusticeInfo\/\",\"https:\/\/x.com\/justiceinfonet\",\"https:\/\/www.linkedin.com\/company\/justice-info\",\"https:\/\/www.youtube.com\/channel\/UCyCEsARodyuWtkWyhn-e7pA\"]},{\"@type\":\"Person\",\"name\":\"The Conversation France\",\"url\":\"\/fr\/?s=The Conversation France\"}]}<\/script>\n<!-- \/ Yoast SEO Premium plugin. -->","yoast_head_json":{"title":"La\u00a0justice est-elle un\u00a0outil pour sauver le climat\u00a0? - JusticeInfo.net","description":"Dans ce podcast clair, pr\u00e9cis et \u00e9clairant, Judith Rochfeld, professeur de droit priv\u00e9 \u00e0 l'universit\u00e9 Paris 1-Panth\u00e9on-Sorbonne retrace l\u2019\u00e9volution de la \u00ab justice climatique \u00bb, notamment apr\u00e8s l\u2019Accord de Paris, en 2015. Comment le droit est devenu une arme pour les militants et la soci\u00e9t\u00e9 civile pour essayer de contraindre \u00c9tats et entreprises \u00e0 remplir leurs obligations de lutte contre la crise climatique.","robots":{"index":"index","follow":"follow","max-snippet":"max-snippet:-1","max-image-preview":"max-image-preview:large","max-video-preview":"max-video-preview:-1"},"canonical":"https:\/\/www.justiceinfo.net\/fr\/108479-justice-outil-pour-sauver-climat.html","og_locale":"fr_FR","og_type":"article","og_title":"La\u00a0justice est-elle un\u00a0outil pour sauver le climat\u00a0?","og_description":"Dans ce podcast clair, pr\u00e9cis et \u00e9clairant, Judith Rochfeld, professeur de droit priv\u00e9 \u00e0 l'universit\u00e9 Paris 1-Panth\u00e9on-Sorbonne retrace l\u2019\u00e9volution de la \u00ab justice climatique \u00bb, notamment apr\u00e8s l\u2019Accord de Paris, en 2015. Comment le droit est devenu une arme pour les militants et la soci\u00e9t\u00e9 civile pour essayer de contraindre \u00c9tats et entreprises \u00e0 remplir leurs obligations de lutte contre la crise climatique.","og_url":"https:\/\/www.justiceinfo.net\/fr\/108479-justice-outil-pour-sauver-climat.html","og_site_name":"JusticeInfo.net","article_publisher":"https:\/\/www.facebook.com\/JusticeInfo\/","article_published_time":"2022-11-04T13:53:44+00:00","article_modified_time":"2025-03-25T12:53:09+00:00","og_image":[{"width":1200,"height":718,"url":"https:\/\/www.justiceinfo.net\/wp-content\/uploads\/Climate-justice-now_demonstration-sign_@Kerstin-Joensson-AFP.jpg","type":"image\/jpeg"}],"author":"The Conversation France","twitter_card":"summary_large_image","twitter_creator":"@justiceinfonet","twitter_site":"@justiceinfonet","twitter_misc":{"\u00c9crit par":"The Conversation France","Dur\u00e9e de lecture estim\u00e9e":"4 minutes"},"schema":{"@context":"https:\/\/schema.org","@graph":[{"@type":"NewsArticle","@id":"https:\/\/www.justiceinfo.net\/fr\/108479-justice-outil-pour-sauver-climat.html#article","isPartOf":{"@id":"https:\/\/www.justiceinfo.net\/fr\/108479-justice-outil-pour-sauver-climat.html"},"author":{"name":"solivri","@id":"https:\/\/www.justiceinfo.net\/fr#\/schema\/person\/6e53cba1629e2e66f3fc1821d3091865"},"headline":"La\u00a0justice est-elle un\u00a0outil pour sauver le climat\u00a0?","datePublished":"2022-11-04T13:53:44+00:00","dateModified":"2025-03-25T12:53:09+00:00","mainEntityOfPage":{"@id":"https:\/\/www.justiceinfo.net\/fr\/108479-justice-outil-pour-sauver-climat.html"},"wordCount":581,"commentCount":0,"publisher":{"@id":"https:\/\/www.justiceinfo.net\/fr#organization"},"image":{"@id":"https:\/\/www.justiceinfo.net\/fr\/108479-justice-outil-pour-sauver-climat.html#primaryimage"},"thumbnailUrl":"https:\/\/www.justiceinfo.net\/wp-content\/uploads\/Climate-justice-now_demonstration-sign_@Kerstin-Joensson-AFP.jpg","keywords":["justice climatique"],"articleSection":["Justice environnementale","Opinions","Podcasts"],"inLanguage":"fr-FR","potentialAction":[{"@type":"CommentAction","name":"Comment","target":["https:\/\/www.justiceinfo.net\/fr\/108479-justice-outil-pour-sauver-climat.html#respond"]}]},{"@type":"WebPage","@id":"https:\/\/www.justiceinfo.net\/fr\/108479-justice-outil-pour-sauver-climat.html","url":"https:\/\/www.justiceinfo.net\/fr\/108479-justice-outil-pour-sauver-climat.html","name":"La\u00a0justice est-elle un\u00a0outil pour sauver le climat\u00a0? - JusticeInfo.net","isPartOf":{"@id":"https:\/\/www.justiceinfo.net\/fr#website"},"primaryImageOfPage":{"@id":"https:\/\/www.justiceinfo.net\/fr\/108479-justice-outil-pour-sauver-climat.html#primaryimage"},"image":{"@id":"https:\/\/www.justiceinfo.net\/fr\/108479-justice-outil-pour-sauver-climat.html#primaryimage"},"thumbnailUrl":"https:\/\/www.justiceinfo.net\/wp-content\/uploads\/Climate-justice-now_demonstration-sign_@Kerstin-Joensson-AFP.jpg","datePublished":"2022-11-04T13:53:44+00:00","dateModified":"2025-03-25T12:53:09+00:00","description":"Dans ce podcast clair, pr\u00e9cis et \u00e9clairant, Judith Rochfeld, professeur de droit priv\u00e9 \u00e0 l'universit\u00e9 Paris 1-Panth\u00e9on-Sorbonne retrace l\u2019\u00e9volution de la \u00ab justice climatique \u00bb, notamment apr\u00e8s l\u2019Accord de Paris, en 2015. Comment le droit est devenu une arme pour les militants et la soci\u00e9t\u00e9 civile pour essayer de contraindre \u00c9tats et entreprises \u00e0 remplir leurs obligations de lutte contre la crise climatique.","breadcrumb":{"@id":"https:\/\/www.justiceinfo.net\/fr\/108479-justice-outil-pour-sauver-climat.html#breadcrumb"},"inLanguage":"fr-FR","potentialAction":[{"@type":"ReadAction","target":["https:\/\/www.justiceinfo.net\/fr\/108479-justice-outil-pour-sauver-climat.html"]}]},{"@type":"ImageObject","inLanguage":"fr-FR","@id":"https:\/\/www.justiceinfo.net\/fr\/108479-justice-outil-pour-sauver-climat.html#primaryimage","url":"https:\/\/www.justiceinfo.net\/wp-content\/uploads\/Climate-justice-now_demonstration-sign_@Kerstin-Joensson-AFP.jpg","contentUrl":"https:\/\/www.justiceinfo.net\/wp-content\/uploads\/Climate-justice-now_demonstration-sign_@Kerstin-Joensson-AFP.jpg","width":1200,"height":718,"caption":"\u00a9 Kerstin Joensson \/ AFP"},{"@type":"BreadcrumbList","@id":"https:\/\/www.justiceinfo.net\/fr\/108479-justice-outil-pour-sauver-climat.html#breadcrumb","itemListElement":[{"@type":"ListItem","position":1,"name":"Home","item":"https:\/\/www.justiceinfo.net\/fr"},{"@type":"ListItem","position":2,"name":"La\u00a0justice est-elle un\u00a0outil pour sauver le climat\u00a0?"}]},{"@type":"WebSite","@id":"https:\/\/www.justiceinfo.net\/fr#website","url":"https:\/\/www.justiceinfo.net\/fr","name":"JusticeInfo.net","description":"La justice doit \u00eatre vue pour \u00eatre rendue","publisher":{"@id":"https:\/\/www.justiceinfo.net\/fr#organization"},"potentialAction":[{"@type":"SearchAction","target":{"@type":"EntryPoint","urlTemplate":"https:\/\/www.justiceinfo.net\/fr?s={search_term_string}"},"query-input":{"@type":"PropertyValueSpecification","valueRequired":true,"valueName":"search_term_string"}}],"inLanguage":"fr-FR"},{"@type":"Organization","@id":"https:\/\/www.justiceinfo.net\/fr#organization","name":"Justice Info","url":"https:\/\/www.justiceinfo.net\/fr","logo":{"@type":"ImageObject","inLanguage":"fr-FR","@id":"https:\/\/www.justiceinfo.net\/fr#\/schema\/logo\/image\/","url":"https:\/\/www.justiceinfo.net\/wp-content\/uploads\/justiceinfo_logo-trans_1200x1200px.png","contentUrl":"https:\/\/www.justiceinfo.net\/wp-content\/uploads\/justiceinfo_logo-trans_1200x1200px.png","width":1199,"height":1200,"caption":"Justice Info"},"image":{"@id":"https:\/\/www.justiceinfo.net\/fr#\/schema\/logo\/image\/"},"sameAs":["https:\/\/www.facebook.com\/JusticeInfo\/","https:\/\/x.com\/justiceinfonet","https:\/\/www.linkedin.com\/company\/justice-info","https:\/\/www.youtube.com\/channel\/UCyCEsARodyuWtkWyhn-e7pA"]},{"@type":"Person","name":"The Conversation France","url":"\/fr\/?s=The Conversation France"}]}},"_links":{"self":[{"href":"https:\/\/www.justiceinfo.net\/fr\/wp-json\/wp\/v2\/posts\/108479","targetHints":{"allow":["GET"]}}],"collection":[{"href":"https:\/\/www.justiceinfo.net\/fr\/wp-json\/wp\/v2\/posts"}],"about":[{"href":"https:\/\/www.justiceinfo.net\/fr\/wp-json\/wp\/v2\/types\/post"}],"author":[{"embeddable":true,"href":"https:\/\/www.justiceinfo.net\/fr\/wp-json\/wp\/v2\/users\/64"}],"replies":[{"embeddable":true,"href":"https:\/\/www.justiceinfo.net\/fr\/wp-json\/wp\/v2\/comments?post=108479"}],"version-history":[{"count":45,"href":"https:\/\/www.justiceinfo.net\/fr\/wp-json\/wp\/v2\/posts\/108479\/revisions"}],"predecessor-version":[{"id":143358,"href":"https:\/\/www.justiceinfo.net\/fr\/wp-json\/wp\/v2\/posts\/108479\/revisions\/143358"}],"wp:featuredmedia":[{"embeddable":true,"href":"https:\/\/www.justiceinfo.net\/fr\/wp-json\/wp\/v2\/media\/108497"}],"wp:attachment":[{"href":"https:\/\/www.justiceinfo.net\/fr\/wp-json\/wp\/v2\/media?parent=108479"}],"wp:term":[{"taxonomy":"category","embeddable":true,"href":"https:\/\/www.justiceinfo.net\/fr\/wp-json\/wp\/v2\/categories?post=108479"},{"taxonomy":"post_tag","embeddable":true,"href":"https:\/\/www.justiceinfo.net\/fr\/wp-json\/wp\/v2\/tags?post=108479"},{"taxonomy":"ji_location","embeddable":true,"href":"https:\/\/www.justiceinfo.net\/fr\/wp-json\/wp\/v2\/ji_location?post=108479"}],"curies":[{"name":"wp","href":"https:\/\/api.w.org\/{rel}","templated":true}]}}