{"id":10899,"date":"2009-06-08T00:00:00","date_gmt":"2009-06-07T22:00:00","guid":{"rendered":"https:\/\/www.justiceinfo.net\/10899-080609-tpirmunyakazi-le-debut-de-la-defense-du-doyen-des-detenus-du-tpir-fixe-au-31-aout7706.html"},"modified":"2009-06-08T00:00:00","modified_gmt":"2009-06-07T22:00:00","slug":"080609-tpirmunyakazi-le-debut-de-la-defense-du-doyen-des-detenus-du-tpir-fixe-au-31-aout7706","status":"publish","type":"post","link":"https:\/\/www.justiceinfo.net\/fr\/10899-080609-tpirmunyakazi-le-debut-de-la-defense-du-doyen-des-detenus-du-tpir-fixe-au-31-aout7706.html","title":{"rendered":"08.06.09 - TPIR\/MUNYAKAZI - LE DEBUT DE LA DEFENSE DU DOYEN DES DETENUS DU TPIR FIXE AU 31 AOUT"},"content":{"rendered":"<p >\nArusha, 08 juin 2009 (FH) - Le doyen des d&eacute;tenus du Tribunal p&eacute;nal international pour le Rwanda (TPIR), Yussuf Munyakazi, accus&eacute; notamment d'avoir tu&eacute; des Tutsis qui s'&eacute;taient r&eacute;fugi&eacute;s dans des &eacute;glises en 1994, entamera sa d&eacute;fense le 31 ao&ucirc;t prochain, a-t-on appris lundi.\n<\/p>\n<p><!--more--><\/p>\n<p >\n<p >\nLa date a &eacute;t&eacute; fix&eacute;e par la chambre &agrave; l'issue d'une &laquo; conf&eacute;rence de mise en &eacute;tat &raquo; tenue lundi matin avec les deux parties.\n<\/p>\n<p >\nRiche propri&eacute;taire terrien qui s'&eacute;tait converti au petit commerce, Munyakazi, 74 ans, est le plus &acirc;g&eacute; des d&eacute;tenus du TPIR.\n<\/p>\n<p >\nL'avocat principal de la d&eacute;fense, Jwani Mwaikusa, a indiqu&eacute; &agrave; l'agence Hirondelle qu'il disposait d'une liste de 36 t&eacute;moins potentiels.\n<\/p>\n<p >\nPour sa part, le procureur a clos son accusation dans cette affaire jeudi dernier au terme de l'audition du douzi&egrave;me t&eacute;moin &agrave; charge, un homme d&eacute;sign&eacute; par le pseudonyme BWU.\n<\/p>\n<p >\n<p >\nSe pr&eacute;sentant comme un g&eacute;nocidaire repenti, ce t&eacute;moin condamn&eacute; &agrave; 10 ans de prison au Rwanda, a affirm&eacute; que Munyakazi avait dirig&eacute; une attaque le 29 avril 1994 contre les Tutsis qui avaient cherch&eacute; refuge au complexe de l'&eacute;glise paroissiale de Shangi, dans l'ancienne pr&eacute;fecture de Cyangugu (sud-ouest).\n<\/p>\n<p >\n<p >\nCe proc&egrave;s a d&eacute;but&eacute; le 22 avril dernier.\n<\/p>\n<p >\n<p >\nLe septuag&eacute;naire a &eacute;t&eacute; arr&ecirc;t&eacute; en mai 2004 dans l'est de la R&eacute;publique d&eacute;mocratique du Congo (RDC) o&ugrave; il se faisait passer pour un imam, sous le nom de Mzee Mandevu (litt&eacute;ralement, le vieux barbu en kiswahili).\n<\/p>\n<p >\n<p >\n<p >\nER\/GF\n<\/p>\n<p>\n&copy; Agence Hirondelle<\/p>\n","protected":false},"excerpt":{"rendered":"<p>Arusha, 08 juin 2009 (FH) - Le doyen des d&eacute;tenus du Tribunal p&eacute;nal international pour le Rwanda (TPIR), Yussuf Munyakazi, accus&eacute; notamment d'avoir tu&eacute; des Tutsis qui s'&eacute;taient r&eacute;fugi&eacute;s dans des &eacute;glises en 1994, entamera sa d&eacute;fense le 31 ao&ucirc;t prochain, a-t-on appris lundi.<\/p>\n","protected":false},"author":64,"featured_media":0,"comment_status":"open","ping_status":"closed","sticky":false,"template":"","format":"standard","meta":{"_acf_changed":false,"footnotes":""},"categories":[554],"tags":[],"ji_location":[],"class_list":["post-10899","post","type-post","status-publish","format-standard","hentry","category-hirondellenews"],"acf":[],"yoast_head":"<!-- This site is optimized with the Yoast SEO Premium plugin v25.3.1 (Yoast SEO v25.3.1) - https:\/\/yoast.com\/wordpress\/plugins\/seo\/ -->\n<title>08.06.09 - TPIR\/MUNYAKAZI - LE DEBUT DE LA DEFENSE DU DOYEN DES DETENUS DU TPIR FIXE AU 31 AOUT - JusticeInfo.net<\/title>\n<meta name=\"robots\" content=\"index, follow, max-snippet:-1, max-image-preview:large, max-video-preview:-1\" \/>\n<link rel=\"canonical\" href=\"https:\/\/www.justiceinfo.net\/fr\/10899-080609-tpirmunyakazi-le-debut-de-la-defense-du-doyen-des-detenus-du-tpir-fixe-au-31-aout7706.html\" \/>\n<meta property=\"og:locale\" content=\"fr_FR\" \/>\n<meta property=\"og:type\" content=\"article\" \/>\n<meta property=\"og:title\" content=\"08.06.09 - TPIR\/MUNYAKAZI - LE DEBUT DE LA DEFENSE DU DOYEN DES DETENUS DU TPIR FIXE AU 31 AOUT\" \/>\n<meta property=\"og:description\" content=\"Arusha, 08 juin 2009 (FH) - Le doyen des d&eacute;tenus du Tribunal p&eacute;nal international pour le Rwanda (TPIR), Yussuf Munyakazi, accus&eacute; notamment d&#039;avoir tu&eacute; des Tutsis qui s&#039;&eacute;taient r&eacute;fugi&eacute;s dans des &eacute;glises en 1994, entamera sa d&eacute;fense le 31 ao&ucirc;t prochain, a-t-on appris lundi.\" \/>\n<meta property=\"og:url\" content=\"https:\/\/www.justiceinfo.net\/fr\/10899-080609-tpirmunyakazi-le-debut-de-la-defense-du-doyen-des-detenus-du-tpir-fixe-au-31-aout7706.html\" \/>\n<meta property=\"og:site_name\" content=\"JusticeInfo.net\" \/>\n<meta property=\"article:publisher\" content=\"https:\/\/www.facebook.com\/JusticeInfo\/\" \/>\n<meta property=\"article:published_time\" content=\"2009-06-07T22:00:00+00:00\" \/>\n<meta property=\"og:image\" content=\"https:\/\/www.justiceinfo.net\/wp-content\/uploads\/JusticeInfoNet_logo_1200x630px.jpg\" \/>\n\t<meta property=\"og:image:width\" content=\"1200\" \/>\n\t<meta property=\"og:image:height\" content=\"630\" \/>\n\t<meta property=\"og:image:type\" content=\"image\/jpeg\" \/>\n<meta name=\"author\" content=\"solivri\" \/>\n<meta name=\"twitter:card\" content=\"summary_large_image\" \/>\n<meta name=\"twitter:creator\" content=\"@justiceinfonet\" \/>\n<meta name=\"twitter:site\" content=\"@justiceinfonet\" \/>\n<meta name=\"twitter:label1\" content=\"\u00c9crit par\" \/>\n\t<meta name=\"twitter:data1\" content=\"solivri\" \/>\n\t<meta name=\"twitter:label2\" content=\"Dur\u00e9e de lecture estim\u00e9e\" \/>\n\t<meta name=\"twitter:data2\" content=\"2 minutes\" \/>\n<script type=\"application\/ld+json\" class=\"yoast-schema-graph\">{\"@context\":\"https:\/\/schema.org\",\"@graph\":[{\"@type\":\"NewsArticle\",\"@id\":\"https:\/\/www.justiceinfo.net\/fr\/10899-080609-tpirmunyakazi-le-debut-de-la-defense-du-doyen-des-detenus-du-tpir-fixe-au-31-aout7706.html#article\",\"isPartOf\":{\"@id\":\"https:\/\/www.justiceinfo.net\/fr\/10899-080609-tpirmunyakazi-le-debut-de-la-defense-du-doyen-des-detenus-du-tpir-fixe-au-31-aout7706.html\"},\"author\":{\"name\":\"solivri\",\"@id\":\"https:\/\/www.justiceinfo.net\/fr#\/schema\/person\/6e53cba1629e2e66f3fc1821d3091865\"},\"headline\":\"08.06.09 - TPIR\/MUNYAKAZI - LE DEBUT DE LA DEFENSE DU DOYEN DES DETENUS DU TPIR FIXE AU 31 AOUT\",\"datePublished\":\"2009-06-07T22:00:00+00:00\",\"mainEntityOfPage\":{\"@id\":\"https:\/\/www.justiceinfo.net\/fr\/10899-080609-tpirmunyakazi-le-debut-de-la-defense-du-doyen-des-detenus-du-tpir-fixe-au-31-aout7706.html\"},\"wordCount\":331,\"commentCount\":0,\"publisher\":{\"@id\":\"https:\/\/www.justiceinfo.net\/fr#organization\"},\"articleSection\":[\"Hirondelle News\"],\"inLanguage\":\"fr-FR\",\"potentialAction\":[{\"@type\":\"CommentAction\",\"name\":\"Comment\",\"target\":[\"https:\/\/www.justiceinfo.net\/fr\/10899-080609-tpirmunyakazi-le-debut-de-la-defense-du-doyen-des-detenus-du-tpir-fixe-au-31-aout7706.html#respond\"]}]},{\"@type\":\"WebPage\",\"@id\":\"https:\/\/www.justiceinfo.net\/fr\/10899-080609-tpirmunyakazi-le-debut-de-la-defense-du-doyen-des-detenus-du-tpir-fixe-au-31-aout7706.html\",\"url\":\"https:\/\/www.justiceinfo.net\/fr\/10899-080609-tpirmunyakazi-le-debut-de-la-defense-du-doyen-des-detenus-du-tpir-fixe-au-31-aout7706.html\",\"name\":\"08.06.09 - TPIR\/MUNYAKAZI - LE DEBUT DE LA DEFENSE DU DOYEN DES DETENUS DU TPIR FIXE AU 31 AOUT - JusticeInfo.net\",\"isPartOf\":{\"@id\":\"https:\/\/www.justiceinfo.net\/fr#website\"},\"datePublished\":\"2009-06-07T22:00:00+00:00\",\"breadcrumb\":{\"@id\":\"https:\/\/www.justiceinfo.net\/fr\/10899-080609-tpirmunyakazi-le-debut-de-la-defense-du-doyen-des-detenus-du-tpir-fixe-au-31-aout7706.html#breadcrumb\"},\"inLanguage\":\"fr-FR\",\"potentialAction\":[{\"@type\":\"ReadAction\",\"target\":[\"https:\/\/www.justiceinfo.net\/fr\/10899-080609-tpirmunyakazi-le-debut-de-la-defense-du-doyen-des-detenus-du-tpir-fixe-au-31-aout7706.html\"]}]},{\"@type\":\"BreadcrumbList\",\"@id\":\"https:\/\/www.justiceinfo.net\/fr\/10899-080609-tpirmunyakazi-le-debut-de-la-defense-du-doyen-des-detenus-du-tpir-fixe-au-31-aout7706.html#breadcrumb\",\"itemListElement\":[{\"@type\":\"ListItem\",\"position\":1,\"name\":\"Home\",\"item\":\"https:\/\/www.justiceinfo.net\/fr\"},{\"@type\":\"ListItem\",\"position\":2,\"name\":\"08.06.09 - TPIR\/MUNYAKAZI - LE DEBUT DE LA DEFENSE DU DOYEN DES DETENUS DU TPIR FIXE AU 31 AOUT\"}]},{\"@type\":\"WebSite\",\"@id\":\"https:\/\/www.justiceinfo.net\/fr#website\",\"url\":\"https:\/\/www.justiceinfo.net\/fr\",\"name\":\"JusticeInfo.net\",\"description\":\"La justice doit \u00eatre vue pour \u00eatre rendue\",\"publisher\":{\"@id\":\"https:\/\/www.justiceinfo.net\/fr#organization\"},\"potentialAction\":[{\"@type\":\"SearchAction\",\"target\":{\"@type\":\"EntryPoint\",\"urlTemplate\":\"https:\/\/www.justiceinfo.net\/fr?s={search_term_string}\"},\"query-input\":{\"@type\":\"PropertyValueSpecification\",\"valueRequired\":true,\"valueName\":\"search_term_string\"}}],\"inLanguage\":\"fr-FR\"},{\"@type\":\"Organization\",\"@id\":\"https:\/\/www.justiceinfo.net\/fr#organization\",\"name\":\"Justice Info\",\"url\":\"https:\/\/www.justiceinfo.net\/fr\",\"logo\":{\"@type\":\"ImageObject\",\"inLanguage\":\"fr-FR\",\"@id\":\"https:\/\/www.justiceinfo.net\/fr#\/schema\/logo\/image\/\",\"url\":\"https:\/\/www.justiceinfo.net\/wp-content\/uploads\/justiceinfo_logo-trans_1200x1200px.png\",\"contentUrl\":\"https:\/\/www.justiceinfo.net\/wp-content\/uploads\/justiceinfo_logo-trans_1200x1200px.png\",\"width\":1199,\"height\":1200,\"caption\":\"Justice Info\"},\"image\":{\"@id\":\"https:\/\/www.justiceinfo.net\/fr#\/schema\/logo\/image\/\"},\"sameAs\":[\"https:\/\/www.facebook.com\/JusticeInfo\/\",\"https:\/\/x.com\/justiceinfonet\",\"https:\/\/www.linkedin.com\/company\/justice-info\",\"https:\/\/www.youtube.com\/channel\/UCyCEsARodyuWtkWyhn-e7pA\"]},{\"@type\":\"Person\",\"name\":\"solivri\",\"url\":\"\/fr\/?s=solivri\"}]}<\/script>\n<!-- \/ Yoast SEO Premium plugin. -->","yoast_head_json":{"title":"08.06.09 - TPIR\/MUNYAKAZI - LE DEBUT DE LA DEFENSE DU DOYEN DES DETENUS DU TPIR FIXE AU 31 AOUT - JusticeInfo.net","robots":{"index":"index","follow":"follow","max-snippet":"max-snippet:-1","max-image-preview":"max-image-preview:large","max-video-preview":"max-video-preview:-1"},"canonical":"https:\/\/www.justiceinfo.net\/fr\/10899-080609-tpirmunyakazi-le-debut-de-la-defense-du-doyen-des-detenus-du-tpir-fixe-au-31-aout7706.html","og_locale":"fr_FR","og_type":"article","og_title":"08.06.09 - TPIR\/MUNYAKAZI - LE DEBUT DE LA DEFENSE DU DOYEN DES DETENUS DU TPIR FIXE AU 31 AOUT","og_description":"Arusha, 08 juin 2009 (FH) - Le doyen des d&eacute;tenus du Tribunal p&eacute;nal international pour le Rwanda (TPIR), Yussuf Munyakazi, accus&eacute; notamment d'avoir tu&eacute; des Tutsis qui s'&eacute;taient r&eacute;fugi&eacute;s dans des &eacute;glises en 1994, entamera sa d&eacute;fense le 31 ao&ucirc;t prochain, a-t-on appris lundi.","og_url":"https:\/\/www.justiceinfo.net\/fr\/10899-080609-tpirmunyakazi-le-debut-de-la-defense-du-doyen-des-detenus-du-tpir-fixe-au-31-aout7706.html","og_site_name":"JusticeInfo.net","article_publisher":"https:\/\/www.facebook.com\/JusticeInfo\/","article_published_time":"2009-06-07T22:00:00+00:00","og_image":[{"width":1200,"height":630,"url":"https:\/\/www.justiceinfo.net\/wp-content\/uploads\/JusticeInfoNet_logo_1200x630px.jpg","type":"image\/jpeg"}],"author":"solivri","twitter_card":"summary_large_image","twitter_creator":"@justiceinfonet","twitter_site":"@justiceinfonet","twitter_misc":{"\u00c9crit par":"solivri","Dur\u00e9e de lecture estim\u00e9e":"2 minutes"},"schema":{"@context":"https:\/\/schema.org","@graph":[{"@type":"NewsArticle","@id":"https:\/\/www.justiceinfo.net\/fr\/10899-080609-tpirmunyakazi-le-debut-de-la-defense-du-doyen-des-detenus-du-tpir-fixe-au-31-aout7706.html#article","isPartOf":{"@id":"https:\/\/www.justiceinfo.net\/fr\/10899-080609-tpirmunyakazi-le-debut-de-la-defense-du-doyen-des-detenus-du-tpir-fixe-au-31-aout7706.html"},"author":{"name":"solivri","@id":"https:\/\/www.justiceinfo.net\/fr#\/schema\/person\/6e53cba1629e2e66f3fc1821d3091865"},"headline":"08.06.09 - TPIR\/MUNYAKAZI - LE DEBUT DE LA DEFENSE DU DOYEN DES DETENUS DU TPIR FIXE AU 31 AOUT","datePublished":"2009-06-07T22:00:00+00:00","mainEntityOfPage":{"@id":"https:\/\/www.justiceinfo.net\/fr\/10899-080609-tpirmunyakazi-le-debut-de-la-defense-du-doyen-des-detenus-du-tpir-fixe-au-31-aout7706.html"},"wordCount":331,"commentCount":0,"publisher":{"@id":"https:\/\/www.justiceinfo.net\/fr#organization"},"articleSection":["Hirondelle News"],"inLanguage":"fr-FR","potentialAction":[{"@type":"CommentAction","name":"Comment","target":["https:\/\/www.justiceinfo.net\/fr\/10899-080609-tpirmunyakazi-le-debut-de-la-defense-du-doyen-des-detenus-du-tpir-fixe-au-31-aout7706.html#respond"]}]},{"@type":"WebPage","@id":"https:\/\/www.justiceinfo.net\/fr\/10899-080609-tpirmunyakazi-le-debut-de-la-defense-du-doyen-des-detenus-du-tpir-fixe-au-31-aout7706.html","url":"https:\/\/www.justiceinfo.net\/fr\/10899-080609-tpirmunyakazi-le-debut-de-la-defense-du-doyen-des-detenus-du-tpir-fixe-au-31-aout7706.html","name":"08.06.09 - TPIR\/MUNYAKAZI - LE DEBUT DE LA DEFENSE DU DOYEN DES DETENUS DU TPIR FIXE AU 31 AOUT - JusticeInfo.net","isPartOf":{"@id":"https:\/\/www.justiceinfo.net\/fr#website"},"datePublished":"2009-06-07T22:00:00+00:00","breadcrumb":{"@id":"https:\/\/www.justiceinfo.net\/fr\/10899-080609-tpirmunyakazi-le-debut-de-la-defense-du-doyen-des-detenus-du-tpir-fixe-au-31-aout7706.html#breadcrumb"},"inLanguage":"fr-FR","potentialAction":[{"@type":"ReadAction","target":["https:\/\/www.justiceinfo.net\/fr\/10899-080609-tpirmunyakazi-le-debut-de-la-defense-du-doyen-des-detenus-du-tpir-fixe-au-31-aout7706.html"]}]},{"@type":"BreadcrumbList","@id":"https:\/\/www.justiceinfo.net\/fr\/10899-080609-tpirmunyakazi-le-debut-de-la-defense-du-doyen-des-detenus-du-tpir-fixe-au-31-aout7706.html#breadcrumb","itemListElement":[{"@type":"ListItem","position":1,"name":"Home","item":"https:\/\/www.justiceinfo.net\/fr"},{"@type":"ListItem","position":2,"name":"08.06.09 - TPIR\/MUNYAKAZI - LE DEBUT DE LA DEFENSE DU DOYEN DES DETENUS DU TPIR FIXE AU 31 AOUT"}]},{"@type":"WebSite","@id":"https:\/\/www.justiceinfo.net\/fr#website","url":"https:\/\/www.justiceinfo.net\/fr","name":"JusticeInfo.net","description":"La justice doit \u00eatre vue pour \u00eatre rendue","publisher":{"@id":"https:\/\/www.justiceinfo.net\/fr#organization"},"potentialAction":[{"@type":"SearchAction","target":{"@type":"EntryPoint","urlTemplate":"https:\/\/www.justiceinfo.net\/fr?s={search_term_string}"},"query-input":{"@type":"PropertyValueSpecification","valueRequired":true,"valueName":"search_term_string"}}],"inLanguage":"fr-FR"},{"@type":"Organization","@id":"https:\/\/www.justiceinfo.net\/fr#organization","name":"Justice Info","url":"https:\/\/www.justiceinfo.net\/fr","logo":{"@type":"ImageObject","inLanguage":"fr-FR","@id":"https:\/\/www.justiceinfo.net\/fr#\/schema\/logo\/image\/","url":"https:\/\/www.justiceinfo.net\/wp-content\/uploads\/justiceinfo_logo-trans_1200x1200px.png","contentUrl":"https:\/\/www.justiceinfo.net\/wp-content\/uploads\/justiceinfo_logo-trans_1200x1200px.png","width":1199,"height":1200,"caption":"Justice Info"},"image":{"@id":"https:\/\/www.justiceinfo.net\/fr#\/schema\/logo\/image\/"},"sameAs":["https:\/\/www.facebook.com\/JusticeInfo\/","https:\/\/x.com\/justiceinfonet","https:\/\/www.linkedin.com\/company\/justice-info","https:\/\/www.youtube.com\/channel\/UCyCEsARodyuWtkWyhn-e7pA"]},{"@type":"Person","name":"solivri","url":"\/fr\/?s=solivri"}]}},"_links":{"self":[{"href":"https:\/\/www.justiceinfo.net\/fr\/wp-json\/wp\/v2\/posts\/10899","targetHints":{"allow":["GET"]}}],"collection":[{"href":"https:\/\/www.justiceinfo.net\/fr\/wp-json\/wp\/v2\/posts"}],"about":[{"href":"https:\/\/www.justiceinfo.net\/fr\/wp-json\/wp\/v2\/types\/post"}],"author":[{"embeddable":true,"href":"https:\/\/www.justiceinfo.net\/fr\/wp-json\/wp\/v2\/users\/64"}],"replies":[{"embeddable":true,"href":"https:\/\/www.justiceinfo.net\/fr\/wp-json\/wp\/v2\/comments?post=10899"}],"version-history":[{"count":0,"href":"https:\/\/www.justiceinfo.net\/fr\/wp-json\/wp\/v2\/posts\/10899\/revisions"}],"wp:attachment":[{"href":"https:\/\/www.justiceinfo.net\/fr\/wp-json\/wp\/v2\/media?parent=10899"}],"wp:term":[{"taxonomy":"category","embeddable":true,"href":"https:\/\/www.justiceinfo.net\/fr\/wp-json\/wp\/v2\/categories?post=10899"},{"taxonomy":"post_tag","embeddable":true,"href":"https:\/\/www.justiceinfo.net\/fr\/wp-json\/wp\/v2\/tags?post=10899"},{"taxonomy":"ji_location","embeddable":true,"href":"https:\/\/www.justiceinfo.net\/fr\/wp-json\/wp\/v2\/ji_location?post=10899"}],"curies":[{"name":"wp","href":"https:\/\/api.w.org\/{rel}","templated":true}]}}