{"id":10958,"date":"2009-06-25T00:00:00","date_gmt":"2009-06-24T22:00:00","guid":{"rendered":"https:\/\/www.justiceinfo.net\/10958-250609-tpirnshogoza-jugement-le-02-juillet-pour-lavocat-accuse-doutrage-a-la-cour7765.html"},"modified":"2009-06-25T00:00:00","modified_gmt":"2009-06-24T22:00:00","slug":"250609-tpirnshogoza-jugement-le-02-juillet-pour-lavocat-accuse-doutrage-a-la-cour7765","status":"publish","type":"post","link":"https:\/\/www.justiceinfo.net\/fr\/10958-250609-tpirnshogoza-jugement-le-02-juillet-pour-lavocat-accuse-doutrage-a-la-cour7765.html","title":{"rendered":"25.06.09 - TPIR\/NSHOGOZA - JUGEMENT LE 02 JUILLET POUR L\u2019AVOCAT ACCUSE D\u2019OUTRAGE A LA COUR"},"content":{"rendered":"<p>Arusha, 25 juin 2009 (FH) - Le Tribunal p&eacute;nal international pour le Rwanda (TPIR) rendra son jugement le 02 juillet prochain dans le proc&egrave;s d'un avocat rwandais, L&eacute;onidas Nshogoza, accus&eacute; d'outrage &agrave; la cour.<br \/>\n<!--more-->Me Nshogoza, du barreau de Kigali, est accus&eacute; d'avoir soudoy&eacute; 5 t&eacute;moins alors qu'il travaillait comme enqu&ecirc;teur au sein de l'&eacute;quipe de d&eacute;fense de l'ex-ministre de l'Enseignement sup&eacute;rieur Jean de Dieu Kamuhanda, condamn&eacute; par le TPIR &agrave; la prison &agrave; vie. <\/p>\n<p >\n<p >\nLes faits se seraient d&eacute;roul&eacute;s &agrave; Kigali et &agrave; Gasabo (banlieue de Kigali) ainsi qu'&agrave; Arusha, entre le 1er mars 2004 et le 31 mai 2005.\n<\/p>\n<p >\nAbdoulaye Seye, du bureau du procureur, a affirm&eacute;, lors de ces conclusions finales, le 29 avril dernier, que l'accus&eacute; avait rencontr&eacute; &agrave; plusieurs reprises ces t&eacute;moins de l'accusation alors qu'ils &eacute;taient prot&eacute;g&eacute;s.\n<\/p>\n<p >\n<p >\nIl les a re&ccedil;us en pr&eacute;sence de tierces personnes et de membres de la famille de Kamuhanda, mettant ainsi leur s&eacute;curit&eacute; en danger, a accus&eacute; M.Seye.\n<\/p>\n<p >\n<p >\nPire encore, a-t-il poursuivi, Nshogoza a r&eacute;dig&eacute; des d&eacute;clarations de r&eacute;tractation qu'il a fait signer par ces t&eacute;moins, en leur promettant des r&eacute;compenses.\n<\/p>\n<p >\n<p >\nSeye a termin&eacute; son intervention en demandant &laquo; une peine proportionnelle &agrave; la gravit&eacute; de cet outrage au tribunal &raquo;.\n<\/p>\n<p >\n<p >\nPour sa part, Me Allison Turner,&nbsp; de la d&eacute;fense, a d&eacute;clar&eacute; que de tous les t&eacute;moins cit&eacute;s dans l'acte d'accusation, seul celui d&eacute;sign&eacute; par le pseudonyme GAA &eacute;tait prot&eacute;g&eacute;.\n<\/p>\n<p >\n<p >\nLes autres, a-t-elle dit, n'&eacute;taient que des t&eacute;moins potentiels du procureur que la d&eacute;fense &eacute;tait libre de rencontrer.\n<\/p>\n<p >\n<p >\nRevenant sur la cas de GAA, elle a affirm&eacute; que c'est lui-m&ecirc;me qui avait renonc&eacute; aux mesures de protection, en cherchant de sa propre initiative &agrave; rencontrer la d&eacute;fense de Kamuhanda pour lui dire qu'il avait menti et qu'il voulait revenir sur son t&eacute;moignage. C'est ainsi, a expliqu&eacute; l'avocate, que l'accus&eacute; a recueilli la d&eacute;claration de r&eacute;tractation du t&eacute;moin. Elle a ajout&eacute; que son client ne savait m&ecirc;me pas, &agrave; son premier contact avec GAA, que celui-ci faisait l'objet d'une ordonnance de protection.\n<\/p>\n<p >\n<p >\nLe d&eacute;fenseur rwandais encourt une peine maximale de cinq ans de prison ou une amende de 10.000 dollars am&eacute;ricains, voire les deux.\n<\/p>\n<p >\n<p >\nER\/GF\n<\/p>\n<p >\n<p>\n&copy; Agence Hirondelle<\/p>\n","protected":false},"excerpt":{"rendered":"<p>Arusha, 25 juin 2009 (FH) - Le Tribunal p&eacute;nal international pour le Rwanda (TPIR) rendra son jugement le 02 juillet prochain dans le proc&egrave;s d'un avocat rwandais, L&eacute;onidas Nshogoza, accus&eacute; d'outrage &agrave; la cour.<\/p>\n","protected":false},"author":64,"featured_media":0,"comment_status":"open","ping_status":"closed","sticky":false,"template":"","format":"standard","meta":{"_acf_changed":false,"footnotes":""},"categories":[554],"tags":[],"ji_location":[],"class_list":["post-10958","post","type-post","status-publish","format-standard","hentry","category-hirondellenews"],"acf":[],"yoast_head":"<!-- This site is optimized with the Yoast SEO Premium plugin v25.3.1 (Yoast SEO v25.3.1) - https:\/\/yoast.com\/wordpress\/plugins\/seo\/ -->\n<title>25.06.09 - TPIR\/NSHOGOZA - JUGEMENT LE 02 JUILLET POUR L\u2019AVOCAT ACCUSE D\u2019OUTRAGE A LA COUR - JusticeInfo.net<\/title>\n<meta name=\"robots\" content=\"index, follow, max-snippet:-1, max-image-preview:large, max-video-preview:-1\" \/>\n<link rel=\"canonical\" href=\"https:\/\/www.justiceinfo.net\/fr\/10958-250609-tpirnshogoza-jugement-le-02-juillet-pour-lavocat-accuse-doutrage-a-la-cour7765.html\" \/>\n<meta property=\"og:locale\" content=\"fr_FR\" \/>\n<meta property=\"og:type\" content=\"article\" \/>\n<meta property=\"og:title\" content=\"25.06.09 - TPIR\/NSHOGOZA - JUGEMENT LE 02 JUILLET POUR L\u2019AVOCAT ACCUSE D\u2019OUTRAGE A LA COUR\" \/>\n<meta property=\"og:description\" content=\"Arusha, 25 juin 2009 (FH) - Le Tribunal p&eacute;nal international pour le Rwanda (TPIR) rendra son jugement le 02 juillet prochain dans le proc&egrave;s d&#039;un avocat rwandais, L&eacute;onidas Nshogoza, accus&eacute; d&#039;outrage &agrave; la cour.\" \/>\n<meta property=\"og:url\" content=\"https:\/\/www.justiceinfo.net\/fr\/10958-250609-tpirnshogoza-jugement-le-02-juillet-pour-lavocat-accuse-doutrage-a-la-cour7765.html\" \/>\n<meta property=\"og:site_name\" content=\"JusticeInfo.net\" \/>\n<meta property=\"article:publisher\" content=\"https:\/\/www.facebook.com\/JusticeInfo\/\" \/>\n<meta property=\"article:published_time\" content=\"2009-06-24T22:00:00+00:00\" \/>\n<meta property=\"og:image\" content=\"https:\/\/www.justiceinfo.net\/wp-content\/uploads\/JusticeInfoNet_logo_1200x630px.jpg\" \/>\n\t<meta property=\"og:image:width\" content=\"1200\" \/>\n\t<meta property=\"og:image:height\" content=\"630\" \/>\n\t<meta property=\"og:image:type\" content=\"image\/jpeg\" \/>\n<meta name=\"author\" content=\"solivri\" \/>\n<meta name=\"twitter:card\" content=\"summary_large_image\" \/>\n<meta name=\"twitter:creator\" content=\"@justiceinfonet\" \/>\n<meta name=\"twitter:site\" content=\"@justiceinfonet\" \/>\n<meta name=\"twitter:label1\" content=\"\u00c9crit par\" \/>\n\t<meta name=\"twitter:data1\" content=\"solivri\" \/>\n\t<meta name=\"twitter:label2\" content=\"Dur\u00e9e de lecture estim\u00e9e\" \/>\n\t<meta name=\"twitter:data2\" content=\"2 minutes\" \/>\n<script type=\"application\/ld+json\" class=\"yoast-schema-graph\">{\"@context\":\"https:\/\/schema.org\",\"@graph\":[{\"@type\":\"NewsArticle\",\"@id\":\"https:\/\/www.justiceinfo.net\/fr\/10958-250609-tpirnshogoza-jugement-le-02-juillet-pour-lavocat-accuse-doutrage-a-la-cour7765.html#article\",\"isPartOf\":{\"@id\":\"https:\/\/www.justiceinfo.net\/fr\/10958-250609-tpirnshogoza-jugement-le-02-juillet-pour-lavocat-accuse-doutrage-a-la-cour7765.html\"},\"author\":{\"name\":\"solivri\",\"@id\":\"https:\/\/www.justiceinfo.net\/fr#\/schema\/person\/6e53cba1629e2e66f3fc1821d3091865\"},\"headline\":\"25.06.09 - TPIR\/NSHOGOZA - JUGEMENT LE 02 JUILLET POUR L\u2019AVOCAT ACCUSE D\u2019OUTRAGE A LA COUR\",\"datePublished\":\"2009-06-24T22:00:00+00:00\",\"mainEntityOfPage\":{\"@id\":\"https:\/\/www.justiceinfo.net\/fr\/10958-250609-tpirnshogoza-jugement-le-02-juillet-pour-lavocat-accuse-doutrage-a-la-cour7765.html\"},\"wordCount\":490,\"commentCount\":0,\"publisher\":{\"@id\":\"https:\/\/www.justiceinfo.net\/fr#organization\"},\"articleSection\":[\"Hirondelle News\"],\"inLanguage\":\"fr-FR\",\"potentialAction\":[{\"@type\":\"CommentAction\",\"name\":\"Comment\",\"target\":[\"https:\/\/www.justiceinfo.net\/fr\/10958-250609-tpirnshogoza-jugement-le-02-juillet-pour-lavocat-accuse-doutrage-a-la-cour7765.html#respond\"]}]},{\"@type\":\"WebPage\",\"@id\":\"https:\/\/www.justiceinfo.net\/fr\/10958-250609-tpirnshogoza-jugement-le-02-juillet-pour-lavocat-accuse-doutrage-a-la-cour7765.html\",\"url\":\"https:\/\/www.justiceinfo.net\/fr\/10958-250609-tpirnshogoza-jugement-le-02-juillet-pour-lavocat-accuse-doutrage-a-la-cour7765.html\",\"name\":\"25.06.09 - TPIR\/NSHOGOZA - JUGEMENT LE 02 JUILLET POUR L\u2019AVOCAT ACCUSE D\u2019OUTRAGE A LA COUR - JusticeInfo.net\",\"isPartOf\":{\"@id\":\"https:\/\/www.justiceinfo.net\/fr#website\"},\"datePublished\":\"2009-06-24T22:00:00+00:00\",\"breadcrumb\":{\"@id\":\"https:\/\/www.justiceinfo.net\/fr\/10958-250609-tpirnshogoza-jugement-le-02-juillet-pour-lavocat-accuse-doutrage-a-la-cour7765.html#breadcrumb\"},\"inLanguage\":\"fr-FR\",\"potentialAction\":[{\"@type\":\"ReadAction\",\"target\":[\"https:\/\/www.justiceinfo.net\/fr\/10958-250609-tpirnshogoza-jugement-le-02-juillet-pour-lavocat-accuse-doutrage-a-la-cour7765.html\"]}]},{\"@type\":\"BreadcrumbList\",\"@id\":\"https:\/\/www.justiceinfo.net\/fr\/10958-250609-tpirnshogoza-jugement-le-02-juillet-pour-lavocat-accuse-doutrage-a-la-cour7765.html#breadcrumb\",\"itemListElement\":[{\"@type\":\"ListItem\",\"position\":1,\"name\":\"Home\",\"item\":\"https:\/\/www.justiceinfo.net\/fr\"},{\"@type\":\"ListItem\",\"position\":2,\"name\":\"25.06.09 - TPIR\/NSHOGOZA - JUGEMENT LE 02 JUILLET POUR L\u2019AVOCAT ACCUSE D\u2019OUTRAGE A LA COUR\"}]},{\"@type\":\"WebSite\",\"@id\":\"https:\/\/www.justiceinfo.net\/fr#website\",\"url\":\"https:\/\/www.justiceinfo.net\/fr\",\"name\":\"JusticeInfo.net\",\"description\":\"La justice doit \u00eatre vue pour \u00eatre rendue\",\"publisher\":{\"@id\":\"https:\/\/www.justiceinfo.net\/fr#organization\"},\"potentialAction\":[{\"@type\":\"SearchAction\",\"target\":{\"@type\":\"EntryPoint\",\"urlTemplate\":\"https:\/\/www.justiceinfo.net\/fr?s={search_term_string}\"},\"query-input\":{\"@type\":\"PropertyValueSpecification\",\"valueRequired\":true,\"valueName\":\"search_term_string\"}}],\"inLanguage\":\"fr-FR\"},{\"@type\":\"Organization\",\"@id\":\"https:\/\/www.justiceinfo.net\/fr#organization\",\"name\":\"Justice Info\",\"url\":\"https:\/\/www.justiceinfo.net\/fr\",\"logo\":{\"@type\":\"ImageObject\",\"inLanguage\":\"fr-FR\",\"@id\":\"https:\/\/www.justiceinfo.net\/fr#\/schema\/logo\/image\/\",\"url\":\"https:\/\/www.justiceinfo.net\/wp-content\/uploads\/justiceinfo_logo-trans_1200x1200px.png\",\"contentUrl\":\"https:\/\/www.justiceinfo.net\/wp-content\/uploads\/justiceinfo_logo-trans_1200x1200px.png\",\"width\":1199,\"height\":1200,\"caption\":\"Justice Info\"},\"image\":{\"@id\":\"https:\/\/www.justiceinfo.net\/fr#\/schema\/logo\/image\/\"},\"sameAs\":[\"https:\/\/www.facebook.com\/JusticeInfo\/\",\"https:\/\/x.com\/justiceinfonet\",\"https:\/\/www.linkedin.com\/company\/justice-info\",\"https:\/\/www.youtube.com\/channel\/UCyCEsARodyuWtkWyhn-e7pA\"]},{\"@type\":\"Person\",\"name\":\"solivri\",\"url\":\"\/fr\/?s=solivri\"}]}<\/script>\n<!-- \/ Yoast SEO Premium plugin. -->","yoast_head_json":{"title":"25.06.09 - TPIR\/NSHOGOZA - JUGEMENT LE 02 JUILLET POUR L\u2019AVOCAT ACCUSE D\u2019OUTRAGE A LA COUR - JusticeInfo.net","robots":{"index":"index","follow":"follow","max-snippet":"max-snippet:-1","max-image-preview":"max-image-preview:large","max-video-preview":"max-video-preview:-1"},"canonical":"https:\/\/www.justiceinfo.net\/fr\/10958-250609-tpirnshogoza-jugement-le-02-juillet-pour-lavocat-accuse-doutrage-a-la-cour7765.html","og_locale":"fr_FR","og_type":"article","og_title":"25.06.09 - TPIR\/NSHOGOZA - JUGEMENT LE 02 JUILLET POUR L\u2019AVOCAT ACCUSE D\u2019OUTRAGE A LA COUR","og_description":"Arusha, 25 juin 2009 (FH) - Le Tribunal p&eacute;nal international pour le Rwanda (TPIR) rendra son jugement le 02 juillet prochain dans le proc&egrave;s d'un avocat rwandais, L&eacute;onidas Nshogoza, accus&eacute; d'outrage &agrave; la cour.","og_url":"https:\/\/www.justiceinfo.net\/fr\/10958-250609-tpirnshogoza-jugement-le-02-juillet-pour-lavocat-accuse-doutrage-a-la-cour7765.html","og_site_name":"JusticeInfo.net","article_publisher":"https:\/\/www.facebook.com\/JusticeInfo\/","article_published_time":"2009-06-24T22:00:00+00:00","og_image":[{"width":1200,"height":630,"url":"https:\/\/www.justiceinfo.net\/wp-content\/uploads\/JusticeInfoNet_logo_1200x630px.jpg","type":"image\/jpeg"}],"author":"solivri","twitter_card":"summary_large_image","twitter_creator":"@justiceinfonet","twitter_site":"@justiceinfonet","twitter_misc":{"\u00c9crit par":"solivri","Dur\u00e9e de lecture estim\u00e9e":"2 minutes"},"schema":{"@context":"https:\/\/schema.org","@graph":[{"@type":"NewsArticle","@id":"https:\/\/www.justiceinfo.net\/fr\/10958-250609-tpirnshogoza-jugement-le-02-juillet-pour-lavocat-accuse-doutrage-a-la-cour7765.html#article","isPartOf":{"@id":"https:\/\/www.justiceinfo.net\/fr\/10958-250609-tpirnshogoza-jugement-le-02-juillet-pour-lavocat-accuse-doutrage-a-la-cour7765.html"},"author":{"name":"solivri","@id":"https:\/\/www.justiceinfo.net\/fr#\/schema\/person\/6e53cba1629e2e66f3fc1821d3091865"},"headline":"25.06.09 - TPIR\/NSHOGOZA - JUGEMENT LE 02 JUILLET POUR L\u2019AVOCAT ACCUSE D\u2019OUTRAGE A LA COUR","datePublished":"2009-06-24T22:00:00+00:00","mainEntityOfPage":{"@id":"https:\/\/www.justiceinfo.net\/fr\/10958-250609-tpirnshogoza-jugement-le-02-juillet-pour-lavocat-accuse-doutrage-a-la-cour7765.html"},"wordCount":490,"commentCount":0,"publisher":{"@id":"https:\/\/www.justiceinfo.net\/fr#organization"},"articleSection":["Hirondelle News"],"inLanguage":"fr-FR","potentialAction":[{"@type":"CommentAction","name":"Comment","target":["https:\/\/www.justiceinfo.net\/fr\/10958-250609-tpirnshogoza-jugement-le-02-juillet-pour-lavocat-accuse-doutrage-a-la-cour7765.html#respond"]}]},{"@type":"WebPage","@id":"https:\/\/www.justiceinfo.net\/fr\/10958-250609-tpirnshogoza-jugement-le-02-juillet-pour-lavocat-accuse-doutrage-a-la-cour7765.html","url":"https:\/\/www.justiceinfo.net\/fr\/10958-250609-tpirnshogoza-jugement-le-02-juillet-pour-lavocat-accuse-doutrage-a-la-cour7765.html","name":"25.06.09 - TPIR\/NSHOGOZA - JUGEMENT LE 02 JUILLET POUR L\u2019AVOCAT ACCUSE D\u2019OUTRAGE A LA COUR - JusticeInfo.net","isPartOf":{"@id":"https:\/\/www.justiceinfo.net\/fr#website"},"datePublished":"2009-06-24T22:00:00+00:00","breadcrumb":{"@id":"https:\/\/www.justiceinfo.net\/fr\/10958-250609-tpirnshogoza-jugement-le-02-juillet-pour-lavocat-accuse-doutrage-a-la-cour7765.html#breadcrumb"},"inLanguage":"fr-FR","potentialAction":[{"@type":"ReadAction","target":["https:\/\/www.justiceinfo.net\/fr\/10958-250609-tpirnshogoza-jugement-le-02-juillet-pour-lavocat-accuse-doutrage-a-la-cour7765.html"]}]},{"@type":"BreadcrumbList","@id":"https:\/\/www.justiceinfo.net\/fr\/10958-250609-tpirnshogoza-jugement-le-02-juillet-pour-lavocat-accuse-doutrage-a-la-cour7765.html#breadcrumb","itemListElement":[{"@type":"ListItem","position":1,"name":"Home","item":"https:\/\/www.justiceinfo.net\/fr"},{"@type":"ListItem","position":2,"name":"25.06.09 - TPIR\/NSHOGOZA - JUGEMENT LE 02 JUILLET POUR L\u2019AVOCAT ACCUSE D\u2019OUTRAGE A LA COUR"}]},{"@type":"WebSite","@id":"https:\/\/www.justiceinfo.net\/fr#website","url":"https:\/\/www.justiceinfo.net\/fr","name":"JusticeInfo.net","description":"La justice doit \u00eatre vue pour \u00eatre rendue","publisher":{"@id":"https:\/\/www.justiceinfo.net\/fr#organization"},"potentialAction":[{"@type":"SearchAction","target":{"@type":"EntryPoint","urlTemplate":"https:\/\/www.justiceinfo.net\/fr?s={search_term_string}"},"query-input":{"@type":"PropertyValueSpecification","valueRequired":true,"valueName":"search_term_string"}}],"inLanguage":"fr-FR"},{"@type":"Organization","@id":"https:\/\/www.justiceinfo.net\/fr#organization","name":"Justice Info","url":"https:\/\/www.justiceinfo.net\/fr","logo":{"@type":"ImageObject","inLanguage":"fr-FR","@id":"https:\/\/www.justiceinfo.net\/fr#\/schema\/logo\/image\/","url":"https:\/\/www.justiceinfo.net\/wp-content\/uploads\/justiceinfo_logo-trans_1200x1200px.png","contentUrl":"https:\/\/www.justiceinfo.net\/wp-content\/uploads\/justiceinfo_logo-trans_1200x1200px.png","width":1199,"height":1200,"caption":"Justice Info"},"image":{"@id":"https:\/\/www.justiceinfo.net\/fr#\/schema\/logo\/image\/"},"sameAs":["https:\/\/www.facebook.com\/JusticeInfo\/","https:\/\/x.com\/justiceinfonet","https:\/\/www.linkedin.com\/company\/justice-info","https:\/\/www.youtube.com\/channel\/UCyCEsARodyuWtkWyhn-e7pA"]},{"@type":"Person","name":"solivri","url":"\/fr\/?s=solivri"}]}},"_links":{"self":[{"href":"https:\/\/www.justiceinfo.net\/fr\/wp-json\/wp\/v2\/posts\/10958","targetHints":{"allow":["GET"]}}],"collection":[{"href":"https:\/\/www.justiceinfo.net\/fr\/wp-json\/wp\/v2\/posts"}],"about":[{"href":"https:\/\/www.justiceinfo.net\/fr\/wp-json\/wp\/v2\/types\/post"}],"author":[{"embeddable":true,"href":"https:\/\/www.justiceinfo.net\/fr\/wp-json\/wp\/v2\/users\/64"}],"replies":[{"embeddable":true,"href":"https:\/\/www.justiceinfo.net\/fr\/wp-json\/wp\/v2\/comments?post=10958"}],"version-history":[{"count":0,"href":"https:\/\/www.justiceinfo.net\/fr\/wp-json\/wp\/v2\/posts\/10958\/revisions"}],"wp:attachment":[{"href":"https:\/\/www.justiceinfo.net\/fr\/wp-json\/wp\/v2\/media?parent=10958"}],"wp:term":[{"taxonomy":"category","embeddable":true,"href":"https:\/\/www.justiceinfo.net\/fr\/wp-json\/wp\/v2\/categories?post=10958"},{"taxonomy":"post_tag","embeddable":true,"href":"https:\/\/www.justiceinfo.net\/fr\/wp-json\/wp\/v2\/tags?post=10958"},{"taxonomy":"ji_location","embeddable":true,"href":"https:\/\/www.justiceinfo.net\/fr\/wp-json\/wp\/v2\/ji_location?post=10958"}],"curies":[{"name":"wp","href":"https:\/\/api.w.org\/{rel}","templated":true}]}}