{"id":109774,"date":"2022-12-03T18:03:02","date_gmt":"2022-12-03T14:53:02","guid":{"rendered":"https:\/\/www.justiceinfo.net\/109774-le-burkina-ordonne-la-suspension-immediate-de-rfi-jusqua-nouvel-ordre.html"},"modified":"2022-12-03T21:05:02","modified_gmt":"2022-12-03T20:05:02","slug":"le-burkina-ordonne-la-suspension-immediate-de-rfi-jusqua-nouvel-ordre","status":"publish","type":"post","link":"https:\/\/www.justiceinfo.net\/fr\/109774-le-burkina-ordonne-la-suspension-immediate-de-rfi-jusqua-nouvel-ordre.html","title":{"rendered":"Le Burkina ordonne \"la suspension imm\u00e9diate\" de RFI \"jusqu'\u00e0 nouvel ordre\""},"content":{"rendered":"<p>\n             Le Burkina Faso a ordonn\u00e9 samedi \"la suspension imm\u00e9diate et jusqu'\u00e0 nouvel ordre\" de Radio France Internationale (RFI), lui reprochant notamment d'avoir relay\u00e9 un \"message d'intimidation\" attribu\u00e9 \u00e0 un \"chef terroriste\", a annonc\u00e9 le porte-parole du gouvernement burkinab\u00e8.\n<\/p>\n<p>\n            En ayant relay\u00e9 ce message, RFI \"contribue ainsi \u00e0 une manoeuvre d\u00e9sesp\u00e9r\u00e9e des groupes terroristes en vue de dissuader les milliers de Burkinab\u00e8 mobilis\u00e9s pour la d\u00e9fense de la Patrie\", indique un communiqu\u00e9 sign\u00e9 du porte-parole, Jean Emmanuel Ouedraogo.\n<\/p>\n<p>\n            Au d\u00e9but de la semaine, le Groupe de soutien \u00e0 l'islam et aux musulmans (GSIM, affili\u00e9 \u00e0 Al-Qa\u00efda), avait diffus\u00e9 une vid\u00e9o dans laquelle l'un de ses chefs au Burkina Faso mena\u00e7ait de s'attaquer \u00e0 des villages d\u00e9fendus par des Volontaires de la d\u00e9fense de la patrie (VDP), suppl\u00e9tifs civils de l'arm\u00e9e, qui vient d'en recruter 90.000 en trois semaines pour faire face \u00e0 la recrudescence des attaques jihadistes.\n<\/p>\n<p>\n            Le gouvernement reproche \u00e9galement \u00e0 RFI, radio publique fran\u00e7aise, d'avoir repris dans sa revue de presse de vendredi \"une information mensong\u00e8re, indiquant que: +Le pr\u00e9sident de la transition, le capitaine Ibrahim Traor\u00e9, assure qu'une tentative de coup d'Etat a vis\u00e9 son pouvoir+\".\n<\/p>\n<p>\n            Le communiqu\u00e9 rappelle que \"le 3 novembre dernier, le gouvernement avait d\u00e9j\u00e0 exprim\u00e9 son indignation face \u00e0 l'attitude tendancieuse des journalistes de ce m\u00e9dia (RFI) et leur propension \u00e0 jeter un discr\u00e9dit sur la lutte dans laquelle le peuple burkinab\u00e8 est engag\u00e9 pour plus de libert\u00e9 et de dignit\u00e9\".\n<\/p>\n<p>\n            \"Au regard de tout ce qui pr\u00e9c\u00e8de, le gouvernement a d\u00e9cid\u00e9 de la suspension imm\u00e9diate jusqu'\u00e0 nouvel ordre, de la diffusion des programmes de Radio France Internationale sur toute l'\u00e9tendue du territoire national\", ajoute-t-il.\n<\/p>\n<p>\n            La direction de RFI \"d\u00e9plore vivement cette d\u00e9cision et s'\u00e9l\u00e8ve contre les accusations totalement infond\u00e9es mettant en cause le professionnalisme de ses antennes\", a-t-elle indiqu\u00e9 samedi soir dans un communiqu\u00e9.\n<\/p>\n<p>\n            \"Cette coupure est intervenue sans pr\u00e9avis et sans que ne soient mises en oeuvre les proc\u00e9dures pr\u00e9vues par la convention de diffusion de RFI \u00e9tablie par le Conseil sup\u00e9rieur de la communication du Burkina Faso\", affirme-elle.\n<\/p>\n<p>\n            Elle ajoute que le groupe France m\u00e9dias monde auquel RFI appartient, \"explorera toutes les voies pour parvenir au r\u00e9tablissement de la diffusion de RFI, et rappelle son attachement sans faille \u00e0 la libert\u00e9 d'informer comme au travail professionnel de ses journalistes\".\n<\/p>\n<p>\n            Selon la direction de RFI, la radio est suivie chaque semaine au Burkina Faso \"par plus de 40% de la population et plus de 70% des leaders d'opinion\".\n<\/p>\n<p>\n            Un journaliste de l'AFP \u00e0 Ouagadougou a constat\u00e9 en fin d'apr\u00e8s-midi qu'on ne pouvait effectivement plus \u00e9couter cette radio.\n<\/p>\n<p>\n            Le gouvernement a tenu n\u00e9anmoins \"\u00e0 r\u00e9affirmer \u00e0 l'opinion nationale et internationale son attachement \u00e0 la libert\u00e9 de presse et d'opinion\" et \"au droit du public \u00e0 l'information\", mais \"invite cependant au respect des r\u00e8gles et principes \u00e9dict\u00e9s en la mati\u00e8re dans notre pays\".\n<\/p>\n<p>\n            Le Burkina, th\u00e9\u00e2tre de deux coups d'Etat militaires en huit mois et en proie depuis 2015 \u00e0 la violence jihadiste, est le deuxi\u00e8me pays de la r\u00e9gion \u00e0 interdire RFI cette ann\u00e9e apr\u00e8s le Mali, \u00e9galement dirig\u00e9 par des militaires putschistes et frapp\u00e9 par les jihadistes, en mars.\n<\/p>\n<p>\n            \"Les nerfs sont \u00e0 vif, cependant museler ou pers\u00e9cuter la presse ne transforme pas le mensonge en v\u00e9rit\u00e9\", a estim\u00e9 Newton Ahmed Barry, journaliste et ancien pr\u00e9sident de la Commission \u00e9lectorale nationale (CEN).<\/p>\n","protected":false},"excerpt":{"rendered":"<p>Le Burkina Faso a ordonn\u00e9 samedi \"la suspension imm\u00e9diate et jusqu'\u00e0 nouvel ordre\" de Radio France Internationale (RFI), lui reprochant notamment d'avoir relay\u00e9 un \"message d'intimidation\" attribu\u00e9 \u00e0 un \"chef terroriste\", a annonc\u00e9 le porte-parole du gouvernement burkinab\u00e8. En ayant relay\u00e9 ce message, RFI \"contribue ainsi \u00e0 une manoeuvre d\u00e9sesp\u00e9r\u00e9e des groupes terroristes en vue [&hellip;]<\/p>\n","protected":false},"author":60,"featured_media":0,"comment_status":"open","ping_status":"closed","sticky":false,"template":"","format":"standard","meta":{"_acf_changed":false,"footnotes":""},"categories":[2576],"tags":[],"ji_location":[],"class_list":["post-109774","post","type-post","status-publish","format-standard","hentry","category-fil-d-actualite"],"acf":[],"yoast_head":"<!-- This site is optimized with the Yoast SEO Premium plugin v25.3.1 (Yoast SEO v25.3.1) - https:\/\/yoast.com\/wordpress\/plugins\/seo\/ -->\n<title>Le Burkina ordonne &quot;la suspension imm\u00e9diate&quot; de RFI &quot;jusqu&#039;\u00e0 nouvel ordre&quot; - JusticeInfo.net<\/title>\n<meta name=\"robots\" content=\"index, follow, max-snippet:-1, max-image-preview:large, max-video-preview:-1\" \/>\n<link rel=\"canonical\" href=\"https:\/\/www.justiceinfo.net\/fr\/109774-le-burkina-ordonne-la-suspension-immediate-de-rfi-jusqua-nouvel-ordre.html\" \/>\n<meta property=\"og:locale\" content=\"fr_FR\" \/>\n<meta property=\"og:type\" content=\"article\" \/>\n<meta property=\"og:title\" content=\"Le Burkina ordonne &quot;la suspension imm\u00e9diate&quot; de RFI &quot;jusqu&#039;\u00e0 nouvel ordre&quot;\" \/>\n<meta property=\"og:description\" content=\"Le Burkina Faso a ordonn\u00e9 samedi &quot;la suspension imm\u00e9diate et jusqu&#039;\u00e0 nouvel ordre&quot; de Radio France Internationale (RFI), lui reprochant notamment d&#039;avoir relay\u00e9 un &quot;message d&#039;intimidation&quot; attribu\u00e9 \u00e0 un &quot;chef terroriste&quot;, a annonc\u00e9 le porte-parole du gouvernement burkinab\u00e8. En ayant relay\u00e9 ce message, RFI &quot;contribue ainsi \u00e0 une manoeuvre d\u00e9sesp\u00e9r\u00e9e des groupes terroristes en vue [&hellip;]\" \/>\n<meta property=\"og:url\" content=\"https:\/\/www.justiceinfo.net\/fr\/109774-le-burkina-ordonne-la-suspension-immediate-de-rfi-jusqua-nouvel-ordre.html\" \/>\n<meta property=\"og:site_name\" content=\"JusticeInfo.net\" \/>\n<meta property=\"article:publisher\" content=\"https:\/\/www.facebook.com\/JusticeInfo\/\" \/>\n<meta property=\"article:published_time\" content=\"2022-12-03T14:53:02+00:00\" \/>\n<meta property=\"article:modified_time\" content=\"2022-12-03T20:05:02+00:00\" \/>\n<meta property=\"og:image\" content=\"https:\/\/www.justiceinfo.net\/wp-content\/uploads\/JusticeInfoNet_logo_1200x630px.jpg\" \/>\n\t<meta property=\"og:image:width\" content=\"1200\" \/>\n\t<meta property=\"og:image:height\" content=\"630\" \/>\n\t<meta property=\"og:image:type\" content=\"image\/jpeg\" \/>\n<meta name=\"author\" content=\"afp\" \/>\n<meta name=\"twitter:card\" content=\"summary_large_image\" \/>\n<meta name=\"twitter:creator\" content=\"@justiceinfonet\" \/>\n<meta name=\"twitter:site\" content=\"@justiceinfonet\" \/>\n<meta name=\"twitter:label1\" content=\"\u00c9crit par\" \/>\n\t<meta name=\"twitter:data1\" content=\"afp\" \/>\n\t<meta name=\"twitter:label2\" content=\"Dur\u00e9e de lecture estim\u00e9e\" \/>\n\t<meta name=\"twitter:data2\" content=\"3 minutes\" \/>\n<script type=\"application\/ld+json\" class=\"yoast-schema-graph\">{\"@context\":\"https:\/\/schema.org\",\"@graph\":[{\"@type\":\"NewsArticle\",\"@id\":\"https:\/\/www.justiceinfo.net\/fr\/109774-le-burkina-ordonne-la-suspension-immediate-de-rfi-jusqua-nouvel-ordre.html#article\",\"isPartOf\":{\"@id\":\"https:\/\/www.justiceinfo.net\/fr\/109774-le-burkina-ordonne-la-suspension-immediate-de-rfi-jusqua-nouvel-ordre.html\"},\"author\":{\"name\":\"afp\",\"@id\":\"https:\/\/www.justiceinfo.net\/fr#\/schema\/person\/713d340ef5f218fc36ce9b4244364a7f\"},\"headline\":\"Le Burkina ordonne \\\"la suspension imm\u00e9diate\\\" de RFI \\\"jusqu'\u00e0 nouvel ordre\\\"\",\"datePublished\":\"2022-12-03T14:53:02+00:00\",\"dateModified\":\"2022-12-03T20:05:02+00:00\",\"mainEntityOfPage\":{\"@id\":\"https:\/\/www.justiceinfo.net\/fr\/109774-le-burkina-ordonne-la-suspension-immediate-de-rfi-jusqua-nouvel-ordre.html\"},\"wordCount\":609,\"commentCount\":0,\"publisher\":{\"@id\":\"https:\/\/www.justiceinfo.net\/fr#organization\"},\"articleSection\":[\"Fil d'info AFP\"],\"inLanguage\":\"fr-FR\",\"potentialAction\":[{\"@type\":\"CommentAction\",\"name\":\"Comment\",\"target\":[\"https:\/\/www.justiceinfo.net\/fr\/109774-le-burkina-ordonne-la-suspension-immediate-de-rfi-jusqua-nouvel-ordre.html#respond\"]}]},{\"@type\":\"WebPage\",\"@id\":\"https:\/\/www.justiceinfo.net\/fr\/109774-le-burkina-ordonne-la-suspension-immediate-de-rfi-jusqua-nouvel-ordre.html\",\"url\":\"https:\/\/www.justiceinfo.net\/fr\/109774-le-burkina-ordonne-la-suspension-immediate-de-rfi-jusqua-nouvel-ordre.html\",\"name\":\"Le Burkina ordonne \\\"la suspension imm\u00e9diate\\\" de RFI \\\"jusqu'\u00e0 nouvel ordre\\\" - JusticeInfo.net\",\"isPartOf\":{\"@id\":\"https:\/\/www.justiceinfo.net\/fr#website\"},\"datePublished\":\"2022-12-03T14:53:02+00:00\",\"dateModified\":\"2022-12-03T20:05:02+00:00\",\"breadcrumb\":{\"@id\":\"https:\/\/www.justiceinfo.net\/fr\/109774-le-burkina-ordonne-la-suspension-immediate-de-rfi-jusqua-nouvel-ordre.html#breadcrumb\"},\"inLanguage\":\"fr-FR\",\"potentialAction\":[{\"@type\":\"ReadAction\",\"target\":[\"https:\/\/www.justiceinfo.net\/fr\/109774-le-burkina-ordonne-la-suspension-immediate-de-rfi-jusqua-nouvel-ordre.html\"]}]},{\"@type\":\"BreadcrumbList\",\"@id\":\"https:\/\/www.justiceinfo.net\/fr\/109774-le-burkina-ordonne-la-suspension-immediate-de-rfi-jusqua-nouvel-ordre.html#breadcrumb\",\"itemListElement\":[{\"@type\":\"ListItem\",\"position\":1,\"name\":\"Home\",\"item\":\"https:\/\/www.justiceinfo.net\/fr\"},{\"@type\":\"ListItem\",\"position\":2,\"name\":\"Le Burkina ordonne \\\"la suspension imm\u00e9diate\\\" de RFI \\\"jusqu'\u00e0 nouvel ordre\\\"\"}]},{\"@type\":\"WebSite\",\"@id\":\"https:\/\/www.justiceinfo.net\/fr#website\",\"url\":\"https:\/\/www.justiceinfo.net\/fr\",\"name\":\"JusticeInfo.net\",\"description\":\"La justice doit \u00eatre vue pour \u00eatre rendue\",\"publisher\":{\"@id\":\"https:\/\/www.justiceinfo.net\/fr#organization\"},\"potentialAction\":[{\"@type\":\"SearchAction\",\"target\":{\"@type\":\"EntryPoint\",\"urlTemplate\":\"https:\/\/www.justiceinfo.net\/fr?s={search_term_string}\"},\"query-input\":{\"@type\":\"PropertyValueSpecification\",\"valueRequired\":true,\"valueName\":\"search_term_string\"}}],\"inLanguage\":\"fr-FR\"},{\"@type\":\"Organization\",\"@id\":\"https:\/\/www.justiceinfo.net\/fr#organization\",\"name\":\"Justice Info\",\"url\":\"https:\/\/www.justiceinfo.net\/fr\",\"logo\":{\"@type\":\"ImageObject\",\"inLanguage\":\"fr-FR\",\"@id\":\"https:\/\/www.justiceinfo.net\/fr#\/schema\/logo\/image\/\",\"url\":\"https:\/\/www.justiceinfo.net\/wp-content\/uploads\/justiceinfo_logo-trans_1200x1200px.png\",\"contentUrl\":\"https:\/\/www.justiceinfo.net\/wp-content\/uploads\/justiceinfo_logo-trans_1200x1200px.png\",\"width\":1199,\"height\":1200,\"caption\":\"Justice Info\"},\"image\":{\"@id\":\"https:\/\/www.justiceinfo.net\/fr#\/schema\/logo\/image\/\"},\"sameAs\":[\"https:\/\/www.facebook.com\/JusticeInfo\/\",\"https:\/\/x.com\/justiceinfonet\",\"https:\/\/www.linkedin.com\/company\/justice-info\",\"https:\/\/www.youtube.com\/channel\/UCyCEsARodyuWtkWyhn-e7pA\"]},{\"@type\":\"Person\",\"name\":\"afp\",\"url\":\"\/fr\/?s=afp\"}]}<\/script>\n<!-- \/ Yoast SEO Premium plugin. -->","yoast_head_json":{"title":"Le Burkina ordonne \"la suspension imm\u00e9diate\" de RFI \"jusqu'\u00e0 nouvel ordre\" - JusticeInfo.net","robots":{"index":"index","follow":"follow","max-snippet":"max-snippet:-1","max-image-preview":"max-image-preview:large","max-video-preview":"max-video-preview:-1"},"canonical":"https:\/\/www.justiceinfo.net\/fr\/109774-le-burkina-ordonne-la-suspension-immediate-de-rfi-jusqua-nouvel-ordre.html","og_locale":"fr_FR","og_type":"article","og_title":"Le Burkina ordonne \"la suspension imm\u00e9diate\" de RFI \"jusqu'\u00e0 nouvel ordre\"","og_description":"Le Burkina Faso a ordonn\u00e9 samedi \"la suspension imm\u00e9diate et jusqu'\u00e0 nouvel ordre\" de Radio France Internationale (RFI), lui reprochant notamment d'avoir relay\u00e9 un \"message d'intimidation\" attribu\u00e9 \u00e0 un \"chef terroriste\", a annonc\u00e9 le porte-parole du gouvernement burkinab\u00e8. En ayant relay\u00e9 ce message, RFI \"contribue ainsi \u00e0 une manoeuvre d\u00e9sesp\u00e9r\u00e9e des groupes terroristes en vue [&hellip;]","og_url":"https:\/\/www.justiceinfo.net\/fr\/109774-le-burkina-ordonne-la-suspension-immediate-de-rfi-jusqua-nouvel-ordre.html","og_site_name":"JusticeInfo.net","article_publisher":"https:\/\/www.facebook.com\/JusticeInfo\/","article_published_time":"2022-12-03T14:53:02+00:00","article_modified_time":"2022-12-03T20:05:02+00:00","og_image":[{"width":1200,"height":630,"url":"https:\/\/www.justiceinfo.net\/wp-content\/uploads\/JusticeInfoNet_logo_1200x630px.jpg","type":"image\/jpeg"}],"author":"afp","twitter_card":"summary_large_image","twitter_creator":"@justiceinfonet","twitter_site":"@justiceinfonet","twitter_misc":{"\u00c9crit par":"afp","Dur\u00e9e de lecture estim\u00e9e":"3 minutes"},"schema":{"@context":"https:\/\/schema.org","@graph":[{"@type":"NewsArticle","@id":"https:\/\/www.justiceinfo.net\/fr\/109774-le-burkina-ordonne-la-suspension-immediate-de-rfi-jusqua-nouvel-ordre.html#article","isPartOf":{"@id":"https:\/\/www.justiceinfo.net\/fr\/109774-le-burkina-ordonne-la-suspension-immediate-de-rfi-jusqua-nouvel-ordre.html"},"author":{"name":"afp","@id":"https:\/\/www.justiceinfo.net\/fr#\/schema\/person\/713d340ef5f218fc36ce9b4244364a7f"},"headline":"Le Burkina ordonne \"la suspension imm\u00e9diate\" de RFI \"jusqu'\u00e0 nouvel ordre\"","datePublished":"2022-12-03T14:53:02+00:00","dateModified":"2022-12-03T20:05:02+00:00","mainEntityOfPage":{"@id":"https:\/\/www.justiceinfo.net\/fr\/109774-le-burkina-ordonne-la-suspension-immediate-de-rfi-jusqua-nouvel-ordre.html"},"wordCount":609,"commentCount":0,"publisher":{"@id":"https:\/\/www.justiceinfo.net\/fr#organization"},"articleSection":["Fil d'info AFP"],"inLanguage":"fr-FR","potentialAction":[{"@type":"CommentAction","name":"Comment","target":["https:\/\/www.justiceinfo.net\/fr\/109774-le-burkina-ordonne-la-suspension-immediate-de-rfi-jusqua-nouvel-ordre.html#respond"]}]},{"@type":"WebPage","@id":"https:\/\/www.justiceinfo.net\/fr\/109774-le-burkina-ordonne-la-suspension-immediate-de-rfi-jusqua-nouvel-ordre.html","url":"https:\/\/www.justiceinfo.net\/fr\/109774-le-burkina-ordonne-la-suspension-immediate-de-rfi-jusqua-nouvel-ordre.html","name":"Le Burkina ordonne \"la suspension imm\u00e9diate\" de RFI \"jusqu'\u00e0 nouvel ordre\" - JusticeInfo.net","isPartOf":{"@id":"https:\/\/www.justiceinfo.net\/fr#website"},"datePublished":"2022-12-03T14:53:02+00:00","dateModified":"2022-12-03T20:05:02+00:00","breadcrumb":{"@id":"https:\/\/www.justiceinfo.net\/fr\/109774-le-burkina-ordonne-la-suspension-immediate-de-rfi-jusqua-nouvel-ordre.html#breadcrumb"},"inLanguage":"fr-FR","potentialAction":[{"@type":"ReadAction","target":["https:\/\/www.justiceinfo.net\/fr\/109774-le-burkina-ordonne-la-suspension-immediate-de-rfi-jusqua-nouvel-ordre.html"]}]},{"@type":"BreadcrumbList","@id":"https:\/\/www.justiceinfo.net\/fr\/109774-le-burkina-ordonne-la-suspension-immediate-de-rfi-jusqua-nouvel-ordre.html#breadcrumb","itemListElement":[{"@type":"ListItem","position":1,"name":"Home","item":"https:\/\/www.justiceinfo.net\/fr"},{"@type":"ListItem","position":2,"name":"Le Burkina ordonne \"la suspension imm\u00e9diate\" de RFI \"jusqu'\u00e0 nouvel ordre\""}]},{"@type":"WebSite","@id":"https:\/\/www.justiceinfo.net\/fr#website","url":"https:\/\/www.justiceinfo.net\/fr","name":"JusticeInfo.net","description":"La justice doit \u00eatre vue pour \u00eatre rendue","publisher":{"@id":"https:\/\/www.justiceinfo.net\/fr#organization"},"potentialAction":[{"@type":"SearchAction","target":{"@type":"EntryPoint","urlTemplate":"https:\/\/www.justiceinfo.net\/fr?s={search_term_string}"},"query-input":{"@type":"PropertyValueSpecification","valueRequired":true,"valueName":"search_term_string"}}],"inLanguage":"fr-FR"},{"@type":"Organization","@id":"https:\/\/www.justiceinfo.net\/fr#organization","name":"Justice Info","url":"https:\/\/www.justiceinfo.net\/fr","logo":{"@type":"ImageObject","inLanguage":"fr-FR","@id":"https:\/\/www.justiceinfo.net\/fr#\/schema\/logo\/image\/","url":"https:\/\/www.justiceinfo.net\/wp-content\/uploads\/justiceinfo_logo-trans_1200x1200px.png","contentUrl":"https:\/\/www.justiceinfo.net\/wp-content\/uploads\/justiceinfo_logo-trans_1200x1200px.png","width":1199,"height":1200,"caption":"Justice Info"},"image":{"@id":"https:\/\/www.justiceinfo.net\/fr#\/schema\/logo\/image\/"},"sameAs":["https:\/\/www.facebook.com\/JusticeInfo\/","https:\/\/x.com\/justiceinfonet","https:\/\/www.linkedin.com\/company\/justice-info","https:\/\/www.youtube.com\/channel\/UCyCEsARodyuWtkWyhn-e7pA"]},{"@type":"Person","name":"afp","url":"\/fr\/?s=afp"}]}},"_links":{"self":[{"href":"https:\/\/www.justiceinfo.net\/fr\/wp-json\/wp\/v2\/posts\/109774","targetHints":{"allow":["GET"]}}],"collection":[{"href":"https:\/\/www.justiceinfo.net\/fr\/wp-json\/wp\/v2\/posts"}],"about":[{"href":"https:\/\/www.justiceinfo.net\/fr\/wp-json\/wp\/v2\/types\/post"}],"author":[{"embeddable":true,"href":"https:\/\/www.justiceinfo.net\/fr\/wp-json\/wp\/v2\/users\/60"}],"replies":[{"embeddable":true,"href":"https:\/\/www.justiceinfo.net\/fr\/wp-json\/wp\/v2\/comments?post=109774"}],"version-history":[{"count":1,"href":"https:\/\/www.justiceinfo.net\/fr\/wp-json\/wp\/v2\/posts\/109774\/revisions"}],"predecessor-version":[{"id":109775,"href":"https:\/\/www.justiceinfo.net\/fr\/wp-json\/wp\/v2\/posts\/109774\/revisions\/109775"}],"wp:attachment":[{"href":"https:\/\/www.justiceinfo.net\/fr\/wp-json\/wp\/v2\/media?parent=109774"}],"wp:term":[{"taxonomy":"category","embeddable":true,"href":"https:\/\/www.justiceinfo.net\/fr\/wp-json\/wp\/v2\/categories?post=109774"},{"taxonomy":"post_tag","embeddable":true,"href":"https:\/\/www.justiceinfo.net\/fr\/wp-json\/wp\/v2\/tags?post=109774"},{"taxonomy":"ji_location","embeddable":true,"href":"https:\/\/www.justiceinfo.net\/fr\/wp-json\/wp\/v2\/ji_location?post=109774"}],"curies":[{"name":"wp","href":"https:\/\/api.w.org\/{rel}","templated":true}]}}