{"id":11008,"date":"2009-07-07T00:00:00","date_gmt":"2009-07-06T22:00:00","guid":{"rendered":"https:\/\/www.justiceinfo.net\/11008-070709-tpirpersonnel-en-septembre-le-tpir-se-sera-separe-dun-tiers-de-son-personnel7815.html"},"modified":"2009-07-07T00:00:00","modified_gmt":"2009-07-06T22:00:00","slug":"070709-tpirpersonnel-en-septembre-le-tpir-se-sera-separe-dun-tiers-de-son-personnel7815","status":"publish","type":"post","link":"https:\/\/www.justiceinfo.net\/fr\/11008-070709-tpirpersonnel-en-septembre-le-tpir-se-sera-separe-dun-tiers-de-son-personnel7815.html","title":{"rendered":"07.07.09 - TPIR\/PERSONNEL - EN SEPTEMBRE, LE TPIR SE SERA SEPARE D'UN TIERS DE SON PERSONNEL"},"content":{"rendered":"<p >\nArusha, 07 juillet 2009 (FH) - Le Tribunal p&eacute;nal international pour le Rwanda (TPIR) se sera s&eacute;par&eacute; d'ici &agrave; la fin du mois de septembre d'environ un&nbsp; tiers de son personnel, a-t-on appris mercredi de source officielle.\n<\/p>\n<p><!--more--><\/p>\n<p >\n<p >\nL'administration du tribunal a d&eacute;j&agrave; commenc&eacute; &agrave; adresser des &laquo; pr&eacute;avis de s&eacute;paration &raquo; aux personnes concern&eacute;es, soit 349 de ses 1.042 agents, a annonc&eacute; mardi le porte-parole du TPIR, Roland Amoussouga.\n<\/p>\n<p >\n&laquo; Le processus est en marche &raquo;, a-t-il indiqu&eacute;, en expliquant que cette mesure administrative s'inscrit dans le cadre de la mise en &oelig;uvre de la strat&eacute;gie d'ach&egrave;vement des travaux du TPIR.\n<\/p>\n<p >\nLe Conseil de s&eacute;curit&eacute; a demand&eacute; au tribunal de terminer cette ann&eacute;e les proc&egrave;s en premi&egrave;re instance. Le pr&eacute;sident du TPIR, Dennis Byron, a cependant demand&eacute;&nbsp; le mois dernier au Conseil de s&eacute;curit&eacute; de prolonger le mandat des juges jusqu'au 31 d&eacute;cembre 2010.\n<\/p>\n<p >\n<p >\nLe juge Byron a expliqu&eacute; qu'au moins un proc&egrave;s ne serait pas termin&eacute; cette ann&eacute;e et que les jugements dans de nombreuses affaires ne pourraient &ecirc;tre rendus que l'ann&eacute;e prochaine.\n<\/p>\n<p >\nOnze proc&egrave;s impliquant 24 accus&eacute;s sont en cours d'auditions ou en phase de r&eacute;daction de jugement.\n<\/p>\n<p >\nPar ailleurs, cinq accus&eacute;s, dont deux anciens ministres, attendent de compara&icirc;tre.\n<\/p>\n<p >\nNI-ER\/GF\n<\/p>\n<p>\n&copy; Agence Hirondelle<\/p>\n","protected":false},"excerpt":{"rendered":"<p>Arusha, 07 juillet 2009 (FH) - Le Tribunal p&eacute;nal international pour le Rwanda (TPIR) se sera s&eacute;par&eacute; d'ici &agrave; la fin du mois de septembre d'environ un&nbsp; tiers de son personnel, a-t-on appris mercredi de source officielle.<\/p>\n","protected":false},"author":64,"featured_media":0,"comment_status":"open","ping_status":"closed","sticky":false,"template":"","format":"standard","meta":{"_acf_changed":false,"footnotes":""},"categories":[554],"tags":[],"ji_location":[],"class_list":["post-11008","post","type-post","status-publish","format-standard","hentry","category-hirondellenews"],"acf":[],"yoast_head":"<!-- This site is optimized with the Yoast SEO Premium plugin v25.3.1 (Yoast SEO v25.3.1) - https:\/\/yoast.com\/wordpress\/plugins\/seo\/ -->\n<title>07.07.09 - TPIR\/PERSONNEL - EN SEPTEMBRE, LE TPIR SE SERA SEPARE D&#039;UN TIERS DE SON PERSONNEL - JusticeInfo.net<\/title>\n<meta name=\"robots\" content=\"index, follow, max-snippet:-1, max-image-preview:large, max-video-preview:-1\" \/>\n<link rel=\"canonical\" href=\"https:\/\/www.justiceinfo.net\/fr\/11008-070709-tpirpersonnel-en-septembre-le-tpir-se-sera-separe-dun-tiers-de-son-personnel7815.html\" \/>\n<meta property=\"og:locale\" content=\"fr_FR\" \/>\n<meta property=\"og:type\" content=\"article\" \/>\n<meta property=\"og:title\" content=\"07.07.09 - TPIR\/PERSONNEL - EN SEPTEMBRE, LE TPIR SE SERA SEPARE D&#039;UN TIERS DE SON PERSONNEL\" \/>\n<meta property=\"og:description\" content=\"Arusha, 07 juillet 2009 (FH) - Le Tribunal p&eacute;nal international pour le Rwanda (TPIR) se sera s&eacute;par&eacute; d&#039;ici &agrave; la fin du mois de septembre d&#039;environ un&nbsp; tiers de son personnel, a-t-on appris mercredi de source officielle.\" \/>\n<meta property=\"og:url\" content=\"https:\/\/www.justiceinfo.net\/fr\/11008-070709-tpirpersonnel-en-septembre-le-tpir-se-sera-separe-dun-tiers-de-son-personnel7815.html\" \/>\n<meta property=\"og:site_name\" content=\"JusticeInfo.net\" \/>\n<meta property=\"article:publisher\" content=\"https:\/\/www.facebook.com\/JusticeInfo\/\" \/>\n<meta property=\"article:published_time\" content=\"2009-07-06T22:00:00+00:00\" \/>\n<meta property=\"og:image\" content=\"https:\/\/www.justiceinfo.net\/wp-content\/uploads\/JusticeInfoNet_logo_1200x630px.jpg\" \/>\n\t<meta property=\"og:image:width\" content=\"1200\" \/>\n\t<meta property=\"og:image:height\" content=\"630\" \/>\n\t<meta property=\"og:image:type\" content=\"image\/jpeg\" \/>\n<meta name=\"author\" content=\"solivri\" \/>\n<meta name=\"twitter:card\" content=\"summary_large_image\" \/>\n<meta name=\"twitter:creator\" content=\"@justiceinfonet\" \/>\n<meta name=\"twitter:site\" content=\"@justiceinfonet\" \/>\n<meta name=\"twitter:label1\" content=\"\u00c9crit par\" \/>\n\t<meta name=\"twitter:data1\" content=\"solivri\" \/>\n\t<meta name=\"twitter:label2\" content=\"Dur\u00e9e de lecture estim\u00e9e\" \/>\n\t<meta name=\"twitter:data2\" content=\"1 minute\" \/>\n<script type=\"application\/ld+json\" class=\"yoast-schema-graph\">{\"@context\":\"https:\/\/schema.org\",\"@graph\":[{\"@type\":\"NewsArticle\",\"@id\":\"https:\/\/www.justiceinfo.net\/fr\/11008-070709-tpirpersonnel-en-septembre-le-tpir-se-sera-separe-dun-tiers-de-son-personnel7815.html#article\",\"isPartOf\":{\"@id\":\"https:\/\/www.justiceinfo.net\/fr\/11008-070709-tpirpersonnel-en-septembre-le-tpir-se-sera-separe-dun-tiers-de-son-personnel7815.html\"},\"author\":{\"name\":\"solivri\",\"@id\":\"https:\/\/www.justiceinfo.net\/fr#\/schema\/person\/6e53cba1629e2e66f3fc1821d3091865\"},\"headline\":\"07.07.09 - TPIR\/PERSONNEL - EN SEPTEMBRE, LE TPIR SE SERA SEPARE D'UN TIERS DE SON PERSONNEL\",\"datePublished\":\"2009-07-06T22:00:00+00:00\",\"mainEntityOfPage\":{\"@id\":\"https:\/\/www.justiceinfo.net\/fr\/11008-070709-tpirpersonnel-en-septembre-le-tpir-se-sera-separe-dun-tiers-de-son-personnel7815.html\"},\"wordCount\":286,\"commentCount\":0,\"publisher\":{\"@id\":\"https:\/\/www.justiceinfo.net\/fr#organization\"},\"articleSection\":[\"Hirondelle News\"],\"inLanguage\":\"fr-FR\",\"potentialAction\":[{\"@type\":\"CommentAction\",\"name\":\"Comment\",\"target\":[\"https:\/\/www.justiceinfo.net\/fr\/11008-070709-tpirpersonnel-en-septembre-le-tpir-se-sera-separe-dun-tiers-de-son-personnel7815.html#respond\"]}]},{\"@type\":\"WebPage\",\"@id\":\"https:\/\/www.justiceinfo.net\/fr\/11008-070709-tpirpersonnel-en-septembre-le-tpir-se-sera-separe-dun-tiers-de-son-personnel7815.html\",\"url\":\"https:\/\/www.justiceinfo.net\/fr\/11008-070709-tpirpersonnel-en-septembre-le-tpir-se-sera-separe-dun-tiers-de-son-personnel7815.html\",\"name\":\"07.07.09 - TPIR\/PERSONNEL - EN SEPTEMBRE, LE TPIR SE SERA SEPARE D'UN TIERS DE SON PERSONNEL - JusticeInfo.net\",\"isPartOf\":{\"@id\":\"https:\/\/www.justiceinfo.net\/fr#website\"},\"datePublished\":\"2009-07-06T22:00:00+00:00\",\"breadcrumb\":{\"@id\":\"https:\/\/www.justiceinfo.net\/fr\/11008-070709-tpirpersonnel-en-septembre-le-tpir-se-sera-separe-dun-tiers-de-son-personnel7815.html#breadcrumb\"},\"inLanguage\":\"fr-FR\",\"potentialAction\":[{\"@type\":\"ReadAction\",\"target\":[\"https:\/\/www.justiceinfo.net\/fr\/11008-070709-tpirpersonnel-en-septembre-le-tpir-se-sera-separe-dun-tiers-de-son-personnel7815.html\"]}]},{\"@type\":\"BreadcrumbList\",\"@id\":\"https:\/\/www.justiceinfo.net\/fr\/11008-070709-tpirpersonnel-en-septembre-le-tpir-se-sera-separe-dun-tiers-de-son-personnel7815.html#breadcrumb\",\"itemListElement\":[{\"@type\":\"ListItem\",\"position\":1,\"name\":\"Home\",\"item\":\"https:\/\/www.justiceinfo.net\/fr\"},{\"@type\":\"ListItem\",\"position\":2,\"name\":\"07.07.09 - TPIR\/PERSONNEL - EN SEPTEMBRE, LE TPIR SE SERA SEPARE D'UN TIERS DE SON PERSONNEL\"}]},{\"@type\":\"WebSite\",\"@id\":\"https:\/\/www.justiceinfo.net\/fr#website\",\"url\":\"https:\/\/www.justiceinfo.net\/fr\",\"name\":\"JusticeInfo.net\",\"description\":\"La justice doit \u00eatre vue pour \u00eatre rendue\",\"publisher\":{\"@id\":\"https:\/\/www.justiceinfo.net\/fr#organization\"},\"potentialAction\":[{\"@type\":\"SearchAction\",\"target\":{\"@type\":\"EntryPoint\",\"urlTemplate\":\"https:\/\/www.justiceinfo.net\/fr?s={search_term_string}\"},\"query-input\":{\"@type\":\"PropertyValueSpecification\",\"valueRequired\":true,\"valueName\":\"search_term_string\"}}],\"inLanguage\":\"fr-FR\"},{\"@type\":\"Organization\",\"@id\":\"https:\/\/www.justiceinfo.net\/fr#organization\",\"name\":\"Justice Info\",\"url\":\"https:\/\/www.justiceinfo.net\/fr\",\"logo\":{\"@type\":\"ImageObject\",\"inLanguage\":\"fr-FR\",\"@id\":\"https:\/\/www.justiceinfo.net\/fr#\/schema\/logo\/image\/\",\"url\":\"https:\/\/www.justiceinfo.net\/wp-content\/uploads\/justiceinfo_logo-trans_1200x1200px.png\",\"contentUrl\":\"https:\/\/www.justiceinfo.net\/wp-content\/uploads\/justiceinfo_logo-trans_1200x1200px.png\",\"width\":1199,\"height\":1200,\"caption\":\"Justice Info\"},\"image\":{\"@id\":\"https:\/\/www.justiceinfo.net\/fr#\/schema\/logo\/image\/\"},\"sameAs\":[\"https:\/\/www.facebook.com\/JusticeInfo\/\",\"https:\/\/x.com\/justiceinfonet\",\"https:\/\/www.linkedin.com\/company\/justice-info\",\"https:\/\/www.youtube.com\/channel\/UCyCEsARodyuWtkWyhn-e7pA\"]},{\"@type\":\"Person\",\"name\":\"solivri\",\"url\":\"\/fr\/?s=solivri\"}]}<\/script>\n<!-- \/ Yoast SEO Premium plugin. -->","yoast_head_json":{"title":"07.07.09 - TPIR\/PERSONNEL - EN SEPTEMBRE, LE TPIR SE SERA SEPARE D'UN TIERS DE SON PERSONNEL - JusticeInfo.net","robots":{"index":"index","follow":"follow","max-snippet":"max-snippet:-1","max-image-preview":"max-image-preview:large","max-video-preview":"max-video-preview:-1"},"canonical":"https:\/\/www.justiceinfo.net\/fr\/11008-070709-tpirpersonnel-en-septembre-le-tpir-se-sera-separe-dun-tiers-de-son-personnel7815.html","og_locale":"fr_FR","og_type":"article","og_title":"07.07.09 - TPIR\/PERSONNEL - EN SEPTEMBRE, LE TPIR SE SERA SEPARE D'UN TIERS DE SON PERSONNEL","og_description":"Arusha, 07 juillet 2009 (FH) - Le Tribunal p&eacute;nal international pour le Rwanda (TPIR) se sera s&eacute;par&eacute; d'ici &agrave; la fin du mois de septembre d'environ un&nbsp; tiers de son personnel, a-t-on appris mercredi de source officielle.","og_url":"https:\/\/www.justiceinfo.net\/fr\/11008-070709-tpirpersonnel-en-septembre-le-tpir-se-sera-separe-dun-tiers-de-son-personnel7815.html","og_site_name":"JusticeInfo.net","article_publisher":"https:\/\/www.facebook.com\/JusticeInfo\/","article_published_time":"2009-07-06T22:00:00+00:00","og_image":[{"width":1200,"height":630,"url":"https:\/\/www.justiceinfo.net\/wp-content\/uploads\/JusticeInfoNet_logo_1200x630px.jpg","type":"image\/jpeg"}],"author":"solivri","twitter_card":"summary_large_image","twitter_creator":"@justiceinfonet","twitter_site":"@justiceinfonet","twitter_misc":{"\u00c9crit par":"solivri","Dur\u00e9e de lecture estim\u00e9e":"1 minute"},"schema":{"@context":"https:\/\/schema.org","@graph":[{"@type":"NewsArticle","@id":"https:\/\/www.justiceinfo.net\/fr\/11008-070709-tpirpersonnel-en-septembre-le-tpir-se-sera-separe-dun-tiers-de-son-personnel7815.html#article","isPartOf":{"@id":"https:\/\/www.justiceinfo.net\/fr\/11008-070709-tpirpersonnel-en-septembre-le-tpir-se-sera-separe-dun-tiers-de-son-personnel7815.html"},"author":{"name":"solivri","@id":"https:\/\/www.justiceinfo.net\/fr#\/schema\/person\/6e53cba1629e2e66f3fc1821d3091865"},"headline":"07.07.09 - TPIR\/PERSONNEL - EN SEPTEMBRE, LE TPIR SE SERA SEPARE D'UN TIERS DE SON PERSONNEL","datePublished":"2009-07-06T22:00:00+00:00","mainEntityOfPage":{"@id":"https:\/\/www.justiceinfo.net\/fr\/11008-070709-tpirpersonnel-en-septembre-le-tpir-se-sera-separe-dun-tiers-de-son-personnel7815.html"},"wordCount":286,"commentCount":0,"publisher":{"@id":"https:\/\/www.justiceinfo.net\/fr#organization"},"articleSection":["Hirondelle News"],"inLanguage":"fr-FR","potentialAction":[{"@type":"CommentAction","name":"Comment","target":["https:\/\/www.justiceinfo.net\/fr\/11008-070709-tpirpersonnel-en-septembre-le-tpir-se-sera-separe-dun-tiers-de-son-personnel7815.html#respond"]}]},{"@type":"WebPage","@id":"https:\/\/www.justiceinfo.net\/fr\/11008-070709-tpirpersonnel-en-septembre-le-tpir-se-sera-separe-dun-tiers-de-son-personnel7815.html","url":"https:\/\/www.justiceinfo.net\/fr\/11008-070709-tpirpersonnel-en-septembre-le-tpir-se-sera-separe-dun-tiers-de-son-personnel7815.html","name":"07.07.09 - TPIR\/PERSONNEL - EN SEPTEMBRE, LE TPIR SE SERA SEPARE D'UN TIERS DE SON PERSONNEL - JusticeInfo.net","isPartOf":{"@id":"https:\/\/www.justiceinfo.net\/fr#website"},"datePublished":"2009-07-06T22:00:00+00:00","breadcrumb":{"@id":"https:\/\/www.justiceinfo.net\/fr\/11008-070709-tpirpersonnel-en-septembre-le-tpir-se-sera-separe-dun-tiers-de-son-personnel7815.html#breadcrumb"},"inLanguage":"fr-FR","potentialAction":[{"@type":"ReadAction","target":["https:\/\/www.justiceinfo.net\/fr\/11008-070709-tpirpersonnel-en-septembre-le-tpir-se-sera-separe-dun-tiers-de-son-personnel7815.html"]}]},{"@type":"BreadcrumbList","@id":"https:\/\/www.justiceinfo.net\/fr\/11008-070709-tpirpersonnel-en-septembre-le-tpir-se-sera-separe-dun-tiers-de-son-personnel7815.html#breadcrumb","itemListElement":[{"@type":"ListItem","position":1,"name":"Home","item":"https:\/\/www.justiceinfo.net\/fr"},{"@type":"ListItem","position":2,"name":"07.07.09 - TPIR\/PERSONNEL - EN SEPTEMBRE, LE TPIR SE SERA SEPARE D'UN TIERS DE SON PERSONNEL"}]},{"@type":"WebSite","@id":"https:\/\/www.justiceinfo.net\/fr#website","url":"https:\/\/www.justiceinfo.net\/fr","name":"JusticeInfo.net","description":"La justice doit \u00eatre vue pour \u00eatre rendue","publisher":{"@id":"https:\/\/www.justiceinfo.net\/fr#organization"},"potentialAction":[{"@type":"SearchAction","target":{"@type":"EntryPoint","urlTemplate":"https:\/\/www.justiceinfo.net\/fr?s={search_term_string}"},"query-input":{"@type":"PropertyValueSpecification","valueRequired":true,"valueName":"search_term_string"}}],"inLanguage":"fr-FR"},{"@type":"Organization","@id":"https:\/\/www.justiceinfo.net\/fr#organization","name":"Justice Info","url":"https:\/\/www.justiceinfo.net\/fr","logo":{"@type":"ImageObject","inLanguage":"fr-FR","@id":"https:\/\/www.justiceinfo.net\/fr#\/schema\/logo\/image\/","url":"https:\/\/www.justiceinfo.net\/wp-content\/uploads\/justiceinfo_logo-trans_1200x1200px.png","contentUrl":"https:\/\/www.justiceinfo.net\/wp-content\/uploads\/justiceinfo_logo-trans_1200x1200px.png","width":1199,"height":1200,"caption":"Justice Info"},"image":{"@id":"https:\/\/www.justiceinfo.net\/fr#\/schema\/logo\/image\/"},"sameAs":["https:\/\/www.facebook.com\/JusticeInfo\/","https:\/\/x.com\/justiceinfonet","https:\/\/www.linkedin.com\/company\/justice-info","https:\/\/www.youtube.com\/channel\/UCyCEsARodyuWtkWyhn-e7pA"]},{"@type":"Person","name":"solivri","url":"\/fr\/?s=solivri"}]}},"_links":{"self":[{"href":"https:\/\/www.justiceinfo.net\/fr\/wp-json\/wp\/v2\/posts\/11008","targetHints":{"allow":["GET"]}}],"collection":[{"href":"https:\/\/www.justiceinfo.net\/fr\/wp-json\/wp\/v2\/posts"}],"about":[{"href":"https:\/\/www.justiceinfo.net\/fr\/wp-json\/wp\/v2\/types\/post"}],"author":[{"embeddable":true,"href":"https:\/\/www.justiceinfo.net\/fr\/wp-json\/wp\/v2\/users\/64"}],"replies":[{"embeddable":true,"href":"https:\/\/www.justiceinfo.net\/fr\/wp-json\/wp\/v2\/comments?post=11008"}],"version-history":[{"count":0,"href":"https:\/\/www.justiceinfo.net\/fr\/wp-json\/wp\/v2\/posts\/11008\/revisions"}],"wp:attachment":[{"href":"https:\/\/www.justiceinfo.net\/fr\/wp-json\/wp\/v2\/media?parent=11008"}],"wp:term":[{"taxonomy":"category","embeddable":true,"href":"https:\/\/www.justiceinfo.net\/fr\/wp-json\/wp\/v2\/categories?post=11008"},{"taxonomy":"post_tag","embeddable":true,"href":"https:\/\/www.justiceinfo.net\/fr\/wp-json\/wp\/v2\/tags?post=11008"},{"taxonomy":"ji_location","embeddable":true,"href":"https:\/\/www.justiceinfo.net\/fr\/wp-json\/wp\/v2\/ji_location?post=11008"}],"curies":[{"name":"wp","href":"https:\/\/api.w.org\/{rel}","templated":true}]}}