{"id":11014,"date":"2009-07-09T00:00:00","date_gmt":"2009-07-08T22:00:00","guid":{"rendered":"https:\/\/www.justiceinfo.net\/11014-090709-tpironu-une-annee-de-plus-pour-terminer-tous-les-proces-en-premiere-instance7821.html"},"modified":"2009-07-09T00:00:00","modified_gmt":"2009-07-08T22:00:00","slug":"090709-tpironu-une-annee-de-plus-pour-terminer-tous-les-proces-en-premiere-instance7821","status":"publish","type":"post","link":"https:\/\/www.justiceinfo.net\/fr\/11014-090709-tpironu-une-annee-de-plus-pour-terminer-tous-les-proces-en-premiere-instance7821.html","title":{"rendered":"09.07.09 - TPIR\/ONU - UNE ANNEE DE PLUS POUR TERMINER TOUS LES PROCES EN PREMIERE INSTANCE"},"content":{"rendered":"<p>Arusha, 09 juillet 2009 (FH) - Le Conseil de s&eacute;curit&eacute; de l'ONU a prorog&eacute; mardi jusqu'&agrave; la fin 2010 le mandat du Tribunal p&eacute;nal international pour le Rwanda (TPIR) qui devait terminer cette ann&eacute;e les proc&egrave;s en premi&egrave;re instance, a-t-on appris jeudi.<br \/>\n<!--more--><\/p>\n<p >\nIl s'agit de la deuxi&egrave;me prolongation de mandat pour ce tribunal qui aurait d&ucirc;, selon l'&eacute;ch&eacute;ancier initial de l'ONU, boucler cette phase des proc&egrave;s fin 2008.\n<\/p>\n<p >\nDans une r&eacute;solution adopt&eacute;e mardi &agrave; l'unanimit&eacute;, l'organe &laquo; d&eacute;cide de proroger jusqu'au 31 d&eacute;cembre 2010, ou jusqu'&agrave; l'ach&egrave;vement des affaires dont ils sont saisis, si celui-ci intervient &agrave; une date ant&eacute;rieure &raquo;, le mandat des juges si&eacute;geant dans les chambres de premi&egrave;re instance.\n<\/p>\n<p >\nIl esp&egrave;re que &laquo; la prorogation du mandat des juges viendra am&eacute;liorer l'efficacit&eacute; des proc&eacute;dures et concourir &agrave; l'ex&eacute;cution de la strat&eacute;gie de fin de mandat &raquo; du TPIR, indique la nouvelle r&eacute;solution consult&eacute;e jeudi sur le site internet des Nations Unies.\n<\/p>\n<p >\nIl prie &laquo; instamment le Tribunal p&eacute;nal international de prendre toutes mesures en son pouvoir pour achever ses travaux dans les meilleurs d&eacute;lais &raquo;, poursuit la r&eacute;solution.\n<\/p>\n<p >\nPar ce texte, le conseil d&eacute;cide &eacute;galement d'examiner, avant la fin de cette ann&eacute;e, la prolongation du mandat des juges du TPIR, si&eacute;geant &agrave; la chambre d'appel.\n<\/p>\n<p >\nCette prorogation de mandat avait &eacute;t&eacute; demand&eacute;e le mois dernier par le pr&eacute;sident du TPIR, Dennis Byron.\n<\/p>\n<p >\nLe juge avait expliqu&eacute; au Conseil de s&eacute;curit&eacute; qu'au moins un proc&egrave;s ne serait pas termin&eacute; cette ann&eacute;e et que les jugements dans de nombreuses affaires ne pourraient &ecirc;tre rendus que l'ann&eacute;e prochaine.\n<\/p>\n<p >\n<p >\nOnze proc&egrave;s impliquant 24 accus&eacute;s sont en cours d'auditions de t&eacute;moins ou en phase de r&eacute;daction de jugement.\n<\/p>\n<p >\n<p >\nPar ailleurs, cinq accus&eacute;s, dont deux anciens ministres, attendent de compara&icirc;tre. Sans oublier les treize accus&eacute;s en fuite, dont l'argentier pr&eacute;sum&eacute; du g&eacute;nocide de 19994, le richissime homme d'affaires F&eacute;licien Kabuga.\n<\/p>\n<p >\nER\/GF\n<\/p>\n<p>\n&copy; Agence Hirondelle<\/p>\n","protected":false},"excerpt":{"rendered":"<p>Arusha, 09 juillet 2009 (FH) - Le Conseil de s&eacute;curit&eacute; de l'ONU a prorog&eacute; mardi jusqu'&agrave; la fin 2010 le mandat du Tribunal p&eacute;nal international pour le Rwanda (TPIR) qui devait terminer cette ann&eacute;e les proc&egrave;s en premi&egrave;re instance, a-t-on appris jeudi.<\/p>\n","protected":false},"author":64,"featured_media":0,"comment_status":"open","ping_status":"closed","sticky":false,"template":"","format":"standard","meta":{"_acf_changed":false,"footnotes":""},"categories":[554],"tags":[],"ji_location":[],"class_list":["post-11014","post","type-post","status-publish","format-standard","hentry","category-hirondellenews"],"acf":[],"yoast_head":"<!-- This site is optimized with the Yoast SEO Premium plugin v25.3.1 (Yoast SEO v25.3.1) - https:\/\/yoast.com\/wordpress\/plugins\/seo\/ -->\n<title>09.07.09 - TPIR\/ONU - UNE ANNEE DE PLUS POUR TERMINER TOUS LES PROCES EN PREMIERE INSTANCE - JusticeInfo.net<\/title>\n<meta name=\"robots\" content=\"index, follow, max-snippet:-1, max-image-preview:large, max-video-preview:-1\" \/>\n<link rel=\"canonical\" href=\"https:\/\/www.justiceinfo.net\/fr\/11014-090709-tpironu-une-annee-de-plus-pour-terminer-tous-les-proces-en-premiere-instance7821.html\" \/>\n<meta property=\"og:locale\" content=\"fr_FR\" \/>\n<meta property=\"og:type\" content=\"article\" \/>\n<meta property=\"og:title\" content=\"09.07.09 - TPIR\/ONU - UNE ANNEE DE PLUS POUR TERMINER TOUS LES PROCES EN PREMIERE INSTANCE\" \/>\n<meta property=\"og:description\" content=\"Arusha, 09 juillet 2009 (FH) - Le Conseil de s&eacute;curit&eacute; de l&#039;ONU a prorog&eacute; mardi jusqu&#039;&agrave; la fin 2010 le mandat du Tribunal p&eacute;nal international pour le Rwanda (TPIR) qui devait terminer cette ann&eacute;e les proc&egrave;s en premi&egrave;re instance, a-t-on appris jeudi.\" \/>\n<meta property=\"og:url\" content=\"https:\/\/www.justiceinfo.net\/fr\/11014-090709-tpironu-une-annee-de-plus-pour-terminer-tous-les-proces-en-premiere-instance7821.html\" \/>\n<meta property=\"og:site_name\" content=\"JusticeInfo.net\" \/>\n<meta property=\"article:publisher\" content=\"https:\/\/www.facebook.com\/JusticeInfo\/\" \/>\n<meta property=\"article:published_time\" content=\"2009-07-08T22:00:00+00:00\" \/>\n<meta property=\"og:image\" content=\"https:\/\/www.justiceinfo.net\/wp-content\/uploads\/JusticeInfoNet_logo_1200x630px.jpg\" \/>\n\t<meta property=\"og:image:width\" content=\"1200\" \/>\n\t<meta property=\"og:image:height\" content=\"630\" \/>\n\t<meta property=\"og:image:type\" content=\"image\/jpeg\" \/>\n<meta name=\"author\" content=\"solivri\" \/>\n<meta name=\"twitter:card\" content=\"summary_large_image\" \/>\n<meta name=\"twitter:creator\" content=\"@justiceinfonet\" \/>\n<meta name=\"twitter:site\" content=\"@justiceinfonet\" \/>\n<meta name=\"twitter:label1\" content=\"\u00c9crit par\" \/>\n\t<meta name=\"twitter:data1\" content=\"solivri\" \/>\n\t<meta name=\"twitter:label2\" content=\"Dur\u00e9e de lecture estim\u00e9e\" \/>\n\t<meta name=\"twitter:data2\" content=\"2 minutes\" \/>\n<script type=\"application\/ld+json\" class=\"yoast-schema-graph\">{\"@context\":\"https:\/\/schema.org\",\"@graph\":[{\"@type\":\"NewsArticle\",\"@id\":\"https:\/\/www.justiceinfo.net\/fr\/11014-090709-tpironu-une-annee-de-plus-pour-terminer-tous-les-proces-en-premiere-instance7821.html#article\",\"isPartOf\":{\"@id\":\"https:\/\/www.justiceinfo.net\/fr\/11014-090709-tpironu-une-annee-de-plus-pour-terminer-tous-les-proces-en-premiere-instance7821.html\"},\"author\":{\"name\":\"solivri\",\"@id\":\"https:\/\/www.justiceinfo.net\/fr#\/schema\/person\/6e53cba1629e2e66f3fc1821d3091865\"},\"headline\":\"09.07.09 - TPIR\/ONU - UNE ANNEE DE PLUS POUR TERMINER TOUS LES PROCES EN PREMIERE INSTANCE\",\"datePublished\":\"2009-07-08T22:00:00+00:00\",\"mainEntityOfPage\":{\"@id\":\"https:\/\/www.justiceinfo.net\/fr\/11014-090709-tpironu-une-annee-de-plus-pour-terminer-tous-les-proces-en-premiere-instance7821.html\"},\"wordCount\":443,\"commentCount\":0,\"publisher\":{\"@id\":\"https:\/\/www.justiceinfo.net\/fr#organization\"},\"articleSection\":[\"Hirondelle News\"],\"inLanguage\":\"fr-FR\",\"potentialAction\":[{\"@type\":\"CommentAction\",\"name\":\"Comment\",\"target\":[\"https:\/\/www.justiceinfo.net\/fr\/11014-090709-tpironu-une-annee-de-plus-pour-terminer-tous-les-proces-en-premiere-instance7821.html#respond\"]}]},{\"@type\":\"WebPage\",\"@id\":\"https:\/\/www.justiceinfo.net\/fr\/11014-090709-tpironu-une-annee-de-plus-pour-terminer-tous-les-proces-en-premiere-instance7821.html\",\"url\":\"https:\/\/www.justiceinfo.net\/fr\/11014-090709-tpironu-une-annee-de-plus-pour-terminer-tous-les-proces-en-premiere-instance7821.html\",\"name\":\"09.07.09 - TPIR\/ONU - UNE ANNEE DE PLUS POUR TERMINER TOUS LES PROCES EN PREMIERE INSTANCE - JusticeInfo.net\",\"isPartOf\":{\"@id\":\"https:\/\/www.justiceinfo.net\/fr#website\"},\"datePublished\":\"2009-07-08T22:00:00+00:00\",\"breadcrumb\":{\"@id\":\"https:\/\/www.justiceinfo.net\/fr\/11014-090709-tpironu-une-annee-de-plus-pour-terminer-tous-les-proces-en-premiere-instance7821.html#breadcrumb\"},\"inLanguage\":\"fr-FR\",\"potentialAction\":[{\"@type\":\"ReadAction\",\"target\":[\"https:\/\/www.justiceinfo.net\/fr\/11014-090709-tpironu-une-annee-de-plus-pour-terminer-tous-les-proces-en-premiere-instance7821.html\"]}]},{\"@type\":\"BreadcrumbList\",\"@id\":\"https:\/\/www.justiceinfo.net\/fr\/11014-090709-tpironu-une-annee-de-plus-pour-terminer-tous-les-proces-en-premiere-instance7821.html#breadcrumb\",\"itemListElement\":[{\"@type\":\"ListItem\",\"position\":1,\"name\":\"Home\",\"item\":\"https:\/\/www.justiceinfo.net\/fr\"},{\"@type\":\"ListItem\",\"position\":2,\"name\":\"09.07.09 - TPIR\/ONU - UNE ANNEE DE PLUS POUR TERMINER TOUS LES PROCES EN PREMIERE INSTANCE\"}]},{\"@type\":\"WebSite\",\"@id\":\"https:\/\/www.justiceinfo.net\/fr#website\",\"url\":\"https:\/\/www.justiceinfo.net\/fr\",\"name\":\"JusticeInfo.net\",\"description\":\"La justice doit \u00eatre vue pour \u00eatre rendue\",\"publisher\":{\"@id\":\"https:\/\/www.justiceinfo.net\/fr#organization\"},\"potentialAction\":[{\"@type\":\"SearchAction\",\"target\":{\"@type\":\"EntryPoint\",\"urlTemplate\":\"https:\/\/www.justiceinfo.net\/fr?s={search_term_string}\"},\"query-input\":{\"@type\":\"PropertyValueSpecification\",\"valueRequired\":true,\"valueName\":\"search_term_string\"}}],\"inLanguage\":\"fr-FR\"},{\"@type\":\"Organization\",\"@id\":\"https:\/\/www.justiceinfo.net\/fr#organization\",\"name\":\"Justice Info\",\"url\":\"https:\/\/www.justiceinfo.net\/fr\",\"logo\":{\"@type\":\"ImageObject\",\"inLanguage\":\"fr-FR\",\"@id\":\"https:\/\/www.justiceinfo.net\/fr#\/schema\/logo\/image\/\",\"url\":\"https:\/\/www.justiceinfo.net\/wp-content\/uploads\/justiceinfo_logo-trans_1200x1200px.png\",\"contentUrl\":\"https:\/\/www.justiceinfo.net\/wp-content\/uploads\/justiceinfo_logo-trans_1200x1200px.png\",\"width\":1199,\"height\":1200,\"caption\":\"Justice Info\"},\"image\":{\"@id\":\"https:\/\/www.justiceinfo.net\/fr#\/schema\/logo\/image\/\"},\"sameAs\":[\"https:\/\/www.facebook.com\/JusticeInfo\/\",\"https:\/\/x.com\/justiceinfonet\",\"https:\/\/www.linkedin.com\/company\/justice-info\",\"https:\/\/www.youtube.com\/channel\/UCyCEsARodyuWtkWyhn-e7pA\"]},{\"@type\":\"Person\",\"name\":\"solivri\",\"url\":\"\/fr\/?s=solivri\"}]}<\/script>\n<!-- \/ Yoast SEO Premium plugin. -->","yoast_head_json":{"title":"09.07.09 - TPIR\/ONU - UNE ANNEE DE PLUS POUR TERMINER TOUS LES PROCES EN PREMIERE INSTANCE - JusticeInfo.net","robots":{"index":"index","follow":"follow","max-snippet":"max-snippet:-1","max-image-preview":"max-image-preview:large","max-video-preview":"max-video-preview:-1"},"canonical":"https:\/\/www.justiceinfo.net\/fr\/11014-090709-tpironu-une-annee-de-plus-pour-terminer-tous-les-proces-en-premiere-instance7821.html","og_locale":"fr_FR","og_type":"article","og_title":"09.07.09 - TPIR\/ONU - UNE ANNEE DE PLUS POUR TERMINER TOUS LES PROCES EN PREMIERE INSTANCE","og_description":"Arusha, 09 juillet 2009 (FH) - Le Conseil de s&eacute;curit&eacute; de l'ONU a prorog&eacute; mardi jusqu'&agrave; la fin 2010 le mandat du Tribunal p&eacute;nal international pour le Rwanda (TPIR) qui devait terminer cette ann&eacute;e les proc&egrave;s en premi&egrave;re instance, a-t-on appris jeudi.","og_url":"https:\/\/www.justiceinfo.net\/fr\/11014-090709-tpironu-une-annee-de-plus-pour-terminer-tous-les-proces-en-premiere-instance7821.html","og_site_name":"JusticeInfo.net","article_publisher":"https:\/\/www.facebook.com\/JusticeInfo\/","article_published_time":"2009-07-08T22:00:00+00:00","og_image":[{"width":1200,"height":630,"url":"https:\/\/www.justiceinfo.net\/wp-content\/uploads\/JusticeInfoNet_logo_1200x630px.jpg","type":"image\/jpeg"}],"author":"solivri","twitter_card":"summary_large_image","twitter_creator":"@justiceinfonet","twitter_site":"@justiceinfonet","twitter_misc":{"\u00c9crit par":"solivri","Dur\u00e9e de lecture estim\u00e9e":"2 minutes"},"schema":{"@context":"https:\/\/schema.org","@graph":[{"@type":"NewsArticle","@id":"https:\/\/www.justiceinfo.net\/fr\/11014-090709-tpironu-une-annee-de-plus-pour-terminer-tous-les-proces-en-premiere-instance7821.html#article","isPartOf":{"@id":"https:\/\/www.justiceinfo.net\/fr\/11014-090709-tpironu-une-annee-de-plus-pour-terminer-tous-les-proces-en-premiere-instance7821.html"},"author":{"name":"solivri","@id":"https:\/\/www.justiceinfo.net\/fr#\/schema\/person\/6e53cba1629e2e66f3fc1821d3091865"},"headline":"09.07.09 - TPIR\/ONU - UNE ANNEE DE PLUS POUR TERMINER TOUS LES PROCES EN PREMIERE INSTANCE","datePublished":"2009-07-08T22:00:00+00:00","mainEntityOfPage":{"@id":"https:\/\/www.justiceinfo.net\/fr\/11014-090709-tpironu-une-annee-de-plus-pour-terminer-tous-les-proces-en-premiere-instance7821.html"},"wordCount":443,"commentCount":0,"publisher":{"@id":"https:\/\/www.justiceinfo.net\/fr#organization"},"articleSection":["Hirondelle News"],"inLanguage":"fr-FR","potentialAction":[{"@type":"CommentAction","name":"Comment","target":["https:\/\/www.justiceinfo.net\/fr\/11014-090709-tpironu-une-annee-de-plus-pour-terminer-tous-les-proces-en-premiere-instance7821.html#respond"]}]},{"@type":"WebPage","@id":"https:\/\/www.justiceinfo.net\/fr\/11014-090709-tpironu-une-annee-de-plus-pour-terminer-tous-les-proces-en-premiere-instance7821.html","url":"https:\/\/www.justiceinfo.net\/fr\/11014-090709-tpironu-une-annee-de-plus-pour-terminer-tous-les-proces-en-premiere-instance7821.html","name":"09.07.09 - TPIR\/ONU - UNE ANNEE DE PLUS POUR TERMINER TOUS LES PROCES EN PREMIERE INSTANCE - JusticeInfo.net","isPartOf":{"@id":"https:\/\/www.justiceinfo.net\/fr#website"},"datePublished":"2009-07-08T22:00:00+00:00","breadcrumb":{"@id":"https:\/\/www.justiceinfo.net\/fr\/11014-090709-tpironu-une-annee-de-plus-pour-terminer-tous-les-proces-en-premiere-instance7821.html#breadcrumb"},"inLanguage":"fr-FR","potentialAction":[{"@type":"ReadAction","target":["https:\/\/www.justiceinfo.net\/fr\/11014-090709-tpironu-une-annee-de-plus-pour-terminer-tous-les-proces-en-premiere-instance7821.html"]}]},{"@type":"BreadcrumbList","@id":"https:\/\/www.justiceinfo.net\/fr\/11014-090709-tpironu-une-annee-de-plus-pour-terminer-tous-les-proces-en-premiere-instance7821.html#breadcrumb","itemListElement":[{"@type":"ListItem","position":1,"name":"Home","item":"https:\/\/www.justiceinfo.net\/fr"},{"@type":"ListItem","position":2,"name":"09.07.09 - TPIR\/ONU - UNE ANNEE DE PLUS POUR TERMINER TOUS LES PROCES EN PREMIERE INSTANCE"}]},{"@type":"WebSite","@id":"https:\/\/www.justiceinfo.net\/fr#website","url":"https:\/\/www.justiceinfo.net\/fr","name":"JusticeInfo.net","description":"La justice doit \u00eatre vue pour \u00eatre rendue","publisher":{"@id":"https:\/\/www.justiceinfo.net\/fr#organization"},"potentialAction":[{"@type":"SearchAction","target":{"@type":"EntryPoint","urlTemplate":"https:\/\/www.justiceinfo.net\/fr?s={search_term_string}"},"query-input":{"@type":"PropertyValueSpecification","valueRequired":true,"valueName":"search_term_string"}}],"inLanguage":"fr-FR"},{"@type":"Organization","@id":"https:\/\/www.justiceinfo.net\/fr#organization","name":"Justice Info","url":"https:\/\/www.justiceinfo.net\/fr","logo":{"@type":"ImageObject","inLanguage":"fr-FR","@id":"https:\/\/www.justiceinfo.net\/fr#\/schema\/logo\/image\/","url":"https:\/\/www.justiceinfo.net\/wp-content\/uploads\/justiceinfo_logo-trans_1200x1200px.png","contentUrl":"https:\/\/www.justiceinfo.net\/wp-content\/uploads\/justiceinfo_logo-trans_1200x1200px.png","width":1199,"height":1200,"caption":"Justice Info"},"image":{"@id":"https:\/\/www.justiceinfo.net\/fr#\/schema\/logo\/image\/"},"sameAs":["https:\/\/www.facebook.com\/JusticeInfo\/","https:\/\/x.com\/justiceinfonet","https:\/\/www.linkedin.com\/company\/justice-info","https:\/\/www.youtube.com\/channel\/UCyCEsARodyuWtkWyhn-e7pA"]},{"@type":"Person","name":"solivri","url":"\/fr\/?s=solivri"}]}},"_links":{"self":[{"href":"https:\/\/www.justiceinfo.net\/fr\/wp-json\/wp\/v2\/posts\/11014","targetHints":{"allow":["GET"]}}],"collection":[{"href":"https:\/\/www.justiceinfo.net\/fr\/wp-json\/wp\/v2\/posts"}],"about":[{"href":"https:\/\/www.justiceinfo.net\/fr\/wp-json\/wp\/v2\/types\/post"}],"author":[{"embeddable":true,"href":"https:\/\/www.justiceinfo.net\/fr\/wp-json\/wp\/v2\/users\/64"}],"replies":[{"embeddable":true,"href":"https:\/\/www.justiceinfo.net\/fr\/wp-json\/wp\/v2\/comments?post=11014"}],"version-history":[{"count":0,"href":"https:\/\/www.justiceinfo.net\/fr\/wp-json\/wp\/v2\/posts\/11014\/revisions"}],"wp:attachment":[{"href":"https:\/\/www.justiceinfo.net\/fr\/wp-json\/wp\/v2\/media?parent=11014"}],"wp:term":[{"taxonomy":"category","embeddable":true,"href":"https:\/\/www.justiceinfo.net\/fr\/wp-json\/wp\/v2\/categories?post=11014"},{"taxonomy":"post_tag","embeddable":true,"href":"https:\/\/www.justiceinfo.net\/fr\/wp-json\/wp\/v2\/tags?post=11014"},{"taxonomy":"ji_location","embeddable":true,"href":"https:\/\/www.justiceinfo.net\/fr\/wp-json\/wp\/v2\/ji_location?post=11014"}],"curies":[{"name":"wp","href":"https:\/\/api.w.org\/{rel}","templated":true}]}}