{"id":11023,"date":"2009-07-10T00:00:00","date_gmt":"2009-07-09T22:00:00","guid":{"rendered":"https:\/\/www.justiceinfo.net\/11023-100709-tpirkanyarukiga-le-proces-de-lhomme-daffaires-gaspard-kanyarukiga-debute-le-31-aout7830.html"},"modified":"2009-07-10T00:00:00","modified_gmt":"2009-07-09T22:00:00","slug":"100709-tpirkanyarukiga-le-proces-de-lhomme-daffaires-gaspard-kanyarukiga-debute-le-31-aout7830","status":"publish","type":"post","link":"https:\/\/www.justiceinfo.net\/fr\/11023-100709-tpirkanyarukiga-le-proces-de-lhomme-daffaires-gaspard-kanyarukiga-debute-le-31-aout7830.html","title":{"rendered":"10.07.09 - TPIR\/KANYARUKIGA - LE PROCES DE L'HOMME D'AFFAIRES GASPARD KANYARUKIGA DEBUTE LE 31 AOUT"},"content":{"rendered":"<p >\nArusha, 10 juillet 2009 (FH) - Le proc&egrave;s de l'ex-hommes d'affaires Gaspard Kanyarukiga, l'un des cinq accus&eacute;s du Tribunal p&eacute;nal international pour le Rwanda (TPIR) en attente de comparution, d&eacute;butera le 31 ao&ucirc;t prochain, apprend-on de source officielle.\n<\/p>\n<p><!--more--><\/p>\n<p >\n<p >\nLe procureur aura jusqu'au 18 septembre pour pr&eacute;senter ses moyens de preuve, selon une ordonnance judiciaire consult&eacute;e vendredi sur le site internet du tribunal.\n<\/p>\n<p >\nHomme d'affaires de moyenne envergure, Kanyarukiga menait ses activit&eacute;s commerciales &agrave; Kigali et dans sa pr&eacute;fecture natale de Kibuye (ouest).\n<\/p>\n<p >\nPoursuivi pour g&eacute;nocide et crime contre l'humanit&eacute;, il r&eacute;pond de massacres commis &agrave; Kibuye notamment &agrave; l'&eacute;glise paroissiale de Nyange o&ugrave; des milliers de Tutsis furent tu&eacute;s, ensevelis par un bulldozer, en avril 1994.\n<\/p>\n<p >\nSelon l'acte d'accusation sign&eacute; le 5 d&eacute;cembre 2001 par l'ancienne procureure du TPIR, Carla Del Ponte, l'accus&eacute; faisait partie des instigateurs de ce massacre.\n<\/p>\n<p >\nLe procureur all&egrave;gue que plusieurs autres personnalit&eacute;s de Kibuye, dont l'abb&eacute; Athanase Seromba condamn&eacute; &agrave; la prison &agrave; vie, ont jou&eacute; un r&ocirc;le dans les tueries de Nyange.\n<\/p>\n<p >\nKanyarukiga qui est d&eacute;fendu par le Canadien David Jacobs et le Rwandais Claver Sindayigaya, compara&icirc;tra devant une chambre pr&eacute;sid&eacute;e par la Jordanienne Taghrid Hikmet et comprenant, en outre, le Sud-Cor&eacute;een Seon Ki&nbsp; Park et le Tanzanien Joseph Masanche.\n<\/p>\n<p >\nConduite par la Tanzanienne Holo Makwaia, l'&eacute;quipe du procureur comprend trois autres membres dont le Rwandais Didace Nyirinkwaya.\n<\/p>\n<p >\nPeu instruit, Kanyarukiga est d'une envergure relativement moindre par rapport aux quatre autres d&eacute;tenus dont les proc&egrave;s n'ont pas encore commenc&eacute; : les anciens ministres Augustin Ngirabatware et Callixte Nzabonimana, l'ancien patron de la fili&egrave;re th&eacute;, Michel Bagaragaza, et l'ancien maire Jean Baptiste Gatete.\n<\/p>\n<p >\nBrillant &eacute;conomiste form&eacute; en Suisse, Ngirabatware est par ailleurs gendre du plus recherch&eacute; des 13 accus&eacute;s en fuite, le milliardaire F&eacute;licien Kabuga, argentier pr&eacute;sum&eacute; du g&eacute;nocide.\n<\/p>\n<p >\nER\/GF\n<\/p>\n<p>\n&copy; Agence Hirondelle<\/p>\n","protected":false},"excerpt":{"rendered":"<p>Arusha, 10 juillet 2009 (FH) - Le proc&egrave;s de l'ex-hommes d'affaires Gaspard Kanyarukiga, l'un des cinq accus&eacute;s du Tribunal p&eacute;nal international pour le Rwanda (TPIR) en attente de comparution, d&eacute;butera le 31 ao&ucirc;t prochain, apprend-on de source officielle.<\/p>\n","protected":false},"author":64,"featured_media":0,"comment_status":"open","ping_status":"closed","sticky":false,"template":"","format":"standard","meta":{"_acf_changed":false,"footnotes":""},"categories":[554],"tags":[],"ji_location":[],"class_list":["post-11023","post","type-post","status-publish","format-standard","hentry","category-hirondellenews"],"acf":[],"yoast_head":"<!-- This site is optimized with the Yoast SEO Premium plugin v25.3.1 (Yoast SEO v25.3.1) - https:\/\/yoast.com\/wordpress\/plugins\/seo\/ -->\n<title>10.07.09 - TPIR\/KANYARUKIGA - LE PROCES DE L&#039;HOMME D&#039;AFFAIRES GASPARD KANYARUKIGA DEBUTE LE 31 AOUT - JusticeInfo.net<\/title>\n<meta name=\"robots\" content=\"index, follow, max-snippet:-1, max-image-preview:large, max-video-preview:-1\" \/>\n<link rel=\"canonical\" href=\"https:\/\/www.justiceinfo.net\/fr\/11023-100709-tpirkanyarukiga-le-proces-de-lhomme-daffaires-gaspard-kanyarukiga-debute-le-31-aout7830.html\" \/>\n<meta property=\"og:locale\" content=\"fr_FR\" \/>\n<meta property=\"og:type\" content=\"article\" \/>\n<meta property=\"og:title\" content=\"10.07.09 - TPIR\/KANYARUKIGA - LE PROCES DE L&#039;HOMME D&#039;AFFAIRES GASPARD KANYARUKIGA DEBUTE LE 31 AOUT\" \/>\n<meta property=\"og:description\" content=\"Arusha, 10 juillet 2009 (FH) - Le proc&egrave;s de l&#039;ex-hommes d&#039;affaires Gaspard Kanyarukiga, l&#039;un des cinq accus&eacute;s du Tribunal p&eacute;nal international pour le Rwanda (TPIR) en attente de comparution, d&eacute;butera le 31 ao&ucirc;t prochain, apprend-on de source officielle.\" \/>\n<meta property=\"og:url\" content=\"https:\/\/www.justiceinfo.net\/fr\/11023-100709-tpirkanyarukiga-le-proces-de-lhomme-daffaires-gaspard-kanyarukiga-debute-le-31-aout7830.html\" \/>\n<meta property=\"og:site_name\" content=\"JusticeInfo.net\" \/>\n<meta property=\"article:publisher\" content=\"https:\/\/www.facebook.com\/JusticeInfo\/\" \/>\n<meta property=\"article:published_time\" content=\"2009-07-09T22:00:00+00:00\" \/>\n<meta property=\"og:image\" content=\"https:\/\/www.justiceinfo.net\/wp-content\/uploads\/JusticeInfoNet_logo_1200x630px.jpg\" \/>\n\t<meta property=\"og:image:width\" content=\"1200\" \/>\n\t<meta property=\"og:image:height\" content=\"630\" \/>\n\t<meta property=\"og:image:type\" content=\"image\/jpeg\" \/>\n<meta name=\"author\" content=\"solivri\" \/>\n<meta name=\"twitter:card\" content=\"summary_large_image\" \/>\n<meta name=\"twitter:creator\" content=\"@justiceinfonet\" \/>\n<meta name=\"twitter:site\" content=\"@justiceinfonet\" \/>\n<meta name=\"twitter:label1\" content=\"\u00c9crit par\" \/>\n\t<meta name=\"twitter:data1\" content=\"solivri\" \/>\n\t<meta name=\"twitter:label2\" content=\"Dur\u00e9e de lecture estim\u00e9e\" \/>\n\t<meta name=\"twitter:data2\" content=\"2 minutes\" \/>\n<script type=\"application\/ld+json\" class=\"yoast-schema-graph\">{\"@context\":\"https:\/\/schema.org\",\"@graph\":[{\"@type\":\"NewsArticle\",\"@id\":\"https:\/\/www.justiceinfo.net\/fr\/11023-100709-tpirkanyarukiga-le-proces-de-lhomme-daffaires-gaspard-kanyarukiga-debute-le-31-aout7830.html#article\",\"isPartOf\":{\"@id\":\"https:\/\/www.justiceinfo.net\/fr\/11023-100709-tpirkanyarukiga-le-proces-de-lhomme-daffaires-gaspard-kanyarukiga-debute-le-31-aout7830.html\"},\"author\":{\"name\":\"solivri\",\"@id\":\"https:\/\/www.justiceinfo.net\/fr#\/schema\/person\/6e53cba1629e2e66f3fc1821d3091865\"},\"headline\":\"10.07.09 - TPIR\/KANYARUKIGA - LE PROCES DE L'HOMME D'AFFAIRES GASPARD KANYARUKIGA DEBUTE LE 31 AOUT\",\"datePublished\":\"2009-07-09T22:00:00+00:00\",\"mainEntityOfPage\":{\"@id\":\"https:\/\/www.justiceinfo.net\/fr\/11023-100709-tpirkanyarukiga-le-proces-de-lhomme-daffaires-gaspard-kanyarukiga-debute-le-31-aout7830.html\"},\"wordCount\":395,\"commentCount\":0,\"publisher\":{\"@id\":\"https:\/\/www.justiceinfo.net\/fr#organization\"},\"articleSection\":[\"Hirondelle News\"],\"inLanguage\":\"fr-FR\",\"potentialAction\":[{\"@type\":\"CommentAction\",\"name\":\"Comment\",\"target\":[\"https:\/\/www.justiceinfo.net\/fr\/11023-100709-tpirkanyarukiga-le-proces-de-lhomme-daffaires-gaspard-kanyarukiga-debute-le-31-aout7830.html#respond\"]}]},{\"@type\":\"WebPage\",\"@id\":\"https:\/\/www.justiceinfo.net\/fr\/11023-100709-tpirkanyarukiga-le-proces-de-lhomme-daffaires-gaspard-kanyarukiga-debute-le-31-aout7830.html\",\"url\":\"https:\/\/www.justiceinfo.net\/fr\/11023-100709-tpirkanyarukiga-le-proces-de-lhomme-daffaires-gaspard-kanyarukiga-debute-le-31-aout7830.html\",\"name\":\"10.07.09 - TPIR\/KANYARUKIGA - LE PROCES DE L'HOMME D'AFFAIRES GASPARD KANYARUKIGA DEBUTE LE 31 AOUT - JusticeInfo.net\",\"isPartOf\":{\"@id\":\"https:\/\/www.justiceinfo.net\/fr#website\"},\"datePublished\":\"2009-07-09T22:00:00+00:00\",\"breadcrumb\":{\"@id\":\"https:\/\/www.justiceinfo.net\/fr\/11023-100709-tpirkanyarukiga-le-proces-de-lhomme-daffaires-gaspard-kanyarukiga-debute-le-31-aout7830.html#breadcrumb\"},\"inLanguage\":\"fr-FR\",\"potentialAction\":[{\"@type\":\"ReadAction\",\"target\":[\"https:\/\/www.justiceinfo.net\/fr\/11023-100709-tpirkanyarukiga-le-proces-de-lhomme-daffaires-gaspard-kanyarukiga-debute-le-31-aout7830.html\"]}]},{\"@type\":\"BreadcrumbList\",\"@id\":\"https:\/\/www.justiceinfo.net\/fr\/11023-100709-tpirkanyarukiga-le-proces-de-lhomme-daffaires-gaspard-kanyarukiga-debute-le-31-aout7830.html#breadcrumb\",\"itemListElement\":[{\"@type\":\"ListItem\",\"position\":1,\"name\":\"Home\",\"item\":\"https:\/\/www.justiceinfo.net\/fr\"},{\"@type\":\"ListItem\",\"position\":2,\"name\":\"10.07.09 - TPIR\/KANYARUKIGA - LE PROCES DE L'HOMME D'AFFAIRES GASPARD KANYARUKIGA DEBUTE LE 31 AOUT\"}]},{\"@type\":\"WebSite\",\"@id\":\"https:\/\/www.justiceinfo.net\/fr#website\",\"url\":\"https:\/\/www.justiceinfo.net\/fr\",\"name\":\"JusticeInfo.net\",\"description\":\"La justice doit \u00eatre vue pour \u00eatre rendue\",\"publisher\":{\"@id\":\"https:\/\/www.justiceinfo.net\/fr#organization\"},\"potentialAction\":[{\"@type\":\"SearchAction\",\"target\":{\"@type\":\"EntryPoint\",\"urlTemplate\":\"https:\/\/www.justiceinfo.net\/fr?s={search_term_string}\"},\"query-input\":{\"@type\":\"PropertyValueSpecification\",\"valueRequired\":true,\"valueName\":\"search_term_string\"}}],\"inLanguage\":\"fr-FR\"},{\"@type\":\"Organization\",\"@id\":\"https:\/\/www.justiceinfo.net\/fr#organization\",\"name\":\"Justice Info\",\"url\":\"https:\/\/www.justiceinfo.net\/fr\",\"logo\":{\"@type\":\"ImageObject\",\"inLanguage\":\"fr-FR\",\"@id\":\"https:\/\/www.justiceinfo.net\/fr#\/schema\/logo\/image\/\",\"url\":\"https:\/\/www.justiceinfo.net\/wp-content\/uploads\/justiceinfo_logo-trans_1200x1200px.png\",\"contentUrl\":\"https:\/\/www.justiceinfo.net\/wp-content\/uploads\/justiceinfo_logo-trans_1200x1200px.png\",\"width\":1199,\"height\":1200,\"caption\":\"Justice Info\"},\"image\":{\"@id\":\"https:\/\/www.justiceinfo.net\/fr#\/schema\/logo\/image\/\"},\"sameAs\":[\"https:\/\/www.facebook.com\/JusticeInfo\/\",\"https:\/\/x.com\/justiceinfonet\",\"https:\/\/www.linkedin.com\/company\/justice-info\",\"https:\/\/www.youtube.com\/channel\/UCyCEsARodyuWtkWyhn-e7pA\"]},{\"@type\":\"Person\",\"name\":\"solivri\",\"url\":\"\/fr\/?s=solivri\"}]}<\/script>\n<!-- \/ Yoast SEO Premium plugin. -->","yoast_head_json":{"title":"10.07.09 - TPIR\/KANYARUKIGA - LE PROCES DE L'HOMME D'AFFAIRES GASPARD KANYARUKIGA DEBUTE LE 31 AOUT - JusticeInfo.net","robots":{"index":"index","follow":"follow","max-snippet":"max-snippet:-1","max-image-preview":"max-image-preview:large","max-video-preview":"max-video-preview:-1"},"canonical":"https:\/\/www.justiceinfo.net\/fr\/11023-100709-tpirkanyarukiga-le-proces-de-lhomme-daffaires-gaspard-kanyarukiga-debute-le-31-aout7830.html","og_locale":"fr_FR","og_type":"article","og_title":"10.07.09 - TPIR\/KANYARUKIGA - LE PROCES DE L'HOMME D'AFFAIRES GASPARD KANYARUKIGA DEBUTE LE 31 AOUT","og_description":"Arusha, 10 juillet 2009 (FH) - Le proc&egrave;s de l'ex-hommes d'affaires Gaspard Kanyarukiga, l'un des cinq accus&eacute;s du Tribunal p&eacute;nal international pour le Rwanda (TPIR) en attente de comparution, d&eacute;butera le 31 ao&ucirc;t prochain, apprend-on de source officielle.","og_url":"https:\/\/www.justiceinfo.net\/fr\/11023-100709-tpirkanyarukiga-le-proces-de-lhomme-daffaires-gaspard-kanyarukiga-debute-le-31-aout7830.html","og_site_name":"JusticeInfo.net","article_publisher":"https:\/\/www.facebook.com\/JusticeInfo\/","article_published_time":"2009-07-09T22:00:00+00:00","og_image":[{"width":1200,"height":630,"url":"https:\/\/www.justiceinfo.net\/wp-content\/uploads\/JusticeInfoNet_logo_1200x630px.jpg","type":"image\/jpeg"}],"author":"solivri","twitter_card":"summary_large_image","twitter_creator":"@justiceinfonet","twitter_site":"@justiceinfonet","twitter_misc":{"\u00c9crit par":"solivri","Dur\u00e9e de lecture estim\u00e9e":"2 minutes"},"schema":{"@context":"https:\/\/schema.org","@graph":[{"@type":"NewsArticle","@id":"https:\/\/www.justiceinfo.net\/fr\/11023-100709-tpirkanyarukiga-le-proces-de-lhomme-daffaires-gaspard-kanyarukiga-debute-le-31-aout7830.html#article","isPartOf":{"@id":"https:\/\/www.justiceinfo.net\/fr\/11023-100709-tpirkanyarukiga-le-proces-de-lhomme-daffaires-gaspard-kanyarukiga-debute-le-31-aout7830.html"},"author":{"name":"solivri","@id":"https:\/\/www.justiceinfo.net\/fr#\/schema\/person\/6e53cba1629e2e66f3fc1821d3091865"},"headline":"10.07.09 - TPIR\/KANYARUKIGA - LE PROCES DE L'HOMME D'AFFAIRES GASPARD KANYARUKIGA DEBUTE LE 31 AOUT","datePublished":"2009-07-09T22:00:00+00:00","mainEntityOfPage":{"@id":"https:\/\/www.justiceinfo.net\/fr\/11023-100709-tpirkanyarukiga-le-proces-de-lhomme-daffaires-gaspard-kanyarukiga-debute-le-31-aout7830.html"},"wordCount":395,"commentCount":0,"publisher":{"@id":"https:\/\/www.justiceinfo.net\/fr#organization"},"articleSection":["Hirondelle News"],"inLanguage":"fr-FR","potentialAction":[{"@type":"CommentAction","name":"Comment","target":["https:\/\/www.justiceinfo.net\/fr\/11023-100709-tpirkanyarukiga-le-proces-de-lhomme-daffaires-gaspard-kanyarukiga-debute-le-31-aout7830.html#respond"]}]},{"@type":"WebPage","@id":"https:\/\/www.justiceinfo.net\/fr\/11023-100709-tpirkanyarukiga-le-proces-de-lhomme-daffaires-gaspard-kanyarukiga-debute-le-31-aout7830.html","url":"https:\/\/www.justiceinfo.net\/fr\/11023-100709-tpirkanyarukiga-le-proces-de-lhomme-daffaires-gaspard-kanyarukiga-debute-le-31-aout7830.html","name":"10.07.09 - TPIR\/KANYARUKIGA - LE PROCES DE L'HOMME D'AFFAIRES GASPARD KANYARUKIGA DEBUTE LE 31 AOUT - JusticeInfo.net","isPartOf":{"@id":"https:\/\/www.justiceinfo.net\/fr#website"},"datePublished":"2009-07-09T22:00:00+00:00","breadcrumb":{"@id":"https:\/\/www.justiceinfo.net\/fr\/11023-100709-tpirkanyarukiga-le-proces-de-lhomme-daffaires-gaspard-kanyarukiga-debute-le-31-aout7830.html#breadcrumb"},"inLanguage":"fr-FR","potentialAction":[{"@type":"ReadAction","target":["https:\/\/www.justiceinfo.net\/fr\/11023-100709-tpirkanyarukiga-le-proces-de-lhomme-daffaires-gaspard-kanyarukiga-debute-le-31-aout7830.html"]}]},{"@type":"BreadcrumbList","@id":"https:\/\/www.justiceinfo.net\/fr\/11023-100709-tpirkanyarukiga-le-proces-de-lhomme-daffaires-gaspard-kanyarukiga-debute-le-31-aout7830.html#breadcrumb","itemListElement":[{"@type":"ListItem","position":1,"name":"Home","item":"https:\/\/www.justiceinfo.net\/fr"},{"@type":"ListItem","position":2,"name":"10.07.09 - TPIR\/KANYARUKIGA - LE PROCES DE L'HOMME D'AFFAIRES GASPARD KANYARUKIGA DEBUTE LE 31 AOUT"}]},{"@type":"WebSite","@id":"https:\/\/www.justiceinfo.net\/fr#website","url":"https:\/\/www.justiceinfo.net\/fr","name":"JusticeInfo.net","description":"La justice doit \u00eatre vue pour \u00eatre rendue","publisher":{"@id":"https:\/\/www.justiceinfo.net\/fr#organization"},"potentialAction":[{"@type":"SearchAction","target":{"@type":"EntryPoint","urlTemplate":"https:\/\/www.justiceinfo.net\/fr?s={search_term_string}"},"query-input":{"@type":"PropertyValueSpecification","valueRequired":true,"valueName":"search_term_string"}}],"inLanguage":"fr-FR"},{"@type":"Organization","@id":"https:\/\/www.justiceinfo.net\/fr#organization","name":"Justice Info","url":"https:\/\/www.justiceinfo.net\/fr","logo":{"@type":"ImageObject","inLanguage":"fr-FR","@id":"https:\/\/www.justiceinfo.net\/fr#\/schema\/logo\/image\/","url":"https:\/\/www.justiceinfo.net\/wp-content\/uploads\/justiceinfo_logo-trans_1200x1200px.png","contentUrl":"https:\/\/www.justiceinfo.net\/wp-content\/uploads\/justiceinfo_logo-trans_1200x1200px.png","width":1199,"height":1200,"caption":"Justice Info"},"image":{"@id":"https:\/\/www.justiceinfo.net\/fr#\/schema\/logo\/image\/"},"sameAs":["https:\/\/www.facebook.com\/JusticeInfo\/","https:\/\/x.com\/justiceinfonet","https:\/\/www.linkedin.com\/company\/justice-info","https:\/\/www.youtube.com\/channel\/UCyCEsARodyuWtkWyhn-e7pA"]},{"@type":"Person","name":"solivri","url":"\/fr\/?s=solivri"}]}},"_links":{"self":[{"href":"https:\/\/www.justiceinfo.net\/fr\/wp-json\/wp\/v2\/posts\/11023","targetHints":{"allow":["GET"]}}],"collection":[{"href":"https:\/\/www.justiceinfo.net\/fr\/wp-json\/wp\/v2\/posts"}],"about":[{"href":"https:\/\/www.justiceinfo.net\/fr\/wp-json\/wp\/v2\/types\/post"}],"author":[{"embeddable":true,"href":"https:\/\/www.justiceinfo.net\/fr\/wp-json\/wp\/v2\/users\/64"}],"replies":[{"embeddable":true,"href":"https:\/\/www.justiceinfo.net\/fr\/wp-json\/wp\/v2\/comments?post=11023"}],"version-history":[{"count":0,"href":"https:\/\/www.justiceinfo.net\/fr\/wp-json\/wp\/v2\/posts\/11023\/revisions"}],"wp:attachment":[{"href":"https:\/\/www.justiceinfo.net\/fr\/wp-json\/wp\/v2\/media?parent=11023"}],"wp:term":[{"taxonomy":"category","embeddable":true,"href":"https:\/\/www.justiceinfo.net\/fr\/wp-json\/wp\/v2\/categories?post=11023"},{"taxonomy":"post_tag","embeddable":true,"href":"https:\/\/www.justiceinfo.net\/fr\/wp-json\/wp\/v2\/tags?post=11023"},{"taxonomy":"ji_location","embeddable":true,"href":"https:\/\/www.justiceinfo.net\/fr\/wp-json\/wp\/v2\/ji_location?post=11023"}],"curies":[{"name":"wp","href":"https:\/\/api.w.org\/{rel}","templated":true}]}}