{"id":11025,"date":"2009-07-10T00:00:00","date_gmt":"2009-07-09T22:00:00","guid":{"rendered":"https:\/\/www.justiceinfo.net\/11025-100709-tpirsynthese-hebdomadaire-le-mandat-du-tpir-de-nouveau-proroge-dune-annee7832.html"},"modified":"2009-07-10T00:00:00","modified_gmt":"2009-07-09T22:00:00","slug":"100709-tpirsynthese-hebdomadaire-le-mandat-du-tpir-de-nouveau-proroge-dune-annee7832","status":"publish","type":"post","link":"https:\/\/www.justiceinfo.net\/fr\/11025-100709-tpirsynthese-hebdomadaire-le-mandat-du-tpir-de-nouveau-proroge-dune-annee7832.html","title":{"rendered":"10.07.09 - TPIR\/SYNTHESE HEBDOMADAIRE - LE MANDAT DU TPIR DE NOUVEAU PROROGE D'UNE ANNEE"},"content":{"rendered":"<p >\nArusha, 10 juillet 2009 (FH) - Le Conseil de s&eacute;curit&eacute; des Nations Unies a de nouveau prorog&eacute; d'une ann&eacute;e le mandat du Tribunal p&eacute;nal international pour le Rwanda (TPIR) dans une r&eacute;solution adopt&eacute;e mardi &agrave; l'unanimit&eacute;.\n<\/p>\n<p><!--more--><\/p>\n<p >\n<p >\nCe tribunal aurait d&ucirc;, selon l'&eacute;ch&eacute;ancier initial de l'ONU, terminer les proc&egrave;s en premi&egrave;re fin 2008.\n<\/p>\n<p >\nFace &agrave; l'&eacute;vidente impossibilit&eacute; de respecter ce d&eacute;lai, le Conseil de s&eacute;curit&eacute; lui avait donn&eacute; jusqu'au 31 d&eacute;cembre 2009 pour boucler cette phase des proc&egrave;s.\n<\/p>\n<p >\nMais, le mois dernier, le pr&eacute;sident du TPIR, Dennis Byron, est retourn&eacute; &agrave; New York pour demander une nouvelle prolongation, expliquant qu'au moins un proc&egrave;s ne serait pas termin&eacute; d'ici &agrave; la fin de l'ann&eacute;e et que les jugements dans de nombreuses affaires ne pourraient &ecirc;tre rendus que dans le courant de l'ann&eacute;e prochaine.\n<\/p>\n<p >\nMardi, le Conseil de s&eacute;curit&eacute; a donc prorog&eacute; &laquo; jusqu'au 31 d&eacute;cembre 2010, ou jusqu'&agrave; l'ach&egrave;vement des affaires dont ils sont saisis, si celui-ci intervient &agrave; une date ant&eacute;rieure &raquo;, le mandat des juges si&eacute;geant dans les chambres de premi&egrave;re instance.\n<\/p>\n<p >\nLe Conseil doit par ailleurs se pencher avant la fin de l'ann&eacute;e sur la demande de prolongation du mandat des juges de la chambre d'appel.\n<\/p>\n<p >\nSur place au TPIR, o&ugrave; le personnel commence &agrave; partir pour les vacances d'&eacute;t&eacute; - qui seront les derni&egrave;res pour certains - un&nbsp; seul proc&egrave;s &eacute;tait inscrit au r&ocirc;le, celui du lieutenant Ildephonse Hategekimana qui a poursuivi sa d&eacute;fense entam&eacute;e le 22 juin dernier.\n<\/p>\n<p >\nCet ancien commandant du petit camp militaire de Ngoma (sud) a cit&eacute; 4 t&eacute;moins cette semaine. L'un d'eux, un ancien militaire d&eacute;sign&eacute; par le nom de code CBB, a d&eacute;clar&eacute; que ce camp ne comptait presque pas d'&eacute;l&eacute;ments valides pendant le g&eacute;nocide. Le procureur soutient que les soldats du camp Ngoma se sont livr&eacute;s &agrave; des exactions de toutes sortes contre les civils tutsis au lieu de les prot&eacute;ger.&nbsp; Le proc&egrave;s se poursuit la semaine prochaine.\n<\/p>\n<p >\n<p >\nLe principal &eacute;v&eacute;nement du mois est attendu mardi prochain avec le jugement dans le proc&egrave;s de l'ex-pr&eacute;fet de Kigali-ville, le colonel Tharcisse Renzaho. L'officier, qui a clam&eacute; son innocence au long de son proc&egrave;s, est accus&eacute; d'&ecirc;tre les des principaux organisateurs du g&eacute;nocide dans la capitale rwandaise.\n<\/p>\n<p >\nER\/GF\n<\/p>\n<p>\n&copy; Agence Hirondelle<\/p>\n","protected":false},"excerpt":{"rendered":"<p>Arusha, 10 juillet 2009 (FH) - Le Conseil de s&eacute;curit&eacute; des Nations Unies a de nouveau prorog&eacute; d'une ann&eacute;e le mandat du Tribunal p&eacute;nal international pour le Rwanda (TPIR) dans une r&eacute;solution adopt&eacute;e mardi &agrave; l'unanimit&eacute;.<\/p>\n","protected":false},"author":64,"featured_media":0,"comment_status":"open","ping_status":"closed","sticky":false,"template":"","format":"standard","meta":{"_acf_changed":false,"footnotes":""},"categories":[554],"tags":[],"ji_location":[],"class_list":["post-11025","post","type-post","status-publish","format-standard","hentry","category-hirondellenews"],"acf":[],"yoast_head":"<!-- This site is optimized with the Yoast SEO Premium plugin v25.3.1 (Yoast SEO v25.3.1) - https:\/\/yoast.com\/wordpress\/plugins\/seo\/ -->\n<title>10.07.09 - TPIR\/SYNTHESE HEBDOMADAIRE - LE MANDAT DU TPIR DE NOUVEAU PROROGE D&#039;UNE ANNEE - JusticeInfo.net<\/title>\n<meta name=\"robots\" content=\"index, follow, max-snippet:-1, max-image-preview:large, max-video-preview:-1\" \/>\n<link rel=\"canonical\" href=\"https:\/\/www.justiceinfo.net\/fr\/11025-100709-tpirsynthese-hebdomadaire-le-mandat-du-tpir-de-nouveau-proroge-dune-annee7832.html\" \/>\n<meta property=\"og:locale\" content=\"fr_FR\" \/>\n<meta property=\"og:type\" content=\"article\" \/>\n<meta property=\"og:title\" content=\"10.07.09 - TPIR\/SYNTHESE HEBDOMADAIRE - LE MANDAT DU TPIR DE NOUVEAU PROROGE D&#039;UNE ANNEE\" \/>\n<meta property=\"og:description\" content=\"Arusha, 10 juillet 2009 (FH) - Le Conseil de s&eacute;curit&eacute; des Nations Unies a de nouveau prorog&eacute; d&#039;une ann&eacute;e le mandat du Tribunal p&eacute;nal international pour le Rwanda (TPIR) dans une r&eacute;solution adopt&eacute;e mardi &agrave; l&#039;unanimit&eacute;.\" \/>\n<meta property=\"og:url\" content=\"https:\/\/www.justiceinfo.net\/fr\/11025-100709-tpirsynthese-hebdomadaire-le-mandat-du-tpir-de-nouveau-proroge-dune-annee7832.html\" \/>\n<meta property=\"og:site_name\" content=\"JusticeInfo.net\" \/>\n<meta property=\"article:publisher\" content=\"https:\/\/www.facebook.com\/JusticeInfo\/\" \/>\n<meta property=\"article:published_time\" content=\"2009-07-09T22:00:00+00:00\" \/>\n<meta property=\"og:image\" content=\"https:\/\/www.justiceinfo.net\/wp-content\/uploads\/JusticeInfoNet_logo_1200x630px.jpg\" \/>\n\t<meta property=\"og:image:width\" content=\"1200\" \/>\n\t<meta property=\"og:image:height\" content=\"630\" \/>\n\t<meta property=\"og:image:type\" content=\"image\/jpeg\" \/>\n<meta name=\"author\" content=\"solivri\" \/>\n<meta name=\"twitter:card\" content=\"summary_large_image\" \/>\n<meta name=\"twitter:creator\" content=\"@justiceinfonet\" \/>\n<meta name=\"twitter:site\" content=\"@justiceinfonet\" \/>\n<meta name=\"twitter:label1\" content=\"\u00c9crit par\" \/>\n\t<meta name=\"twitter:data1\" content=\"solivri\" \/>\n\t<meta name=\"twitter:label2\" content=\"Dur\u00e9e de lecture estim\u00e9e\" \/>\n\t<meta name=\"twitter:data2\" content=\"2 minutes\" \/>\n<script type=\"application\/ld+json\" class=\"yoast-schema-graph\">{\"@context\":\"https:\/\/schema.org\",\"@graph\":[{\"@type\":\"NewsArticle\",\"@id\":\"https:\/\/www.justiceinfo.net\/fr\/11025-100709-tpirsynthese-hebdomadaire-le-mandat-du-tpir-de-nouveau-proroge-dune-annee7832.html#article\",\"isPartOf\":{\"@id\":\"https:\/\/www.justiceinfo.net\/fr\/11025-100709-tpirsynthese-hebdomadaire-le-mandat-du-tpir-de-nouveau-proroge-dune-annee7832.html\"},\"author\":{\"name\":\"solivri\",\"@id\":\"https:\/\/www.justiceinfo.net\/fr#\/schema\/person\/6e53cba1629e2e66f3fc1821d3091865\"},\"headline\":\"10.07.09 - TPIR\/SYNTHESE HEBDOMADAIRE - LE MANDAT DU TPIR DE NOUVEAU PROROGE D'UNE ANNEE\",\"datePublished\":\"2009-07-09T22:00:00+00:00\",\"mainEntityOfPage\":{\"@id\":\"https:\/\/www.justiceinfo.net\/fr\/11025-100709-tpirsynthese-hebdomadaire-le-mandat-du-tpir-de-nouveau-proroge-dune-annee7832.html\"},\"wordCount\":507,\"commentCount\":0,\"publisher\":{\"@id\":\"https:\/\/www.justiceinfo.net\/fr#organization\"},\"articleSection\":[\"Hirondelle News\"],\"inLanguage\":\"fr-FR\",\"potentialAction\":[{\"@type\":\"CommentAction\",\"name\":\"Comment\",\"target\":[\"https:\/\/www.justiceinfo.net\/fr\/11025-100709-tpirsynthese-hebdomadaire-le-mandat-du-tpir-de-nouveau-proroge-dune-annee7832.html#respond\"]}]},{\"@type\":\"WebPage\",\"@id\":\"https:\/\/www.justiceinfo.net\/fr\/11025-100709-tpirsynthese-hebdomadaire-le-mandat-du-tpir-de-nouveau-proroge-dune-annee7832.html\",\"url\":\"https:\/\/www.justiceinfo.net\/fr\/11025-100709-tpirsynthese-hebdomadaire-le-mandat-du-tpir-de-nouveau-proroge-dune-annee7832.html\",\"name\":\"10.07.09 - TPIR\/SYNTHESE HEBDOMADAIRE - LE MANDAT DU TPIR DE NOUVEAU PROROGE D'UNE ANNEE - JusticeInfo.net\",\"isPartOf\":{\"@id\":\"https:\/\/www.justiceinfo.net\/fr#website\"},\"datePublished\":\"2009-07-09T22:00:00+00:00\",\"breadcrumb\":{\"@id\":\"https:\/\/www.justiceinfo.net\/fr\/11025-100709-tpirsynthese-hebdomadaire-le-mandat-du-tpir-de-nouveau-proroge-dune-annee7832.html#breadcrumb\"},\"inLanguage\":\"fr-FR\",\"potentialAction\":[{\"@type\":\"ReadAction\",\"target\":[\"https:\/\/www.justiceinfo.net\/fr\/11025-100709-tpirsynthese-hebdomadaire-le-mandat-du-tpir-de-nouveau-proroge-dune-annee7832.html\"]}]},{\"@type\":\"BreadcrumbList\",\"@id\":\"https:\/\/www.justiceinfo.net\/fr\/11025-100709-tpirsynthese-hebdomadaire-le-mandat-du-tpir-de-nouveau-proroge-dune-annee7832.html#breadcrumb\",\"itemListElement\":[{\"@type\":\"ListItem\",\"position\":1,\"name\":\"Home\",\"item\":\"https:\/\/www.justiceinfo.net\/fr\"},{\"@type\":\"ListItem\",\"position\":2,\"name\":\"10.07.09 - TPIR\/SYNTHESE HEBDOMADAIRE - LE MANDAT DU TPIR DE NOUVEAU PROROGE D'UNE ANNEE\"}]},{\"@type\":\"WebSite\",\"@id\":\"https:\/\/www.justiceinfo.net\/fr#website\",\"url\":\"https:\/\/www.justiceinfo.net\/fr\",\"name\":\"JusticeInfo.net\",\"description\":\"La justice doit \u00eatre vue pour \u00eatre rendue\",\"publisher\":{\"@id\":\"https:\/\/www.justiceinfo.net\/fr#organization\"},\"potentialAction\":[{\"@type\":\"SearchAction\",\"target\":{\"@type\":\"EntryPoint\",\"urlTemplate\":\"https:\/\/www.justiceinfo.net\/fr?s={search_term_string}\"},\"query-input\":{\"@type\":\"PropertyValueSpecification\",\"valueRequired\":true,\"valueName\":\"search_term_string\"}}],\"inLanguage\":\"fr-FR\"},{\"@type\":\"Organization\",\"@id\":\"https:\/\/www.justiceinfo.net\/fr#organization\",\"name\":\"Justice Info\",\"url\":\"https:\/\/www.justiceinfo.net\/fr\",\"logo\":{\"@type\":\"ImageObject\",\"inLanguage\":\"fr-FR\",\"@id\":\"https:\/\/www.justiceinfo.net\/fr#\/schema\/logo\/image\/\",\"url\":\"https:\/\/www.justiceinfo.net\/wp-content\/uploads\/justiceinfo_logo-trans_1200x1200px.png\",\"contentUrl\":\"https:\/\/www.justiceinfo.net\/wp-content\/uploads\/justiceinfo_logo-trans_1200x1200px.png\",\"width\":1199,\"height\":1200,\"caption\":\"Justice Info\"},\"image\":{\"@id\":\"https:\/\/www.justiceinfo.net\/fr#\/schema\/logo\/image\/\"},\"sameAs\":[\"https:\/\/www.facebook.com\/JusticeInfo\/\",\"https:\/\/x.com\/justiceinfonet\",\"https:\/\/www.linkedin.com\/company\/justice-info\",\"https:\/\/www.youtube.com\/channel\/UCyCEsARodyuWtkWyhn-e7pA\"]},{\"@type\":\"Person\",\"name\":\"solivri\",\"url\":\"\/fr\/?s=solivri\"}]}<\/script>\n<!-- \/ Yoast SEO Premium plugin. -->","yoast_head_json":{"title":"10.07.09 - TPIR\/SYNTHESE HEBDOMADAIRE - LE MANDAT DU TPIR DE NOUVEAU PROROGE D'UNE ANNEE - JusticeInfo.net","robots":{"index":"index","follow":"follow","max-snippet":"max-snippet:-1","max-image-preview":"max-image-preview:large","max-video-preview":"max-video-preview:-1"},"canonical":"https:\/\/www.justiceinfo.net\/fr\/11025-100709-tpirsynthese-hebdomadaire-le-mandat-du-tpir-de-nouveau-proroge-dune-annee7832.html","og_locale":"fr_FR","og_type":"article","og_title":"10.07.09 - TPIR\/SYNTHESE HEBDOMADAIRE - LE MANDAT DU TPIR DE NOUVEAU PROROGE D'UNE ANNEE","og_description":"Arusha, 10 juillet 2009 (FH) - Le Conseil de s&eacute;curit&eacute; des Nations Unies a de nouveau prorog&eacute; d'une ann&eacute;e le mandat du Tribunal p&eacute;nal international pour le Rwanda (TPIR) dans une r&eacute;solution adopt&eacute;e mardi &agrave; l'unanimit&eacute;.","og_url":"https:\/\/www.justiceinfo.net\/fr\/11025-100709-tpirsynthese-hebdomadaire-le-mandat-du-tpir-de-nouveau-proroge-dune-annee7832.html","og_site_name":"JusticeInfo.net","article_publisher":"https:\/\/www.facebook.com\/JusticeInfo\/","article_published_time":"2009-07-09T22:00:00+00:00","og_image":[{"width":1200,"height":630,"url":"https:\/\/www.justiceinfo.net\/wp-content\/uploads\/JusticeInfoNet_logo_1200x630px.jpg","type":"image\/jpeg"}],"author":"solivri","twitter_card":"summary_large_image","twitter_creator":"@justiceinfonet","twitter_site":"@justiceinfonet","twitter_misc":{"\u00c9crit par":"solivri","Dur\u00e9e de lecture estim\u00e9e":"2 minutes"},"schema":{"@context":"https:\/\/schema.org","@graph":[{"@type":"NewsArticle","@id":"https:\/\/www.justiceinfo.net\/fr\/11025-100709-tpirsynthese-hebdomadaire-le-mandat-du-tpir-de-nouveau-proroge-dune-annee7832.html#article","isPartOf":{"@id":"https:\/\/www.justiceinfo.net\/fr\/11025-100709-tpirsynthese-hebdomadaire-le-mandat-du-tpir-de-nouveau-proroge-dune-annee7832.html"},"author":{"name":"solivri","@id":"https:\/\/www.justiceinfo.net\/fr#\/schema\/person\/6e53cba1629e2e66f3fc1821d3091865"},"headline":"10.07.09 - TPIR\/SYNTHESE HEBDOMADAIRE - LE MANDAT DU TPIR DE NOUVEAU PROROGE D'UNE ANNEE","datePublished":"2009-07-09T22:00:00+00:00","mainEntityOfPage":{"@id":"https:\/\/www.justiceinfo.net\/fr\/11025-100709-tpirsynthese-hebdomadaire-le-mandat-du-tpir-de-nouveau-proroge-dune-annee7832.html"},"wordCount":507,"commentCount":0,"publisher":{"@id":"https:\/\/www.justiceinfo.net\/fr#organization"},"articleSection":["Hirondelle News"],"inLanguage":"fr-FR","potentialAction":[{"@type":"CommentAction","name":"Comment","target":["https:\/\/www.justiceinfo.net\/fr\/11025-100709-tpirsynthese-hebdomadaire-le-mandat-du-tpir-de-nouveau-proroge-dune-annee7832.html#respond"]}]},{"@type":"WebPage","@id":"https:\/\/www.justiceinfo.net\/fr\/11025-100709-tpirsynthese-hebdomadaire-le-mandat-du-tpir-de-nouveau-proroge-dune-annee7832.html","url":"https:\/\/www.justiceinfo.net\/fr\/11025-100709-tpirsynthese-hebdomadaire-le-mandat-du-tpir-de-nouveau-proroge-dune-annee7832.html","name":"10.07.09 - TPIR\/SYNTHESE HEBDOMADAIRE - LE MANDAT DU TPIR DE NOUVEAU PROROGE D'UNE ANNEE - JusticeInfo.net","isPartOf":{"@id":"https:\/\/www.justiceinfo.net\/fr#website"},"datePublished":"2009-07-09T22:00:00+00:00","breadcrumb":{"@id":"https:\/\/www.justiceinfo.net\/fr\/11025-100709-tpirsynthese-hebdomadaire-le-mandat-du-tpir-de-nouveau-proroge-dune-annee7832.html#breadcrumb"},"inLanguage":"fr-FR","potentialAction":[{"@type":"ReadAction","target":["https:\/\/www.justiceinfo.net\/fr\/11025-100709-tpirsynthese-hebdomadaire-le-mandat-du-tpir-de-nouveau-proroge-dune-annee7832.html"]}]},{"@type":"BreadcrumbList","@id":"https:\/\/www.justiceinfo.net\/fr\/11025-100709-tpirsynthese-hebdomadaire-le-mandat-du-tpir-de-nouveau-proroge-dune-annee7832.html#breadcrumb","itemListElement":[{"@type":"ListItem","position":1,"name":"Home","item":"https:\/\/www.justiceinfo.net\/fr"},{"@type":"ListItem","position":2,"name":"10.07.09 - TPIR\/SYNTHESE HEBDOMADAIRE - LE MANDAT DU TPIR DE NOUVEAU PROROGE D'UNE ANNEE"}]},{"@type":"WebSite","@id":"https:\/\/www.justiceinfo.net\/fr#website","url":"https:\/\/www.justiceinfo.net\/fr","name":"JusticeInfo.net","description":"La justice doit \u00eatre vue pour \u00eatre rendue","publisher":{"@id":"https:\/\/www.justiceinfo.net\/fr#organization"},"potentialAction":[{"@type":"SearchAction","target":{"@type":"EntryPoint","urlTemplate":"https:\/\/www.justiceinfo.net\/fr?s={search_term_string}"},"query-input":{"@type":"PropertyValueSpecification","valueRequired":true,"valueName":"search_term_string"}}],"inLanguage":"fr-FR"},{"@type":"Organization","@id":"https:\/\/www.justiceinfo.net\/fr#organization","name":"Justice Info","url":"https:\/\/www.justiceinfo.net\/fr","logo":{"@type":"ImageObject","inLanguage":"fr-FR","@id":"https:\/\/www.justiceinfo.net\/fr#\/schema\/logo\/image\/","url":"https:\/\/www.justiceinfo.net\/wp-content\/uploads\/justiceinfo_logo-trans_1200x1200px.png","contentUrl":"https:\/\/www.justiceinfo.net\/wp-content\/uploads\/justiceinfo_logo-trans_1200x1200px.png","width":1199,"height":1200,"caption":"Justice Info"},"image":{"@id":"https:\/\/www.justiceinfo.net\/fr#\/schema\/logo\/image\/"},"sameAs":["https:\/\/www.facebook.com\/JusticeInfo\/","https:\/\/x.com\/justiceinfonet","https:\/\/www.linkedin.com\/company\/justice-info","https:\/\/www.youtube.com\/channel\/UCyCEsARodyuWtkWyhn-e7pA"]},{"@type":"Person","name":"solivri","url":"\/fr\/?s=solivri"}]}},"_links":{"self":[{"href":"https:\/\/www.justiceinfo.net\/fr\/wp-json\/wp\/v2\/posts\/11025","targetHints":{"allow":["GET"]}}],"collection":[{"href":"https:\/\/www.justiceinfo.net\/fr\/wp-json\/wp\/v2\/posts"}],"about":[{"href":"https:\/\/www.justiceinfo.net\/fr\/wp-json\/wp\/v2\/types\/post"}],"author":[{"embeddable":true,"href":"https:\/\/www.justiceinfo.net\/fr\/wp-json\/wp\/v2\/users\/64"}],"replies":[{"embeddable":true,"href":"https:\/\/www.justiceinfo.net\/fr\/wp-json\/wp\/v2\/comments?post=11025"}],"version-history":[{"count":0,"href":"https:\/\/www.justiceinfo.net\/fr\/wp-json\/wp\/v2\/posts\/11025\/revisions"}],"wp:attachment":[{"href":"https:\/\/www.justiceinfo.net\/fr\/wp-json\/wp\/v2\/media?parent=11025"}],"wp:term":[{"taxonomy":"category","embeddable":true,"href":"https:\/\/www.justiceinfo.net\/fr\/wp-json\/wp\/v2\/categories?post=11025"},{"taxonomy":"post_tag","embeddable":true,"href":"https:\/\/www.justiceinfo.net\/fr\/wp-json\/wp\/v2\/tags?post=11025"},{"taxonomy":"ji_location","embeddable":true,"href":"https:\/\/www.justiceinfo.net\/fr\/wp-json\/wp\/v2\/ji_location?post=11025"}],"curies":[{"name":"wp","href":"https:\/\/api.w.org\/{rel}","templated":true}]}}