{"id":11027,"date":"2009-07-13T00:00:00","date_gmt":"2009-07-12T22:00:00","guid":{"rendered":"https:\/\/www.justiceinfo.net\/11027-130709-rwandagacaca-l-ex-president-de-lassemblee-nationale-sera-juge-en-dernier7834.html"},"modified":"2009-07-13T00:00:00","modified_gmt":"2009-07-12T22:00:00","slug":"130709-rwandagacaca-l-ex-president-de-lassemblee-nationale-sera-juge-en-dernier7834","status":"publish","type":"post","link":"https:\/\/www.justiceinfo.net\/fr\/11027-130709-rwandagacaca-l-ex-president-de-lassemblee-nationale-sera-juge-en-dernier7834.html","title":{"rendered":"13.07.09 - RWANDA\/GACACA - L' EX-PRESIDENT DE L'ASSEMBLEE NATIONALE SERA JUGE EN DERNIER"},"content":{"rendered":"<p >\nKigali, 13 juillet&nbsp; 2009 (FH)- Le tribunal gacaca saisi du proc&egrave;s par contumace de l'ex-pr&eacute;sident de l'Assembl&eacute;e nationale, Alfred Mukezamfura, poursuivi pour g&eacute;nocide, a d&eacute;cid&eacute; de juger cette affaire apr&egrave;s avoir vid&eacute; les autres dossiers.\n<\/p>\n<p><!--more--><\/p>\n<p >\n<p >\nPr&eacute;sident de la Chambre des d&eacute;put&eacute;s jusqu'aux l&eacute;gislatives de septembre 2008, Mukezamfura, qui est jug&eacute; par la juridiction gacaca du secteur Nyakabanda, dans la capitale rwandaise, est accus&eacute; d'incitation au g&eacute;nocide et de complicit&eacute; d'assassinat des journalistes Vincent Shabakaka et Vincent Rwabukwisi alias Ravi.\n<\/p>\n<p >\nSelon Beno&icirc;t Ngarambe, pr&eacute;sident du tribunal gacaca de Nyakabanda, ce dossier sera examin&eacute; en dernier pour permettre &agrave; tous les t&eacute;moins &agrave; charge et &agrave; d&eacute;charge de venir faire leurs d&eacute;positions.\n<\/p>\n<p >\nLe proc&egrave;s aurait d&ucirc; d&eacute;buter en d&eacute;cembre 2008. Mais &agrave; la date fix&eacute;e, c'est l'&eacute;pouse de l'accus&eacute; qui s'est pr&eacute;sent&eacute;e pour informer le jury et l'assembl&eacute;e que son mari &eacute;tait all&eacute; se faire soigner &agrave; l'&eacute;tranger.\n<\/p>\n<p >\nApr&egrave;s avoir attendu en vain la comparution de l'ancien parlementaire en d&eacute;pit de plusieurs assignations, le tribunal avait d&eacute;cid&eacute; de le juger par contumace.\n<\/p>\n<p >\nMais, &agrave; l'ouverture du proc&egrave;s, le 31 mai dernier, il n'y avait aucun t&eacute;moin.\n<\/p>\n<p >\nPlusieurs autres anciens membres de la Chambre qui &eacute;tait pr&eacute;sid&eacute;e par Mukezamfura ont &eacute;t&eacute; jug&eacute;s et condamn&eacute;s par des juridictions populaires gacacas pour leur implication dans le g&eacute;nocide perp&eacute;tr&eacute; contre les Tutsis en 1994.\n<\/p>\n<p >\nParmi eux, figurent Elis&eacute;e Bisengimana et Emmanuel Mwumvaneza, tous deux du Front patriotique rwandais (FPR, au pouvoir), et Etienne Magali du Parti lib&eacute;ral (PL).\n<\/p>\n<p >\nEn mai dernier, toujours devant un tribunal gacaca, la d&eacute;put&eacute;e B&eacute;atrice Nirere s'est vue infliger la prison &agrave; perp&eacute;tuit&eacute; alors qu'elle n'avait pas encore si&eacute;g&eacute; une ann&eacute;e &agrave; la nouvelle Assembl&eacute;e nationale. Elle a &eacute;t&eacute; suivie le mois dernier du S&eacute;nateur Stanley Safari, qui a r&eacute;ussi &agrave; fuir le pays &agrave; la veille du jugement.\n<\/p>\n<p >\nLes proc&egrave;s devant ces tribunaux semi-populaires pourraient se poursuivre jusqu'&agrave; la fin de l'ann&eacute;e, m&ecirc;me s'ils sont d&eacute;j&agrave; termin&eacute;s dans certains endroits du pays.\n<\/p>\n<p >\n<p >\nLe Service national des juridictions gacacas (SNJG) avait initialement envisag&eacute; de les clore le mois dernier.\n<\/p>\n<p >\nCes juridictions sont inspir&eacute;es des anciennes assembl&eacute;es lors desquelles les sages du village, assis sur le gazon (gacaca, en langue rwandaise), r&eacute;glaient les diff&eacute;rends. Elles ne sont pas anim&eacute;es par des magistrats professionnels mais par des &laquo; personnes int&egrave;gres &raquo; &eacute;lues parmi la communaut&eacute;.\n<\/p>\n<p >\nDepuis l'ann&eacute;e derni&egrave;re, elles peuvent prononcer jusqu'&agrave; la r&eacute;clusion criminelle &agrave; perp&eacute;tuit&eacute;, la peine la plus lourde au Rwanda. Les gacacas ont d&eacute;j&agrave; jug&eacute; pr&egrave;s de 1,5 millions de personnes, selon le ministre de la Justice, Tharcisse Karugarama.\n<\/p>\n<p >\nSRE-ER\/GF\n<\/p>\n<p >\n&nbsp;&copy; Agence Hirondelle\n<\/p><\/p>\n","protected":false},"excerpt":{"rendered":"<p>Kigali, 13 juillet&nbsp; 2009 (FH)- Le tribunal gacaca saisi du proc&egrave;s par contumace de l'ex-pr&eacute;sident de l'Assembl&eacute;e nationale, Alfred Mukezamfura, poursuivi pour g&eacute;nocide, a d&eacute;cid&eacute; de juger cette affaire apr&egrave;s avoir vid&eacute; les autres dossiers.<\/p>\n","protected":false},"author":64,"featured_media":0,"comment_status":"open","ping_status":"closed","sticky":false,"template":"","format":"standard","meta":{"_acf_changed":false,"footnotes":""},"categories":[554],"tags":[],"ji_location":[],"class_list":["post-11027","post","type-post","status-publish","format-standard","hentry","category-hirondellenews"],"acf":[],"yoast_head":"<!-- This site is optimized with the Yoast SEO Premium plugin v25.3.1 (Yoast SEO v25.3.1) - https:\/\/yoast.com\/wordpress\/plugins\/seo\/ -->\n<title>13.07.09 - RWANDA\/GACACA - L&#039; EX-PRESIDENT DE L&#039;ASSEMBLEE NATIONALE SERA JUGE EN DERNIER - JusticeInfo.net<\/title>\n<meta name=\"robots\" content=\"index, follow, max-snippet:-1, max-image-preview:large, max-video-preview:-1\" \/>\n<link rel=\"canonical\" href=\"https:\/\/www.justiceinfo.net\/fr\/11027-130709-rwandagacaca-l-ex-president-de-lassemblee-nationale-sera-juge-en-dernier7834.html\" \/>\n<meta property=\"og:locale\" content=\"fr_FR\" \/>\n<meta property=\"og:type\" content=\"article\" \/>\n<meta property=\"og:title\" content=\"13.07.09 - RWANDA\/GACACA - L&#039; EX-PRESIDENT DE L&#039;ASSEMBLEE NATIONALE SERA JUGE EN DERNIER\" \/>\n<meta property=\"og:description\" content=\"Kigali, 13 juillet&nbsp; 2009 (FH)- Le tribunal gacaca saisi du proc&egrave;s par contumace de l&#039;ex-pr&eacute;sident de l&#039;Assembl&eacute;e nationale, Alfred Mukezamfura, poursuivi pour g&eacute;nocide, a d&eacute;cid&eacute; de juger cette affaire apr&egrave;s avoir vid&eacute; les autres dossiers.\" \/>\n<meta property=\"og:url\" content=\"https:\/\/www.justiceinfo.net\/fr\/11027-130709-rwandagacaca-l-ex-president-de-lassemblee-nationale-sera-juge-en-dernier7834.html\" \/>\n<meta property=\"og:site_name\" content=\"JusticeInfo.net\" \/>\n<meta property=\"article:publisher\" content=\"https:\/\/www.facebook.com\/JusticeInfo\/\" \/>\n<meta property=\"article:published_time\" content=\"2009-07-12T22:00:00+00:00\" \/>\n<meta property=\"og:image\" content=\"https:\/\/www.justiceinfo.net\/wp-content\/uploads\/JusticeInfoNet_logo_1200x630px.jpg\" \/>\n\t<meta property=\"og:image:width\" content=\"1200\" \/>\n\t<meta property=\"og:image:height\" content=\"630\" \/>\n\t<meta property=\"og:image:type\" content=\"image\/jpeg\" \/>\n<meta name=\"author\" content=\"solivri\" \/>\n<meta name=\"twitter:card\" content=\"summary_large_image\" \/>\n<meta name=\"twitter:creator\" content=\"@justiceinfonet\" \/>\n<meta name=\"twitter:site\" content=\"@justiceinfonet\" \/>\n<meta name=\"twitter:label1\" content=\"\u00c9crit par\" \/>\n\t<meta name=\"twitter:data1\" content=\"solivri\" \/>\n\t<meta name=\"twitter:label2\" content=\"Dur\u00e9e de lecture estim\u00e9e\" \/>\n\t<meta name=\"twitter:data2\" content=\"3 minutes\" \/>\n<script type=\"application\/ld+json\" class=\"yoast-schema-graph\">{\"@context\":\"https:\/\/schema.org\",\"@graph\":[{\"@type\":\"NewsArticle\",\"@id\":\"https:\/\/www.justiceinfo.net\/fr\/11027-130709-rwandagacaca-l-ex-president-de-lassemblee-nationale-sera-juge-en-dernier7834.html#article\",\"isPartOf\":{\"@id\":\"https:\/\/www.justiceinfo.net\/fr\/11027-130709-rwandagacaca-l-ex-president-de-lassemblee-nationale-sera-juge-en-dernier7834.html\"},\"author\":{\"name\":\"solivri\",\"@id\":\"https:\/\/www.justiceinfo.net\/fr#\/schema\/person\/6e53cba1629e2e66f3fc1821d3091865\"},\"headline\":\"13.07.09 - RWANDA\/GACACA - L' EX-PRESIDENT DE L'ASSEMBLEE NATIONALE SERA JUGE EN DERNIER\",\"datePublished\":\"2009-07-12T22:00:00+00:00\",\"mainEntityOfPage\":{\"@id\":\"https:\/\/www.justiceinfo.net\/fr\/11027-130709-rwandagacaca-l-ex-president-de-lassemblee-nationale-sera-juge-en-dernier7834.html\"},\"wordCount\":608,\"commentCount\":0,\"publisher\":{\"@id\":\"https:\/\/www.justiceinfo.net\/fr#organization\"},\"articleSection\":[\"Hirondelle News\"],\"inLanguage\":\"fr-FR\",\"potentialAction\":[{\"@type\":\"CommentAction\",\"name\":\"Comment\",\"target\":[\"https:\/\/www.justiceinfo.net\/fr\/11027-130709-rwandagacaca-l-ex-president-de-lassemblee-nationale-sera-juge-en-dernier7834.html#respond\"]}]},{\"@type\":\"WebPage\",\"@id\":\"https:\/\/www.justiceinfo.net\/fr\/11027-130709-rwandagacaca-l-ex-president-de-lassemblee-nationale-sera-juge-en-dernier7834.html\",\"url\":\"https:\/\/www.justiceinfo.net\/fr\/11027-130709-rwandagacaca-l-ex-president-de-lassemblee-nationale-sera-juge-en-dernier7834.html\",\"name\":\"13.07.09 - RWANDA\/GACACA - L' EX-PRESIDENT DE L'ASSEMBLEE NATIONALE SERA JUGE EN DERNIER - JusticeInfo.net\",\"isPartOf\":{\"@id\":\"https:\/\/www.justiceinfo.net\/fr#website\"},\"datePublished\":\"2009-07-12T22:00:00+00:00\",\"breadcrumb\":{\"@id\":\"https:\/\/www.justiceinfo.net\/fr\/11027-130709-rwandagacaca-l-ex-president-de-lassemblee-nationale-sera-juge-en-dernier7834.html#breadcrumb\"},\"inLanguage\":\"fr-FR\",\"potentialAction\":[{\"@type\":\"ReadAction\",\"target\":[\"https:\/\/www.justiceinfo.net\/fr\/11027-130709-rwandagacaca-l-ex-president-de-lassemblee-nationale-sera-juge-en-dernier7834.html\"]}]},{\"@type\":\"BreadcrumbList\",\"@id\":\"https:\/\/www.justiceinfo.net\/fr\/11027-130709-rwandagacaca-l-ex-president-de-lassemblee-nationale-sera-juge-en-dernier7834.html#breadcrumb\",\"itemListElement\":[{\"@type\":\"ListItem\",\"position\":1,\"name\":\"Home\",\"item\":\"https:\/\/www.justiceinfo.net\/fr\"},{\"@type\":\"ListItem\",\"position\":2,\"name\":\"13.07.09 - RWANDA\/GACACA - L' EX-PRESIDENT DE L'ASSEMBLEE NATIONALE SERA JUGE EN DERNIER\"}]},{\"@type\":\"WebSite\",\"@id\":\"https:\/\/www.justiceinfo.net\/fr#website\",\"url\":\"https:\/\/www.justiceinfo.net\/fr\",\"name\":\"JusticeInfo.net\",\"description\":\"La justice doit \u00eatre vue pour \u00eatre rendue\",\"publisher\":{\"@id\":\"https:\/\/www.justiceinfo.net\/fr#organization\"},\"potentialAction\":[{\"@type\":\"SearchAction\",\"target\":{\"@type\":\"EntryPoint\",\"urlTemplate\":\"https:\/\/www.justiceinfo.net\/fr?s={search_term_string}\"},\"query-input\":{\"@type\":\"PropertyValueSpecification\",\"valueRequired\":true,\"valueName\":\"search_term_string\"}}],\"inLanguage\":\"fr-FR\"},{\"@type\":\"Organization\",\"@id\":\"https:\/\/www.justiceinfo.net\/fr#organization\",\"name\":\"Justice Info\",\"url\":\"https:\/\/www.justiceinfo.net\/fr\",\"logo\":{\"@type\":\"ImageObject\",\"inLanguage\":\"fr-FR\",\"@id\":\"https:\/\/www.justiceinfo.net\/fr#\/schema\/logo\/image\/\",\"url\":\"https:\/\/www.justiceinfo.net\/wp-content\/uploads\/justiceinfo_logo-trans_1200x1200px.png\",\"contentUrl\":\"https:\/\/www.justiceinfo.net\/wp-content\/uploads\/justiceinfo_logo-trans_1200x1200px.png\",\"width\":1199,\"height\":1200,\"caption\":\"Justice Info\"},\"image\":{\"@id\":\"https:\/\/www.justiceinfo.net\/fr#\/schema\/logo\/image\/\"},\"sameAs\":[\"https:\/\/www.facebook.com\/JusticeInfo\/\",\"https:\/\/x.com\/justiceinfonet\",\"https:\/\/www.linkedin.com\/company\/justice-info\",\"https:\/\/www.youtube.com\/channel\/UCyCEsARodyuWtkWyhn-e7pA\"]},{\"@type\":\"Person\",\"name\":\"solivri\",\"url\":\"\/fr\/?s=solivri\"}]}<\/script>\n<!-- \/ Yoast SEO Premium plugin. -->","yoast_head_json":{"title":"13.07.09 - RWANDA\/GACACA - L' EX-PRESIDENT DE L'ASSEMBLEE NATIONALE SERA JUGE EN DERNIER - JusticeInfo.net","robots":{"index":"index","follow":"follow","max-snippet":"max-snippet:-1","max-image-preview":"max-image-preview:large","max-video-preview":"max-video-preview:-1"},"canonical":"https:\/\/www.justiceinfo.net\/fr\/11027-130709-rwandagacaca-l-ex-president-de-lassemblee-nationale-sera-juge-en-dernier7834.html","og_locale":"fr_FR","og_type":"article","og_title":"13.07.09 - RWANDA\/GACACA - L' EX-PRESIDENT DE L'ASSEMBLEE NATIONALE SERA JUGE EN DERNIER","og_description":"Kigali, 13 juillet&nbsp; 2009 (FH)- Le tribunal gacaca saisi du proc&egrave;s par contumace de l'ex-pr&eacute;sident de l'Assembl&eacute;e nationale, Alfred Mukezamfura, poursuivi pour g&eacute;nocide, a d&eacute;cid&eacute; de juger cette affaire apr&egrave;s avoir vid&eacute; les autres dossiers.","og_url":"https:\/\/www.justiceinfo.net\/fr\/11027-130709-rwandagacaca-l-ex-president-de-lassemblee-nationale-sera-juge-en-dernier7834.html","og_site_name":"JusticeInfo.net","article_publisher":"https:\/\/www.facebook.com\/JusticeInfo\/","article_published_time":"2009-07-12T22:00:00+00:00","og_image":[{"width":1200,"height":630,"url":"https:\/\/www.justiceinfo.net\/wp-content\/uploads\/JusticeInfoNet_logo_1200x630px.jpg","type":"image\/jpeg"}],"author":"solivri","twitter_card":"summary_large_image","twitter_creator":"@justiceinfonet","twitter_site":"@justiceinfonet","twitter_misc":{"\u00c9crit par":"solivri","Dur\u00e9e de lecture estim\u00e9e":"3 minutes"},"schema":{"@context":"https:\/\/schema.org","@graph":[{"@type":"NewsArticle","@id":"https:\/\/www.justiceinfo.net\/fr\/11027-130709-rwandagacaca-l-ex-president-de-lassemblee-nationale-sera-juge-en-dernier7834.html#article","isPartOf":{"@id":"https:\/\/www.justiceinfo.net\/fr\/11027-130709-rwandagacaca-l-ex-president-de-lassemblee-nationale-sera-juge-en-dernier7834.html"},"author":{"name":"solivri","@id":"https:\/\/www.justiceinfo.net\/fr#\/schema\/person\/6e53cba1629e2e66f3fc1821d3091865"},"headline":"13.07.09 - RWANDA\/GACACA - L' EX-PRESIDENT DE L'ASSEMBLEE NATIONALE SERA JUGE EN DERNIER","datePublished":"2009-07-12T22:00:00+00:00","mainEntityOfPage":{"@id":"https:\/\/www.justiceinfo.net\/fr\/11027-130709-rwandagacaca-l-ex-president-de-lassemblee-nationale-sera-juge-en-dernier7834.html"},"wordCount":608,"commentCount":0,"publisher":{"@id":"https:\/\/www.justiceinfo.net\/fr#organization"},"articleSection":["Hirondelle News"],"inLanguage":"fr-FR","potentialAction":[{"@type":"CommentAction","name":"Comment","target":["https:\/\/www.justiceinfo.net\/fr\/11027-130709-rwandagacaca-l-ex-president-de-lassemblee-nationale-sera-juge-en-dernier7834.html#respond"]}]},{"@type":"WebPage","@id":"https:\/\/www.justiceinfo.net\/fr\/11027-130709-rwandagacaca-l-ex-president-de-lassemblee-nationale-sera-juge-en-dernier7834.html","url":"https:\/\/www.justiceinfo.net\/fr\/11027-130709-rwandagacaca-l-ex-president-de-lassemblee-nationale-sera-juge-en-dernier7834.html","name":"13.07.09 - RWANDA\/GACACA - L' EX-PRESIDENT DE L'ASSEMBLEE NATIONALE SERA JUGE EN DERNIER - JusticeInfo.net","isPartOf":{"@id":"https:\/\/www.justiceinfo.net\/fr#website"},"datePublished":"2009-07-12T22:00:00+00:00","breadcrumb":{"@id":"https:\/\/www.justiceinfo.net\/fr\/11027-130709-rwandagacaca-l-ex-president-de-lassemblee-nationale-sera-juge-en-dernier7834.html#breadcrumb"},"inLanguage":"fr-FR","potentialAction":[{"@type":"ReadAction","target":["https:\/\/www.justiceinfo.net\/fr\/11027-130709-rwandagacaca-l-ex-president-de-lassemblee-nationale-sera-juge-en-dernier7834.html"]}]},{"@type":"BreadcrumbList","@id":"https:\/\/www.justiceinfo.net\/fr\/11027-130709-rwandagacaca-l-ex-president-de-lassemblee-nationale-sera-juge-en-dernier7834.html#breadcrumb","itemListElement":[{"@type":"ListItem","position":1,"name":"Home","item":"https:\/\/www.justiceinfo.net\/fr"},{"@type":"ListItem","position":2,"name":"13.07.09 - RWANDA\/GACACA - L' EX-PRESIDENT DE L'ASSEMBLEE NATIONALE SERA JUGE EN DERNIER"}]},{"@type":"WebSite","@id":"https:\/\/www.justiceinfo.net\/fr#website","url":"https:\/\/www.justiceinfo.net\/fr","name":"JusticeInfo.net","description":"La justice doit \u00eatre vue pour \u00eatre rendue","publisher":{"@id":"https:\/\/www.justiceinfo.net\/fr#organization"},"potentialAction":[{"@type":"SearchAction","target":{"@type":"EntryPoint","urlTemplate":"https:\/\/www.justiceinfo.net\/fr?s={search_term_string}"},"query-input":{"@type":"PropertyValueSpecification","valueRequired":true,"valueName":"search_term_string"}}],"inLanguage":"fr-FR"},{"@type":"Organization","@id":"https:\/\/www.justiceinfo.net\/fr#organization","name":"Justice Info","url":"https:\/\/www.justiceinfo.net\/fr","logo":{"@type":"ImageObject","inLanguage":"fr-FR","@id":"https:\/\/www.justiceinfo.net\/fr#\/schema\/logo\/image\/","url":"https:\/\/www.justiceinfo.net\/wp-content\/uploads\/justiceinfo_logo-trans_1200x1200px.png","contentUrl":"https:\/\/www.justiceinfo.net\/wp-content\/uploads\/justiceinfo_logo-trans_1200x1200px.png","width":1199,"height":1200,"caption":"Justice Info"},"image":{"@id":"https:\/\/www.justiceinfo.net\/fr#\/schema\/logo\/image\/"},"sameAs":["https:\/\/www.facebook.com\/JusticeInfo\/","https:\/\/x.com\/justiceinfonet","https:\/\/www.linkedin.com\/company\/justice-info","https:\/\/www.youtube.com\/channel\/UCyCEsARodyuWtkWyhn-e7pA"]},{"@type":"Person","name":"solivri","url":"\/fr\/?s=solivri"}]}},"_links":{"self":[{"href":"https:\/\/www.justiceinfo.net\/fr\/wp-json\/wp\/v2\/posts\/11027","targetHints":{"allow":["GET"]}}],"collection":[{"href":"https:\/\/www.justiceinfo.net\/fr\/wp-json\/wp\/v2\/posts"}],"about":[{"href":"https:\/\/www.justiceinfo.net\/fr\/wp-json\/wp\/v2\/types\/post"}],"author":[{"embeddable":true,"href":"https:\/\/www.justiceinfo.net\/fr\/wp-json\/wp\/v2\/users\/64"}],"replies":[{"embeddable":true,"href":"https:\/\/www.justiceinfo.net\/fr\/wp-json\/wp\/v2\/comments?post=11027"}],"version-history":[{"count":0,"href":"https:\/\/www.justiceinfo.net\/fr\/wp-json\/wp\/v2\/posts\/11027\/revisions"}],"wp:attachment":[{"href":"https:\/\/www.justiceinfo.net\/fr\/wp-json\/wp\/v2\/media?parent=11027"}],"wp:term":[{"taxonomy":"category","embeddable":true,"href":"https:\/\/www.justiceinfo.net\/fr\/wp-json\/wp\/v2\/categories?post=11027"},{"taxonomy":"post_tag","embeddable":true,"href":"https:\/\/www.justiceinfo.net\/fr\/wp-json\/wp\/v2\/tags?post=11027"},{"taxonomy":"ji_location","embeddable":true,"href":"https:\/\/www.justiceinfo.net\/fr\/wp-json\/wp\/v2\/ji_location?post=11027"}],"curies":[{"name":"wp","href":"https:\/\/api.w.org\/{rel}","templated":true}]}}