{"id":11033,"date":"2009-07-13T00:00:00","date_gmt":"2009-07-12T22:00:00","guid":{"rendered":"https:\/\/www.justiceinfo.net\/11033-130709-tpircolloque-succes-du-premier-colloque-dauto-analyse-du-tpir7840.html"},"modified":"2009-07-13T00:00:00","modified_gmt":"2009-07-12T22:00:00","slug":"130709-tpircolloque-succes-du-premier-colloque-dauto-analyse-du-tpir7840","status":"publish","type":"post","link":"https:\/\/www.justiceinfo.net\/fr\/11033-130709-tpircolloque-succes-du-premier-colloque-dauto-analyse-du-tpir7840.html","title":{"rendered":"13.07.09 - TPIR\/COLLOQUE - SUCCES DU PREMIER COLLOQUE D'AUTO-ANALYSE DU TPIR"},"content":{"rendered":"<p >\nGen&egrave;ve, le 13 juillet 2009 (FH) -- Le colloque intitul&eacute; &quot;TPIR, mod&egrave;le ou contre mod&egrave;le pour la justice internationale? Le point de vue des acteurs&quot;, qui s'est tenu &agrave; Gen&egrave;ve du 9 au 11 juillet, a &eacute;t&eacute; qualifi&eacute; de &quot;succ&egrave;s&quot; par plusieurs participants &agrave; la conf&eacute;rence. Pour le premi&egrave;re fois, une cinquantaine de responsables ayant travaill&eacute; ou collabor&eacute; avec le TPIR, juges, avocats, membres du greffe, greffiers, procureurs, t&eacute;moins, experts, victimes, enqu&ecirc;teurs, interpr&egrave;tes, universitaires et journalistes, ont pu dresser leur propre bilan, apr&egrave;s 15 ans d'activit&eacute;, de cette juridiction exceptionnelle &eacute;rig&eacute;e par l'ONU pour poursuivre les responsables des crimes commis au Rwanda en 1994.\n<\/p>\n<p><!--more--><\/p>\n<p >\n<p >\n<p >\nL'exercice n'&eacute;tait pas facile, selon les observateurs. &quot;Il faut souligner le tr&egrave;s grand courage du TPIR de se soumettre aux critiques et &agrave; un tel exercice d'auto-analyse, ont relev&eacute; Andr&eacute; Guichaoua (Universit&eacute; de Paris1) et Vincent Chetail (Institut des hautes &eacute;tudes internationales et du d&eacute;veloppement de Gen&egrave;ve), co-organisateurs du colloque. Personne n'a m&eacute;nag&eacute; le TPIR, par rapport aux attentes et aux r&eacute;sultats obtenus&quot;.\n<\/p>\n<p >\nCertaines d&eacute;faillances, comme la lenteur des proc&egrave;s, la dur&eacute;e de la d&eacute;tention pr&eacute;ventive et les conditions de travail &agrave; Arusha, ont fait l'objet de discussions. D'autres participants ont relev&eacute; que la non-poursuite des crimes commis par le Front patriotique rwandais (FPR) en 1994 risque de nuire &agrave; la cr&eacute;dibilit&eacute; du Tribunal, qui laisserait ainsi inachev&eacute; une partie de son mandat.\n<\/p>\n<p >\n<p >\nPour sa part, le porte-parole du TPIR Roland Amoussouga a estim&eacute; que les &quot;acteurs&quot; du tribunal ont pu expliquer leurs priorit&eacute;s et leurs strat&eacute;gies dans des d&eacute;bats qui se sont av&eacute;r&eacute;s &quot;vifs, libres, m&ucirc;rs et enrichissants&quot; et qui ont &quot;d&eacute;pass&eacute; toutes les attentes&quot;. *C'est le premi&egrave;re fois que l'on assiste &agrave; une telle rencontre. Un forum novateur qui nous esp&eacute;rons fera t&acirc;che d'huile&quot;, a-t-il soulign&eacute;.\n<\/p>\n<p >\n<p >\nLe colloque a &eacute;t&eacute; organis&eacute; par l'Acad&eacute;mie de droit international et humanitaire et des droits humains &agrave; Gen&egrave;ve (ADH), l'Institut des hautes &eacute;tudes internationales et du d&eacute;veloppement de Gen&egrave;ve (IHEID) et l'Institut d'&eacute;tude du d&eacute;veloppement &eacute;conomique et social (IEDES) de l'Universit&eacute; de Paris 1. Elle &eacute;tait soutenue par le D&eacute;partement f&eacute;d&eacute;ral des Affaires &eacute;trang&egrave;res de la Suisse (DFAE) et le TPIR. Les actes du colloque seront publi&eacute;s en ao&ucirc;t 2009.\n<\/p>\n<p >\n<p >\nDO\/FH\/GF\n<\/p>\n<p>\n&copy; Agence Hirondelle<\/p>\n","protected":false},"excerpt":{"rendered":"<p>Gen&egrave;ve, le 13 juillet 2009 (FH) -- Le colloque intitul&eacute; &quot;TPIR, mod&egrave;le ou contre mod&egrave;le pour la justice internationale? Le point de vue des acteurs&quot;, qui s'est tenu &agrave; Gen&egrave;ve du 9 au 11 juillet, a &eacute;t&eacute; qualifi&eacute; de &quot;succ&egrave;s&quot; par plusieurs participants &agrave; la conf&eacute;rence. Pour le premi&egrave;re fois, une cinquantaine de responsables ayant [&hellip;]<\/p>\n","protected":false},"author":64,"featured_media":0,"comment_status":"open","ping_status":"closed","sticky":false,"template":"","format":"standard","meta":{"_acf_changed":false,"footnotes":""},"categories":[554],"tags":[],"ji_location":[],"class_list":["post-11033","post","type-post","status-publish","format-standard","hentry","category-hirondellenews"],"acf":[],"yoast_head":"<!-- This site is optimized with the Yoast SEO Premium plugin v25.3.1 (Yoast SEO v25.3.1) - https:\/\/yoast.com\/wordpress\/plugins\/seo\/ -->\n<title>13.07.09 - TPIR\/COLLOQUE - SUCCES DU PREMIER COLLOQUE D&#039;AUTO-ANALYSE DU TPIR - JusticeInfo.net<\/title>\n<meta name=\"robots\" content=\"index, follow, max-snippet:-1, max-image-preview:large, max-video-preview:-1\" \/>\n<link rel=\"canonical\" href=\"https:\/\/www.justiceinfo.net\/fr\/11033-130709-tpircolloque-succes-du-premier-colloque-dauto-analyse-du-tpir7840.html\" \/>\n<meta property=\"og:locale\" content=\"fr_FR\" \/>\n<meta property=\"og:type\" content=\"article\" \/>\n<meta property=\"og:title\" content=\"13.07.09 - TPIR\/COLLOQUE - SUCCES DU PREMIER COLLOQUE D&#039;AUTO-ANALYSE DU TPIR\" \/>\n<meta property=\"og:description\" content=\"Gen&egrave;ve, le 13 juillet 2009 (FH) -- Le colloque intitul&eacute; &quot;TPIR, mod&egrave;le ou contre mod&egrave;le pour la justice internationale? Le point de vue des acteurs&quot;, qui s&#039;est tenu &agrave; Gen&egrave;ve du 9 au 11 juillet, a &eacute;t&eacute; qualifi&eacute; de &quot;succ&egrave;s&quot; par plusieurs participants &agrave; la conf&eacute;rence. Pour le premi&egrave;re fois, une cinquantaine de responsables ayant [&hellip;]\" \/>\n<meta property=\"og:url\" content=\"https:\/\/www.justiceinfo.net\/fr\/11033-130709-tpircolloque-succes-du-premier-colloque-dauto-analyse-du-tpir7840.html\" \/>\n<meta property=\"og:site_name\" content=\"JusticeInfo.net\" \/>\n<meta property=\"article:publisher\" content=\"https:\/\/www.facebook.com\/JusticeInfo\/\" \/>\n<meta property=\"article:published_time\" content=\"2009-07-12T22:00:00+00:00\" \/>\n<meta property=\"og:image\" content=\"https:\/\/www.justiceinfo.net\/wp-content\/uploads\/JusticeInfoNet_logo_1200x630px.jpg\" \/>\n\t<meta property=\"og:image:width\" content=\"1200\" \/>\n\t<meta property=\"og:image:height\" content=\"630\" \/>\n\t<meta property=\"og:image:type\" content=\"image\/jpeg\" \/>\n<meta name=\"author\" content=\"solivri\" \/>\n<meta name=\"twitter:card\" content=\"summary_large_image\" \/>\n<meta name=\"twitter:creator\" content=\"@justiceinfonet\" \/>\n<meta name=\"twitter:site\" content=\"@justiceinfonet\" \/>\n<meta name=\"twitter:label1\" content=\"\u00c9crit par\" \/>\n\t<meta name=\"twitter:data1\" content=\"solivri\" \/>\n\t<meta name=\"twitter:label2\" content=\"Dur\u00e9e de lecture estim\u00e9e\" \/>\n\t<meta name=\"twitter:data2\" content=\"2 minutes\" \/>\n<script type=\"application\/ld+json\" class=\"yoast-schema-graph\">{\"@context\":\"https:\/\/schema.org\",\"@graph\":[{\"@type\":\"NewsArticle\",\"@id\":\"https:\/\/www.justiceinfo.net\/fr\/11033-130709-tpircolloque-succes-du-premier-colloque-dauto-analyse-du-tpir7840.html#article\",\"isPartOf\":{\"@id\":\"https:\/\/www.justiceinfo.net\/fr\/11033-130709-tpircolloque-succes-du-premier-colloque-dauto-analyse-du-tpir7840.html\"},\"author\":{\"name\":\"solivri\",\"@id\":\"https:\/\/www.justiceinfo.net\/fr#\/schema\/person\/6e53cba1629e2e66f3fc1821d3091865\"},\"headline\":\"13.07.09 - TPIR\/COLLOQUE - SUCCES DU PREMIER COLLOQUE D'AUTO-ANALYSE DU TPIR\",\"datePublished\":\"2009-07-12T22:00:00+00:00\",\"mainEntityOfPage\":{\"@id\":\"https:\/\/www.justiceinfo.net\/fr\/11033-130709-tpircolloque-succes-du-premier-colloque-dauto-analyse-du-tpir7840.html\"},\"wordCount\":518,\"commentCount\":0,\"publisher\":{\"@id\":\"https:\/\/www.justiceinfo.net\/fr#organization\"},\"articleSection\":[\"Hirondelle News\"],\"inLanguage\":\"fr-FR\",\"potentialAction\":[{\"@type\":\"CommentAction\",\"name\":\"Comment\",\"target\":[\"https:\/\/www.justiceinfo.net\/fr\/11033-130709-tpircolloque-succes-du-premier-colloque-dauto-analyse-du-tpir7840.html#respond\"]}]},{\"@type\":\"WebPage\",\"@id\":\"https:\/\/www.justiceinfo.net\/fr\/11033-130709-tpircolloque-succes-du-premier-colloque-dauto-analyse-du-tpir7840.html\",\"url\":\"https:\/\/www.justiceinfo.net\/fr\/11033-130709-tpircolloque-succes-du-premier-colloque-dauto-analyse-du-tpir7840.html\",\"name\":\"13.07.09 - TPIR\/COLLOQUE - SUCCES DU PREMIER COLLOQUE D'AUTO-ANALYSE DU TPIR - JusticeInfo.net\",\"isPartOf\":{\"@id\":\"https:\/\/www.justiceinfo.net\/fr#website\"},\"datePublished\":\"2009-07-12T22:00:00+00:00\",\"breadcrumb\":{\"@id\":\"https:\/\/www.justiceinfo.net\/fr\/11033-130709-tpircolloque-succes-du-premier-colloque-dauto-analyse-du-tpir7840.html#breadcrumb\"},\"inLanguage\":\"fr-FR\",\"potentialAction\":[{\"@type\":\"ReadAction\",\"target\":[\"https:\/\/www.justiceinfo.net\/fr\/11033-130709-tpircolloque-succes-du-premier-colloque-dauto-analyse-du-tpir7840.html\"]}]},{\"@type\":\"BreadcrumbList\",\"@id\":\"https:\/\/www.justiceinfo.net\/fr\/11033-130709-tpircolloque-succes-du-premier-colloque-dauto-analyse-du-tpir7840.html#breadcrumb\",\"itemListElement\":[{\"@type\":\"ListItem\",\"position\":1,\"name\":\"Home\",\"item\":\"https:\/\/www.justiceinfo.net\/fr\"},{\"@type\":\"ListItem\",\"position\":2,\"name\":\"13.07.09 - TPIR\/COLLOQUE - SUCCES DU PREMIER COLLOQUE D'AUTO-ANALYSE DU TPIR\"}]},{\"@type\":\"WebSite\",\"@id\":\"https:\/\/www.justiceinfo.net\/fr#website\",\"url\":\"https:\/\/www.justiceinfo.net\/fr\",\"name\":\"JusticeInfo.net\",\"description\":\"La justice doit \u00eatre vue pour \u00eatre rendue\",\"publisher\":{\"@id\":\"https:\/\/www.justiceinfo.net\/fr#organization\"},\"potentialAction\":[{\"@type\":\"SearchAction\",\"target\":{\"@type\":\"EntryPoint\",\"urlTemplate\":\"https:\/\/www.justiceinfo.net\/fr?s={search_term_string}\"},\"query-input\":{\"@type\":\"PropertyValueSpecification\",\"valueRequired\":true,\"valueName\":\"search_term_string\"}}],\"inLanguage\":\"fr-FR\"},{\"@type\":\"Organization\",\"@id\":\"https:\/\/www.justiceinfo.net\/fr#organization\",\"name\":\"Justice Info\",\"url\":\"https:\/\/www.justiceinfo.net\/fr\",\"logo\":{\"@type\":\"ImageObject\",\"inLanguage\":\"fr-FR\",\"@id\":\"https:\/\/www.justiceinfo.net\/fr#\/schema\/logo\/image\/\",\"url\":\"https:\/\/www.justiceinfo.net\/wp-content\/uploads\/justiceinfo_logo-trans_1200x1200px.png\",\"contentUrl\":\"https:\/\/www.justiceinfo.net\/wp-content\/uploads\/justiceinfo_logo-trans_1200x1200px.png\",\"width\":1199,\"height\":1200,\"caption\":\"Justice Info\"},\"image\":{\"@id\":\"https:\/\/www.justiceinfo.net\/fr#\/schema\/logo\/image\/\"},\"sameAs\":[\"https:\/\/www.facebook.com\/JusticeInfo\/\",\"https:\/\/x.com\/justiceinfonet\",\"https:\/\/www.linkedin.com\/company\/justice-info\",\"https:\/\/www.youtube.com\/channel\/UCyCEsARodyuWtkWyhn-e7pA\"]},{\"@type\":\"Person\",\"name\":\"solivri\",\"url\":\"\/fr\/?s=solivri\"}]}<\/script>\n<!-- \/ Yoast SEO Premium plugin. -->","yoast_head_json":{"title":"13.07.09 - TPIR\/COLLOQUE - SUCCES DU PREMIER COLLOQUE D'AUTO-ANALYSE DU TPIR - JusticeInfo.net","robots":{"index":"index","follow":"follow","max-snippet":"max-snippet:-1","max-image-preview":"max-image-preview:large","max-video-preview":"max-video-preview:-1"},"canonical":"https:\/\/www.justiceinfo.net\/fr\/11033-130709-tpircolloque-succes-du-premier-colloque-dauto-analyse-du-tpir7840.html","og_locale":"fr_FR","og_type":"article","og_title":"13.07.09 - TPIR\/COLLOQUE - SUCCES DU PREMIER COLLOQUE D'AUTO-ANALYSE DU TPIR","og_description":"Gen&egrave;ve, le 13 juillet 2009 (FH) -- Le colloque intitul&eacute; &quot;TPIR, mod&egrave;le ou contre mod&egrave;le pour la justice internationale? Le point de vue des acteurs&quot;, qui s'est tenu &agrave; Gen&egrave;ve du 9 au 11 juillet, a &eacute;t&eacute; qualifi&eacute; de &quot;succ&egrave;s&quot; par plusieurs participants &agrave; la conf&eacute;rence. Pour le premi&egrave;re fois, une cinquantaine de responsables ayant [&hellip;]","og_url":"https:\/\/www.justiceinfo.net\/fr\/11033-130709-tpircolloque-succes-du-premier-colloque-dauto-analyse-du-tpir7840.html","og_site_name":"JusticeInfo.net","article_publisher":"https:\/\/www.facebook.com\/JusticeInfo\/","article_published_time":"2009-07-12T22:00:00+00:00","og_image":[{"width":1200,"height":630,"url":"https:\/\/www.justiceinfo.net\/wp-content\/uploads\/JusticeInfoNet_logo_1200x630px.jpg","type":"image\/jpeg"}],"author":"solivri","twitter_card":"summary_large_image","twitter_creator":"@justiceinfonet","twitter_site":"@justiceinfonet","twitter_misc":{"\u00c9crit par":"solivri","Dur\u00e9e de lecture estim\u00e9e":"2 minutes"},"schema":{"@context":"https:\/\/schema.org","@graph":[{"@type":"NewsArticle","@id":"https:\/\/www.justiceinfo.net\/fr\/11033-130709-tpircolloque-succes-du-premier-colloque-dauto-analyse-du-tpir7840.html#article","isPartOf":{"@id":"https:\/\/www.justiceinfo.net\/fr\/11033-130709-tpircolloque-succes-du-premier-colloque-dauto-analyse-du-tpir7840.html"},"author":{"name":"solivri","@id":"https:\/\/www.justiceinfo.net\/fr#\/schema\/person\/6e53cba1629e2e66f3fc1821d3091865"},"headline":"13.07.09 - TPIR\/COLLOQUE - SUCCES DU PREMIER COLLOQUE D'AUTO-ANALYSE DU TPIR","datePublished":"2009-07-12T22:00:00+00:00","mainEntityOfPage":{"@id":"https:\/\/www.justiceinfo.net\/fr\/11033-130709-tpircolloque-succes-du-premier-colloque-dauto-analyse-du-tpir7840.html"},"wordCount":518,"commentCount":0,"publisher":{"@id":"https:\/\/www.justiceinfo.net\/fr#organization"},"articleSection":["Hirondelle News"],"inLanguage":"fr-FR","potentialAction":[{"@type":"CommentAction","name":"Comment","target":["https:\/\/www.justiceinfo.net\/fr\/11033-130709-tpircolloque-succes-du-premier-colloque-dauto-analyse-du-tpir7840.html#respond"]}]},{"@type":"WebPage","@id":"https:\/\/www.justiceinfo.net\/fr\/11033-130709-tpircolloque-succes-du-premier-colloque-dauto-analyse-du-tpir7840.html","url":"https:\/\/www.justiceinfo.net\/fr\/11033-130709-tpircolloque-succes-du-premier-colloque-dauto-analyse-du-tpir7840.html","name":"13.07.09 - TPIR\/COLLOQUE - SUCCES DU PREMIER COLLOQUE D'AUTO-ANALYSE DU TPIR - JusticeInfo.net","isPartOf":{"@id":"https:\/\/www.justiceinfo.net\/fr#website"},"datePublished":"2009-07-12T22:00:00+00:00","breadcrumb":{"@id":"https:\/\/www.justiceinfo.net\/fr\/11033-130709-tpircolloque-succes-du-premier-colloque-dauto-analyse-du-tpir7840.html#breadcrumb"},"inLanguage":"fr-FR","potentialAction":[{"@type":"ReadAction","target":["https:\/\/www.justiceinfo.net\/fr\/11033-130709-tpircolloque-succes-du-premier-colloque-dauto-analyse-du-tpir7840.html"]}]},{"@type":"BreadcrumbList","@id":"https:\/\/www.justiceinfo.net\/fr\/11033-130709-tpircolloque-succes-du-premier-colloque-dauto-analyse-du-tpir7840.html#breadcrumb","itemListElement":[{"@type":"ListItem","position":1,"name":"Home","item":"https:\/\/www.justiceinfo.net\/fr"},{"@type":"ListItem","position":2,"name":"13.07.09 - TPIR\/COLLOQUE - SUCCES DU PREMIER COLLOQUE D'AUTO-ANALYSE DU TPIR"}]},{"@type":"WebSite","@id":"https:\/\/www.justiceinfo.net\/fr#website","url":"https:\/\/www.justiceinfo.net\/fr","name":"JusticeInfo.net","description":"La justice doit \u00eatre vue pour \u00eatre rendue","publisher":{"@id":"https:\/\/www.justiceinfo.net\/fr#organization"},"potentialAction":[{"@type":"SearchAction","target":{"@type":"EntryPoint","urlTemplate":"https:\/\/www.justiceinfo.net\/fr?s={search_term_string}"},"query-input":{"@type":"PropertyValueSpecification","valueRequired":true,"valueName":"search_term_string"}}],"inLanguage":"fr-FR"},{"@type":"Organization","@id":"https:\/\/www.justiceinfo.net\/fr#organization","name":"Justice Info","url":"https:\/\/www.justiceinfo.net\/fr","logo":{"@type":"ImageObject","inLanguage":"fr-FR","@id":"https:\/\/www.justiceinfo.net\/fr#\/schema\/logo\/image\/","url":"https:\/\/www.justiceinfo.net\/wp-content\/uploads\/justiceinfo_logo-trans_1200x1200px.png","contentUrl":"https:\/\/www.justiceinfo.net\/wp-content\/uploads\/justiceinfo_logo-trans_1200x1200px.png","width":1199,"height":1200,"caption":"Justice Info"},"image":{"@id":"https:\/\/www.justiceinfo.net\/fr#\/schema\/logo\/image\/"},"sameAs":["https:\/\/www.facebook.com\/JusticeInfo\/","https:\/\/x.com\/justiceinfonet","https:\/\/www.linkedin.com\/company\/justice-info","https:\/\/www.youtube.com\/channel\/UCyCEsARodyuWtkWyhn-e7pA"]},{"@type":"Person","name":"solivri","url":"\/fr\/?s=solivri"}]}},"_links":{"self":[{"href":"https:\/\/www.justiceinfo.net\/fr\/wp-json\/wp\/v2\/posts\/11033","targetHints":{"allow":["GET"]}}],"collection":[{"href":"https:\/\/www.justiceinfo.net\/fr\/wp-json\/wp\/v2\/posts"}],"about":[{"href":"https:\/\/www.justiceinfo.net\/fr\/wp-json\/wp\/v2\/types\/post"}],"author":[{"embeddable":true,"href":"https:\/\/www.justiceinfo.net\/fr\/wp-json\/wp\/v2\/users\/64"}],"replies":[{"embeddable":true,"href":"https:\/\/www.justiceinfo.net\/fr\/wp-json\/wp\/v2\/comments?post=11033"}],"version-history":[{"count":0,"href":"https:\/\/www.justiceinfo.net\/fr\/wp-json\/wp\/v2\/posts\/11033\/revisions"}],"wp:attachment":[{"href":"https:\/\/www.justiceinfo.net\/fr\/wp-json\/wp\/v2\/media?parent=11033"}],"wp:term":[{"taxonomy":"category","embeddable":true,"href":"https:\/\/www.justiceinfo.net\/fr\/wp-json\/wp\/v2\/categories?post=11033"},{"taxonomy":"post_tag","embeddable":true,"href":"https:\/\/www.justiceinfo.net\/fr\/wp-json\/wp\/v2\/tags?post=11033"},{"taxonomy":"ji_location","embeddable":true,"href":"https:\/\/www.justiceinfo.net\/fr\/wp-json\/wp\/v2\/ji_location?post=11033"}],"curies":[{"name":"wp","href":"https:\/\/api.w.org\/{rel}","templated":true}]}}