{"id":11052,"date":"2009-07-21T00:00:00","date_gmt":"2009-07-20T22:00:00","guid":{"rendered":"https:\/\/www.justiceinfo.net\/11052-210709-rwandagenocide-aide-du-ministere-de-la-defense-aux-orphelins-du-genocide7859.html"},"modified":"2009-07-21T00:00:00","modified_gmt":"2009-07-20T22:00:00","slug":"210709-rwandagenocide-aide-du-ministere-de-la-defense-aux-orphelins-du-genocide7859","status":"publish","type":"post","link":"https:\/\/www.justiceinfo.net\/fr\/11052-210709-rwandagenocide-aide-du-ministere-de-la-defense-aux-orphelins-du-genocide7859.html","title":{"rendered":"21.07.09 - RWANDA\/GENOCIDE - AIDE DU MINISTERE DE LA DEFENSE AUX ORPHELINS DU GENOCIDE"},"content":{"rendered":"<p >\nArusha, 21 juillet 2009 (FH) - Le personnel du minist&egrave;re rwandais de la D&eacute;fense a accord&eacute; lundi 41, 2 millions de francs rwandais (environ 74.000 dollars am&eacute;ricians) &agrave; la coordination de la &laquo;&nbsp;campagne un dollar&nbsp;&raquo; (One Dollar Campaign ) lanc&eacute;e en avril pour construire des logements &agrave; 600 orphelins du g&eacute;nocide de 1994, a rapport&eacute; mardi Radio Rwanda, une station gouvernementale.\n<\/p>\n<p><!--more--><\/p>\n<p >\n<p >\n<p >\nC'est le ministre de la D&eacute;fense en personne, le g&eacute;n&eacute;ral Marcel Gatsinzi, qui a remis le ch&egrave;que &agrave; Robert Masozera, coordinateur de cette campagne lanc&eacute;e par les Rwandais de la diaspora, a pr&eacute;cis&eacute; la radio.\n<\/p>\n<p >\n<p >\nLe ministre a indiqu&eacute; que le montant venait des contributions des employ&eacute;s, tant militaires que civils, de son d&eacute;partement.\n<\/p>\n<p >\n<p >\nEn plus de cette assistance financi&egrave;re, des techniciens du minist&egrave;re de la D&eacute;fense participeront aux travaux de construction de ces maisons destin&eacute;es &agrave; des orphelins du g&eacute;nocide, a promis le g&eacute;n&eacute;ral Gatsinzi.\n<\/p>\n<p >\n<p >\nCette initiative a connu l'appui de la presque totalit&eacute; des institutions publiques ainsi que des soci&eacute;t&eacute;s priv&eacute;es rwandaises.\n<\/p>\n<p >\n<p >\nLes plus hautes personnalit&eacute;s du pays ainsi que leurs &eacute;pouses ont &eacute;galement mis la main&nbsp;&agrave; la poche.\n<\/p>\n<p >\n<p >\nPar ailleurs, le 22 juin, les attaquants de Chelsea et de Barcelone, Didier Drogba et Samuel Eto'o, ont pris part &agrave; Kigali &agrave; un match de charit&eacute; au profit de ces orphelins. Kolo Tour&eacute; (Arsenal), son fr&egrave;re Yaya Tour&eacute; (Barcelone) et Rigobert Song (Galatasaray) &eacute;taient &eacute;galement align&eacute;s au coup d'envoi de la rencontre.\n<\/p>\n<p >\n<p >\nER\/GF\n<\/p>\n<p >\n<p >\n&copy; Agence Hirondelle<\/p>\n","protected":false},"excerpt":{"rendered":"<p>Arusha, 21 juillet 2009 (FH) - Le personnel du minist&egrave;re rwandais de la D&eacute;fense a accord&eacute; lundi 41, 2 millions de francs rwandais (environ 74.000 dollars am&eacute;ricians) &agrave; la coordination de la &laquo;&nbsp;campagne un dollar&nbsp;&raquo; (One Dollar Campaign ) lanc&eacute;e en avril pour construire des logements &agrave; 600 orphelins du g&eacute;nocide de 1994, a rapport&eacute; [&hellip;]<\/p>\n","protected":false},"author":64,"featured_media":0,"comment_status":"open","ping_status":"closed","sticky":false,"template":"","format":"standard","meta":{"_acf_changed":false,"footnotes":""},"categories":[554],"tags":[],"ji_location":[],"class_list":["post-11052","post","type-post","status-publish","format-standard","hentry","category-hirondellenews"],"acf":[],"yoast_head":"<!-- This site is optimized with the Yoast SEO Premium plugin v25.3.1 (Yoast SEO v25.3.1) - https:\/\/yoast.com\/wordpress\/plugins\/seo\/ -->\n<title>21.07.09 - RWANDA\/GENOCIDE - AIDE DU MINISTERE DE LA DEFENSE AUX ORPHELINS DU GENOCIDE - JusticeInfo.net<\/title>\n<meta name=\"robots\" content=\"index, follow, max-snippet:-1, max-image-preview:large, max-video-preview:-1\" \/>\n<link rel=\"canonical\" href=\"https:\/\/www.justiceinfo.net\/fr\/11052-210709-rwandagenocide-aide-du-ministere-de-la-defense-aux-orphelins-du-genocide7859.html\" \/>\n<meta property=\"og:locale\" content=\"fr_FR\" \/>\n<meta property=\"og:type\" content=\"article\" \/>\n<meta property=\"og:title\" content=\"21.07.09 - RWANDA\/GENOCIDE - AIDE DU MINISTERE DE LA DEFENSE AUX ORPHELINS DU GENOCIDE\" \/>\n<meta property=\"og:description\" content=\"Arusha, 21 juillet 2009 (FH) - Le personnel du minist&egrave;re rwandais de la D&eacute;fense a accord&eacute; lundi 41, 2 millions de francs rwandais (environ 74.000 dollars am&eacute;ricians) &agrave; la coordination de la &laquo;&nbsp;campagne un dollar&nbsp;&raquo; (One Dollar Campaign ) lanc&eacute;e en avril pour construire des logements &agrave; 600 orphelins du g&eacute;nocide de 1994, a rapport&eacute; [&hellip;]\" \/>\n<meta property=\"og:url\" content=\"https:\/\/www.justiceinfo.net\/fr\/11052-210709-rwandagenocide-aide-du-ministere-de-la-defense-aux-orphelins-du-genocide7859.html\" \/>\n<meta property=\"og:site_name\" content=\"JusticeInfo.net\" \/>\n<meta property=\"article:publisher\" content=\"https:\/\/www.facebook.com\/JusticeInfo\/\" \/>\n<meta property=\"article:published_time\" content=\"2009-07-20T22:00:00+00:00\" \/>\n<meta property=\"og:image\" content=\"https:\/\/www.justiceinfo.net\/wp-content\/uploads\/JusticeInfoNet_logo_1200x630px.jpg\" \/>\n\t<meta property=\"og:image:width\" content=\"1200\" \/>\n\t<meta property=\"og:image:height\" content=\"630\" \/>\n\t<meta property=\"og:image:type\" content=\"image\/jpeg\" \/>\n<meta name=\"author\" content=\"solivri\" \/>\n<meta name=\"twitter:card\" content=\"summary_large_image\" \/>\n<meta name=\"twitter:creator\" content=\"@justiceinfonet\" \/>\n<meta name=\"twitter:site\" content=\"@justiceinfonet\" \/>\n<meta name=\"twitter:label1\" content=\"\u00c9crit par\" \/>\n\t<meta name=\"twitter:data1\" content=\"solivri\" \/>\n\t<meta name=\"twitter:label2\" content=\"Dur\u00e9e de lecture estim\u00e9e\" \/>\n\t<meta name=\"twitter:data2\" content=\"2 minutes\" \/>\n<script type=\"application\/ld+json\" class=\"yoast-schema-graph\">{\"@context\":\"https:\/\/schema.org\",\"@graph\":[{\"@type\":\"NewsArticle\",\"@id\":\"https:\/\/www.justiceinfo.net\/fr\/11052-210709-rwandagenocide-aide-du-ministere-de-la-defense-aux-orphelins-du-genocide7859.html#article\",\"isPartOf\":{\"@id\":\"https:\/\/www.justiceinfo.net\/fr\/11052-210709-rwandagenocide-aide-du-ministere-de-la-defense-aux-orphelins-du-genocide7859.html\"},\"author\":{\"name\":\"solivri\",\"@id\":\"https:\/\/www.justiceinfo.net\/fr#\/schema\/person\/6e53cba1629e2e66f3fc1821d3091865\"},\"headline\":\"21.07.09 - RWANDA\/GENOCIDE - AIDE DU MINISTERE DE LA DEFENSE AUX ORPHELINS DU GENOCIDE\",\"datePublished\":\"2009-07-20T22:00:00+00:00\",\"mainEntityOfPage\":{\"@id\":\"https:\/\/www.justiceinfo.net\/fr\/11052-210709-rwandagenocide-aide-du-ministere-de-la-defense-aux-orphelins-du-genocide7859.html\"},\"wordCount\":319,\"commentCount\":0,\"publisher\":{\"@id\":\"https:\/\/www.justiceinfo.net\/fr#organization\"},\"articleSection\":[\"Hirondelle News\"],\"inLanguage\":\"fr-FR\",\"potentialAction\":[{\"@type\":\"CommentAction\",\"name\":\"Comment\",\"target\":[\"https:\/\/www.justiceinfo.net\/fr\/11052-210709-rwandagenocide-aide-du-ministere-de-la-defense-aux-orphelins-du-genocide7859.html#respond\"]}]},{\"@type\":\"WebPage\",\"@id\":\"https:\/\/www.justiceinfo.net\/fr\/11052-210709-rwandagenocide-aide-du-ministere-de-la-defense-aux-orphelins-du-genocide7859.html\",\"url\":\"https:\/\/www.justiceinfo.net\/fr\/11052-210709-rwandagenocide-aide-du-ministere-de-la-defense-aux-orphelins-du-genocide7859.html\",\"name\":\"21.07.09 - RWANDA\/GENOCIDE - AIDE DU MINISTERE DE LA DEFENSE AUX ORPHELINS DU GENOCIDE - JusticeInfo.net\",\"isPartOf\":{\"@id\":\"https:\/\/www.justiceinfo.net\/fr#website\"},\"datePublished\":\"2009-07-20T22:00:00+00:00\",\"breadcrumb\":{\"@id\":\"https:\/\/www.justiceinfo.net\/fr\/11052-210709-rwandagenocide-aide-du-ministere-de-la-defense-aux-orphelins-du-genocide7859.html#breadcrumb\"},\"inLanguage\":\"fr-FR\",\"potentialAction\":[{\"@type\":\"ReadAction\",\"target\":[\"https:\/\/www.justiceinfo.net\/fr\/11052-210709-rwandagenocide-aide-du-ministere-de-la-defense-aux-orphelins-du-genocide7859.html\"]}]},{\"@type\":\"BreadcrumbList\",\"@id\":\"https:\/\/www.justiceinfo.net\/fr\/11052-210709-rwandagenocide-aide-du-ministere-de-la-defense-aux-orphelins-du-genocide7859.html#breadcrumb\",\"itemListElement\":[{\"@type\":\"ListItem\",\"position\":1,\"name\":\"Home\",\"item\":\"https:\/\/www.justiceinfo.net\/fr\"},{\"@type\":\"ListItem\",\"position\":2,\"name\":\"21.07.09 - RWANDA\/GENOCIDE - AIDE DU MINISTERE DE LA DEFENSE AUX ORPHELINS DU GENOCIDE\"}]},{\"@type\":\"WebSite\",\"@id\":\"https:\/\/www.justiceinfo.net\/fr#website\",\"url\":\"https:\/\/www.justiceinfo.net\/fr\",\"name\":\"JusticeInfo.net\",\"description\":\"La justice doit \u00eatre vue pour \u00eatre rendue\",\"publisher\":{\"@id\":\"https:\/\/www.justiceinfo.net\/fr#organization\"},\"potentialAction\":[{\"@type\":\"SearchAction\",\"target\":{\"@type\":\"EntryPoint\",\"urlTemplate\":\"https:\/\/www.justiceinfo.net\/fr?s={search_term_string}\"},\"query-input\":{\"@type\":\"PropertyValueSpecification\",\"valueRequired\":true,\"valueName\":\"search_term_string\"}}],\"inLanguage\":\"fr-FR\"},{\"@type\":\"Organization\",\"@id\":\"https:\/\/www.justiceinfo.net\/fr#organization\",\"name\":\"Justice Info\",\"url\":\"https:\/\/www.justiceinfo.net\/fr\",\"logo\":{\"@type\":\"ImageObject\",\"inLanguage\":\"fr-FR\",\"@id\":\"https:\/\/www.justiceinfo.net\/fr#\/schema\/logo\/image\/\",\"url\":\"https:\/\/www.justiceinfo.net\/wp-content\/uploads\/justiceinfo_logo-trans_1200x1200px.png\",\"contentUrl\":\"https:\/\/www.justiceinfo.net\/wp-content\/uploads\/justiceinfo_logo-trans_1200x1200px.png\",\"width\":1199,\"height\":1200,\"caption\":\"Justice Info\"},\"image\":{\"@id\":\"https:\/\/www.justiceinfo.net\/fr#\/schema\/logo\/image\/\"},\"sameAs\":[\"https:\/\/www.facebook.com\/JusticeInfo\/\",\"https:\/\/x.com\/justiceinfonet\",\"https:\/\/www.linkedin.com\/company\/justice-info\",\"https:\/\/www.youtube.com\/channel\/UCyCEsARodyuWtkWyhn-e7pA\"]},{\"@type\":\"Person\",\"name\":\"solivri\",\"url\":\"\/fr\/?s=solivri\"}]}<\/script>\n<!-- \/ Yoast SEO Premium plugin. -->","yoast_head_json":{"title":"21.07.09 - RWANDA\/GENOCIDE - AIDE DU MINISTERE DE LA DEFENSE AUX ORPHELINS DU GENOCIDE - JusticeInfo.net","robots":{"index":"index","follow":"follow","max-snippet":"max-snippet:-1","max-image-preview":"max-image-preview:large","max-video-preview":"max-video-preview:-1"},"canonical":"https:\/\/www.justiceinfo.net\/fr\/11052-210709-rwandagenocide-aide-du-ministere-de-la-defense-aux-orphelins-du-genocide7859.html","og_locale":"fr_FR","og_type":"article","og_title":"21.07.09 - RWANDA\/GENOCIDE - AIDE DU MINISTERE DE LA DEFENSE AUX ORPHELINS DU GENOCIDE","og_description":"Arusha, 21 juillet 2009 (FH) - Le personnel du minist&egrave;re rwandais de la D&eacute;fense a accord&eacute; lundi 41, 2 millions de francs rwandais (environ 74.000 dollars am&eacute;ricians) &agrave; la coordination de la &laquo;&nbsp;campagne un dollar&nbsp;&raquo; (One Dollar Campaign ) lanc&eacute;e en avril pour construire des logements &agrave; 600 orphelins du g&eacute;nocide de 1994, a rapport&eacute; [&hellip;]","og_url":"https:\/\/www.justiceinfo.net\/fr\/11052-210709-rwandagenocide-aide-du-ministere-de-la-defense-aux-orphelins-du-genocide7859.html","og_site_name":"JusticeInfo.net","article_publisher":"https:\/\/www.facebook.com\/JusticeInfo\/","article_published_time":"2009-07-20T22:00:00+00:00","og_image":[{"width":1200,"height":630,"url":"https:\/\/www.justiceinfo.net\/wp-content\/uploads\/JusticeInfoNet_logo_1200x630px.jpg","type":"image\/jpeg"}],"author":"solivri","twitter_card":"summary_large_image","twitter_creator":"@justiceinfonet","twitter_site":"@justiceinfonet","twitter_misc":{"\u00c9crit par":"solivri","Dur\u00e9e de lecture estim\u00e9e":"2 minutes"},"schema":{"@context":"https:\/\/schema.org","@graph":[{"@type":"NewsArticle","@id":"https:\/\/www.justiceinfo.net\/fr\/11052-210709-rwandagenocide-aide-du-ministere-de-la-defense-aux-orphelins-du-genocide7859.html#article","isPartOf":{"@id":"https:\/\/www.justiceinfo.net\/fr\/11052-210709-rwandagenocide-aide-du-ministere-de-la-defense-aux-orphelins-du-genocide7859.html"},"author":{"name":"solivri","@id":"https:\/\/www.justiceinfo.net\/fr#\/schema\/person\/6e53cba1629e2e66f3fc1821d3091865"},"headline":"21.07.09 - RWANDA\/GENOCIDE - AIDE DU MINISTERE DE LA DEFENSE AUX ORPHELINS DU GENOCIDE","datePublished":"2009-07-20T22:00:00+00:00","mainEntityOfPage":{"@id":"https:\/\/www.justiceinfo.net\/fr\/11052-210709-rwandagenocide-aide-du-ministere-de-la-defense-aux-orphelins-du-genocide7859.html"},"wordCount":319,"commentCount":0,"publisher":{"@id":"https:\/\/www.justiceinfo.net\/fr#organization"},"articleSection":["Hirondelle News"],"inLanguage":"fr-FR","potentialAction":[{"@type":"CommentAction","name":"Comment","target":["https:\/\/www.justiceinfo.net\/fr\/11052-210709-rwandagenocide-aide-du-ministere-de-la-defense-aux-orphelins-du-genocide7859.html#respond"]}]},{"@type":"WebPage","@id":"https:\/\/www.justiceinfo.net\/fr\/11052-210709-rwandagenocide-aide-du-ministere-de-la-defense-aux-orphelins-du-genocide7859.html","url":"https:\/\/www.justiceinfo.net\/fr\/11052-210709-rwandagenocide-aide-du-ministere-de-la-defense-aux-orphelins-du-genocide7859.html","name":"21.07.09 - RWANDA\/GENOCIDE - AIDE DU MINISTERE DE LA DEFENSE AUX ORPHELINS DU GENOCIDE - JusticeInfo.net","isPartOf":{"@id":"https:\/\/www.justiceinfo.net\/fr#website"},"datePublished":"2009-07-20T22:00:00+00:00","breadcrumb":{"@id":"https:\/\/www.justiceinfo.net\/fr\/11052-210709-rwandagenocide-aide-du-ministere-de-la-defense-aux-orphelins-du-genocide7859.html#breadcrumb"},"inLanguage":"fr-FR","potentialAction":[{"@type":"ReadAction","target":["https:\/\/www.justiceinfo.net\/fr\/11052-210709-rwandagenocide-aide-du-ministere-de-la-defense-aux-orphelins-du-genocide7859.html"]}]},{"@type":"BreadcrumbList","@id":"https:\/\/www.justiceinfo.net\/fr\/11052-210709-rwandagenocide-aide-du-ministere-de-la-defense-aux-orphelins-du-genocide7859.html#breadcrumb","itemListElement":[{"@type":"ListItem","position":1,"name":"Home","item":"https:\/\/www.justiceinfo.net\/fr"},{"@type":"ListItem","position":2,"name":"21.07.09 - RWANDA\/GENOCIDE - AIDE DU MINISTERE DE LA DEFENSE AUX ORPHELINS DU GENOCIDE"}]},{"@type":"WebSite","@id":"https:\/\/www.justiceinfo.net\/fr#website","url":"https:\/\/www.justiceinfo.net\/fr","name":"JusticeInfo.net","description":"La justice doit \u00eatre vue pour \u00eatre rendue","publisher":{"@id":"https:\/\/www.justiceinfo.net\/fr#organization"},"potentialAction":[{"@type":"SearchAction","target":{"@type":"EntryPoint","urlTemplate":"https:\/\/www.justiceinfo.net\/fr?s={search_term_string}"},"query-input":{"@type":"PropertyValueSpecification","valueRequired":true,"valueName":"search_term_string"}}],"inLanguage":"fr-FR"},{"@type":"Organization","@id":"https:\/\/www.justiceinfo.net\/fr#organization","name":"Justice Info","url":"https:\/\/www.justiceinfo.net\/fr","logo":{"@type":"ImageObject","inLanguage":"fr-FR","@id":"https:\/\/www.justiceinfo.net\/fr#\/schema\/logo\/image\/","url":"https:\/\/www.justiceinfo.net\/wp-content\/uploads\/justiceinfo_logo-trans_1200x1200px.png","contentUrl":"https:\/\/www.justiceinfo.net\/wp-content\/uploads\/justiceinfo_logo-trans_1200x1200px.png","width":1199,"height":1200,"caption":"Justice Info"},"image":{"@id":"https:\/\/www.justiceinfo.net\/fr#\/schema\/logo\/image\/"},"sameAs":["https:\/\/www.facebook.com\/JusticeInfo\/","https:\/\/x.com\/justiceinfonet","https:\/\/www.linkedin.com\/company\/justice-info","https:\/\/www.youtube.com\/channel\/UCyCEsARodyuWtkWyhn-e7pA"]},{"@type":"Person","name":"solivri","url":"\/fr\/?s=solivri"}]}},"_links":{"self":[{"href":"https:\/\/www.justiceinfo.net\/fr\/wp-json\/wp\/v2\/posts\/11052","targetHints":{"allow":["GET"]}}],"collection":[{"href":"https:\/\/www.justiceinfo.net\/fr\/wp-json\/wp\/v2\/posts"}],"about":[{"href":"https:\/\/www.justiceinfo.net\/fr\/wp-json\/wp\/v2\/types\/post"}],"author":[{"embeddable":true,"href":"https:\/\/www.justiceinfo.net\/fr\/wp-json\/wp\/v2\/users\/64"}],"replies":[{"embeddable":true,"href":"https:\/\/www.justiceinfo.net\/fr\/wp-json\/wp\/v2\/comments?post=11052"}],"version-history":[{"count":0,"href":"https:\/\/www.justiceinfo.net\/fr\/wp-json\/wp\/v2\/posts\/11052\/revisions"}],"wp:attachment":[{"href":"https:\/\/www.justiceinfo.net\/fr\/wp-json\/wp\/v2\/media?parent=11052"}],"wp:term":[{"taxonomy":"category","embeddable":true,"href":"https:\/\/www.justiceinfo.net\/fr\/wp-json\/wp\/v2\/categories?post=11052"},{"taxonomy":"post_tag","embeddable":true,"href":"https:\/\/www.justiceinfo.net\/fr\/wp-json\/wp\/v2\/tags?post=11052"},{"taxonomy":"ji_location","embeddable":true,"href":"https:\/\/www.justiceinfo.net\/fr\/wp-json\/wp\/v2\/ji_location?post=11052"}],"curies":[{"name":"wp","href":"https:\/\/api.w.org\/{rel}","templated":true}]}}