{"id":11058,"date":"2009-07-23T00:00:00","date_gmt":"2009-07-22T22:00:00","guid":{"rendered":"https:\/\/www.justiceinfo.net\/11058-230709-rwandagenocide-deux-filles-blessees-par-une-grenade-lancee-sur-un-memorial-du-genocide7865.html"},"modified":"2009-07-23T00:00:00","modified_gmt":"2009-07-22T22:00:00","slug":"230709-rwandagenocide-deux-filles-blessees-par-une-grenade-lancee-sur-un-memorial-du-genocide7865","status":"publish","type":"post","link":"https:\/\/www.justiceinfo.net\/fr\/11058-230709-rwandagenocide-deux-filles-blessees-par-une-grenade-lancee-sur-un-memorial-du-genocide7865.html","title":{"rendered":"23.07.09 - RWANDA\/GENOCIDE - DEUX FILLES BLESSEES PAR UNE GRENADE LANCEE SUR UN MEMORIAL DU GENOCIDE"},"content":{"rendered":"<p >\nArusha 23 juillet 2009 (FH) - Deux jeunes filles ont &eacute;t&eacute; l&eacute;g&egrave;rement bless&eacute;es par l'explosion d'une grenade lanc&eacute;e mercredi soir sur le principal m&eacute;morial du g&eacute;nocide de 1994 &agrave; Kigali, a-t-on appris jeudi de source polici&egrave;re.\n<\/p>\n<p><!--more--><\/p>\n<p >\n<p >\n&laquo;&nbsp;La grenade a &eacute;t&eacute; lanc&eacute;e aux environs de 19 heures (17 heures GMT). Deux jeunes filles ont &eacute;t&eacute; l&eacute;g&egrave;rement bless&eacute;es, la police les a imm&eacute;diatement conduites &agrave; l'h&ocirc;pital&nbsp;&raquo;, a indiqu&eacute; &agrave; l'agence Hirondelle le porte-parole de la police rwandaise, John Uwamungu, joint au t&eacute;l&eacute;phone &agrave; Kigali.\n<\/p>\n<p >\n&laquo;&nbsp;Celui qui a lanc&eacute; la grenade &eacute;tait arriv&eacute; &agrave; bord d'une moto qui &eacute;tait conduite par une autre personne&nbsp;; et il s'est enfui aussit&ocirc;t apr&egrave;s avoir lanc&eacute; la grenade&nbsp;&raquo;, a poursuivi M. Uwamungu, en soulignant que le conducteur de la moto avait &eacute;t&eacute; arr&ecirc;t&eacute;.\n<\/p>\n<p >\n&laquo;L'enqu&ecirc;te a commenc&eacute;, nous sommes en train d'interroger le conducteur de la moto&nbsp;&raquo;, a indiqu&eacute; le porte-parole de la police.\n<\/p>\n<p >\nC'est la troisi&egrave;me fois que ce m&eacute;morial, qui abrite les restes de 300.000 personnes tu&eacute;es pendant le g&eacute;nocide perp&eacute;tr&eacute; contre les Tutsis en 1994, est attaqu&eacute; depuis l'ann&eacute;e derni&egrave;re.\n<\/p>\n<p >\nLors de la premi&egrave;re attaque, en avril 2008, en pleine comm&eacute;moration du g&eacute;nocide, un policier avait &eacute;t&eacute; tu&eacute;.\n<\/p>\n<p >\nSelon le porte-parole de la police, les auteurs des deux pr&eacute;c&eacute;dentes attaques n'ont toujours pas &eacute;t&eacute; identifi&eacute;s.\n<\/p>\n<p >\n<p >\nER\/GF&nbsp;\n<\/p>\n<p>\n&copy; Agence Hirondelle<\/p>\n","protected":false},"excerpt":{"rendered":"<p>Arusha 23 juillet 2009 (FH) - Deux jeunes filles ont &eacute;t&eacute; l&eacute;g&egrave;rement bless&eacute;es par l'explosion d'une grenade lanc&eacute;e mercredi soir sur le principal m&eacute;morial du g&eacute;nocide de 1994 &agrave; Kigali, a-t-on appris jeudi de source polici&egrave;re.<\/p>\n","protected":false},"author":64,"featured_media":0,"comment_status":"open","ping_status":"closed","sticky":false,"template":"","format":"standard","meta":{"_acf_changed":false,"footnotes":""},"categories":[554],"tags":[],"ji_location":[],"class_list":["post-11058","post","type-post","status-publish","format-standard","hentry","category-hirondellenews"],"acf":[],"yoast_head":"<!-- This site is optimized with the Yoast SEO Premium plugin v25.3.1 (Yoast SEO v25.3.1) - https:\/\/yoast.com\/wordpress\/plugins\/seo\/ -->\n<title>23.07.09 - RWANDA\/GENOCIDE - DEUX FILLES BLESSEES PAR UNE GRENADE LANCEE SUR UN MEMORIAL DU GENOCIDE - JusticeInfo.net<\/title>\n<meta name=\"robots\" content=\"index, follow, max-snippet:-1, max-image-preview:large, max-video-preview:-1\" \/>\n<link rel=\"canonical\" href=\"https:\/\/www.justiceinfo.net\/fr\/11058-230709-rwandagenocide-deux-filles-blessees-par-une-grenade-lancee-sur-un-memorial-du-genocide7865.html\" \/>\n<meta property=\"og:locale\" content=\"fr_FR\" \/>\n<meta property=\"og:type\" content=\"article\" \/>\n<meta property=\"og:title\" content=\"23.07.09 - RWANDA\/GENOCIDE - DEUX FILLES BLESSEES PAR UNE GRENADE LANCEE SUR UN MEMORIAL DU GENOCIDE\" \/>\n<meta property=\"og:description\" content=\"Arusha 23 juillet 2009 (FH) - Deux jeunes filles ont &eacute;t&eacute; l&eacute;g&egrave;rement bless&eacute;es par l&#039;explosion d&#039;une grenade lanc&eacute;e mercredi soir sur le principal m&eacute;morial du g&eacute;nocide de 1994 &agrave; Kigali, a-t-on appris jeudi de source polici&egrave;re.\" \/>\n<meta property=\"og:url\" content=\"https:\/\/www.justiceinfo.net\/fr\/11058-230709-rwandagenocide-deux-filles-blessees-par-une-grenade-lancee-sur-un-memorial-du-genocide7865.html\" \/>\n<meta property=\"og:site_name\" content=\"JusticeInfo.net\" \/>\n<meta property=\"article:publisher\" content=\"https:\/\/www.facebook.com\/JusticeInfo\/\" \/>\n<meta property=\"article:published_time\" content=\"2009-07-22T22:00:00+00:00\" \/>\n<meta property=\"og:image\" content=\"https:\/\/www.justiceinfo.net\/wp-content\/uploads\/JusticeInfoNet_logo_1200x630px.jpg\" \/>\n\t<meta property=\"og:image:width\" content=\"1200\" \/>\n\t<meta property=\"og:image:height\" content=\"630\" \/>\n\t<meta property=\"og:image:type\" content=\"image\/jpeg\" \/>\n<meta name=\"author\" content=\"solivri\" \/>\n<meta name=\"twitter:card\" content=\"summary_large_image\" \/>\n<meta name=\"twitter:creator\" content=\"@justiceinfonet\" \/>\n<meta name=\"twitter:site\" content=\"@justiceinfonet\" \/>\n<meta name=\"twitter:label1\" content=\"\u00c9crit par\" \/>\n\t<meta name=\"twitter:data1\" content=\"solivri\" \/>\n\t<meta name=\"twitter:label2\" content=\"Dur\u00e9e de lecture estim\u00e9e\" \/>\n\t<meta name=\"twitter:data2\" content=\"2 minutes\" \/>\n<script type=\"application\/ld+json\" class=\"yoast-schema-graph\">{\"@context\":\"https:\/\/schema.org\",\"@graph\":[{\"@type\":\"NewsArticle\",\"@id\":\"https:\/\/www.justiceinfo.net\/fr\/11058-230709-rwandagenocide-deux-filles-blessees-par-une-grenade-lancee-sur-un-memorial-du-genocide7865.html#article\",\"isPartOf\":{\"@id\":\"https:\/\/www.justiceinfo.net\/fr\/11058-230709-rwandagenocide-deux-filles-blessees-par-une-grenade-lancee-sur-un-memorial-du-genocide7865.html\"},\"author\":{\"name\":\"solivri\",\"@id\":\"https:\/\/www.justiceinfo.net\/fr#\/schema\/person\/6e53cba1629e2e66f3fc1821d3091865\"},\"headline\":\"23.07.09 - RWANDA\/GENOCIDE - DEUX FILLES BLESSEES PAR UNE GRENADE LANCEE SUR UN MEMORIAL DU GENOCIDE\",\"datePublished\":\"2009-07-22T22:00:00+00:00\",\"mainEntityOfPage\":{\"@id\":\"https:\/\/www.justiceinfo.net\/fr\/11058-230709-rwandagenocide-deux-filles-blessees-par-une-grenade-lancee-sur-un-memorial-du-genocide7865.html\"},\"wordCount\":335,\"commentCount\":0,\"publisher\":{\"@id\":\"https:\/\/www.justiceinfo.net\/fr#organization\"},\"articleSection\":[\"Hirondelle News\"],\"inLanguage\":\"fr-FR\",\"potentialAction\":[{\"@type\":\"CommentAction\",\"name\":\"Comment\",\"target\":[\"https:\/\/www.justiceinfo.net\/fr\/11058-230709-rwandagenocide-deux-filles-blessees-par-une-grenade-lancee-sur-un-memorial-du-genocide7865.html#respond\"]}]},{\"@type\":\"WebPage\",\"@id\":\"https:\/\/www.justiceinfo.net\/fr\/11058-230709-rwandagenocide-deux-filles-blessees-par-une-grenade-lancee-sur-un-memorial-du-genocide7865.html\",\"url\":\"https:\/\/www.justiceinfo.net\/fr\/11058-230709-rwandagenocide-deux-filles-blessees-par-une-grenade-lancee-sur-un-memorial-du-genocide7865.html\",\"name\":\"23.07.09 - RWANDA\/GENOCIDE - DEUX FILLES BLESSEES PAR UNE GRENADE LANCEE SUR UN MEMORIAL DU GENOCIDE - JusticeInfo.net\",\"isPartOf\":{\"@id\":\"https:\/\/www.justiceinfo.net\/fr#website\"},\"datePublished\":\"2009-07-22T22:00:00+00:00\",\"breadcrumb\":{\"@id\":\"https:\/\/www.justiceinfo.net\/fr\/11058-230709-rwandagenocide-deux-filles-blessees-par-une-grenade-lancee-sur-un-memorial-du-genocide7865.html#breadcrumb\"},\"inLanguage\":\"fr-FR\",\"potentialAction\":[{\"@type\":\"ReadAction\",\"target\":[\"https:\/\/www.justiceinfo.net\/fr\/11058-230709-rwandagenocide-deux-filles-blessees-par-une-grenade-lancee-sur-un-memorial-du-genocide7865.html\"]}]},{\"@type\":\"BreadcrumbList\",\"@id\":\"https:\/\/www.justiceinfo.net\/fr\/11058-230709-rwandagenocide-deux-filles-blessees-par-une-grenade-lancee-sur-un-memorial-du-genocide7865.html#breadcrumb\",\"itemListElement\":[{\"@type\":\"ListItem\",\"position\":1,\"name\":\"Home\",\"item\":\"https:\/\/www.justiceinfo.net\/fr\"},{\"@type\":\"ListItem\",\"position\":2,\"name\":\"23.07.09 - RWANDA\/GENOCIDE - DEUX FILLES BLESSEES PAR UNE GRENADE LANCEE SUR UN MEMORIAL DU GENOCIDE\"}]},{\"@type\":\"WebSite\",\"@id\":\"https:\/\/www.justiceinfo.net\/fr#website\",\"url\":\"https:\/\/www.justiceinfo.net\/fr\",\"name\":\"JusticeInfo.net\",\"description\":\"La justice doit \u00eatre vue pour \u00eatre rendue\",\"publisher\":{\"@id\":\"https:\/\/www.justiceinfo.net\/fr#organization\"},\"potentialAction\":[{\"@type\":\"SearchAction\",\"target\":{\"@type\":\"EntryPoint\",\"urlTemplate\":\"https:\/\/www.justiceinfo.net\/fr?s={search_term_string}\"},\"query-input\":{\"@type\":\"PropertyValueSpecification\",\"valueRequired\":true,\"valueName\":\"search_term_string\"}}],\"inLanguage\":\"fr-FR\"},{\"@type\":\"Organization\",\"@id\":\"https:\/\/www.justiceinfo.net\/fr#organization\",\"name\":\"Justice Info\",\"url\":\"https:\/\/www.justiceinfo.net\/fr\",\"logo\":{\"@type\":\"ImageObject\",\"inLanguage\":\"fr-FR\",\"@id\":\"https:\/\/www.justiceinfo.net\/fr#\/schema\/logo\/image\/\",\"url\":\"https:\/\/www.justiceinfo.net\/wp-content\/uploads\/justiceinfo_logo-trans_1200x1200px.png\",\"contentUrl\":\"https:\/\/www.justiceinfo.net\/wp-content\/uploads\/justiceinfo_logo-trans_1200x1200px.png\",\"width\":1199,\"height\":1200,\"caption\":\"Justice Info\"},\"image\":{\"@id\":\"https:\/\/www.justiceinfo.net\/fr#\/schema\/logo\/image\/\"},\"sameAs\":[\"https:\/\/www.facebook.com\/JusticeInfo\/\",\"https:\/\/x.com\/justiceinfonet\",\"https:\/\/www.linkedin.com\/company\/justice-info\",\"https:\/\/www.youtube.com\/channel\/UCyCEsARodyuWtkWyhn-e7pA\"]},{\"@type\":\"Person\",\"name\":\"solivri\",\"url\":\"\/fr\/?s=solivri\"}]}<\/script>\n<!-- \/ Yoast SEO Premium plugin. -->","yoast_head_json":{"title":"23.07.09 - RWANDA\/GENOCIDE - DEUX FILLES BLESSEES PAR UNE GRENADE LANCEE SUR UN MEMORIAL DU GENOCIDE - JusticeInfo.net","robots":{"index":"index","follow":"follow","max-snippet":"max-snippet:-1","max-image-preview":"max-image-preview:large","max-video-preview":"max-video-preview:-1"},"canonical":"https:\/\/www.justiceinfo.net\/fr\/11058-230709-rwandagenocide-deux-filles-blessees-par-une-grenade-lancee-sur-un-memorial-du-genocide7865.html","og_locale":"fr_FR","og_type":"article","og_title":"23.07.09 - RWANDA\/GENOCIDE - DEUX FILLES BLESSEES PAR UNE GRENADE LANCEE SUR UN MEMORIAL DU GENOCIDE","og_description":"Arusha 23 juillet 2009 (FH) - Deux jeunes filles ont &eacute;t&eacute; l&eacute;g&egrave;rement bless&eacute;es par l'explosion d'une grenade lanc&eacute;e mercredi soir sur le principal m&eacute;morial du g&eacute;nocide de 1994 &agrave; Kigali, a-t-on appris jeudi de source polici&egrave;re.","og_url":"https:\/\/www.justiceinfo.net\/fr\/11058-230709-rwandagenocide-deux-filles-blessees-par-une-grenade-lancee-sur-un-memorial-du-genocide7865.html","og_site_name":"JusticeInfo.net","article_publisher":"https:\/\/www.facebook.com\/JusticeInfo\/","article_published_time":"2009-07-22T22:00:00+00:00","og_image":[{"width":1200,"height":630,"url":"https:\/\/www.justiceinfo.net\/wp-content\/uploads\/JusticeInfoNet_logo_1200x630px.jpg","type":"image\/jpeg"}],"author":"solivri","twitter_card":"summary_large_image","twitter_creator":"@justiceinfonet","twitter_site":"@justiceinfonet","twitter_misc":{"\u00c9crit par":"solivri","Dur\u00e9e de lecture estim\u00e9e":"2 minutes"},"schema":{"@context":"https:\/\/schema.org","@graph":[{"@type":"NewsArticle","@id":"https:\/\/www.justiceinfo.net\/fr\/11058-230709-rwandagenocide-deux-filles-blessees-par-une-grenade-lancee-sur-un-memorial-du-genocide7865.html#article","isPartOf":{"@id":"https:\/\/www.justiceinfo.net\/fr\/11058-230709-rwandagenocide-deux-filles-blessees-par-une-grenade-lancee-sur-un-memorial-du-genocide7865.html"},"author":{"name":"solivri","@id":"https:\/\/www.justiceinfo.net\/fr#\/schema\/person\/6e53cba1629e2e66f3fc1821d3091865"},"headline":"23.07.09 - RWANDA\/GENOCIDE - DEUX FILLES BLESSEES PAR UNE GRENADE LANCEE SUR UN MEMORIAL DU GENOCIDE","datePublished":"2009-07-22T22:00:00+00:00","mainEntityOfPage":{"@id":"https:\/\/www.justiceinfo.net\/fr\/11058-230709-rwandagenocide-deux-filles-blessees-par-une-grenade-lancee-sur-un-memorial-du-genocide7865.html"},"wordCount":335,"commentCount":0,"publisher":{"@id":"https:\/\/www.justiceinfo.net\/fr#organization"},"articleSection":["Hirondelle News"],"inLanguage":"fr-FR","potentialAction":[{"@type":"CommentAction","name":"Comment","target":["https:\/\/www.justiceinfo.net\/fr\/11058-230709-rwandagenocide-deux-filles-blessees-par-une-grenade-lancee-sur-un-memorial-du-genocide7865.html#respond"]}]},{"@type":"WebPage","@id":"https:\/\/www.justiceinfo.net\/fr\/11058-230709-rwandagenocide-deux-filles-blessees-par-une-grenade-lancee-sur-un-memorial-du-genocide7865.html","url":"https:\/\/www.justiceinfo.net\/fr\/11058-230709-rwandagenocide-deux-filles-blessees-par-une-grenade-lancee-sur-un-memorial-du-genocide7865.html","name":"23.07.09 - RWANDA\/GENOCIDE - DEUX FILLES BLESSEES PAR UNE GRENADE LANCEE SUR UN MEMORIAL DU GENOCIDE - JusticeInfo.net","isPartOf":{"@id":"https:\/\/www.justiceinfo.net\/fr#website"},"datePublished":"2009-07-22T22:00:00+00:00","breadcrumb":{"@id":"https:\/\/www.justiceinfo.net\/fr\/11058-230709-rwandagenocide-deux-filles-blessees-par-une-grenade-lancee-sur-un-memorial-du-genocide7865.html#breadcrumb"},"inLanguage":"fr-FR","potentialAction":[{"@type":"ReadAction","target":["https:\/\/www.justiceinfo.net\/fr\/11058-230709-rwandagenocide-deux-filles-blessees-par-une-grenade-lancee-sur-un-memorial-du-genocide7865.html"]}]},{"@type":"BreadcrumbList","@id":"https:\/\/www.justiceinfo.net\/fr\/11058-230709-rwandagenocide-deux-filles-blessees-par-une-grenade-lancee-sur-un-memorial-du-genocide7865.html#breadcrumb","itemListElement":[{"@type":"ListItem","position":1,"name":"Home","item":"https:\/\/www.justiceinfo.net\/fr"},{"@type":"ListItem","position":2,"name":"23.07.09 - RWANDA\/GENOCIDE - DEUX FILLES BLESSEES PAR UNE GRENADE LANCEE SUR UN MEMORIAL DU GENOCIDE"}]},{"@type":"WebSite","@id":"https:\/\/www.justiceinfo.net\/fr#website","url":"https:\/\/www.justiceinfo.net\/fr","name":"JusticeInfo.net","description":"La justice doit \u00eatre vue pour \u00eatre rendue","publisher":{"@id":"https:\/\/www.justiceinfo.net\/fr#organization"},"potentialAction":[{"@type":"SearchAction","target":{"@type":"EntryPoint","urlTemplate":"https:\/\/www.justiceinfo.net\/fr?s={search_term_string}"},"query-input":{"@type":"PropertyValueSpecification","valueRequired":true,"valueName":"search_term_string"}}],"inLanguage":"fr-FR"},{"@type":"Organization","@id":"https:\/\/www.justiceinfo.net\/fr#organization","name":"Justice Info","url":"https:\/\/www.justiceinfo.net\/fr","logo":{"@type":"ImageObject","inLanguage":"fr-FR","@id":"https:\/\/www.justiceinfo.net\/fr#\/schema\/logo\/image\/","url":"https:\/\/www.justiceinfo.net\/wp-content\/uploads\/justiceinfo_logo-trans_1200x1200px.png","contentUrl":"https:\/\/www.justiceinfo.net\/wp-content\/uploads\/justiceinfo_logo-trans_1200x1200px.png","width":1199,"height":1200,"caption":"Justice Info"},"image":{"@id":"https:\/\/www.justiceinfo.net\/fr#\/schema\/logo\/image\/"},"sameAs":["https:\/\/www.facebook.com\/JusticeInfo\/","https:\/\/x.com\/justiceinfonet","https:\/\/www.linkedin.com\/company\/justice-info","https:\/\/www.youtube.com\/channel\/UCyCEsARodyuWtkWyhn-e7pA"]},{"@type":"Person","name":"solivri","url":"\/fr\/?s=solivri"}]}},"_links":{"self":[{"href":"https:\/\/www.justiceinfo.net\/fr\/wp-json\/wp\/v2\/posts\/11058","targetHints":{"allow":["GET"]}}],"collection":[{"href":"https:\/\/www.justiceinfo.net\/fr\/wp-json\/wp\/v2\/posts"}],"about":[{"href":"https:\/\/www.justiceinfo.net\/fr\/wp-json\/wp\/v2\/types\/post"}],"author":[{"embeddable":true,"href":"https:\/\/www.justiceinfo.net\/fr\/wp-json\/wp\/v2\/users\/64"}],"replies":[{"embeddable":true,"href":"https:\/\/www.justiceinfo.net\/fr\/wp-json\/wp\/v2\/comments?post=11058"}],"version-history":[{"count":0,"href":"https:\/\/www.justiceinfo.net\/fr\/wp-json\/wp\/v2\/posts\/11058\/revisions"}],"wp:attachment":[{"href":"https:\/\/www.justiceinfo.net\/fr\/wp-json\/wp\/v2\/media?parent=11058"}],"wp:term":[{"taxonomy":"category","embeddable":true,"href":"https:\/\/www.justiceinfo.net\/fr\/wp-json\/wp\/v2\/categories?post=11058"},{"taxonomy":"post_tag","embeddable":true,"href":"https:\/\/www.justiceinfo.net\/fr\/wp-json\/wp\/v2\/tags?post=11058"},{"taxonomy":"ji_location","embeddable":true,"href":"https:\/\/www.justiceinfo.net\/fr\/wp-json\/wp\/v2\/ji_location?post=11058"}],"curies":[{"name":"wp","href":"https:\/\/api.w.org\/{rel}","templated":true}]}}