{"id":11062,"date":"2009-07-23T00:00:00","date_gmt":"2009-07-22T22:00:00","guid":{"rendered":"https:\/\/www.justiceinfo.net\/11062-230709-tpirbagaragaza-le-debut-du-proces-de-lex-patron-de-la-filiere-the-fixe-au-31-aout7869.html"},"modified":"2009-07-23T00:00:00","modified_gmt":"2009-07-22T22:00:00","slug":"230709-tpirbagaragaza-le-debut-du-proces-de-lex-patron-de-la-filiere-the-fixe-au-31-aout7869","status":"publish","type":"post","link":"https:\/\/www.justiceinfo.net\/fr\/11062-230709-tpirbagaragaza-le-debut-du-proces-de-lex-patron-de-la-filiere-the-fixe-au-31-aout7869.html","title":{"rendered":"23.07.09 - TPIR\/BAGARAGAZA - LE DEBUT DU PROCES DE L'EX-PATRON DE LA FILIERE THE FIXE AU 31 AOUT"},"content":{"rendered":"<p >\nArusha, 23 juillet 2009 (FH) - Le Tribunal p&eacute;nal international pour le Rwanda (TPIR) a fix&eacute; au 31 ao&ucirc;t prochain l'ouverture du proc&egrave;s de l'ancien patron de la fili&egrave;re th&eacute;, Michel Bagaragaza, un proche de l'ex-pr&eacute;sident rwandais Juv&eacute;nal Habyarimana.\n<\/p>\n<p><!--more--><\/p>\n<p >\n<p >\n<p >\nBagaragaza est notamment accus&eacute; d'avoir contribu&eacute; &agrave; cr&eacute;er, financer, entra&icirc;ner et armer les milices Interahamwe, principaux bras arm&eacute;s du g&eacute;nocide qui a fait, selon l'ONU, pr&egrave;s de 800.000 tu&eacute;s, essentiellement parmi les Tutsis.\n<\/p>\n<p >\n<p >\nS'il y a une chose &agrave; laquelle l'ex-responsable &eacute;conomique ne s'attendait pas, c'est d'&ecirc;tre jug&eacute; au TPIR.\n<\/p>\n<p >\n<p >\nApr&egrave;s avoir t&eacute;moign&eacute; contre d'autres accus&eacute;s devant ce tribunal des Nations Unies, dont Protais Zigiranyirazo, le beau-fr&egrave;re de Juv&eacute;nal Habyarimana, Bagaragaza, qui craignait pour sa s&eacute;curit&eacute; en cas de d&eacute;tention &agrave; Arusha, avait &eacute;t&eacute; d&eacute;tenu &agrave; La Haye, dans le cadre d'un arrangement avec le bureau du procureur.\n<\/p>\n<p >\n<p >\nEn &eacute;change de cette collaboration, le procureur s'&eacute;tait engag&eacute; &agrave; confier son dossier &agrave; un pays europ&eacute;en.\n<\/p>\n<p >\n<p >\nMais les tentatives de le faire juger d'abord en Norv&egrave;ge, puis aux Pays Bas, ont &eacute;chou&eacute; et l'accus&eacute; a &eacute;t&eacute; renvoy&eacute; malgr&eacute; lui &agrave; Arusha, en mai 2008.\n<\/p>\n<p >\n<p >\nRestait alors pour les deux parties &agrave; l'accord de n&eacute;gocier un plaidoyer de culpabilit&eacute;. Au terme de discussions men&eacute;es dans le plus grand secret, l'accus&eacute; et le procureur seraient parvenus l'ann&eacute;e derni&egrave;re &agrave; un projet d'entente.\n<\/p>\n<p >\n<p >\nInform&eacute;s de cette n&eacute;gociation, d'autres accus&eacute;s ont demand&eacute; la divulgation de ce document mais le procureur leur a r&eacute;pliqu&eacute; qu'il ne pouvait leur donner un accord de plaidoyer de culpabilit&eacute; non encore valid&eacute; par le tribunal, un raisonnement dans lequel il a &eacute;t&eacute; suivi par les juges.\n<\/p>\n<p >\n<p >\nApr&egrave;s cette premi&egrave;re tentative, la d&eacute;fense de Joseph Nzirorera, ex-secr&eacute;taire g&eacute;n&eacute;ral du MRND, est revenue &agrave; la charge avec un nouvel argument&nbsp;: Peter Robinson, l'avocat am&eacute;ricain de Nzirorera a affirm&eacute;, dans une requ&ecirc;te dat&eacute;e de juillet 2008, que les n&eacute;gociations avaient finalement &eacute;chou&eacute; et qu'il n'y avait donc plus de raison de garder le document secret.\n<\/p>\n<p >\n<p >\nCet &eacute;chec&nbsp;n'a pas &eacute;t&eacute; infirm&eacute; par le procureur.\n<\/p>\n<p >\n<p >\nER\/GF\n<\/p>\n<p>\n&copy; Agence Hirondelle<\/p>\n","protected":false},"excerpt":{"rendered":"<p>Arusha, 23 juillet 2009 (FH) - Le Tribunal p&eacute;nal international pour le Rwanda (TPIR) a fix&eacute; au 31 ao&ucirc;t prochain l'ouverture du proc&egrave;s de l'ancien patron de la fili&egrave;re th&eacute;, Michel Bagaragaza, un proche de l'ex-pr&eacute;sident rwandais Juv&eacute;nal Habyarimana.<\/p>\n","protected":false},"author":64,"featured_media":0,"comment_status":"open","ping_status":"closed","sticky":false,"template":"","format":"standard","meta":{"_acf_changed":false,"footnotes":""},"categories":[554],"tags":[],"ji_location":[],"class_list":["post-11062","post","type-post","status-publish","format-standard","hentry","category-hirondellenews"],"acf":[],"yoast_head":"<!-- This site is optimized with the Yoast SEO Premium plugin v25.3.1 (Yoast SEO v25.3.1) - https:\/\/yoast.com\/wordpress\/plugins\/seo\/ -->\n<title>23.07.09 - TPIR\/BAGARAGAZA - LE DEBUT DU PROCES DE L&#039;EX-PATRON DE LA FILIERE THE FIXE AU 31 AOUT - JusticeInfo.net<\/title>\n<meta name=\"robots\" content=\"index, follow, max-snippet:-1, max-image-preview:large, max-video-preview:-1\" \/>\n<link rel=\"canonical\" href=\"https:\/\/www.justiceinfo.net\/fr\/11062-230709-tpirbagaragaza-le-debut-du-proces-de-lex-patron-de-la-filiere-the-fixe-au-31-aout7869.html\" \/>\n<meta property=\"og:locale\" content=\"fr_FR\" \/>\n<meta property=\"og:type\" content=\"article\" \/>\n<meta property=\"og:title\" content=\"23.07.09 - TPIR\/BAGARAGAZA - LE DEBUT DU PROCES DE L&#039;EX-PATRON DE LA FILIERE THE FIXE AU 31 AOUT\" \/>\n<meta property=\"og:description\" content=\"Arusha, 23 juillet 2009 (FH) - Le Tribunal p&eacute;nal international pour le Rwanda (TPIR) a fix&eacute; au 31 ao&ucirc;t prochain l&#039;ouverture du proc&egrave;s de l&#039;ancien patron de la fili&egrave;re th&eacute;, Michel Bagaragaza, un proche de l&#039;ex-pr&eacute;sident rwandais Juv&eacute;nal Habyarimana.\" \/>\n<meta property=\"og:url\" content=\"https:\/\/www.justiceinfo.net\/fr\/11062-230709-tpirbagaragaza-le-debut-du-proces-de-lex-patron-de-la-filiere-the-fixe-au-31-aout7869.html\" \/>\n<meta property=\"og:site_name\" content=\"JusticeInfo.net\" \/>\n<meta property=\"article:publisher\" content=\"https:\/\/www.facebook.com\/JusticeInfo\/\" \/>\n<meta property=\"article:published_time\" content=\"2009-07-22T22:00:00+00:00\" \/>\n<meta property=\"og:image\" content=\"https:\/\/www.justiceinfo.net\/wp-content\/uploads\/JusticeInfoNet_logo_1200x630px.jpg\" \/>\n\t<meta property=\"og:image:width\" content=\"1200\" \/>\n\t<meta property=\"og:image:height\" content=\"630\" \/>\n\t<meta property=\"og:image:type\" content=\"image\/jpeg\" \/>\n<meta name=\"author\" content=\"solivri\" \/>\n<meta name=\"twitter:card\" content=\"summary_large_image\" \/>\n<meta name=\"twitter:creator\" content=\"@justiceinfonet\" \/>\n<meta name=\"twitter:site\" content=\"@justiceinfonet\" \/>\n<meta name=\"twitter:label1\" content=\"\u00c9crit par\" \/>\n\t<meta name=\"twitter:data1\" content=\"solivri\" \/>\n\t<meta name=\"twitter:label2\" content=\"Dur\u00e9e de lecture estim\u00e9e\" \/>\n\t<meta name=\"twitter:data2\" content=\"2 minutes\" \/>\n<script type=\"application\/ld+json\" class=\"yoast-schema-graph\">{\"@context\":\"https:\/\/schema.org\",\"@graph\":[{\"@type\":\"NewsArticle\",\"@id\":\"https:\/\/www.justiceinfo.net\/fr\/11062-230709-tpirbagaragaza-le-debut-du-proces-de-lex-patron-de-la-filiere-the-fixe-au-31-aout7869.html#article\",\"isPartOf\":{\"@id\":\"https:\/\/www.justiceinfo.net\/fr\/11062-230709-tpirbagaragaza-le-debut-du-proces-de-lex-patron-de-la-filiere-the-fixe-au-31-aout7869.html\"},\"author\":{\"name\":\"solivri\",\"@id\":\"https:\/\/www.justiceinfo.net\/fr#\/schema\/person\/6e53cba1629e2e66f3fc1821d3091865\"},\"headline\":\"23.07.09 - TPIR\/BAGARAGAZA - LE DEBUT DU PROCES DE L'EX-PATRON DE LA FILIERE THE FIXE AU 31 AOUT\",\"datePublished\":\"2009-07-22T22:00:00+00:00\",\"mainEntityOfPage\":{\"@id\":\"https:\/\/www.justiceinfo.net\/fr\/11062-230709-tpirbagaragaza-le-debut-du-proces-de-lex-patron-de-la-filiere-the-fixe-au-31-aout7869.html\"},\"wordCount\":490,\"commentCount\":0,\"publisher\":{\"@id\":\"https:\/\/www.justiceinfo.net\/fr#organization\"},\"articleSection\":[\"Hirondelle News\"],\"inLanguage\":\"fr-FR\",\"potentialAction\":[{\"@type\":\"CommentAction\",\"name\":\"Comment\",\"target\":[\"https:\/\/www.justiceinfo.net\/fr\/11062-230709-tpirbagaragaza-le-debut-du-proces-de-lex-patron-de-la-filiere-the-fixe-au-31-aout7869.html#respond\"]}]},{\"@type\":\"WebPage\",\"@id\":\"https:\/\/www.justiceinfo.net\/fr\/11062-230709-tpirbagaragaza-le-debut-du-proces-de-lex-patron-de-la-filiere-the-fixe-au-31-aout7869.html\",\"url\":\"https:\/\/www.justiceinfo.net\/fr\/11062-230709-tpirbagaragaza-le-debut-du-proces-de-lex-patron-de-la-filiere-the-fixe-au-31-aout7869.html\",\"name\":\"23.07.09 - TPIR\/BAGARAGAZA - LE DEBUT DU PROCES DE L'EX-PATRON DE LA FILIERE THE FIXE AU 31 AOUT - JusticeInfo.net\",\"isPartOf\":{\"@id\":\"https:\/\/www.justiceinfo.net\/fr#website\"},\"datePublished\":\"2009-07-22T22:00:00+00:00\",\"breadcrumb\":{\"@id\":\"https:\/\/www.justiceinfo.net\/fr\/11062-230709-tpirbagaragaza-le-debut-du-proces-de-lex-patron-de-la-filiere-the-fixe-au-31-aout7869.html#breadcrumb\"},\"inLanguage\":\"fr-FR\",\"potentialAction\":[{\"@type\":\"ReadAction\",\"target\":[\"https:\/\/www.justiceinfo.net\/fr\/11062-230709-tpirbagaragaza-le-debut-du-proces-de-lex-patron-de-la-filiere-the-fixe-au-31-aout7869.html\"]}]},{\"@type\":\"BreadcrumbList\",\"@id\":\"https:\/\/www.justiceinfo.net\/fr\/11062-230709-tpirbagaragaza-le-debut-du-proces-de-lex-patron-de-la-filiere-the-fixe-au-31-aout7869.html#breadcrumb\",\"itemListElement\":[{\"@type\":\"ListItem\",\"position\":1,\"name\":\"Home\",\"item\":\"https:\/\/www.justiceinfo.net\/fr\"},{\"@type\":\"ListItem\",\"position\":2,\"name\":\"23.07.09 - TPIR\/BAGARAGAZA - LE DEBUT DU PROCES DE L'EX-PATRON DE LA FILIERE THE FIXE AU 31 AOUT\"}]},{\"@type\":\"WebSite\",\"@id\":\"https:\/\/www.justiceinfo.net\/fr#website\",\"url\":\"https:\/\/www.justiceinfo.net\/fr\",\"name\":\"JusticeInfo.net\",\"description\":\"La justice doit \u00eatre vue pour \u00eatre rendue\",\"publisher\":{\"@id\":\"https:\/\/www.justiceinfo.net\/fr#organization\"},\"potentialAction\":[{\"@type\":\"SearchAction\",\"target\":{\"@type\":\"EntryPoint\",\"urlTemplate\":\"https:\/\/www.justiceinfo.net\/fr?s={search_term_string}\"},\"query-input\":{\"@type\":\"PropertyValueSpecification\",\"valueRequired\":true,\"valueName\":\"search_term_string\"}}],\"inLanguage\":\"fr-FR\"},{\"@type\":\"Organization\",\"@id\":\"https:\/\/www.justiceinfo.net\/fr#organization\",\"name\":\"Justice Info\",\"url\":\"https:\/\/www.justiceinfo.net\/fr\",\"logo\":{\"@type\":\"ImageObject\",\"inLanguage\":\"fr-FR\",\"@id\":\"https:\/\/www.justiceinfo.net\/fr#\/schema\/logo\/image\/\",\"url\":\"https:\/\/www.justiceinfo.net\/wp-content\/uploads\/justiceinfo_logo-trans_1200x1200px.png\",\"contentUrl\":\"https:\/\/www.justiceinfo.net\/wp-content\/uploads\/justiceinfo_logo-trans_1200x1200px.png\",\"width\":1199,\"height\":1200,\"caption\":\"Justice Info\"},\"image\":{\"@id\":\"https:\/\/www.justiceinfo.net\/fr#\/schema\/logo\/image\/\"},\"sameAs\":[\"https:\/\/www.facebook.com\/JusticeInfo\/\",\"https:\/\/x.com\/justiceinfonet\",\"https:\/\/www.linkedin.com\/company\/justice-info\",\"https:\/\/www.youtube.com\/channel\/UCyCEsARodyuWtkWyhn-e7pA\"]},{\"@type\":\"Person\",\"name\":\"solivri\",\"url\":\"\/fr\/?s=solivri\"}]}<\/script>\n<!-- \/ Yoast SEO Premium plugin. -->","yoast_head_json":{"title":"23.07.09 - TPIR\/BAGARAGAZA - LE DEBUT DU PROCES DE L'EX-PATRON DE LA FILIERE THE FIXE AU 31 AOUT - JusticeInfo.net","robots":{"index":"index","follow":"follow","max-snippet":"max-snippet:-1","max-image-preview":"max-image-preview:large","max-video-preview":"max-video-preview:-1"},"canonical":"https:\/\/www.justiceinfo.net\/fr\/11062-230709-tpirbagaragaza-le-debut-du-proces-de-lex-patron-de-la-filiere-the-fixe-au-31-aout7869.html","og_locale":"fr_FR","og_type":"article","og_title":"23.07.09 - TPIR\/BAGARAGAZA - LE DEBUT DU PROCES DE L'EX-PATRON DE LA FILIERE THE FIXE AU 31 AOUT","og_description":"Arusha, 23 juillet 2009 (FH) - Le Tribunal p&eacute;nal international pour le Rwanda (TPIR) a fix&eacute; au 31 ao&ucirc;t prochain l'ouverture du proc&egrave;s de l'ancien patron de la fili&egrave;re th&eacute;, Michel Bagaragaza, un proche de l'ex-pr&eacute;sident rwandais Juv&eacute;nal Habyarimana.","og_url":"https:\/\/www.justiceinfo.net\/fr\/11062-230709-tpirbagaragaza-le-debut-du-proces-de-lex-patron-de-la-filiere-the-fixe-au-31-aout7869.html","og_site_name":"JusticeInfo.net","article_publisher":"https:\/\/www.facebook.com\/JusticeInfo\/","article_published_time":"2009-07-22T22:00:00+00:00","og_image":[{"width":1200,"height":630,"url":"https:\/\/www.justiceinfo.net\/wp-content\/uploads\/JusticeInfoNet_logo_1200x630px.jpg","type":"image\/jpeg"}],"author":"solivri","twitter_card":"summary_large_image","twitter_creator":"@justiceinfonet","twitter_site":"@justiceinfonet","twitter_misc":{"\u00c9crit par":"solivri","Dur\u00e9e de lecture estim\u00e9e":"2 minutes"},"schema":{"@context":"https:\/\/schema.org","@graph":[{"@type":"NewsArticle","@id":"https:\/\/www.justiceinfo.net\/fr\/11062-230709-tpirbagaragaza-le-debut-du-proces-de-lex-patron-de-la-filiere-the-fixe-au-31-aout7869.html#article","isPartOf":{"@id":"https:\/\/www.justiceinfo.net\/fr\/11062-230709-tpirbagaragaza-le-debut-du-proces-de-lex-patron-de-la-filiere-the-fixe-au-31-aout7869.html"},"author":{"name":"solivri","@id":"https:\/\/www.justiceinfo.net\/fr#\/schema\/person\/6e53cba1629e2e66f3fc1821d3091865"},"headline":"23.07.09 - TPIR\/BAGARAGAZA - LE DEBUT DU PROCES DE L'EX-PATRON DE LA FILIERE THE FIXE AU 31 AOUT","datePublished":"2009-07-22T22:00:00+00:00","mainEntityOfPage":{"@id":"https:\/\/www.justiceinfo.net\/fr\/11062-230709-tpirbagaragaza-le-debut-du-proces-de-lex-patron-de-la-filiere-the-fixe-au-31-aout7869.html"},"wordCount":490,"commentCount":0,"publisher":{"@id":"https:\/\/www.justiceinfo.net\/fr#organization"},"articleSection":["Hirondelle News"],"inLanguage":"fr-FR","potentialAction":[{"@type":"CommentAction","name":"Comment","target":["https:\/\/www.justiceinfo.net\/fr\/11062-230709-tpirbagaragaza-le-debut-du-proces-de-lex-patron-de-la-filiere-the-fixe-au-31-aout7869.html#respond"]}]},{"@type":"WebPage","@id":"https:\/\/www.justiceinfo.net\/fr\/11062-230709-tpirbagaragaza-le-debut-du-proces-de-lex-patron-de-la-filiere-the-fixe-au-31-aout7869.html","url":"https:\/\/www.justiceinfo.net\/fr\/11062-230709-tpirbagaragaza-le-debut-du-proces-de-lex-patron-de-la-filiere-the-fixe-au-31-aout7869.html","name":"23.07.09 - TPIR\/BAGARAGAZA - LE DEBUT DU PROCES DE L'EX-PATRON DE LA FILIERE THE FIXE AU 31 AOUT - JusticeInfo.net","isPartOf":{"@id":"https:\/\/www.justiceinfo.net\/fr#website"},"datePublished":"2009-07-22T22:00:00+00:00","breadcrumb":{"@id":"https:\/\/www.justiceinfo.net\/fr\/11062-230709-tpirbagaragaza-le-debut-du-proces-de-lex-patron-de-la-filiere-the-fixe-au-31-aout7869.html#breadcrumb"},"inLanguage":"fr-FR","potentialAction":[{"@type":"ReadAction","target":["https:\/\/www.justiceinfo.net\/fr\/11062-230709-tpirbagaragaza-le-debut-du-proces-de-lex-patron-de-la-filiere-the-fixe-au-31-aout7869.html"]}]},{"@type":"BreadcrumbList","@id":"https:\/\/www.justiceinfo.net\/fr\/11062-230709-tpirbagaragaza-le-debut-du-proces-de-lex-patron-de-la-filiere-the-fixe-au-31-aout7869.html#breadcrumb","itemListElement":[{"@type":"ListItem","position":1,"name":"Home","item":"https:\/\/www.justiceinfo.net\/fr"},{"@type":"ListItem","position":2,"name":"23.07.09 - TPIR\/BAGARAGAZA - LE DEBUT DU PROCES DE L'EX-PATRON DE LA FILIERE THE FIXE AU 31 AOUT"}]},{"@type":"WebSite","@id":"https:\/\/www.justiceinfo.net\/fr#website","url":"https:\/\/www.justiceinfo.net\/fr","name":"JusticeInfo.net","description":"La justice doit \u00eatre vue pour \u00eatre rendue","publisher":{"@id":"https:\/\/www.justiceinfo.net\/fr#organization"},"potentialAction":[{"@type":"SearchAction","target":{"@type":"EntryPoint","urlTemplate":"https:\/\/www.justiceinfo.net\/fr?s={search_term_string}"},"query-input":{"@type":"PropertyValueSpecification","valueRequired":true,"valueName":"search_term_string"}}],"inLanguage":"fr-FR"},{"@type":"Organization","@id":"https:\/\/www.justiceinfo.net\/fr#organization","name":"Justice Info","url":"https:\/\/www.justiceinfo.net\/fr","logo":{"@type":"ImageObject","inLanguage":"fr-FR","@id":"https:\/\/www.justiceinfo.net\/fr#\/schema\/logo\/image\/","url":"https:\/\/www.justiceinfo.net\/wp-content\/uploads\/justiceinfo_logo-trans_1200x1200px.png","contentUrl":"https:\/\/www.justiceinfo.net\/wp-content\/uploads\/justiceinfo_logo-trans_1200x1200px.png","width":1199,"height":1200,"caption":"Justice Info"},"image":{"@id":"https:\/\/www.justiceinfo.net\/fr#\/schema\/logo\/image\/"},"sameAs":["https:\/\/www.facebook.com\/JusticeInfo\/","https:\/\/x.com\/justiceinfonet","https:\/\/www.linkedin.com\/company\/justice-info","https:\/\/www.youtube.com\/channel\/UCyCEsARodyuWtkWyhn-e7pA"]},{"@type":"Person","name":"solivri","url":"\/fr\/?s=solivri"}]}},"_links":{"self":[{"href":"https:\/\/www.justiceinfo.net\/fr\/wp-json\/wp\/v2\/posts\/11062","targetHints":{"allow":["GET"]}}],"collection":[{"href":"https:\/\/www.justiceinfo.net\/fr\/wp-json\/wp\/v2\/posts"}],"about":[{"href":"https:\/\/www.justiceinfo.net\/fr\/wp-json\/wp\/v2\/types\/post"}],"author":[{"embeddable":true,"href":"https:\/\/www.justiceinfo.net\/fr\/wp-json\/wp\/v2\/users\/64"}],"replies":[{"embeddable":true,"href":"https:\/\/www.justiceinfo.net\/fr\/wp-json\/wp\/v2\/comments?post=11062"}],"version-history":[{"count":0,"href":"https:\/\/www.justiceinfo.net\/fr\/wp-json\/wp\/v2\/posts\/11062\/revisions"}],"wp:attachment":[{"href":"https:\/\/www.justiceinfo.net\/fr\/wp-json\/wp\/v2\/media?parent=11062"}],"wp:term":[{"taxonomy":"category","embeddable":true,"href":"https:\/\/www.justiceinfo.net\/fr\/wp-json\/wp\/v2\/categories?post=11062"},{"taxonomy":"post_tag","embeddable":true,"href":"https:\/\/www.justiceinfo.net\/fr\/wp-json\/wp\/v2\/tags?post=11062"},{"taxonomy":"ji_location","embeddable":true,"href":"https:\/\/www.justiceinfo.net\/fr\/wp-json\/wp\/v2\/ji_location?post=11062"}],"curies":[{"name":"wp","href":"https:\/\/api.w.org\/{rel}","templated":true}]}}