{"id":11071,"date":"2009-07-24T00:00:00","date_gmt":"2009-07-23T22:00:00","guid":{"rendered":"https:\/\/www.justiceinfo.net\/11071-240709-tpirsythese-hebdomadaire-un-ex-ministre-souhaiterait-comparaitre-lanne-prochaine7878.html"},"modified":"2009-07-24T00:00:00","modified_gmt":"2009-07-23T22:00:00","slug":"240709-tpirsythese-hebdomadaire-un-ex-ministre-souhaiterait-comparaitre-lanne-prochaine7878","status":"publish","type":"post","link":"https:\/\/www.justiceinfo.net\/fr\/11071-240709-tpirsythese-hebdomadaire-un-ex-ministre-souhaiterait-comparaitre-lanne-prochaine7878.html","title":{"rendered":"24.07.09 - TPIR\/SYTHESE HEBDOMADAIRE - UN EX-MINISTRE SOUHAITERAIT COMPARAITRE L\u2019ANNE PROCHAINE"},"content":{"rendered":"<p>Arusha, 24 juillet 2009 (FH) - L'ex-ministre du Plan, Augustin Ngirabatware, poursuivi devant le Tribunal p&eacute;nal international pour le Rwanda (TPIR), souhaiterait compara&icirc;tre en d&eacute;cembre prochain ou en janvier 2010.<br \/>\n<!--more-->Apr&egrave;s plusieurs reports, le d&eacute;but du proc&egrave;s de cet universitaire rwandais a &eacute;t&eacute; fix&eacute; au 23 septembre prochain. <\/p>\n<p >\n<p >\nMais le nouvel avocat principal de la d&eacute;fense, Peter Herbert, qui affirme que sa premi&egrave;re rencontre avec Ngirabatware ne remonte qu'&agrave; la fin de la semaine derni&egrave;re, a d&eacute;j&agrave; indiqu&eacute;, dans une requ&ecirc;te adress&eacute;e mardi &agrave; la chambre, qu'il ne serait pas pr&ecirc;t &agrave; cette date.\n<\/p>\n<p >\n<p >\nL'avocat britannique demande que le d&eacute;marrage du proc&egrave;s soit report&eacute; &agrave; d&eacute;cembre prochain ou &agrave; janvier 2010.\n<\/p>\n<p >\n<p >\nDans une r&eacute;solution vot&eacute;e au d&eacute;but du mois, le Conseil de s&eacute;curit&eacute; a demand&eacute; aux juges de premi&egrave;re instance de terminer leur travail l'ann&eacute;e prochaine.\n<\/p>\n<p >\n<p >\nL'ex-ministre du Plan fait partie des 5 accus&eacute;s dont les proc&egrave;s n'ont pas encore d&eacute;but&eacute;.\n<\/p>\n<p >\n<p >\nSelon un calendrier remis cette semaine &agrave; l'agence Hirondelle par le porte-parole du TPIR, Roland Amoussouga, les autres proc&egrave;s non encore ouverts sur le fond devraient commencer fin ao&ucirc;t ou courant septembre, &agrave; l'exception de celui de l'ex-maire Jean-Baptiste Gatete.\n<\/p>\n<p >\n<p >\nCette derni&egrave;re affaire pourrait d&eacute;buter vers la fin de l'ann&eacute;e.\n<\/p>\n<p >\n<p >\nParmi les quatre dont les proc&egrave;s sont d&eacute;j&agrave; programm&eacute;s, figure l'ancien patron de la fili&egrave;re th&eacute;, Michel Bagaragaza, un proche de l'ex-pr&eacute;sident Juv&eacute;nal Habyarimana.\n<\/p>\n<p >\n<p >\nCet ex-responsable &eacute;conomique qui avait longtemps caress&eacute; l'espoir d'&ecirc;tre jug&eacute; par un tribunal europ&eacute;en devrait compara&icirc;tre devant le TPIR, &agrave; partir du 31 ao&ucirc;t, selon le calendrier de la chambre.\n<\/p>\n<p >\n<p >\nApr&egrave;s avoir t&eacute;moign&eacute; contre d'autres accus&eacute;s devant ce tribunal des Nations Unies, dont Protais Zigiranyirazo, beau-fr&egrave;re d'Habyarimana, Bagaragaza, qui craignait pour sa s&eacute;curit&eacute;, avait &eacute;t&eacute; d&eacute;tenu &agrave; La Haye, dans le cadre d'un arrangement avec le bureau du procureur.\n<\/p>\n<p >\n<p >\nEn &eacute;change de cette collaboration, le procureur s'&eacute;tait engag&eacute; &agrave; confier son dossier &agrave; un pays europ&eacute;en.\n<\/p>\n<p >\n<p >\nMais les tentatives de le faire juger d'abord en Norv&egrave;ge, puis aux Pays Bas, ont &eacute;chou&eacute; et l'accus&eacute; a &eacute;t&eacute; renvoy&eacute; malgr&eacute; lui &agrave; Arusha, en mai 2008.\n<\/p>\n<p >\n<p >\nLe porte-parole du tribunal, Roland Amoussouga, a annonc&eacute; mercredi que le lieutenant Samuel Imanishimwe condamn&eacute; &agrave; 12 ans de d&eacute;tention sortirait de sa prison malienne le 8 ao&ucirc;t prochain, apr&egrave;s avoir purg&eacute; la totalit&eacute; de sa peine.\n<\/p>\n<p >\n<p >\nEnfin, selon la lettre d'information du TPIR, l'un des juges permanents du tribunal, le Sri-lankais Joseph Asoka de Silva a &eacute;t&eacute; nomm&eacute; pr&eacute;sident de la Haute cour, la plus haute juridiction de son pays. Il assumera parall&egrave;lement ses nouvelles fonctions et ses responsabilit&eacute;s au TPIR o&ugrave; il ne peut cependant &ecirc;tre affect&eacute; &agrave; une nouvelle affaire.\n<\/p>\n<p >\n<p >\nER\/GF\n<\/p>\n<p >\n<p>\n&copy; Agence Hirondelle<\/p>\n","protected":false},"excerpt":{"rendered":"<p>Arusha, 24 juillet 2009 (FH) - L'ex-ministre du Plan, Augustin Ngirabatware, poursuivi devant le Tribunal p&eacute;nal international pour le Rwanda (TPIR), souhaiterait compara&icirc;tre en d&eacute;cembre prochain ou en janvier 2010.<\/p>\n","protected":false},"author":64,"featured_media":0,"comment_status":"open","ping_status":"closed","sticky":false,"template":"","format":"standard","meta":{"_acf_changed":false,"footnotes":""},"categories":[554],"tags":[],"ji_location":[],"class_list":["post-11071","post","type-post","status-publish","format-standard","hentry","category-hirondellenews"],"acf":[],"yoast_head":"<!-- This site is optimized with the Yoast SEO Premium plugin v25.3.1 (Yoast SEO v25.3.1) - https:\/\/yoast.com\/wordpress\/plugins\/seo\/ -->\n<title>24.07.09 - TPIR\/SYTHESE HEBDOMADAIRE - UN EX-MINISTRE SOUHAITERAIT COMPARAITRE L\u2019ANNE PROCHAINE - JusticeInfo.net<\/title>\n<meta name=\"robots\" content=\"index, follow, max-snippet:-1, max-image-preview:large, max-video-preview:-1\" \/>\n<link rel=\"canonical\" href=\"https:\/\/www.justiceinfo.net\/fr\/11071-240709-tpirsythese-hebdomadaire-un-ex-ministre-souhaiterait-comparaitre-lanne-prochaine7878.html\" \/>\n<meta property=\"og:locale\" content=\"fr_FR\" \/>\n<meta property=\"og:type\" content=\"article\" \/>\n<meta property=\"og:title\" content=\"24.07.09 - TPIR\/SYTHESE HEBDOMADAIRE - UN EX-MINISTRE SOUHAITERAIT COMPARAITRE L\u2019ANNE PROCHAINE\" \/>\n<meta property=\"og:description\" content=\"Arusha, 24 juillet 2009 (FH) - L&#039;ex-ministre du Plan, Augustin Ngirabatware, poursuivi devant le Tribunal p&eacute;nal international pour le Rwanda (TPIR), souhaiterait compara&icirc;tre en d&eacute;cembre prochain ou en janvier 2010.\" \/>\n<meta property=\"og:url\" content=\"https:\/\/www.justiceinfo.net\/fr\/11071-240709-tpirsythese-hebdomadaire-un-ex-ministre-souhaiterait-comparaitre-lanne-prochaine7878.html\" \/>\n<meta property=\"og:site_name\" content=\"JusticeInfo.net\" \/>\n<meta property=\"article:publisher\" content=\"https:\/\/www.facebook.com\/JusticeInfo\/\" \/>\n<meta property=\"article:published_time\" content=\"2009-07-23T22:00:00+00:00\" \/>\n<meta property=\"og:image\" content=\"https:\/\/www.justiceinfo.net\/wp-content\/uploads\/JusticeInfoNet_logo_1200x630px.jpg\" \/>\n\t<meta property=\"og:image:width\" content=\"1200\" \/>\n\t<meta property=\"og:image:height\" content=\"630\" \/>\n\t<meta property=\"og:image:type\" content=\"image\/jpeg\" \/>\n<meta name=\"author\" content=\"solivri\" \/>\n<meta name=\"twitter:card\" content=\"summary_large_image\" \/>\n<meta name=\"twitter:creator\" content=\"@justiceinfonet\" \/>\n<meta name=\"twitter:site\" content=\"@justiceinfonet\" \/>\n<meta name=\"twitter:label1\" content=\"\u00c9crit par\" \/>\n\t<meta name=\"twitter:data1\" content=\"solivri\" \/>\n\t<meta name=\"twitter:label2\" content=\"Dur\u00e9e de lecture estim\u00e9e\" \/>\n\t<meta name=\"twitter:data2\" content=\"3 minutes\" \/>\n<script type=\"application\/ld+json\" class=\"yoast-schema-graph\">{\"@context\":\"https:\/\/schema.org\",\"@graph\":[{\"@type\":\"NewsArticle\",\"@id\":\"https:\/\/www.justiceinfo.net\/fr\/11071-240709-tpirsythese-hebdomadaire-un-ex-ministre-souhaiterait-comparaitre-lanne-prochaine7878.html#article\",\"isPartOf\":{\"@id\":\"https:\/\/www.justiceinfo.net\/fr\/11071-240709-tpirsythese-hebdomadaire-un-ex-ministre-souhaiterait-comparaitre-lanne-prochaine7878.html\"},\"author\":{\"name\":\"solivri\",\"@id\":\"https:\/\/www.justiceinfo.net\/fr#\/schema\/person\/6e53cba1629e2e66f3fc1821d3091865\"},\"headline\":\"24.07.09 - TPIR\/SYTHESE HEBDOMADAIRE - UN EX-MINISTRE SOUHAITERAIT COMPARAITRE L\u2019ANNE PROCHAINE\",\"datePublished\":\"2009-07-23T22:00:00+00:00\",\"mainEntityOfPage\":{\"@id\":\"https:\/\/www.justiceinfo.net\/fr\/11071-240709-tpirsythese-hebdomadaire-un-ex-ministre-souhaiterait-comparaitre-lanne-prochaine7878.html\"},\"wordCount\":607,\"commentCount\":0,\"publisher\":{\"@id\":\"https:\/\/www.justiceinfo.net\/fr#organization\"},\"articleSection\":[\"Hirondelle News\"],\"inLanguage\":\"fr-FR\",\"potentialAction\":[{\"@type\":\"CommentAction\",\"name\":\"Comment\",\"target\":[\"https:\/\/www.justiceinfo.net\/fr\/11071-240709-tpirsythese-hebdomadaire-un-ex-ministre-souhaiterait-comparaitre-lanne-prochaine7878.html#respond\"]}]},{\"@type\":\"WebPage\",\"@id\":\"https:\/\/www.justiceinfo.net\/fr\/11071-240709-tpirsythese-hebdomadaire-un-ex-ministre-souhaiterait-comparaitre-lanne-prochaine7878.html\",\"url\":\"https:\/\/www.justiceinfo.net\/fr\/11071-240709-tpirsythese-hebdomadaire-un-ex-ministre-souhaiterait-comparaitre-lanne-prochaine7878.html\",\"name\":\"24.07.09 - TPIR\/SYTHESE HEBDOMADAIRE - UN EX-MINISTRE SOUHAITERAIT COMPARAITRE L\u2019ANNE PROCHAINE - JusticeInfo.net\",\"isPartOf\":{\"@id\":\"https:\/\/www.justiceinfo.net\/fr#website\"},\"datePublished\":\"2009-07-23T22:00:00+00:00\",\"breadcrumb\":{\"@id\":\"https:\/\/www.justiceinfo.net\/fr\/11071-240709-tpirsythese-hebdomadaire-un-ex-ministre-souhaiterait-comparaitre-lanne-prochaine7878.html#breadcrumb\"},\"inLanguage\":\"fr-FR\",\"potentialAction\":[{\"@type\":\"ReadAction\",\"target\":[\"https:\/\/www.justiceinfo.net\/fr\/11071-240709-tpirsythese-hebdomadaire-un-ex-ministre-souhaiterait-comparaitre-lanne-prochaine7878.html\"]}]},{\"@type\":\"BreadcrumbList\",\"@id\":\"https:\/\/www.justiceinfo.net\/fr\/11071-240709-tpirsythese-hebdomadaire-un-ex-ministre-souhaiterait-comparaitre-lanne-prochaine7878.html#breadcrumb\",\"itemListElement\":[{\"@type\":\"ListItem\",\"position\":1,\"name\":\"Home\",\"item\":\"https:\/\/www.justiceinfo.net\/fr\"},{\"@type\":\"ListItem\",\"position\":2,\"name\":\"24.07.09 - TPIR\/SYTHESE HEBDOMADAIRE - UN EX-MINISTRE SOUHAITERAIT COMPARAITRE L\u2019ANNE PROCHAINE\"}]},{\"@type\":\"WebSite\",\"@id\":\"https:\/\/www.justiceinfo.net\/fr#website\",\"url\":\"https:\/\/www.justiceinfo.net\/fr\",\"name\":\"JusticeInfo.net\",\"description\":\"La justice doit \u00eatre vue pour \u00eatre rendue\",\"publisher\":{\"@id\":\"https:\/\/www.justiceinfo.net\/fr#organization\"},\"potentialAction\":[{\"@type\":\"SearchAction\",\"target\":{\"@type\":\"EntryPoint\",\"urlTemplate\":\"https:\/\/www.justiceinfo.net\/fr?s={search_term_string}\"},\"query-input\":{\"@type\":\"PropertyValueSpecification\",\"valueRequired\":true,\"valueName\":\"search_term_string\"}}],\"inLanguage\":\"fr-FR\"},{\"@type\":\"Organization\",\"@id\":\"https:\/\/www.justiceinfo.net\/fr#organization\",\"name\":\"Justice Info\",\"url\":\"https:\/\/www.justiceinfo.net\/fr\",\"logo\":{\"@type\":\"ImageObject\",\"inLanguage\":\"fr-FR\",\"@id\":\"https:\/\/www.justiceinfo.net\/fr#\/schema\/logo\/image\/\",\"url\":\"https:\/\/www.justiceinfo.net\/wp-content\/uploads\/justiceinfo_logo-trans_1200x1200px.png\",\"contentUrl\":\"https:\/\/www.justiceinfo.net\/wp-content\/uploads\/justiceinfo_logo-trans_1200x1200px.png\",\"width\":1199,\"height\":1200,\"caption\":\"Justice Info\"},\"image\":{\"@id\":\"https:\/\/www.justiceinfo.net\/fr#\/schema\/logo\/image\/\"},\"sameAs\":[\"https:\/\/www.facebook.com\/JusticeInfo\/\",\"https:\/\/x.com\/justiceinfonet\",\"https:\/\/www.linkedin.com\/company\/justice-info\",\"https:\/\/www.youtube.com\/channel\/UCyCEsARodyuWtkWyhn-e7pA\"]},{\"@type\":\"Person\",\"name\":\"solivri\",\"url\":\"\/fr\/?s=solivri\"}]}<\/script>\n<!-- \/ Yoast SEO Premium plugin. -->","yoast_head_json":{"title":"24.07.09 - TPIR\/SYTHESE HEBDOMADAIRE - UN EX-MINISTRE SOUHAITERAIT COMPARAITRE L\u2019ANNE PROCHAINE - JusticeInfo.net","robots":{"index":"index","follow":"follow","max-snippet":"max-snippet:-1","max-image-preview":"max-image-preview:large","max-video-preview":"max-video-preview:-1"},"canonical":"https:\/\/www.justiceinfo.net\/fr\/11071-240709-tpirsythese-hebdomadaire-un-ex-ministre-souhaiterait-comparaitre-lanne-prochaine7878.html","og_locale":"fr_FR","og_type":"article","og_title":"24.07.09 - TPIR\/SYTHESE HEBDOMADAIRE - UN EX-MINISTRE SOUHAITERAIT COMPARAITRE L\u2019ANNE PROCHAINE","og_description":"Arusha, 24 juillet 2009 (FH) - L'ex-ministre du Plan, Augustin Ngirabatware, poursuivi devant le Tribunal p&eacute;nal international pour le Rwanda (TPIR), souhaiterait compara&icirc;tre en d&eacute;cembre prochain ou en janvier 2010.","og_url":"https:\/\/www.justiceinfo.net\/fr\/11071-240709-tpirsythese-hebdomadaire-un-ex-ministre-souhaiterait-comparaitre-lanne-prochaine7878.html","og_site_name":"JusticeInfo.net","article_publisher":"https:\/\/www.facebook.com\/JusticeInfo\/","article_published_time":"2009-07-23T22:00:00+00:00","og_image":[{"width":1200,"height":630,"url":"https:\/\/www.justiceinfo.net\/wp-content\/uploads\/JusticeInfoNet_logo_1200x630px.jpg","type":"image\/jpeg"}],"author":"solivri","twitter_card":"summary_large_image","twitter_creator":"@justiceinfonet","twitter_site":"@justiceinfonet","twitter_misc":{"\u00c9crit par":"solivri","Dur\u00e9e de lecture estim\u00e9e":"3 minutes"},"schema":{"@context":"https:\/\/schema.org","@graph":[{"@type":"NewsArticle","@id":"https:\/\/www.justiceinfo.net\/fr\/11071-240709-tpirsythese-hebdomadaire-un-ex-ministre-souhaiterait-comparaitre-lanne-prochaine7878.html#article","isPartOf":{"@id":"https:\/\/www.justiceinfo.net\/fr\/11071-240709-tpirsythese-hebdomadaire-un-ex-ministre-souhaiterait-comparaitre-lanne-prochaine7878.html"},"author":{"name":"solivri","@id":"https:\/\/www.justiceinfo.net\/fr#\/schema\/person\/6e53cba1629e2e66f3fc1821d3091865"},"headline":"24.07.09 - TPIR\/SYTHESE HEBDOMADAIRE - UN EX-MINISTRE SOUHAITERAIT COMPARAITRE L\u2019ANNE PROCHAINE","datePublished":"2009-07-23T22:00:00+00:00","mainEntityOfPage":{"@id":"https:\/\/www.justiceinfo.net\/fr\/11071-240709-tpirsythese-hebdomadaire-un-ex-ministre-souhaiterait-comparaitre-lanne-prochaine7878.html"},"wordCount":607,"commentCount":0,"publisher":{"@id":"https:\/\/www.justiceinfo.net\/fr#organization"},"articleSection":["Hirondelle News"],"inLanguage":"fr-FR","potentialAction":[{"@type":"CommentAction","name":"Comment","target":["https:\/\/www.justiceinfo.net\/fr\/11071-240709-tpirsythese-hebdomadaire-un-ex-ministre-souhaiterait-comparaitre-lanne-prochaine7878.html#respond"]}]},{"@type":"WebPage","@id":"https:\/\/www.justiceinfo.net\/fr\/11071-240709-tpirsythese-hebdomadaire-un-ex-ministre-souhaiterait-comparaitre-lanne-prochaine7878.html","url":"https:\/\/www.justiceinfo.net\/fr\/11071-240709-tpirsythese-hebdomadaire-un-ex-ministre-souhaiterait-comparaitre-lanne-prochaine7878.html","name":"24.07.09 - TPIR\/SYTHESE HEBDOMADAIRE - UN EX-MINISTRE SOUHAITERAIT COMPARAITRE L\u2019ANNE PROCHAINE - JusticeInfo.net","isPartOf":{"@id":"https:\/\/www.justiceinfo.net\/fr#website"},"datePublished":"2009-07-23T22:00:00+00:00","breadcrumb":{"@id":"https:\/\/www.justiceinfo.net\/fr\/11071-240709-tpirsythese-hebdomadaire-un-ex-ministre-souhaiterait-comparaitre-lanne-prochaine7878.html#breadcrumb"},"inLanguage":"fr-FR","potentialAction":[{"@type":"ReadAction","target":["https:\/\/www.justiceinfo.net\/fr\/11071-240709-tpirsythese-hebdomadaire-un-ex-ministre-souhaiterait-comparaitre-lanne-prochaine7878.html"]}]},{"@type":"BreadcrumbList","@id":"https:\/\/www.justiceinfo.net\/fr\/11071-240709-tpirsythese-hebdomadaire-un-ex-ministre-souhaiterait-comparaitre-lanne-prochaine7878.html#breadcrumb","itemListElement":[{"@type":"ListItem","position":1,"name":"Home","item":"https:\/\/www.justiceinfo.net\/fr"},{"@type":"ListItem","position":2,"name":"24.07.09 - TPIR\/SYTHESE HEBDOMADAIRE - UN EX-MINISTRE SOUHAITERAIT COMPARAITRE L\u2019ANNE PROCHAINE"}]},{"@type":"WebSite","@id":"https:\/\/www.justiceinfo.net\/fr#website","url":"https:\/\/www.justiceinfo.net\/fr","name":"JusticeInfo.net","description":"La justice doit \u00eatre vue pour \u00eatre rendue","publisher":{"@id":"https:\/\/www.justiceinfo.net\/fr#organization"},"potentialAction":[{"@type":"SearchAction","target":{"@type":"EntryPoint","urlTemplate":"https:\/\/www.justiceinfo.net\/fr?s={search_term_string}"},"query-input":{"@type":"PropertyValueSpecification","valueRequired":true,"valueName":"search_term_string"}}],"inLanguage":"fr-FR"},{"@type":"Organization","@id":"https:\/\/www.justiceinfo.net\/fr#organization","name":"Justice Info","url":"https:\/\/www.justiceinfo.net\/fr","logo":{"@type":"ImageObject","inLanguage":"fr-FR","@id":"https:\/\/www.justiceinfo.net\/fr#\/schema\/logo\/image\/","url":"https:\/\/www.justiceinfo.net\/wp-content\/uploads\/justiceinfo_logo-trans_1200x1200px.png","contentUrl":"https:\/\/www.justiceinfo.net\/wp-content\/uploads\/justiceinfo_logo-trans_1200x1200px.png","width":1199,"height":1200,"caption":"Justice Info"},"image":{"@id":"https:\/\/www.justiceinfo.net\/fr#\/schema\/logo\/image\/"},"sameAs":["https:\/\/www.facebook.com\/JusticeInfo\/","https:\/\/x.com\/justiceinfonet","https:\/\/www.linkedin.com\/company\/justice-info","https:\/\/www.youtube.com\/channel\/UCyCEsARodyuWtkWyhn-e7pA"]},{"@type":"Person","name":"solivri","url":"\/fr\/?s=solivri"}]}},"_links":{"self":[{"href":"https:\/\/www.justiceinfo.net\/fr\/wp-json\/wp\/v2\/posts\/11071","targetHints":{"allow":["GET"]}}],"collection":[{"href":"https:\/\/www.justiceinfo.net\/fr\/wp-json\/wp\/v2\/posts"}],"about":[{"href":"https:\/\/www.justiceinfo.net\/fr\/wp-json\/wp\/v2\/types\/post"}],"author":[{"embeddable":true,"href":"https:\/\/www.justiceinfo.net\/fr\/wp-json\/wp\/v2\/users\/64"}],"replies":[{"embeddable":true,"href":"https:\/\/www.justiceinfo.net\/fr\/wp-json\/wp\/v2\/comments?post=11071"}],"version-history":[{"count":0,"href":"https:\/\/www.justiceinfo.net\/fr\/wp-json\/wp\/v2\/posts\/11071\/revisions"}],"wp:attachment":[{"href":"https:\/\/www.justiceinfo.net\/fr\/wp-json\/wp\/v2\/media?parent=11071"}],"wp:term":[{"taxonomy":"category","embeddable":true,"href":"https:\/\/www.justiceinfo.net\/fr\/wp-json\/wp\/v2\/categories?post=11071"},{"taxonomy":"post_tag","embeddable":true,"href":"https:\/\/www.justiceinfo.net\/fr\/wp-json\/wp\/v2\/tags?post=11071"},{"taxonomy":"ji_location","embeddable":true,"href":"https:\/\/www.justiceinfo.net\/fr\/wp-json\/wp\/v2\/ji_location?post=11071"}],"curies":[{"name":"wp","href":"https:\/\/api.w.org\/{rel}","templated":true}]}}