{"id":11073,"date":"2009-08-11T00:00:00","date_gmt":"2009-08-10T22:00:00","guid":{"rendered":"https:\/\/www.justiceinfo.net\/11073-110809-tpircondamnes-le-lieutenant-samuel-imanishimwe-est-sorti-de-prison7881.html"},"modified":"2009-08-11T00:00:00","modified_gmt":"2009-08-10T22:00:00","slug":"110809-tpircondamnes-le-lieutenant-samuel-imanishimwe-est-sorti-de-prison7881","status":"publish","type":"post","link":"https:\/\/www.justiceinfo.net\/fr\/11073-110809-tpircondamnes-le-lieutenant-samuel-imanishimwe-est-sorti-de-prison7881.html","title":{"rendered":"11.08.09 - TPIR\/CONDAMNES - LE LIEUTENANT SAMUEL IMANISHIMWE EST SORTI DE PRISON"},"content":{"rendered":"<p >\nArusha, 11 ao&ucirc;t 2009 (FH) - Le lieutenant Samuel Imanishimwe, condamn&eacute; &agrave; 12 ans de prison par le Tribunal p&eacute;nal international pour le Rwanda (TPIR), a recouvr&eacute; la libert&eacute; samedi, apr&egrave;s avoir purg&eacute; la totalit&eacute; de sa peine, a-t-on appris mardi de source autoris&eacute;e au TPIR.\n<\/p>\n<p><!--more--><\/p>\n<p >\nImanishimwe qui &eacute;tait d&eacute;tenu au Mali ne veut pas retourner au Rwanda. La source n'&eacute;tait pas en mesure de pr&eacute;ciser s'il avait d&eacute;j&agrave; trouv&eacute; ou non un pays d'accueil.\n<\/p>\n<p >\nInterrog&eacute; en juillet sur la destination d'Imanishimwe apr&egrave;s sa lib&eacute;ration, le porte-parole du TPIR, Roland Amoussouga, avait r&eacute;pondu : &laquo; Apr&egrave;s sa remise en libert&eacute;, il sera un homme libre de ses mouvements et responsable de sa propre destin&eacute;e &raquo;.\n<\/p>\n<p >\nArr&ecirc;t&eacute; &agrave; Mombasa, au Kenya, le 11 ao&ucirc;t 1997, le lieutenant Imanishimwe, qui commandait un petit camp militaire dans le sud-ouest du Rwanda en 1994, a &eacute;t&eacute; condamn&eacute; &agrave; 12 ans de prison le 7 juillet 2006, apr&egrave;s avoir &eacute;t&eacute; reconnu coupable de crimes contre l'humanit&eacute; et de crimes de guerre.\n<\/p>\n<p >\nEn juin 2007, il avait demand&eacute; en vain &agrave; b&eacute;n&eacute;ficier d'une lib&eacute;ration anticip&eacute;e, arguant notamment de son manque d'ant&eacute;c&eacute;dents judiciaires avant son proc&egrave;s au TPR, de sa bonne conduite avant et pendant la d&eacute;tention ainsi que d'une sant&eacute; potentiellement fragile.\n<\/p>\n<p >\nLe pr&eacute;sident du TPIR, Dennis Byron, avait, en rejetant la requ&ecirc;te, soulign&eacute; la gravit&eacute; des crimes dont l'officier a &eacute;t&eacute; reconnu coupable.\n<\/p>\n<p >\nDans un autre cas, le juge Byron a &eacute;t&eacute; cependant court-circuit&eacute; par les autorit&eacute;s italiennes qui ont lib&eacute;r&eacute;, quelques semaines avant terme, Georges Ruggiu, l'ancien pr&eacute;sentateur de la tristement c&eacute;l&egrave;bre Radio t&eacute;l&eacute;vision libre des milles collines (RTLM) connue pour ses appels aux massacres de Tutsis pendant le g&eacute;nocide.\n<\/p>\n<p >\nSeul non Rwandais &agrave; avoir &eacute;t&eacute; poursuivi par le TPIR, cet Italo-belge qui avait &eacute;t&eacute; transf&eacute;r&eacute; dans une prison italienne en f&eacute;vrier 2008, a &eacute;t&eacute; remis en libert&eacute; &agrave; l'insu des responsables du tribunal.\n<\/p>\n<p >\nUne violation du statut du TPIR qui stipule que seul le pr&eacute;sident du tribunal est comp&eacute;tent pour accorder une gr&acirc;ce ou une commutation de peine quel que soit le lieu d'emprisonnement du condamn&eacute;.\n<\/p>\n<p >\nLe premier prisonnier du TPIR &agrave; avoir termin&eacute; sa peine, le pasteur adventiste Elizaphan Ntakirutimana, est d&eacute;c&eacute;d&eacute; d'une mort naturelle, le 22 janvier 2007, moins d'un mois apr&egrave;s avoir recouvr&eacute; sa libert&eacute;.\n<\/p>\n<p >\nLe deuxi&egrave;me, l'ex- conseiller municipal, Vincent Rutaganira, n'aurait eu d'autre choix que de se fondre, apr&egrave;s sa lib&eacute;ration en mars 2008, dans un camp de r&eacute;fugi&eacute;s en Afrique australe.\n<\/p>\n<p >\nLe troisi&egrave;me est l'ancien agent communal, Joseph Nzabirinda, dont le TPIR n'a plus de nouvelles depuis sa sortie de prison en d&eacute;cembre 2008.\n<\/p>\n<p >\nER\/GF\n<\/p>\n<p>\n&copy; Agence Hirondelle<\/p>\n","protected":false},"excerpt":{"rendered":"<p>Arusha, 11 ao&ucirc;t 2009 (FH) - Le lieutenant Samuel Imanishimwe, condamn&eacute; &agrave; 12 ans de prison par le Tribunal p&eacute;nal international pour le Rwanda (TPIR), a recouvr&eacute; la libert&eacute; samedi, apr&egrave;s avoir purg&eacute; la totalit&eacute; de sa peine, a-t-on appris mardi de source autoris&eacute;e au TPIR.<\/p>\n","protected":false},"author":64,"featured_media":0,"comment_status":"open","ping_status":"closed","sticky":false,"template":"","format":"standard","meta":{"_acf_changed":false,"footnotes":""},"categories":[554],"tags":[],"ji_location":[],"class_list":["post-11073","post","type-post","status-publish","format-standard","hentry","category-hirondellenews"],"acf":[],"yoast_head":"<!-- This site is optimized with the Yoast SEO Premium plugin v25.3.1 (Yoast SEO v25.3.1) - https:\/\/yoast.com\/wordpress\/plugins\/seo\/ -->\n<title>11.08.09 - TPIR\/CONDAMNES - LE LIEUTENANT SAMUEL IMANISHIMWE EST SORTI DE PRISON - JusticeInfo.net<\/title>\n<meta name=\"robots\" content=\"index, follow, max-snippet:-1, max-image-preview:large, max-video-preview:-1\" \/>\n<link rel=\"canonical\" href=\"https:\/\/www.justiceinfo.net\/fr\/11073-110809-tpircondamnes-le-lieutenant-samuel-imanishimwe-est-sorti-de-prison7881.html\" \/>\n<meta property=\"og:locale\" content=\"fr_FR\" \/>\n<meta property=\"og:type\" content=\"article\" \/>\n<meta property=\"og:title\" content=\"11.08.09 - TPIR\/CONDAMNES - LE LIEUTENANT SAMUEL IMANISHIMWE EST SORTI DE PRISON\" \/>\n<meta property=\"og:description\" content=\"Arusha, 11 ao&ucirc;t 2009 (FH) - Le lieutenant Samuel Imanishimwe, condamn&eacute; &agrave; 12 ans de prison par le Tribunal p&eacute;nal international pour le Rwanda (TPIR), a recouvr&eacute; la libert&eacute; samedi, apr&egrave;s avoir purg&eacute; la totalit&eacute; de sa peine, a-t-on appris mardi de source autoris&eacute;e au TPIR.\" \/>\n<meta property=\"og:url\" content=\"https:\/\/www.justiceinfo.net\/fr\/11073-110809-tpircondamnes-le-lieutenant-samuel-imanishimwe-est-sorti-de-prison7881.html\" \/>\n<meta property=\"og:site_name\" content=\"JusticeInfo.net\" \/>\n<meta property=\"article:publisher\" content=\"https:\/\/www.facebook.com\/JusticeInfo\/\" \/>\n<meta property=\"article:published_time\" content=\"2009-08-10T22:00:00+00:00\" \/>\n<meta property=\"og:image\" content=\"https:\/\/www.justiceinfo.net\/wp-content\/uploads\/JusticeInfoNet_logo_1200x630px.jpg\" \/>\n\t<meta property=\"og:image:width\" content=\"1200\" \/>\n\t<meta property=\"og:image:height\" content=\"630\" \/>\n\t<meta property=\"og:image:type\" content=\"image\/jpeg\" \/>\n<meta name=\"author\" content=\"solivri\" \/>\n<meta name=\"twitter:card\" content=\"summary_large_image\" \/>\n<meta name=\"twitter:creator\" content=\"@justiceinfonet\" \/>\n<meta name=\"twitter:site\" content=\"@justiceinfonet\" \/>\n<meta name=\"twitter:label1\" content=\"\u00c9crit par\" \/>\n\t<meta name=\"twitter:data1\" content=\"solivri\" \/>\n\t<meta name=\"twitter:label2\" content=\"Dur\u00e9e de lecture estim\u00e9e\" \/>\n\t<meta name=\"twitter:data2\" content=\"3 minutes\" \/>\n<script type=\"application\/ld+json\" class=\"yoast-schema-graph\">{\"@context\":\"https:\/\/schema.org\",\"@graph\":[{\"@type\":\"NewsArticle\",\"@id\":\"https:\/\/www.justiceinfo.net\/fr\/11073-110809-tpircondamnes-le-lieutenant-samuel-imanishimwe-est-sorti-de-prison7881.html#article\",\"isPartOf\":{\"@id\":\"https:\/\/www.justiceinfo.net\/fr\/11073-110809-tpircondamnes-le-lieutenant-samuel-imanishimwe-est-sorti-de-prison7881.html\"},\"author\":{\"name\":\"solivri\",\"@id\":\"https:\/\/www.justiceinfo.net\/fr#\/schema\/person\/6e53cba1629e2e66f3fc1821d3091865\"},\"headline\":\"11.08.09 - TPIR\/CONDAMNES - LE LIEUTENANT SAMUEL IMANISHIMWE EST SORTI DE PRISON\",\"datePublished\":\"2009-08-10T22:00:00+00:00\",\"mainEntityOfPage\":{\"@id\":\"https:\/\/www.justiceinfo.net\/fr\/11073-110809-tpircondamnes-le-lieutenant-samuel-imanishimwe-est-sorti-de-prison7881.html\"},\"wordCount\":584,\"commentCount\":0,\"publisher\":{\"@id\":\"https:\/\/www.justiceinfo.net\/fr#organization\"},\"articleSection\":[\"Hirondelle News\"],\"inLanguage\":\"fr-FR\",\"potentialAction\":[{\"@type\":\"CommentAction\",\"name\":\"Comment\",\"target\":[\"https:\/\/www.justiceinfo.net\/fr\/11073-110809-tpircondamnes-le-lieutenant-samuel-imanishimwe-est-sorti-de-prison7881.html#respond\"]}]},{\"@type\":\"WebPage\",\"@id\":\"https:\/\/www.justiceinfo.net\/fr\/11073-110809-tpircondamnes-le-lieutenant-samuel-imanishimwe-est-sorti-de-prison7881.html\",\"url\":\"https:\/\/www.justiceinfo.net\/fr\/11073-110809-tpircondamnes-le-lieutenant-samuel-imanishimwe-est-sorti-de-prison7881.html\",\"name\":\"11.08.09 - TPIR\/CONDAMNES - LE LIEUTENANT SAMUEL IMANISHIMWE EST SORTI DE PRISON - JusticeInfo.net\",\"isPartOf\":{\"@id\":\"https:\/\/www.justiceinfo.net\/fr#website\"},\"datePublished\":\"2009-08-10T22:00:00+00:00\",\"breadcrumb\":{\"@id\":\"https:\/\/www.justiceinfo.net\/fr\/11073-110809-tpircondamnes-le-lieutenant-samuel-imanishimwe-est-sorti-de-prison7881.html#breadcrumb\"},\"inLanguage\":\"fr-FR\",\"potentialAction\":[{\"@type\":\"ReadAction\",\"target\":[\"https:\/\/www.justiceinfo.net\/fr\/11073-110809-tpircondamnes-le-lieutenant-samuel-imanishimwe-est-sorti-de-prison7881.html\"]}]},{\"@type\":\"BreadcrumbList\",\"@id\":\"https:\/\/www.justiceinfo.net\/fr\/11073-110809-tpircondamnes-le-lieutenant-samuel-imanishimwe-est-sorti-de-prison7881.html#breadcrumb\",\"itemListElement\":[{\"@type\":\"ListItem\",\"position\":1,\"name\":\"Home\",\"item\":\"https:\/\/www.justiceinfo.net\/fr\"},{\"@type\":\"ListItem\",\"position\":2,\"name\":\"11.08.09 - TPIR\/CONDAMNES - LE LIEUTENANT SAMUEL IMANISHIMWE EST SORTI DE PRISON\"}]},{\"@type\":\"WebSite\",\"@id\":\"https:\/\/www.justiceinfo.net\/fr#website\",\"url\":\"https:\/\/www.justiceinfo.net\/fr\",\"name\":\"JusticeInfo.net\",\"description\":\"La justice doit \u00eatre vue pour \u00eatre rendue\",\"publisher\":{\"@id\":\"https:\/\/www.justiceinfo.net\/fr#organization\"},\"potentialAction\":[{\"@type\":\"SearchAction\",\"target\":{\"@type\":\"EntryPoint\",\"urlTemplate\":\"https:\/\/www.justiceinfo.net\/fr?s={search_term_string}\"},\"query-input\":{\"@type\":\"PropertyValueSpecification\",\"valueRequired\":true,\"valueName\":\"search_term_string\"}}],\"inLanguage\":\"fr-FR\"},{\"@type\":\"Organization\",\"@id\":\"https:\/\/www.justiceinfo.net\/fr#organization\",\"name\":\"Justice Info\",\"url\":\"https:\/\/www.justiceinfo.net\/fr\",\"logo\":{\"@type\":\"ImageObject\",\"inLanguage\":\"fr-FR\",\"@id\":\"https:\/\/www.justiceinfo.net\/fr#\/schema\/logo\/image\/\",\"url\":\"https:\/\/www.justiceinfo.net\/wp-content\/uploads\/justiceinfo_logo-trans_1200x1200px.png\",\"contentUrl\":\"https:\/\/www.justiceinfo.net\/wp-content\/uploads\/justiceinfo_logo-trans_1200x1200px.png\",\"width\":1199,\"height\":1200,\"caption\":\"Justice Info\"},\"image\":{\"@id\":\"https:\/\/www.justiceinfo.net\/fr#\/schema\/logo\/image\/\"},\"sameAs\":[\"https:\/\/www.facebook.com\/JusticeInfo\/\",\"https:\/\/x.com\/justiceinfonet\",\"https:\/\/www.linkedin.com\/company\/justice-info\",\"https:\/\/www.youtube.com\/channel\/UCyCEsARodyuWtkWyhn-e7pA\"]},{\"@type\":\"Person\",\"name\":\"solivri\",\"url\":\"\/fr\/?s=solivri\"}]}<\/script>\n<!-- \/ Yoast SEO Premium plugin. -->","yoast_head_json":{"title":"11.08.09 - TPIR\/CONDAMNES - LE LIEUTENANT SAMUEL IMANISHIMWE EST SORTI DE PRISON - JusticeInfo.net","robots":{"index":"index","follow":"follow","max-snippet":"max-snippet:-1","max-image-preview":"max-image-preview:large","max-video-preview":"max-video-preview:-1"},"canonical":"https:\/\/www.justiceinfo.net\/fr\/11073-110809-tpircondamnes-le-lieutenant-samuel-imanishimwe-est-sorti-de-prison7881.html","og_locale":"fr_FR","og_type":"article","og_title":"11.08.09 - TPIR\/CONDAMNES - LE LIEUTENANT SAMUEL IMANISHIMWE EST SORTI DE PRISON","og_description":"Arusha, 11 ao&ucirc;t 2009 (FH) - Le lieutenant Samuel Imanishimwe, condamn&eacute; &agrave; 12 ans de prison par le Tribunal p&eacute;nal international pour le Rwanda (TPIR), a recouvr&eacute; la libert&eacute; samedi, apr&egrave;s avoir purg&eacute; la totalit&eacute; de sa peine, a-t-on appris mardi de source autoris&eacute;e au TPIR.","og_url":"https:\/\/www.justiceinfo.net\/fr\/11073-110809-tpircondamnes-le-lieutenant-samuel-imanishimwe-est-sorti-de-prison7881.html","og_site_name":"JusticeInfo.net","article_publisher":"https:\/\/www.facebook.com\/JusticeInfo\/","article_published_time":"2009-08-10T22:00:00+00:00","og_image":[{"width":1200,"height":630,"url":"https:\/\/www.justiceinfo.net\/wp-content\/uploads\/JusticeInfoNet_logo_1200x630px.jpg","type":"image\/jpeg"}],"author":"solivri","twitter_card":"summary_large_image","twitter_creator":"@justiceinfonet","twitter_site":"@justiceinfonet","twitter_misc":{"\u00c9crit par":"solivri","Dur\u00e9e de lecture estim\u00e9e":"3 minutes"},"schema":{"@context":"https:\/\/schema.org","@graph":[{"@type":"NewsArticle","@id":"https:\/\/www.justiceinfo.net\/fr\/11073-110809-tpircondamnes-le-lieutenant-samuel-imanishimwe-est-sorti-de-prison7881.html#article","isPartOf":{"@id":"https:\/\/www.justiceinfo.net\/fr\/11073-110809-tpircondamnes-le-lieutenant-samuel-imanishimwe-est-sorti-de-prison7881.html"},"author":{"name":"solivri","@id":"https:\/\/www.justiceinfo.net\/fr#\/schema\/person\/6e53cba1629e2e66f3fc1821d3091865"},"headline":"11.08.09 - TPIR\/CONDAMNES - LE LIEUTENANT SAMUEL IMANISHIMWE EST SORTI DE PRISON","datePublished":"2009-08-10T22:00:00+00:00","mainEntityOfPage":{"@id":"https:\/\/www.justiceinfo.net\/fr\/11073-110809-tpircondamnes-le-lieutenant-samuel-imanishimwe-est-sorti-de-prison7881.html"},"wordCount":584,"commentCount":0,"publisher":{"@id":"https:\/\/www.justiceinfo.net\/fr#organization"},"articleSection":["Hirondelle News"],"inLanguage":"fr-FR","potentialAction":[{"@type":"CommentAction","name":"Comment","target":["https:\/\/www.justiceinfo.net\/fr\/11073-110809-tpircondamnes-le-lieutenant-samuel-imanishimwe-est-sorti-de-prison7881.html#respond"]}]},{"@type":"WebPage","@id":"https:\/\/www.justiceinfo.net\/fr\/11073-110809-tpircondamnes-le-lieutenant-samuel-imanishimwe-est-sorti-de-prison7881.html","url":"https:\/\/www.justiceinfo.net\/fr\/11073-110809-tpircondamnes-le-lieutenant-samuel-imanishimwe-est-sorti-de-prison7881.html","name":"11.08.09 - TPIR\/CONDAMNES - LE LIEUTENANT SAMUEL IMANISHIMWE EST SORTI DE PRISON - JusticeInfo.net","isPartOf":{"@id":"https:\/\/www.justiceinfo.net\/fr#website"},"datePublished":"2009-08-10T22:00:00+00:00","breadcrumb":{"@id":"https:\/\/www.justiceinfo.net\/fr\/11073-110809-tpircondamnes-le-lieutenant-samuel-imanishimwe-est-sorti-de-prison7881.html#breadcrumb"},"inLanguage":"fr-FR","potentialAction":[{"@type":"ReadAction","target":["https:\/\/www.justiceinfo.net\/fr\/11073-110809-tpircondamnes-le-lieutenant-samuel-imanishimwe-est-sorti-de-prison7881.html"]}]},{"@type":"BreadcrumbList","@id":"https:\/\/www.justiceinfo.net\/fr\/11073-110809-tpircondamnes-le-lieutenant-samuel-imanishimwe-est-sorti-de-prison7881.html#breadcrumb","itemListElement":[{"@type":"ListItem","position":1,"name":"Home","item":"https:\/\/www.justiceinfo.net\/fr"},{"@type":"ListItem","position":2,"name":"11.08.09 - TPIR\/CONDAMNES - LE LIEUTENANT SAMUEL IMANISHIMWE EST SORTI DE PRISON"}]},{"@type":"WebSite","@id":"https:\/\/www.justiceinfo.net\/fr#website","url":"https:\/\/www.justiceinfo.net\/fr","name":"JusticeInfo.net","description":"La justice doit \u00eatre vue pour \u00eatre rendue","publisher":{"@id":"https:\/\/www.justiceinfo.net\/fr#organization"},"potentialAction":[{"@type":"SearchAction","target":{"@type":"EntryPoint","urlTemplate":"https:\/\/www.justiceinfo.net\/fr?s={search_term_string}"},"query-input":{"@type":"PropertyValueSpecification","valueRequired":true,"valueName":"search_term_string"}}],"inLanguage":"fr-FR"},{"@type":"Organization","@id":"https:\/\/www.justiceinfo.net\/fr#organization","name":"Justice Info","url":"https:\/\/www.justiceinfo.net\/fr","logo":{"@type":"ImageObject","inLanguage":"fr-FR","@id":"https:\/\/www.justiceinfo.net\/fr#\/schema\/logo\/image\/","url":"https:\/\/www.justiceinfo.net\/wp-content\/uploads\/justiceinfo_logo-trans_1200x1200px.png","contentUrl":"https:\/\/www.justiceinfo.net\/wp-content\/uploads\/justiceinfo_logo-trans_1200x1200px.png","width":1199,"height":1200,"caption":"Justice Info"},"image":{"@id":"https:\/\/www.justiceinfo.net\/fr#\/schema\/logo\/image\/"},"sameAs":["https:\/\/www.facebook.com\/JusticeInfo\/","https:\/\/x.com\/justiceinfonet","https:\/\/www.linkedin.com\/company\/justice-info","https:\/\/www.youtube.com\/channel\/UCyCEsARodyuWtkWyhn-e7pA"]},{"@type":"Person","name":"solivri","url":"\/fr\/?s=solivri"}]}},"_links":{"self":[{"href":"https:\/\/www.justiceinfo.net\/fr\/wp-json\/wp\/v2\/posts\/11073","targetHints":{"allow":["GET"]}}],"collection":[{"href":"https:\/\/www.justiceinfo.net\/fr\/wp-json\/wp\/v2\/posts"}],"about":[{"href":"https:\/\/www.justiceinfo.net\/fr\/wp-json\/wp\/v2\/types\/post"}],"author":[{"embeddable":true,"href":"https:\/\/www.justiceinfo.net\/fr\/wp-json\/wp\/v2\/users\/64"}],"replies":[{"embeddable":true,"href":"https:\/\/www.justiceinfo.net\/fr\/wp-json\/wp\/v2\/comments?post=11073"}],"version-history":[{"count":0,"href":"https:\/\/www.justiceinfo.net\/fr\/wp-json\/wp\/v2\/posts\/11073\/revisions"}],"wp:attachment":[{"href":"https:\/\/www.justiceinfo.net\/fr\/wp-json\/wp\/v2\/media?parent=11073"}],"wp:term":[{"taxonomy":"category","embeddable":true,"href":"https:\/\/www.justiceinfo.net\/fr\/wp-json\/wp\/v2\/categories?post=11073"},{"taxonomy":"post_tag","embeddable":true,"href":"https:\/\/www.justiceinfo.net\/fr\/wp-json\/wp\/v2\/tags?post=11073"},{"taxonomy":"ji_location","embeddable":true,"href":"https:\/\/www.justiceinfo.net\/fr\/wp-json\/wp\/v2\/ji_location?post=11073"}],"curies":[{"name":"wp","href":"https:\/\/api.w.org\/{rel}","templated":true}]}}