{"id":11088,"date":"2009-08-19T00:00:00","date_gmt":"2009-08-18T22:00:00","guid":{"rendered":"https:\/\/www.justiceinfo.net\/11088-190809-tpirpersonnel-lavocat-general-rajapaksa-serait-decede-dune-mort-naturelle7896.html"},"modified":"2009-08-19T00:00:00","modified_gmt":"2009-08-18T22:00:00","slug":"190809-tpirpersonnel-lavocat-general-rajapaksa-serait-decede-dune-mort-naturelle7896","status":"publish","type":"post","link":"https:\/\/www.justiceinfo.net\/fr\/11088-190809-tpirpersonnel-lavocat-general-rajapaksa-serait-decede-dune-mort-naturelle7896.html","title":{"rendered":"19.08.09 - TPIR\/PERSONNEL - L\u2019AVOCAT GENERAL RAJAPAKSA SERAIT DECEDE D\u2019UNE MORT NATURELLE"},"content":{"rendered":"<p>\nArusha 19 ao&ucirc;t 2009 (FH) -&nbsp; L'avocat g&eacute;n&eacute;ral sri lankais aupr&egrave;s du Tribunal p&eacute;nal international pour le Rwanda (TPIR), Shyamlal Rajapaksa, retrouv&eacute; mort &agrave; son domicile la semaine derni&egrave;re, serait d&eacute;c&eacute;d&eacute; d'une mort naturelle, a-t-on appris mercredi de la juridiction.\n<\/p>\n<p><!--more--><\/p>\n<p >\n<p >\n&laquo; D'apr&egrave;s les rapports pr&eacute;liminaires &raquo; des enqu&ecirc;tes polici&egrave;res et des expertises m&eacute;dicales, il s'agirait d'une mort naturelle, a d&eacute;clar&eacute; &agrave; l'agence Hirondelle, le porte-parole du TPIR, Roland Amoussouga. Il a indiqu&eacute; que le juriste sri lankais souffrait de s&eacute;quelles &laquo; d'ant&eacute;c&eacute;dents m&eacute;dicaux &raquo;.\n<\/p>\n<p >\n&laquo; Nous attendons les r&eacute;sultats compl&eacute;mentaires des examens toxicologiques et autres pour d&eacute;terminer avec plus de pr&eacute;cision la cause exacte de sa mort &raquo;, a-t-il poursuivi, excluant cependant la possibilit&eacute; d'une agression.\n<\/p>\n<p >\n&laquo; Il convient de noter que les rapports pr&eacute;liminaires &eacute;cartent l'hypoth&egrave;se d'une quelconque violence sur le corps pouvant sugg&eacute;rer un meurtre &raquo;, a soulign&eacute; le porte-parole du tribunal.\n<\/p>\n<p >\nLa semaine derni&egrave;re, la police tanzanienne avait annonc&eacute; l'ouverture d'une enqu&ecirc;te sur les circonstances de la mort du jeune magistrat sri lankais.\n<\/p>\n<p >\nSelon&nbsp; le commandant de la police &agrave; Arusha, Basilio Matei, le corps de Rajapaksa a &eacute;t&eacute; retrouv&eacute; &eacute;tendu sur le sol le 12 ao&ucirc;t, saignant de la bouche et du nez. &nbsp;&nbsp;La premi&egrave;re personne a &agrave; avoir d&eacute;couvert le corps est la femme de m&eacute;nage qui a imm&eacute;diatement alert&eacute; la police.&nbsp;&nbsp;&nbsp;\n<\/p>\n<p >\n<p >\nER\/GF\n<\/p>\n<p >\n&copy; Agence Hirondelle<\/p>\n","protected":false},"excerpt":{"rendered":"<p>Arusha 19 ao&ucirc;t 2009 (FH) -&nbsp; L'avocat g&eacute;n&eacute;ral sri lankais aupr&egrave;s du Tribunal p&eacute;nal international pour le Rwanda (TPIR), Shyamlal Rajapaksa, retrouv&eacute; mort &agrave; son domicile la semaine derni&egrave;re, serait d&eacute;c&eacute;d&eacute; d'une mort naturelle, a-t-on appris mercredi de la juridiction.<\/p>\n","protected":false},"author":64,"featured_media":0,"comment_status":"open","ping_status":"closed","sticky":false,"template":"","format":"standard","meta":{"_acf_changed":false,"footnotes":""},"categories":[554],"tags":[],"ji_location":[],"class_list":["post-11088","post","type-post","status-publish","format-standard","hentry","category-hirondellenews"],"acf":[],"yoast_head":"<!-- This site is optimized with the Yoast SEO Premium plugin v25.3.1 (Yoast SEO v25.3.1) - https:\/\/yoast.com\/wordpress\/plugins\/seo\/ -->\n<title>19.08.09 - TPIR\/PERSONNEL - L\u2019AVOCAT GENERAL RAJAPAKSA SERAIT DECEDE D\u2019UNE MORT NATURELLE - JusticeInfo.net<\/title>\n<meta name=\"robots\" content=\"index, follow, max-snippet:-1, max-image-preview:large, max-video-preview:-1\" \/>\n<link rel=\"canonical\" href=\"https:\/\/www.justiceinfo.net\/fr\/11088-190809-tpirpersonnel-lavocat-general-rajapaksa-serait-decede-dune-mort-naturelle7896.html\" \/>\n<meta property=\"og:locale\" content=\"fr_FR\" \/>\n<meta property=\"og:type\" content=\"article\" \/>\n<meta property=\"og:title\" content=\"19.08.09 - TPIR\/PERSONNEL - L\u2019AVOCAT GENERAL RAJAPAKSA SERAIT DECEDE D\u2019UNE MORT NATURELLE\" \/>\n<meta property=\"og:description\" content=\"Arusha 19 ao&ucirc;t 2009 (FH) -&nbsp; L&#039;avocat g&eacute;n&eacute;ral sri lankais aupr&egrave;s du Tribunal p&eacute;nal international pour le Rwanda (TPIR), Shyamlal Rajapaksa, retrouv&eacute; mort &agrave; son domicile la semaine derni&egrave;re, serait d&eacute;c&eacute;d&eacute; d&#039;une mort naturelle, a-t-on appris mercredi de la juridiction.\" \/>\n<meta property=\"og:url\" content=\"https:\/\/www.justiceinfo.net\/fr\/11088-190809-tpirpersonnel-lavocat-general-rajapaksa-serait-decede-dune-mort-naturelle7896.html\" \/>\n<meta property=\"og:site_name\" content=\"JusticeInfo.net\" \/>\n<meta property=\"article:publisher\" content=\"https:\/\/www.facebook.com\/JusticeInfo\/\" \/>\n<meta property=\"article:published_time\" content=\"2009-08-18T22:00:00+00:00\" \/>\n<meta property=\"og:image\" content=\"https:\/\/www.justiceinfo.net\/wp-content\/uploads\/JusticeInfoNet_logo_1200x630px.jpg\" \/>\n\t<meta property=\"og:image:width\" content=\"1200\" \/>\n\t<meta property=\"og:image:height\" content=\"630\" \/>\n\t<meta property=\"og:image:type\" content=\"image\/jpeg\" \/>\n<meta name=\"author\" content=\"solivri\" \/>\n<meta name=\"twitter:card\" content=\"summary_large_image\" \/>\n<meta name=\"twitter:creator\" content=\"@justiceinfonet\" \/>\n<meta name=\"twitter:site\" content=\"@justiceinfonet\" \/>\n<meta name=\"twitter:label1\" content=\"\u00c9crit par\" \/>\n\t<meta name=\"twitter:data1\" content=\"solivri\" \/>\n\t<meta name=\"twitter:label2\" content=\"Dur\u00e9e de lecture estim\u00e9e\" \/>\n\t<meta name=\"twitter:data2\" content=\"2 minutes\" \/>\n<script type=\"application\/ld+json\" class=\"yoast-schema-graph\">{\"@context\":\"https:\/\/schema.org\",\"@graph\":[{\"@type\":\"NewsArticle\",\"@id\":\"https:\/\/www.justiceinfo.net\/fr\/11088-190809-tpirpersonnel-lavocat-general-rajapaksa-serait-decede-dune-mort-naturelle7896.html#article\",\"isPartOf\":{\"@id\":\"https:\/\/www.justiceinfo.net\/fr\/11088-190809-tpirpersonnel-lavocat-general-rajapaksa-serait-decede-dune-mort-naturelle7896.html\"},\"author\":{\"name\":\"solivri\",\"@id\":\"https:\/\/www.justiceinfo.net\/fr#\/schema\/person\/6e53cba1629e2e66f3fc1821d3091865\"},\"headline\":\"19.08.09 - TPIR\/PERSONNEL - L\u2019AVOCAT GENERAL RAJAPAKSA SERAIT DECEDE D\u2019UNE MORT NATURELLE\",\"datePublished\":\"2009-08-18T22:00:00+00:00\",\"mainEntityOfPage\":{\"@id\":\"https:\/\/www.justiceinfo.net\/fr\/11088-190809-tpirpersonnel-lavocat-general-rajapaksa-serait-decede-dune-mort-naturelle7896.html\"},\"wordCount\":329,\"commentCount\":0,\"publisher\":{\"@id\":\"https:\/\/www.justiceinfo.net\/fr#organization\"},\"articleSection\":[\"Hirondelle News\"],\"inLanguage\":\"fr-FR\",\"potentialAction\":[{\"@type\":\"CommentAction\",\"name\":\"Comment\",\"target\":[\"https:\/\/www.justiceinfo.net\/fr\/11088-190809-tpirpersonnel-lavocat-general-rajapaksa-serait-decede-dune-mort-naturelle7896.html#respond\"]}]},{\"@type\":\"WebPage\",\"@id\":\"https:\/\/www.justiceinfo.net\/fr\/11088-190809-tpirpersonnel-lavocat-general-rajapaksa-serait-decede-dune-mort-naturelle7896.html\",\"url\":\"https:\/\/www.justiceinfo.net\/fr\/11088-190809-tpirpersonnel-lavocat-general-rajapaksa-serait-decede-dune-mort-naturelle7896.html\",\"name\":\"19.08.09 - TPIR\/PERSONNEL - L\u2019AVOCAT GENERAL RAJAPAKSA SERAIT DECEDE D\u2019UNE MORT NATURELLE - JusticeInfo.net\",\"isPartOf\":{\"@id\":\"https:\/\/www.justiceinfo.net\/fr#website\"},\"datePublished\":\"2009-08-18T22:00:00+00:00\",\"breadcrumb\":{\"@id\":\"https:\/\/www.justiceinfo.net\/fr\/11088-190809-tpirpersonnel-lavocat-general-rajapaksa-serait-decede-dune-mort-naturelle7896.html#breadcrumb\"},\"inLanguage\":\"fr-FR\",\"potentialAction\":[{\"@type\":\"ReadAction\",\"target\":[\"https:\/\/www.justiceinfo.net\/fr\/11088-190809-tpirpersonnel-lavocat-general-rajapaksa-serait-decede-dune-mort-naturelle7896.html\"]}]},{\"@type\":\"BreadcrumbList\",\"@id\":\"https:\/\/www.justiceinfo.net\/fr\/11088-190809-tpirpersonnel-lavocat-general-rajapaksa-serait-decede-dune-mort-naturelle7896.html#breadcrumb\",\"itemListElement\":[{\"@type\":\"ListItem\",\"position\":1,\"name\":\"Home\",\"item\":\"https:\/\/www.justiceinfo.net\/fr\"},{\"@type\":\"ListItem\",\"position\":2,\"name\":\"19.08.09 - TPIR\/PERSONNEL - L\u2019AVOCAT GENERAL RAJAPAKSA SERAIT DECEDE D\u2019UNE MORT NATURELLE\"}]},{\"@type\":\"WebSite\",\"@id\":\"https:\/\/www.justiceinfo.net\/fr#website\",\"url\":\"https:\/\/www.justiceinfo.net\/fr\",\"name\":\"JusticeInfo.net\",\"description\":\"La justice doit \u00eatre vue pour \u00eatre rendue\",\"publisher\":{\"@id\":\"https:\/\/www.justiceinfo.net\/fr#organization\"},\"potentialAction\":[{\"@type\":\"SearchAction\",\"target\":{\"@type\":\"EntryPoint\",\"urlTemplate\":\"https:\/\/www.justiceinfo.net\/fr?s={search_term_string}\"},\"query-input\":{\"@type\":\"PropertyValueSpecification\",\"valueRequired\":true,\"valueName\":\"search_term_string\"}}],\"inLanguage\":\"fr-FR\"},{\"@type\":\"Organization\",\"@id\":\"https:\/\/www.justiceinfo.net\/fr#organization\",\"name\":\"Justice Info\",\"url\":\"https:\/\/www.justiceinfo.net\/fr\",\"logo\":{\"@type\":\"ImageObject\",\"inLanguage\":\"fr-FR\",\"@id\":\"https:\/\/www.justiceinfo.net\/fr#\/schema\/logo\/image\/\",\"url\":\"https:\/\/www.justiceinfo.net\/wp-content\/uploads\/justiceinfo_logo-trans_1200x1200px.png\",\"contentUrl\":\"https:\/\/www.justiceinfo.net\/wp-content\/uploads\/justiceinfo_logo-trans_1200x1200px.png\",\"width\":1199,\"height\":1200,\"caption\":\"Justice Info\"},\"image\":{\"@id\":\"https:\/\/www.justiceinfo.net\/fr#\/schema\/logo\/image\/\"},\"sameAs\":[\"https:\/\/www.facebook.com\/JusticeInfo\/\",\"https:\/\/x.com\/justiceinfonet\",\"https:\/\/www.linkedin.com\/company\/justice-info\",\"https:\/\/www.youtube.com\/channel\/UCyCEsARodyuWtkWyhn-e7pA\"]},{\"@type\":\"Person\",\"name\":\"solivri\",\"url\":\"\/fr\/?s=solivri\"}]}<\/script>\n<!-- \/ Yoast SEO Premium plugin. -->","yoast_head_json":{"title":"19.08.09 - TPIR\/PERSONNEL - L\u2019AVOCAT GENERAL RAJAPAKSA SERAIT DECEDE D\u2019UNE MORT NATURELLE - JusticeInfo.net","robots":{"index":"index","follow":"follow","max-snippet":"max-snippet:-1","max-image-preview":"max-image-preview:large","max-video-preview":"max-video-preview:-1"},"canonical":"https:\/\/www.justiceinfo.net\/fr\/11088-190809-tpirpersonnel-lavocat-general-rajapaksa-serait-decede-dune-mort-naturelle7896.html","og_locale":"fr_FR","og_type":"article","og_title":"19.08.09 - TPIR\/PERSONNEL - L\u2019AVOCAT GENERAL RAJAPAKSA SERAIT DECEDE D\u2019UNE MORT NATURELLE","og_description":"Arusha 19 ao&ucirc;t 2009 (FH) -&nbsp; L'avocat g&eacute;n&eacute;ral sri lankais aupr&egrave;s du Tribunal p&eacute;nal international pour le Rwanda (TPIR), Shyamlal Rajapaksa, retrouv&eacute; mort &agrave; son domicile la semaine derni&egrave;re, serait d&eacute;c&eacute;d&eacute; d'une mort naturelle, a-t-on appris mercredi de la juridiction.","og_url":"https:\/\/www.justiceinfo.net\/fr\/11088-190809-tpirpersonnel-lavocat-general-rajapaksa-serait-decede-dune-mort-naturelle7896.html","og_site_name":"JusticeInfo.net","article_publisher":"https:\/\/www.facebook.com\/JusticeInfo\/","article_published_time":"2009-08-18T22:00:00+00:00","og_image":[{"width":1200,"height":630,"url":"https:\/\/www.justiceinfo.net\/wp-content\/uploads\/JusticeInfoNet_logo_1200x630px.jpg","type":"image\/jpeg"}],"author":"solivri","twitter_card":"summary_large_image","twitter_creator":"@justiceinfonet","twitter_site":"@justiceinfonet","twitter_misc":{"\u00c9crit par":"solivri","Dur\u00e9e de lecture estim\u00e9e":"2 minutes"},"schema":{"@context":"https:\/\/schema.org","@graph":[{"@type":"NewsArticle","@id":"https:\/\/www.justiceinfo.net\/fr\/11088-190809-tpirpersonnel-lavocat-general-rajapaksa-serait-decede-dune-mort-naturelle7896.html#article","isPartOf":{"@id":"https:\/\/www.justiceinfo.net\/fr\/11088-190809-tpirpersonnel-lavocat-general-rajapaksa-serait-decede-dune-mort-naturelle7896.html"},"author":{"name":"solivri","@id":"https:\/\/www.justiceinfo.net\/fr#\/schema\/person\/6e53cba1629e2e66f3fc1821d3091865"},"headline":"19.08.09 - TPIR\/PERSONNEL - L\u2019AVOCAT GENERAL RAJAPAKSA SERAIT DECEDE D\u2019UNE MORT NATURELLE","datePublished":"2009-08-18T22:00:00+00:00","mainEntityOfPage":{"@id":"https:\/\/www.justiceinfo.net\/fr\/11088-190809-tpirpersonnel-lavocat-general-rajapaksa-serait-decede-dune-mort-naturelle7896.html"},"wordCount":329,"commentCount":0,"publisher":{"@id":"https:\/\/www.justiceinfo.net\/fr#organization"},"articleSection":["Hirondelle News"],"inLanguage":"fr-FR","potentialAction":[{"@type":"CommentAction","name":"Comment","target":["https:\/\/www.justiceinfo.net\/fr\/11088-190809-tpirpersonnel-lavocat-general-rajapaksa-serait-decede-dune-mort-naturelle7896.html#respond"]}]},{"@type":"WebPage","@id":"https:\/\/www.justiceinfo.net\/fr\/11088-190809-tpirpersonnel-lavocat-general-rajapaksa-serait-decede-dune-mort-naturelle7896.html","url":"https:\/\/www.justiceinfo.net\/fr\/11088-190809-tpirpersonnel-lavocat-general-rajapaksa-serait-decede-dune-mort-naturelle7896.html","name":"19.08.09 - TPIR\/PERSONNEL - L\u2019AVOCAT GENERAL RAJAPAKSA SERAIT DECEDE D\u2019UNE MORT NATURELLE - JusticeInfo.net","isPartOf":{"@id":"https:\/\/www.justiceinfo.net\/fr#website"},"datePublished":"2009-08-18T22:00:00+00:00","breadcrumb":{"@id":"https:\/\/www.justiceinfo.net\/fr\/11088-190809-tpirpersonnel-lavocat-general-rajapaksa-serait-decede-dune-mort-naturelle7896.html#breadcrumb"},"inLanguage":"fr-FR","potentialAction":[{"@type":"ReadAction","target":["https:\/\/www.justiceinfo.net\/fr\/11088-190809-tpirpersonnel-lavocat-general-rajapaksa-serait-decede-dune-mort-naturelle7896.html"]}]},{"@type":"BreadcrumbList","@id":"https:\/\/www.justiceinfo.net\/fr\/11088-190809-tpirpersonnel-lavocat-general-rajapaksa-serait-decede-dune-mort-naturelle7896.html#breadcrumb","itemListElement":[{"@type":"ListItem","position":1,"name":"Home","item":"https:\/\/www.justiceinfo.net\/fr"},{"@type":"ListItem","position":2,"name":"19.08.09 - TPIR\/PERSONNEL - L\u2019AVOCAT GENERAL RAJAPAKSA SERAIT DECEDE D\u2019UNE MORT NATURELLE"}]},{"@type":"WebSite","@id":"https:\/\/www.justiceinfo.net\/fr#website","url":"https:\/\/www.justiceinfo.net\/fr","name":"JusticeInfo.net","description":"La justice doit \u00eatre vue pour \u00eatre rendue","publisher":{"@id":"https:\/\/www.justiceinfo.net\/fr#organization"},"potentialAction":[{"@type":"SearchAction","target":{"@type":"EntryPoint","urlTemplate":"https:\/\/www.justiceinfo.net\/fr?s={search_term_string}"},"query-input":{"@type":"PropertyValueSpecification","valueRequired":true,"valueName":"search_term_string"}}],"inLanguage":"fr-FR"},{"@type":"Organization","@id":"https:\/\/www.justiceinfo.net\/fr#organization","name":"Justice Info","url":"https:\/\/www.justiceinfo.net\/fr","logo":{"@type":"ImageObject","inLanguage":"fr-FR","@id":"https:\/\/www.justiceinfo.net\/fr#\/schema\/logo\/image\/","url":"https:\/\/www.justiceinfo.net\/wp-content\/uploads\/justiceinfo_logo-trans_1200x1200px.png","contentUrl":"https:\/\/www.justiceinfo.net\/wp-content\/uploads\/justiceinfo_logo-trans_1200x1200px.png","width":1199,"height":1200,"caption":"Justice Info"},"image":{"@id":"https:\/\/www.justiceinfo.net\/fr#\/schema\/logo\/image\/"},"sameAs":["https:\/\/www.facebook.com\/JusticeInfo\/","https:\/\/x.com\/justiceinfonet","https:\/\/www.linkedin.com\/company\/justice-info","https:\/\/www.youtube.com\/channel\/UCyCEsARodyuWtkWyhn-e7pA"]},{"@type":"Person","name":"solivri","url":"\/fr\/?s=solivri"}]}},"_links":{"self":[{"href":"https:\/\/www.justiceinfo.net\/fr\/wp-json\/wp\/v2\/posts\/11088","targetHints":{"allow":["GET"]}}],"collection":[{"href":"https:\/\/www.justiceinfo.net\/fr\/wp-json\/wp\/v2\/posts"}],"about":[{"href":"https:\/\/www.justiceinfo.net\/fr\/wp-json\/wp\/v2\/types\/post"}],"author":[{"embeddable":true,"href":"https:\/\/www.justiceinfo.net\/fr\/wp-json\/wp\/v2\/users\/64"}],"replies":[{"embeddable":true,"href":"https:\/\/www.justiceinfo.net\/fr\/wp-json\/wp\/v2\/comments?post=11088"}],"version-history":[{"count":0,"href":"https:\/\/www.justiceinfo.net\/fr\/wp-json\/wp\/v2\/posts\/11088\/revisions"}],"wp:attachment":[{"href":"https:\/\/www.justiceinfo.net\/fr\/wp-json\/wp\/v2\/media?parent=11088"}],"wp:term":[{"taxonomy":"category","embeddable":true,"href":"https:\/\/www.justiceinfo.net\/fr\/wp-json\/wp\/v2\/categories?post=11088"},{"taxonomy":"post_tag","embeddable":true,"href":"https:\/\/www.justiceinfo.net\/fr\/wp-json\/wp\/v2\/tags?post=11088"},{"taxonomy":"ji_location","embeddable":true,"href":"https:\/\/www.justiceinfo.net\/fr\/wp-json\/wp\/v2\/ji_location?post=11088"}],"curies":[{"name":"wp","href":"https:\/\/api.w.org\/{rel}","templated":true}]}}