{"id":11108,"date":"2009-08-24T00:00:00","date_gmt":"2009-08-23T22:00:00","guid":{"rendered":"https:\/\/www.justiceinfo.net\/11108-240809-usanomination-le-procureur-du-tssl-nomme-ambassadeur-en-charge-des-crimes-de-guerre7916.html"},"modified":"2009-08-24T00:00:00","modified_gmt":"2009-08-23T22:00:00","slug":"240809-usanomination-le-procureur-du-tssl-nomme-ambassadeur-en-charge-des-crimes-de-guerre7916","status":"publish","type":"post","link":"https:\/\/www.justiceinfo.net\/fr\/11108-240809-usanomination-le-procureur-du-tssl-nomme-ambassadeur-en-charge-des-crimes-de-guerre7916.html","title":{"rendered":"24.08.09 - USA\/NOMINATION - LE PROCUREUR DU TSSL NOMME AMBASSADEUR EN CHARGE DES CRIMES DE GUERRE"},"content":{"rendered":"<p >\nArusha, 24 ao&ucirc;t 2009 (FH) - Le procureur du Tribunal sp&eacute;cial pour la Sierra Leone (TSSL), Stephen Rapp, a &eacute;t&eacute; nomm&eacute; ambassadeur extraordinaire des Etats-Unis en charge des crimes de guerre et quittera ses fonctions actuelles le 7 septembre, a rapport&eacute; l'AFP.\n<\/p>\n<p><!--more--><\/p>\n<p >\n<p >\n<p >\nIl succ&egrave;dera &agrave; Clint Williamson\n<\/p>\n<p >\n<p >\nAvant sa nomination au TSSL, M. Rapp, 60 ans, &eacute;tait chef des poursuites au Tribunal p&eacute;nal international pour le Rwanda (TPIR). Le Bureau am&eacute;ricain en charge des crimes de guerre, qu'il va diriger, d&eacute;pend de la secr&eacute;taire d'Etat Hillary Clinton.\n<\/p>\n<p >\n&quot;Une de mes fonctions consistera &agrave; m'assurer que le TSSL et les autres tribunaux internationaux disposent des ressources n&eacute;cessaires pour mener &agrave; bien leur mission&quot;, a soulign&eacute; M. Rapp cit&eacute; par l'AFP. Bas&eacute; &agrave; Freetown, le TSSL a &eacute;t&eacute; cr&eacute;&eacute; en 2002 avec le soutien de l'ONU pour juger les auteurs pr&eacute;sum&eacute;s de crimes de guerre et crimes contre l'humanit&eacute; commis durant la guerre civile qui a d&eacute;chir&eacute; la Sierra Leone de 1991 &agrave; 2001, faisant 120.000 morts et des milliers de mutil&eacute;s.\n<\/p>\n<p >\n<p >\nLe TSSL, financ&eacute; gr&acirc;ce aux contributions volontaires des Etats, s'est r&eacute;cemment inqui&eacute;t&eacute; de ne pas avoir suffisamment de fonds pour terminer certains proc&egrave;s. Il juge, depuis janvier 2008, &agrave; La Haye o&ugrave; le proc&egrave;s a &eacute;t&eacute; d&eacute;localis&eacute; pour raisons de s&eacute;curit&eacute;, l'ex-pr&eacute;sident lib&eacute;rien Charles Taylor.\n<\/p>\n<p >\n<p >\nER\/GF\n<\/p>\n<p>\n&copy; Agence Hirondelle<\/p>\n","protected":false},"excerpt":{"rendered":"<p>Arusha, 24 ao&ucirc;t 2009 (FH) - Le procureur du Tribunal sp&eacute;cial pour la Sierra Leone (TSSL), Stephen Rapp, a &eacute;t&eacute; nomm&eacute; ambassadeur extraordinaire des Etats-Unis en charge des crimes de guerre et quittera ses fonctions actuelles le 7 septembre, a rapport&eacute; l'AFP.<\/p>\n","protected":false},"author":64,"featured_media":0,"comment_status":"open","ping_status":"closed","sticky":false,"template":"","format":"standard","meta":{"_acf_changed":false,"footnotes":""},"categories":[554],"tags":[],"ji_location":[],"class_list":["post-11108","post","type-post","status-publish","format-standard","hentry","category-hirondellenews"],"acf":[],"yoast_head":"<!-- This site is optimized with the Yoast SEO Premium plugin v25.3.1 (Yoast SEO v25.3.1) - https:\/\/yoast.com\/wordpress\/plugins\/seo\/ -->\n<title>24.08.09 - USA\/NOMINATION - LE PROCUREUR DU TSSL NOMME AMBASSADEUR EN CHARGE DES CRIMES DE GUERRE - JusticeInfo.net<\/title>\n<meta name=\"robots\" content=\"index, follow, max-snippet:-1, max-image-preview:large, max-video-preview:-1\" \/>\n<link rel=\"canonical\" href=\"https:\/\/www.justiceinfo.net\/fr\/11108-240809-usanomination-le-procureur-du-tssl-nomme-ambassadeur-en-charge-des-crimes-de-guerre7916.html\" \/>\n<meta property=\"og:locale\" content=\"fr_FR\" \/>\n<meta property=\"og:type\" content=\"article\" \/>\n<meta property=\"og:title\" content=\"24.08.09 - USA\/NOMINATION - LE PROCUREUR DU TSSL NOMME AMBASSADEUR EN CHARGE DES CRIMES DE GUERRE\" \/>\n<meta property=\"og:description\" content=\"Arusha, 24 ao&ucirc;t 2009 (FH) - Le procureur du Tribunal sp&eacute;cial pour la Sierra Leone (TSSL), Stephen Rapp, a &eacute;t&eacute; nomm&eacute; ambassadeur extraordinaire des Etats-Unis en charge des crimes de guerre et quittera ses fonctions actuelles le 7 septembre, a rapport&eacute; l&#039;AFP.\" \/>\n<meta property=\"og:url\" content=\"https:\/\/www.justiceinfo.net\/fr\/11108-240809-usanomination-le-procureur-du-tssl-nomme-ambassadeur-en-charge-des-crimes-de-guerre7916.html\" \/>\n<meta property=\"og:site_name\" content=\"JusticeInfo.net\" \/>\n<meta property=\"article:publisher\" content=\"https:\/\/www.facebook.com\/JusticeInfo\/\" \/>\n<meta property=\"article:published_time\" content=\"2009-08-23T22:00:00+00:00\" \/>\n<meta property=\"og:image\" content=\"https:\/\/www.justiceinfo.net\/wp-content\/uploads\/JusticeInfoNet_logo_1200x630px.jpg\" \/>\n\t<meta property=\"og:image:width\" content=\"1200\" \/>\n\t<meta property=\"og:image:height\" content=\"630\" \/>\n\t<meta property=\"og:image:type\" content=\"image\/jpeg\" \/>\n<meta name=\"author\" content=\"solivri\" \/>\n<meta name=\"twitter:card\" content=\"summary_large_image\" \/>\n<meta name=\"twitter:creator\" content=\"@justiceinfonet\" \/>\n<meta name=\"twitter:site\" content=\"@justiceinfonet\" \/>\n<meta name=\"twitter:label1\" content=\"\u00c9crit par\" \/>\n\t<meta name=\"twitter:data1\" content=\"solivri\" \/>\n\t<meta name=\"twitter:label2\" content=\"Dur\u00e9e de lecture estim\u00e9e\" \/>\n\t<meta name=\"twitter:data2\" content=\"1 minute\" \/>\n<script type=\"application\/ld+json\" class=\"yoast-schema-graph\">{\"@context\":\"https:\/\/schema.org\",\"@graph\":[{\"@type\":\"NewsArticle\",\"@id\":\"https:\/\/www.justiceinfo.net\/fr\/11108-240809-usanomination-le-procureur-du-tssl-nomme-ambassadeur-en-charge-des-crimes-de-guerre7916.html#article\",\"isPartOf\":{\"@id\":\"https:\/\/www.justiceinfo.net\/fr\/11108-240809-usanomination-le-procureur-du-tssl-nomme-ambassadeur-en-charge-des-crimes-de-guerre7916.html\"},\"author\":{\"name\":\"solivri\",\"@id\":\"https:\/\/www.justiceinfo.net\/fr#\/schema\/person\/6e53cba1629e2e66f3fc1821d3091865\"},\"headline\":\"24.08.09 - USA\/NOMINATION - LE PROCUREUR DU TSSL NOMME AMBASSADEUR EN CHARGE DES CRIMES DE GUERRE\",\"datePublished\":\"2009-08-23T22:00:00+00:00\",\"mainEntityOfPage\":{\"@id\":\"https:\/\/www.justiceinfo.net\/fr\/11108-240809-usanomination-le-procureur-du-tssl-nomme-ambassadeur-en-charge-des-crimes-de-guerre7916.html\"},\"wordCount\":301,\"commentCount\":0,\"publisher\":{\"@id\":\"https:\/\/www.justiceinfo.net\/fr#organization\"},\"articleSection\":[\"Hirondelle News\"],\"inLanguage\":\"fr-FR\",\"potentialAction\":[{\"@type\":\"CommentAction\",\"name\":\"Comment\",\"target\":[\"https:\/\/www.justiceinfo.net\/fr\/11108-240809-usanomination-le-procureur-du-tssl-nomme-ambassadeur-en-charge-des-crimes-de-guerre7916.html#respond\"]}]},{\"@type\":\"WebPage\",\"@id\":\"https:\/\/www.justiceinfo.net\/fr\/11108-240809-usanomination-le-procureur-du-tssl-nomme-ambassadeur-en-charge-des-crimes-de-guerre7916.html\",\"url\":\"https:\/\/www.justiceinfo.net\/fr\/11108-240809-usanomination-le-procureur-du-tssl-nomme-ambassadeur-en-charge-des-crimes-de-guerre7916.html\",\"name\":\"24.08.09 - USA\/NOMINATION - LE PROCUREUR DU TSSL NOMME AMBASSADEUR EN CHARGE DES CRIMES DE GUERRE - JusticeInfo.net\",\"isPartOf\":{\"@id\":\"https:\/\/www.justiceinfo.net\/fr#website\"},\"datePublished\":\"2009-08-23T22:00:00+00:00\",\"breadcrumb\":{\"@id\":\"https:\/\/www.justiceinfo.net\/fr\/11108-240809-usanomination-le-procureur-du-tssl-nomme-ambassadeur-en-charge-des-crimes-de-guerre7916.html#breadcrumb\"},\"inLanguage\":\"fr-FR\",\"potentialAction\":[{\"@type\":\"ReadAction\",\"target\":[\"https:\/\/www.justiceinfo.net\/fr\/11108-240809-usanomination-le-procureur-du-tssl-nomme-ambassadeur-en-charge-des-crimes-de-guerre7916.html\"]}]},{\"@type\":\"BreadcrumbList\",\"@id\":\"https:\/\/www.justiceinfo.net\/fr\/11108-240809-usanomination-le-procureur-du-tssl-nomme-ambassadeur-en-charge-des-crimes-de-guerre7916.html#breadcrumb\",\"itemListElement\":[{\"@type\":\"ListItem\",\"position\":1,\"name\":\"Home\",\"item\":\"https:\/\/www.justiceinfo.net\/fr\"},{\"@type\":\"ListItem\",\"position\":2,\"name\":\"24.08.09 - USA\/NOMINATION - LE PROCUREUR DU TSSL NOMME AMBASSADEUR EN CHARGE DES CRIMES DE GUERRE\"}]},{\"@type\":\"WebSite\",\"@id\":\"https:\/\/www.justiceinfo.net\/fr#website\",\"url\":\"https:\/\/www.justiceinfo.net\/fr\",\"name\":\"JusticeInfo.net\",\"description\":\"La justice doit \u00eatre vue pour \u00eatre rendue\",\"publisher\":{\"@id\":\"https:\/\/www.justiceinfo.net\/fr#organization\"},\"potentialAction\":[{\"@type\":\"SearchAction\",\"target\":{\"@type\":\"EntryPoint\",\"urlTemplate\":\"https:\/\/www.justiceinfo.net\/fr?s={search_term_string}\"},\"query-input\":{\"@type\":\"PropertyValueSpecification\",\"valueRequired\":true,\"valueName\":\"search_term_string\"}}],\"inLanguage\":\"fr-FR\"},{\"@type\":\"Organization\",\"@id\":\"https:\/\/www.justiceinfo.net\/fr#organization\",\"name\":\"Justice Info\",\"url\":\"https:\/\/www.justiceinfo.net\/fr\",\"logo\":{\"@type\":\"ImageObject\",\"inLanguage\":\"fr-FR\",\"@id\":\"https:\/\/www.justiceinfo.net\/fr#\/schema\/logo\/image\/\",\"url\":\"https:\/\/www.justiceinfo.net\/wp-content\/uploads\/justiceinfo_logo-trans_1200x1200px.png\",\"contentUrl\":\"https:\/\/www.justiceinfo.net\/wp-content\/uploads\/justiceinfo_logo-trans_1200x1200px.png\",\"width\":1199,\"height\":1200,\"caption\":\"Justice Info\"},\"image\":{\"@id\":\"https:\/\/www.justiceinfo.net\/fr#\/schema\/logo\/image\/\"},\"sameAs\":[\"https:\/\/www.facebook.com\/JusticeInfo\/\",\"https:\/\/x.com\/justiceinfonet\",\"https:\/\/www.linkedin.com\/company\/justice-info\",\"https:\/\/www.youtube.com\/channel\/UCyCEsARodyuWtkWyhn-e7pA\"]},{\"@type\":\"Person\",\"name\":\"solivri\",\"url\":\"\/fr\/?s=solivri\"}]}<\/script>\n<!-- \/ Yoast SEO Premium plugin. -->","yoast_head_json":{"title":"24.08.09 - USA\/NOMINATION - LE PROCUREUR DU TSSL NOMME AMBASSADEUR EN CHARGE DES CRIMES DE GUERRE - JusticeInfo.net","robots":{"index":"index","follow":"follow","max-snippet":"max-snippet:-1","max-image-preview":"max-image-preview:large","max-video-preview":"max-video-preview:-1"},"canonical":"https:\/\/www.justiceinfo.net\/fr\/11108-240809-usanomination-le-procureur-du-tssl-nomme-ambassadeur-en-charge-des-crimes-de-guerre7916.html","og_locale":"fr_FR","og_type":"article","og_title":"24.08.09 - USA\/NOMINATION - LE PROCUREUR DU TSSL NOMME AMBASSADEUR EN CHARGE DES CRIMES DE GUERRE","og_description":"Arusha, 24 ao&ucirc;t 2009 (FH) - Le procureur du Tribunal sp&eacute;cial pour la Sierra Leone (TSSL), Stephen Rapp, a &eacute;t&eacute; nomm&eacute; ambassadeur extraordinaire des Etats-Unis en charge des crimes de guerre et quittera ses fonctions actuelles le 7 septembre, a rapport&eacute; l'AFP.","og_url":"https:\/\/www.justiceinfo.net\/fr\/11108-240809-usanomination-le-procureur-du-tssl-nomme-ambassadeur-en-charge-des-crimes-de-guerre7916.html","og_site_name":"JusticeInfo.net","article_publisher":"https:\/\/www.facebook.com\/JusticeInfo\/","article_published_time":"2009-08-23T22:00:00+00:00","og_image":[{"width":1200,"height":630,"url":"https:\/\/www.justiceinfo.net\/wp-content\/uploads\/JusticeInfoNet_logo_1200x630px.jpg","type":"image\/jpeg"}],"author":"solivri","twitter_card":"summary_large_image","twitter_creator":"@justiceinfonet","twitter_site":"@justiceinfonet","twitter_misc":{"\u00c9crit par":"solivri","Dur\u00e9e de lecture estim\u00e9e":"1 minute"},"schema":{"@context":"https:\/\/schema.org","@graph":[{"@type":"NewsArticle","@id":"https:\/\/www.justiceinfo.net\/fr\/11108-240809-usanomination-le-procureur-du-tssl-nomme-ambassadeur-en-charge-des-crimes-de-guerre7916.html#article","isPartOf":{"@id":"https:\/\/www.justiceinfo.net\/fr\/11108-240809-usanomination-le-procureur-du-tssl-nomme-ambassadeur-en-charge-des-crimes-de-guerre7916.html"},"author":{"name":"solivri","@id":"https:\/\/www.justiceinfo.net\/fr#\/schema\/person\/6e53cba1629e2e66f3fc1821d3091865"},"headline":"24.08.09 - USA\/NOMINATION - LE PROCUREUR DU TSSL NOMME AMBASSADEUR EN CHARGE DES CRIMES DE GUERRE","datePublished":"2009-08-23T22:00:00+00:00","mainEntityOfPage":{"@id":"https:\/\/www.justiceinfo.net\/fr\/11108-240809-usanomination-le-procureur-du-tssl-nomme-ambassadeur-en-charge-des-crimes-de-guerre7916.html"},"wordCount":301,"commentCount":0,"publisher":{"@id":"https:\/\/www.justiceinfo.net\/fr#organization"},"articleSection":["Hirondelle News"],"inLanguage":"fr-FR","potentialAction":[{"@type":"CommentAction","name":"Comment","target":["https:\/\/www.justiceinfo.net\/fr\/11108-240809-usanomination-le-procureur-du-tssl-nomme-ambassadeur-en-charge-des-crimes-de-guerre7916.html#respond"]}]},{"@type":"WebPage","@id":"https:\/\/www.justiceinfo.net\/fr\/11108-240809-usanomination-le-procureur-du-tssl-nomme-ambassadeur-en-charge-des-crimes-de-guerre7916.html","url":"https:\/\/www.justiceinfo.net\/fr\/11108-240809-usanomination-le-procureur-du-tssl-nomme-ambassadeur-en-charge-des-crimes-de-guerre7916.html","name":"24.08.09 - USA\/NOMINATION - LE PROCUREUR DU TSSL NOMME AMBASSADEUR EN CHARGE DES CRIMES DE GUERRE - JusticeInfo.net","isPartOf":{"@id":"https:\/\/www.justiceinfo.net\/fr#website"},"datePublished":"2009-08-23T22:00:00+00:00","breadcrumb":{"@id":"https:\/\/www.justiceinfo.net\/fr\/11108-240809-usanomination-le-procureur-du-tssl-nomme-ambassadeur-en-charge-des-crimes-de-guerre7916.html#breadcrumb"},"inLanguage":"fr-FR","potentialAction":[{"@type":"ReadAction","target":["https:\/\/www.justiceinfo.net\/fr\/11108-240809-usanomination-le-procureur-du-tssl-nomme-ambassadeur-en-charge-des-crimes-de-guerre7916.html"]}]},{"@type":"BreadcrumbList","@id":"https:\/\/www.justiceinfo.net\/fr\/11108-240809-usanomination-le-procureur-du-tssl-nomme-ambassadeur-en-charge-des-crimes-de-guerre7916.html#breadcrumb","itemListElement":[{"@type":"ListItem","position":1,"name":"Home","item":"https:\/\/www.justiceinfo.net\/fr"},{"@type":"ListItem","position":2,"name":"24.08.09 - USA\/NOMINATION - LE PROCUREUR DU TSSL NOMME AMBASSADEUR EN CHARGE DES CRIMES DE GUERRE"}]},{"@type":"WebSite","@id":"https:\/\/www.justiceinfo.net\/fr#website","url":"https:\/\/www.justiceinfo.net\/fr","name":"JusticeInfo.net","description":"La justice doit \u00eatre vue pour \u00eatre rendue","publisher":{"@id":"https:\/\/www.justiceinfo.net\/fr#organization"},"potentialAction":[{"@type":"SearchAction","target":{"@type":"EntryPoint","urlTemplate":"https:\/\/www.justiceinfo.net\/fr?s={search_term_string}"},"query-input":{"@type":"PropertyValueSpecification","valueRequired":true,"valueName":"search_term_string"}}],"inLanguage":"fr-FR"},{"@type":"Organization","@id":"https:\/\/www.justiceinfo.net\/fr#organization","name":"Justice Info","url":"https:\/\/www.justiceinfo.net\/fr","logo":{"@type":"ImageObject","inLanguage":"fr-FR","@id":"https:\/\/www.justiceinfo.net\/fr#\/schema\/logo\/image\/","url":"https:\/\/www.justiceinfo.net\/wp-content\/uploads\/justiceinfo_logo-trans_1200x1200px.png","contentUrl":"https:\/\/www.justiceinfo.net\/wp-content\/uploads\/justiceinfo_logo-trans_1200x1200px.png","width":1199,"height":1200,"caption":"Justice Info"},"image":{"@id":"https:\/\/www.justiceinfo.net\/fr#\/schema\/logo\/image\/"},"sameAs":["https:\/\/www.facebook.com\/JusticeInfo\/","https:\/\/x.com\/justiceinfonet","https:\/\/www.linkedin.com\/company\/justice-info","https:\/\/www.youtube.com\/channel\/UCyCEsARodyuWtkWyhn-e7pA"]},{"@type":"Person","name":"solivri","url":"\/fr\/?s=solivri"}]}},"_links":{"self":[{"href":"https:\/\/www.justiceinfo.net\/fr\/wp-json\/wp\/v2\/posts\/11108","targetHints":{"allow":["GET"]}}],"collection":[{"href":"https:\/\/www.justiceinfo.net\/fr\/wp-json\/wp\/v2\/posts"}],"about":[{"href":"https:\/\/www.justiceinfo.net\/fr\/wp-json\/wp\/v2\/types\/post"}],"author":[{"embeddable":true,"href":"https:\/\/www.justiceinfo.net\/fr\/wp-json\/wp\/v2\/users\/64"}],"replies":[{"embeddable":true,"href":"https:\/\/www.justiceinfo.net\/fr\/wp-json\/wp\/v2\/comments?post=11108"}],"version-history":[{"count":0,"href":"https:\/\/www.justiceinfo.net\/fr\/wp-json\/wp\/v2\/posts\/11108\/revisions"}],"wp:attachment":[{"href":"https:\/\/www.justiceinfo.net\/fr\/wp-json\/wp\/v2\/media?parent=11108"}],"wp:term":[{"taxonomy":"category","embeddable":true,"href":"https:\/\/www.justiceinfo.net\/fr\/wp-json\/wp\/v2\/categories?post=11108"},{"taxonomy":"post_tag","embeddable":true,"href":"https:\/\/www.justiceinfo.net\/fr\/wp-json\/wp\/v2\/tags?post=11108"},{"taxonomy":"ji_location","embeddable":true,"href":"https:\/\/www.justiceinfo.net\/fr\/wp-json\/wp\/v2\/ji_location?post=11108"}],"curies":[{"name":"wp","href":"https:\/\/api.w.org\/{rel}","templated":true}]}}