{"id":111342,"date":"2023-01-19T11:45:23","date_gmt":"2023-01-19T10:45:23","guid":{"rendered":"https:\/\/www.justiceinfo.net\/?p=111342"},"modified":"2024-01-29T17:04:05","modified_gmt":"2024-01-29T16:04:05","slug":"passe-colonial-belge-pourquoi-commission-ravaler-excuses","status":"publish","type":"post","link":"https:\/\/www.justiceinfo.net\/fr\/111342-passe-colonial-belge-pourquoi-commission-ravaler-excuses.html","title":{"rendered":"Pass\u00e9 colonial belge : pourquoi la commission a d\u00fb ravaler ses excuses"},"content":{"rendered":"\n<p><strong>Deux ans et demi \u00e0 interroger les m\u00e9moires, mais pas moyen de trouver un consensus politique pour des excuses aux victimes. Alors qu\u2019elle faisait figure de pionni\u00e8re en Europe, la commission sur le pass\u00e9 colonial belge s\u2019est effondr\u00e9e sur la ligne d'arriv\u00e9e, fin d\u00e9cembre, d\u00e9poss\u00e9d\u00e9e de toutes ses recommandations savamment formul\u00e9es.<\/strong><\/p>\n\n\n\n<!--more-->\n\n\n\n<p>L'affaire a fait couler beaucoup d'encre en Belgique. Fin d\u00e9cembre, le pr\u00e9sident de la commission parlementaire charg\u00e9e de faire la lumi\u00e8re sur le pass\u00e9 colonial belge, l'\u00e9cologiste flamand Wouter De Vriendt, <a href=\"https:\/\/www.levif.be\/belgique\/passe-colonial-belge-le-mot-excuses-ne-sera-pas-ecrit\/\">annonce<\/a> que les excuses officielles aux victimes du colonialisme ne sont pas approuv\u00e9es. Il s'agissait pourtant de la <a href=\"https:\/\/www.lachambre.be\/kvvcr\/pdf_sections\/pri\/congo\/20221122%20Aanbevelingen%20voorzitter%20def%20(004).pdf\">recommandation<\/a> la plus forte ressortant des travaux de cette commission parlementaire pionni\u00e8re en Europe, install\u00e9e en juin 2020, dont l\u2019ambition \u00e9tait de faire face au pass\u00e9 colonial belge, de r\u00e9parer et d\u2019<a href=\"https:\/\/www.justiceinfo.net\/fr\/83929-crimes-coloniaux-experts-recommandent-etat-belge-indemniser.html\">indemniser<\/a>.<\/p>\n\n\n\n<p>Durant plus de deux ans, les parlementaires ont auditionn\u00e9 pr\u00e8s de 300 personnes (principalement des experts en histoire, en droit et en socio-politique mais aussi des repr\u00e9sentants des diasporas) et se sont rendus en R\u00e9publique d\u00e9mocratique du Congo, au Rwanda et au Burundi. Ils ont tent\u00e9 d'\u00e9claircir les derni\u00e8res zones d'ombre de la p\u00e9riode coloniale, afin de parvenir, in fine, \u00e0 formuler des recommandations destin\u00e9es \u00e0 r\u00e9parer et \u00e0 r\u00e9concilier.<\/p>\n\n\n\n<p>Difficile d\u2019imaginer le d\u00e9but d\u2019une r\u00e9paration sans que soient formul\u00e9es des excuses officielles. C'est pourtant l\u00e0 que la commission a but\u00e9, ne parvenant pas \u00e0 r\u00e9unir une majorit\u00e9 de votes, plusieurs commissaires ayant quitt\u00e9 la session. L'\u00e9chec r\u00e9sonne au moins autant que l'annonce des grandes ambitions qui \u00e9taient vis\u00e9es par cette enqu\u00eate \u00e9prouvante, dont les travaux ont permis d'arriver \u00e0 la conclusion que, sans conteste, de nombreux crimes et d'importantes spoliations ont \u00e9t\u00e9 commis durant la colonisation. La Belgique est apparue d\u2019autant plus m\u00e9diocre qu'au m\u00eame moment <a href=\"https:\/\/www.lepoint.fr\/monde\/les-pays-bas-presentent-des-excuses-officielles-pour-l-esclavage-19-12-2022-2502311_24.php#11\">le gouvernement des Pays-Bas reconnaissait<\/a> sa responsabilit\u00e9 pour son pass\u00e9 esclavagiste, pr\u00e9sentant des excuses et annon\u00e7ant la cr\u00e9ation d\u2019un fonds de r\u00e9paration.<\/p>\n\n\n\n<h2 class=\"wp-block-heading\">R\u00e9trop\u00e9dalage des partis lib\u00e9raux<\/h2>\n\n\n\n<p>Que s'est-il pass\u00e9&nbsp;? Tout a bascul\u00e9 le 19 d\u00e9cembre quand, au moment de voter les 128 recommandations, les commissaires des partis lib\u00e9raux ont quitt\u00e9 la session. La \u00ab&nbsp;Vivaldi&nbsp;\u00bb comme on l'appelle, soit la coalition f\u00e9d\u00e9rale (constitu\u00e9e des partis PS, Vooruit, CD&amp;V, Open VLD, MR, Ecolo et Groen) \u00e9tait divis\u00e9e sur la recommandation principale, celle des excuses, libell\u00e9e comme suit&nbsp;: \u00ab&nbsp;La Chambre pr\u00e9sente ses excuses aux peuples congolais, rwandais et burundais pour la domination et l'exploitation coloniales, les violences et les atrocit\u00e9s, les violations individuelles et collectives des droits humains durant cette p\u00e9riode, ainsi que le racisme et la discrimination qui les ont accompagn\u00e9es&nbsp;\u00bb.<\/p>\n\n\n\n<p>Les lib\u00e9raux \u2013 MR, pour Mouvement r\u00e9formateur, et Open VLD \u2013 y \u00e9taient clairement oppos\u00e9s. Tandis que les Chr\u00e9tiens d\u00e9mocrates flamands -\u00a0 le CD&amp;V - pr\u00e9f\u00e9raient s'en tenir aux \u00ab\u00a0regrets\u00a0\u00bb exprim\u00e9s par le Roi des Belges <a href=\"https:\/\/parismatch.be\/actualites\/societe\/566025\/le-roi-reitere-ses-plus-profonds-regrets-au-congo-pour-les-blessures-du-passe\">en juin 2022<\/a>. Pour ces partis, le risque de devoir assumer des r\u00e9parations financi\u00e8res immenses \u00e9tait jug\u00e9 trop \u00e9lev\u00e9.<\/p>\n\n\n\n<p>\u00ab&nbsp;Nous avions un consensus sur des excuses, et puis soudainement les forces conservatrices ont fait marche arri\u00e8re&nbsp;\u00bb, a relat\u00e9 \u00e0 la presse Christophe Lacroix, d\u00e9put\u00e9 du Parti socialiste (PS), membre de la commission. Selon son pr\u00e9sident, Wouter De Vriendt (du parti Groen \u2013 Vert), des pressions ont \u00e9t\u00e9 exerc\u00e9es de l'ext\u00e9rieur. \u00ab&nbsp;Il \u00e9tait clairement et ouvertement dit au sein de la majorit\u00e9 qu'il y a eu des contacts et des blocages de la part de plusieurs acteurs, dont les pr\u00e9sidents de parti, mais aussi du Palais royal&nbsp;\u00bb, a-t-il d\u00e9clar\u00e9 au lendemain de la s\u00e9ance de vote. Les partis lib\u00e9raux ont r\u00e9pondu que <a href=\"https:\/\/www.lesoir.be\/483984\/article\/2022-12-19\/passe-colonial-pas-daccord-sur-des-excuses-la-commission-parlementaire-se\">leur position<\/a> par rapport \u00e0 l'\u00e9ventualit\u00e9 d'excuses officielles \u00e9tait claire d\u00e8s le d\u00e9but, tandis que, <a href=\"https:\/\/www.rtbf.be\/article\/passe-colonial-le-palais-royal-a-t-il-exerce-des-pressions-sur-la-commission-parlementaire-11126510\">du c\u00f4t\u00e9 du Palais royal<\/a> on a d\u00e9menti toute pression.<\/p>\n\n\n\n<p>Outre la recommandation sur les excuses, <a href=\"https:\/\/www.lachambre.be\/kvvcr\/pdf_sections\/pri\/congo\/20221122%20Aanbevelingen%20voorzitter%20def%20(004).pdf\">toutes les autres<\/a> ont \u00e9t\u00e9 balay\u00e9es dans la foul\u00e9e. A savoir, l'instauration d'une journ\u00e9e de comm\u00e9moration, la confection d'un monument en hommage aux victimes des \u00ab&nbsp;zoos humains&nbsp;\u00bb, la cr\u00e9ation d'un centre de connaissance, l'octroi de bourses d'\u00e9tudes, la d\u00e9classification des archives, une nouvelle d\u00e9nomination pour l'Ordre de L\u00e9opold II, l'\u00e9laboration d'un plan d'action national contre le racisme, etc.<\/p>\n\n\n\n<figure class=\"wp-block-image size-full\"><img loading=\"lazy\" decoding=\"async\" width=\"1200\" height=\"800\" src=\"https:\/\/www.justiceinfo.net\/wp-content\/uploads\/Belgique_Wouter-De-Vriendt_@Belga.jpg\" alt=\"Wouter De Vriendt, pr\u00e9sident de la commission parlementaire sur le pass\u00e9 colonial belge, parle devant un micro.\" class=\"wp-image-111364\" srcset=\"https:\/\/www.justiceinfo.net\/wp-content\/uploads\/Belgique_Wouter-De-Vriendt_@Belga.jpg 1200w, https:\/\/www.justiceinfo.net\/wp-content\/uploads\/Belgique_Wouter-De-Vriendt_@Belga-540x360.jpg 540w, https:\/\/www.justiceinfo.net\/wp-content\/uploads\/Belgique_Wouter-De-Vriendt_@Belga-730x487.jpg 730w, https:\/\/www.justiceinfo.net\/wp-content\/uploads\/Belgique_Wouter-De-Vriendt_@Belga-1110x740.jpg 1110w\" sizes=\"auto, (max-width: 1200px) 100vw, 1200px\" \/><figcaption class=\"wp-element-caption\">Wouter De Vriendt, pr\u00e9sident de la commission parlementaire qui s\u2019est pench\u00e9e durant deux ans et demi sur le pass\u00e9 colonial de la Belgique. \u00a9 Belga<\/figcaption><\/figure>\n\n\n\n<h2 class=\"wp-block-heading\">Mandat de la commission non renouvel\u00e9<\/h2>\n\n\n\n<p>Plusieurs d\u00e9put\u00e9s membres de la commission, socialistes et \u00e9cologistes, en faveur de la formulation d'excuses au nom de la Belgique, ont tent\u00e9 d'inverser la tendance en appelant \u00e0 poursuivre le travail, avant que ne sonne le glas. Dans un ultime baroud d\u2019honneur, le 28 d\u00e9cembre, Wouter De Vriendt a propos\u00e9 de voter les recommandations sans y inscrire le mot \u00ab excuses \u00bb. Les d\u00e9put\u00e9s socialistes s'y sont oppos\u00e9s. Le consensus n\u2019a pas \u00e9t\u00e9 possible, non plus, sur cette \u00ab&nbsp;r\u00e9solution parlementaire&nbsp;\u00bb reprenant la majorit\u00e9 des recommandations. Et le 31 d\u00e9cembre, le mandat de la commission, arriv\u00e9 \u00e0 sa fin, n'a pas \u00e9t\u00e9 renouvel\u00e9.<\/p>\n\n\n\n<p>Par ailleurs, trois d\u00e9put\u00e9s du groupe PS \u00e0 la Chambre, Christophe Lacroix, Jean-Marc Deliz\u00e9e et Malik Ben Achour, dans une carte blanche <a href=\"https:\/\/www.ps.be\/carte-blanche-commission-coloniale-parti-socialiste\">parue dans le journal Moustique le 23 d\u00e9cembre<\/a>, ont lanc\u00e9 l\u2019id\u00e9e de cr\u00e9er un fonds de r\u00e9parations. \u00ab&nbsp;Notre proposition s'inscrit dans l'objectif d'\u00e9crire un avenir commun qui permette l'\u00e9mergence d'une conscience collective de la colonisation belge. Au-del\u00e0 du travail d\u00e9j\u00e0 engrang\u00e9 <a href=\"https:\/\/www.justiceinfo.net\/fr\/83929-crimes-coloniaux-experts-recommandent-etat-belge-indemniser.html\">par le Secr\u00e9taire d\u2019\u00c9tat Thomas Dermine<\/a> sur les restitutions [...], ce fonds serait financ\u00e9 notamment par des entreprises qui se sont enrichies sur l'exploitation des peuples et sur les ressources du Congo, du Burundi et du Rwanda. M\u00eame si les recherches doivent encore \u00eatre approfondies sur certains sujets et sur la responsabilit\u00e9 pr\u00e9cise de certains acteurs, il appara\u00eet clairement que, sur le volet \u00e9conomique d\u00e9j\u00e0, l'accumulation de capital des grandes entreprises \u00e9tait la priorit\u00e9 absolue de l'institution coloniale&nbsp;\u00bb.<\/p>\n\n\n\n<p>Ils concluent&nbsp;: \u00ab&nbsp;nous ne nous arr\u00eaterons pas \u00e0 l'\u00e9chec de la commission parlementaire. Tout ce travail a permis de mettre en lumi\u00e8re des faits, une v\u00e9rit\u00e9, qui \u00e9tait encore trop peu connue. Nous voulons continuer \u00e0 travailler. Et ce, aussi pour respecter le travail de ces femmes et ces hommes qui ont pass\u00e9, eux aussi, des heures \u00e0 venir d\u00e9cortiquer avec nous l'histoire. Nous voulons continuer \u00e0 travailler avec les associations qui se mobilisent depuis plus de 10 ans pour clamer haut et fort que le racisme structurel est une des cons\u00e9quences de la colonisation&nbsp;\u00bb.<\/p>\n\n\n\n<p>L\u2019\u00c9tat belge, \u00e0 ce jour, ne s\u2019est pas exprim\u00e9 sur la suite qu\u2019il compte donner aux recommandations de cette commission <a href=\"https:\/\/www.justiceinfo.net\/fr\/44763-la-belgique-veut-affronter-son-passe-colonial.html\">n\u00e9e en 2020<\/a> de sa volont\u00e9 d\u2019ouvrir une r\u00e9flexion profonde et compl\u00e8te sur son pass\u00e9 colonial, quelques mois apr\u00e8s le meurtre de Georges Floyd aux \u00c9tats-Unis.<\/p>\n\n\n<div class=\"articleLink articleLink--editorRecommanded articleLink--textInImage articleLink--textTop\" style=\"\">\r\n\t\t\t\t\t\r\n\t\t\t<div class=\"articleLinkSurTitle\">Recommand\u00e9 par la r\u00e9daction<\/div>\r\n\t\t\t<a class=\"articleLinkImageLink\" href=\"https:\/\/www.justiceinfo.net\/fr\/87100-commission-passe-colonial-belge-patine.html\"><div class=\"articleLinkImageContainer \"><img loading=\"lazy\" decoding=\"async\" width=\"540\" height=\"360\" src=\"https:\/\/www.justiceinfo.net\/wp-content\/uploads\/Belgique_archives-coloniales_@Archives-Etat-Belgique-540x360.jpg\" class=\"articleLinkImage backgroundImageTag w-100 wp-post-image\" alt=\"Archives d&#039;un dossier titr\u00e9 &quot;Minist\u00e8re des colonies - Cabinet du Ministre&quot;.\" srcset=\"https:\/\/www.justiceinfo.net\/wp-content\/uploads\/Belgique_archives-coloniales_@Archives-Etat-Belgique-540x360.jpg 540w, https:\/\/www.justiceinfo.net\/wp-content\/uploads\/Belgique_archives-coloniales_@Archives-Etat-Belgique-1000x667.jpg 1000w, https:\/\/www.justiceinfo.net\/wp-content\/uploads\/Belgique_archives-coloniales_@Archives-Etat-Belgique-1110x740.jpg 1110w, https:\/\/www.justiceinfo.net\/wp-content\/uploads\/Belgique_archives-coloniales_@Archives-Etat-Belgique-730x487.jpg 730w, https:\/\/www.justiceinfo.net\/wp-content\/uploads\/Belgique_archives-coloniales_@Archives-Etat-Belgique.jpg 1200w\" sizes=\"auto, (max-width: 540px) 100vw, 540px\" \/><\/div><\/a>\r\n\t\t\t<a href=\"https:\/\/www.justiceinfo.net\/fr\/87100-commission-passe-colonial-belge-patine.html\" class=\"articleLinkTitle articleLinkTitle--default\">\r\n\t\t\tUne commission sur le pass\u00e9 colonial belge qui patine\r\n\t\t<\/a>\r\n\t\t\r\n\t\t\t\t<\/div>\n","protected":false},"excerpt":{"rendered":"<p>Deux ans et demi \u00e0 interroger les m\u00e9moires, mais pas moyen de trouver un consensus politique pour des excuses aux victimes. Alors qu\u2019elle faisait figure de pionni\u00e8re en Europe, la commission sur le pass\u00e9 colonial belge s\u2019est effondr\u00e9e sur la ligne d'arriv\u00e9e, fin d\u00e9cembre, d\u00e9poss\u00e9d\u00e9e de toutes ses recommandations savamment formul\u00e9es.<\/p>\n","protected":false},"author":78,"featured_media":111357,"comment_status":"open","ping_status":"closed","sticky":false,"template":"","format":"standard","meta":{"_acf_changed":false,"footnotes":""},"categories":[548],"tags":[2646],"ji_location":[2124,2152,2196,2430],"class_list":["post-111342","post","type-post","status-publish","format-standard","has-post-thumbnail","hentry","category-commissions-verite","tag-colonisation","ji_location-belgique","ji_location-burundi","ji_location-republique-democratique-du-congo","ji_location-rwanda"],"acf":[],"yoast_head":"<!-- This site is optimized with the Yoast SEO Premium plugin v25.3.1 (Yoast SEO v25.3.1) - https:\/\/yoast.com\/wordpress\/plugins\/seo\/ -->\n<title>Pass\u00e9 colonial belge : pourquoi la commission a d\u00fb ravaler ses excuses - JusticeInfo.net<\/title>\n<meta name=\"description\" content=\"Deux ans et demi \u00e0 interroger les m\u00e9moires, mais pas moyen de trouver un consensus politique pour des excuses aux victimes. Alors qu\u2019elle faisait figure de pionni\u00e8re en Europe, la commission sur le pass\u00e9 colonial belge s\u2019est effondr\u00e9e sur la ligne d&#039;arriv\u00e9e, fin d\u00e9cembre, d\u00e9poss\u00e9d\u00e9e de toutes ses recommandations savamment formul\u00e9es.\" \/>\n<meta name=\"robots\" content=\"index, follow, max-snippet:-1, max-image-preview:large, max-video-preview:-1\" \/>\n<link rel=\"canonical\" href=\"https:\/\/www.justiceinfo.net\/fr\/111342-passe-colonial-belge-pourquoi-commission-ravaler-excuses.html\" \/>\n<meta property=\"og:locale\" content=\"fr_FR\" \/>\n<meta property=\"og:type\" content=\"article\" \/>\n<meta property=\"og:title\" content=\"Pass\u00e9 colonial belge : pourquoi la commission a d\u00fb ravaler ses excuses\" \/>\n<meta property=\"og:description\" content=\"Deux ans et demi \u00e0 interroger les m\u00e9moires, mais pas moyen de trouver un consensus politique pour des excuses aux victimes. Alors qu\u2019elle faisait figure de pionni\u00e8re en Europe, la commission sur le pass\u00e9 colonial belge s\u2019est effondr\u00e9e sur la ligne d&#039;arriv\u00e9e, fin d\u00e9cembre, d\u00e9poss\u00e9d\u00e9e de toutes ses recommandations savamment formul\u00e9es.\" \/>\n<meta property=\"og:url\" content=\"https:\/\/www.justiceinfo.net\/fr\/111342-passe-colonial-belge-pourquoi-commission-ravaler-excuses.html\" \/>\n<meta property=\"og:site_name\" content=\"JusticeInfo.net\" \/>\n<meta property=\"article:publisher\" content=\"https:\/\/www.facebook.com\/JusticeInfo\/\" \/>\n<meta property=\"article:published_time\" content=\"2023-01-19T10:45:23+00:00\" \/>\n<meta property=\"article:modified_time\" content=\"2024-01-29T16:04:05+00:00\" \/>\n<meta property=\"og:image\" content=\"https:\/\/www.justiceinfo.net\/wp-content\/uploads\/Belgique_roi-Baudoin-Kinsangani-Congo_@Belga-AFP.jpg\" \/>\n\t<meta property=\"og:image:width\" content=\"1200\" \/>\n\t<meta property=\"og:image:height\" content=\"780\" \/>\n\t<meta property=\"og:image:type\" content=\"image\/jpeg\" \/>\n<meta name=\"author\" content=\"Ga\u00eblle Ponselet\" \/>\n<meta name=\"twitter:card\" content=\"summary_large_image\" \/>\n<meta name=\"twitter:creator\" content=\"@GPonselet\" \/>\n<meta name=\"twitter:site\" content=\"@justiceinfonet\" \/>\n<meta name=\"twitter:label1\" content=\"\u00c9crit par\" \/>\n\t<meta name=\"twitter:data1\" content=\"Ga\u00eblle Ponselet\" \/>\n\t<meta name=\"twitter:label2\" content=\"Dur\u00e9e de lecture estim\u00e9e\" \/>\n\t<meta name=\"twitter:data2\" content=\"6 minutes\" \/>\n<script type=\"application\/ld+json\" class=\"yoast-schema-graph\">{\"@context\":\"https:\/\/schema.org\",\"@graph\":[{\"@type\":\"NewsArticle\",\"@id\":\"https:\/\/www.justiceinfo.net\/fr\/111342-passe-colonial-belge-pourquoi-commission-ravaler-excuses.html#article\",\"isPartOf\":{\"@id\":\"https:\/\/www.justiceinfo.net\/fr\/111342-passe-colonial-belge-pourquoi-commission-ravaler-excuses.html\"},\"author\":{\"name\":\"gponselet\",\"@id\":\"https:\/\/www.justiceinfo.net\/fr#\/schema\/person\/54c8e9b9b4c3085fe9bf53e55efb3a62\"},\"headline\":\"Pass\u00e9 colonial belge : pourquoi la commission a d\u00fb ravaler ses excuses\",\"datePublished\":\"2023-01-19T10:45:23+00:00\",\"dateModified\":\"2024-01-29T16:04:05+00:00\",\"mainEntityOfPage\":{\"@id\":\"https:\/\/www.justiceinfo.net\/fr\/111342-passe-colonial-belge-pourquoi-commission-ravaler-excuses.html\"},\"wordCount\":1261,\"commentCount\":0,\"publisher\":{\"@id\":\"https:\/\/www.justiceinfo.net\/fr#organization\"},\"image\":{\"@id\":\"https:\/\/www.justiceinfo.net\/fr\/111342-passe-colonial-belge-pourquoi-commission-ravaler-excuses.html#primaryimage\"},\"thumbnailUrl\":\"https:\/\/www.justiceinfo.net\/wp-content\/uploads\/Belgique_roi-Baudoin-Kinsangani-Congo_@Belga-AFP.jpg\",\"keywords\":[\"colonisation\"],\"articleSection\":[\"Commissions v\u00e9rit\u00e9\"],\"inLanguage\":\"fr-FR\",\"potentialAction\":[{\"@type\":\"CommentAction\",\"name\":\"Comment\",\"target\":[\"https:\/\/www.justiceinfo.net\/fr\/111342-passe-colonial-belge-pourquoi-commission-ravaler-excuses.html#respond\"]}]},{\"@type\":\"WebPage\",\"@id\":\"https:\/\/www.justiceinfo.net\/fr\/111342-passe-colonial-belge-pourquoi-commission-ravaler-excuses.html\",\"url\":\"https:\/\/www.justiceinfo.net\/fr\/111342-passe-colonial-belge-pourquoi-commission-ravaler-excuses.html\",\"name\":\"Pass\u00e9 colonial belge : pourquoi la commission a d\u00fb ravaler ses excuses - JusticeInfo.net\",\"isPartOf\":{\"@id\":\"https:\/\/www.justiceinfo.net\/fr#website\"},\"primaryImageOfPage\":{\"@id\":\"https:\/\/www.justiceinfo.net\/fr\/111342-passe-colonial-belge-pourquoi-commission-ravaler-excuses.html#primaryimage\"},\"image\":{\"@id\":\"https:\/\/www.justiceinfo.net\/fr\/111342-passe-colonial-belge-pourquoi-commission-ravaler-excuses.html#primaryimage\"},\"thumbnailUrl\":\"https:\/\/www.justiceinfo.net\/wp-content\/uploads\/Belgique_roi-Baudoin-Kinsangani-Congo_@Belga-AFP.jpg\",\"datePublished\":\"2023-01-19T10:45:23+00:00\",\"dateModified\":\"2024-01-29T16:04:05+00:00\",\"description\":\"Deux ans et demi \u00e0 interroger les m\u00e9moires, mais pas moyen de trouver un consensus politique pour des excuses aux victimes. Alors qu\u2019elle faisait figure de pionni\u00e8re en Europe, la commission sur le pass\u00e9 colonial belge s\u2019est effondr\u00e9e sur la ligne d'arriv\u00e9e, fin d\u00e9cembre, d\u00e9poss\u00e9d\u00e9e de toutes ses recommandations savamment formul\u00e9es.\",\"breadcrumb\":{\"@id\":\"https:\/\/www.justiceinfo.net\/fr\/111342-passe-colonial-belge-pourquoi-commission-ravaler-excuses.html#breadcrumb\"},\"inLanguage\":\"fr-FR\",\"potentialAction\":[{\"@type\":\"ReadAction\",\"target\":[\"https:\/\/www.justiceinfo.net\/fr\/111342-passe-colonial-belge-pourquoi-commission-ravaler-excuses.html\"]}]},{\"@type\":\"ImageObject\",\"inLanguage\":\"fr-FR\",\"@id\":\"https:\/\/www.justiceinfo.net\/fr\/111342-passe-colonial-belge-pourquoi-commission-ravaler-excuses.html#primaryimage\",\"url\":\"https:\/\/www.justiceinfo.net\/wp-content\/uploads\/Belgique_roi-Baudoin-Kinsangani-Congo_@Belga-AFP.jpg\",\"contentUrl\":\"https:\/\/www.justiceinfo.net\/wp-content\/uploads\/Belgique_roi-Baudoin-Kinsangani-Congo_@Belga-AFP.jpg\",\"width\":1200,\"height\":780,\"caption\":\"Le Roi Baudouin et la Reine Fabiola de Belgique se prom\u00e8nent sur leurs palanquins lors d'une visite \u00e0 Kisangani, au nord-est du Congo, en 1970. \u00a9 Belga \/ AFP\"},{\"@type\":\"BreadcrumbList\",\"@id\":\"https:\/\/www.justiceinfo.net\/fr\/111342-passe-colonial-belge-pourquoi-commission-ravaler-excuses.html#breadcrumb\",\"itemListElement\":[{\"@type\":\"ListItem\",\"position\":1,\"name\":\"Home\",\"item\":\"https:\/\/www.justiceinfo.net\/fr\"},{\"@type\":\"ListItem\",\"position\":2,\"name\":\"Pass\u00e9 colonial belge : pourquoi la commission a d\u00fb ravaler ses excuses\"}]},{\"@type\":\"WebSite\",\"@id\":\"https:\/\/www.justiceinfo.net\/fr#website\",\"url\":\"https:\/\/www.justiceinfo.net\/fr\",\"name\":\"JusticeInfo.net\",\"description\":\"La justice doit \u00eatre vue pour \u00eatre rendue\",\"publisher\":{\"@id\":\"https:\/\/www.justiceinfo.net\/fr#organization\"},\"potentialAction\":[{\"@type\":\"SearchAction\",\"target\":{\"@type\":\"EntryPoint\",\"urlTemplate\":\"https:\/\/www.justiceinfo.net\/fr?s={search_term_string}\"},\"query-input\":{\"@type\":\"PropertyValueSpecification\",\"valueRequired\":true,\"valueName\":\"search_term_string\"}}],\"inLanguage\":\"fr-FR\"},{\"@type\":\"Organization\",\"@id\":\"https:\/\/www.justiceinfo.net\/fr#organization\",\"name\":\"Justice Info\",\"url\":\"https:\/\/www.justiceinfo.net\/fr\",\"logo\":{\"@type\":\"ImageObject\",\"inLanguage\":\"fr-FR\",\"@id\":\"https:\/\/www.justiceinfo.net\/fr#\/schema\/logo\/image\/\",\"url\":\"https:\/\/www.justiceinfo.net\/wp-content\/uploads\/justiceinfo_logo-trans_1200x1200px.png\",\"contentUrl\":\"https:\/\/www.justiceinfo.net\/wp-content\/uploads\/justiceinfo_logo-trans_1200x1200px.png\",\"width\":1199,\"height\":1200,\"caption\":\"Justice Info\"},\"image\":{\"@id\":\"https:\/\/www.justiceinfo.net\/fr#\/schema\/logo\/image\/\"},\"sameAs\":[\"https:\/\/www.facebook.com\/JusticeInfo\/\",\"https:\/\/x.com\/justiceinfonet\",\"https:\/\/www.linkedin.com\/company\/justice-info\",\"https:\/\/www.youtube.com\/channel\/UCyCEsARodyuWtkWyhn-e7pA\"]},{\"@type\":\"Person\",\"name\":\"Ga\u00eblle Ponselet\",\"sameAs\":[\"https:\/\/x.com\/GPonselet\"],\"url\":\"https:\/\/www.justiceinfo.net\/fr\/auteur\/gponselet\"}]}<\/script>\n<!-- \/ Yoast SEO Premium plugin. -->","yoast_head_json":{"title":"Pass\u00e9 colonial belge : pourquoi la commission a d\u00fb ravaler ses excuses - JusticeInfo.net","description":"Deux ans et demi \u00e0 interroger les m\u00e9moires, mais pas moyen de trouver un consensus politique pour des excuses aux victimes. Alors qu\u2019elle faisait figure de pionni\u00e8re en Europe, la commission sur le pass\u00e9 colonial belge s\u2019est effondr\u00e9e sur la ligne d'arriv\u00e9e, fin d\u00e9cembre, d\u00e9poss\u00e9d\u00e9e de toutes ses recommandations savamment formul\u00e9es.","robots":{"index":"index","follow":"follow","max-snippet":"max-snippet:-1","max-image-preview":"max-image-preview:large","max-video-preview":"max-video-preview:-1"},"canonical":"https:\/\/www.justiceinfo.net\/fr\/111342-passe-colonial-belge-pourquoi-commission-ravaler-excuses.html","og_locale":"fr_FR","og_type":"article","og_title":"Pass\u00e9 colonial belge : pourquoi la commission a d\u00fb ravaler ses excuses","og_description":"Deux ans et demi \u00e0 interroger les m\u00e9moires, mais pas moyen de trouver un consensus politique pour des excuses aux victimes. Alors qu\u2019elle faisait figure de pionni\u00e8re en Europe, la commission sur le pass\u00e9 colonial belge s\u2019est effondr\u00e9e sur la ligne d'arriv\u00e9e, fin d\u00e9cembre, d\u00e9poss\u00e9d\u00e9e de toutes ses recommandations savamment formul\u00e9es.","og_url":"https:\/\/www.justiceinfo.net\/fr\/111342-passe-colonial-belge-pourquoi-commission-ravaler-excuses.html","og_site_name":"JusticeInfo.net","article_publisher":"https:\/\/www.facebook.com\/JusticeInfo\/","article_published_time":"2023-01-19T10:45:23+00:00","article_modified_time":"2024-01-29T16:04:05+00:00","og_image":[{"width":1200,"height":780,"url":"https:\/\/www.justiceinfo.net\/wp-content\/uploads\/Belgique_roi-Baudoin-Kinsangani-Congo_@Belga-AFP.jpg","type":"image\/jpeg"}],"author":"Ga\u00eblle Ponselet","twitter_card":"summary_large_image","twitter_creator":"@GPonselet","twitter_site":"@justiceinfonet","twitter_misc":{"\u00c9crit par":"Ga\u00eblle Ponselet","Dur\u00e9e de lecture estim\u00e9e":"6 minutes"},"schema":{"@context":"https:\/\/schema.org","@graph":[{"@type":"NewsArticle","@id":"https:\/\/www.justiceinfo.net\/fr\/111342-passe-colonial-belge-pourquoi-commission-ravaler-excuses.html#article","isPartOf":{"@id":"https:\/\/www.justiceinfo.net\/fr\/111342-passe-colonial-belge-pourquoi-commission-ravaler-excuses.html"},"author":{"name":"gponselet","@id":"https:\/\/www.justiceinfo.net\/fr#\/schema\/person\/54c8e9b9b4c3085fe9bf53e55efb3a62"},"headline":"Pass\u00e9 colonial belge : pourquoi la commission a d\u00fb ravaler ses excuses","datePublished":"2023-01-19T10:45:23+00:00","dateModified":"2024-01-29T16:04:05+00:00","mainEntityOfPage":{"@id":"https:\/\/www.justiceinfo.net\/fr\/111342-passe-colonial-belge-pourquoi-commission-ravaler-excuses.html"},"wordCount":1261,"commentCount":0,"publisher":{"@id":"https:\/\/www.justiceinfo.net\/fr#organization"},"image":{"@id":"https:\/\/www.justiceinfo.net\/fr\/111342-passe-colonial-belge-pourquoi-commission-ravaler-excuses.html#primaryimage"},"thumbnailUrl":"https:\/\/www.justiceinfo.net\/wp-content\/uploads\/Belgique_roi-Baudoin-Kinsangani-Congo_@Belga-AFP.jpg","keywords":["colonisation"],"articleSection":["Commissions v\u00e9rit\u00e9"],"inLanguage":"fr-FR","potentialAction":[{"@type":"CommentAction","name":"Comment","target":["https:\/\/www.justiceinfo.net\/fr\/111342-passe-colonial-belge-pourquoi-commission-ravaler-excuses.html#respond"]}]},{"@type":"WebPage","@id":"https:\/\/www.justiceinfo.net\/fr\/111342-passe-colonial-belge-pourquoi-commission-ravaler-excuses.html","url":"https:\/\/www.justiceinfo.net\/fr\/111342-passe-colonial-belge-pourquoi-commission-ravaler-excuses.html","name":"Pass\u00e9 colonial belge : pourquoi la commission a d\u00fb ravaler ses excuses - JusticeInfo.net","isPartOf":{"@id":"https:\/\/www.justiceinfo.net\/fr#website"},"primaryImageOfPage":{"@id":"https:\/\/www.justiceinfo.net\/fr\/111342-passe-colonial-belge-pourquoi-commission-ravaler-excuses.html#primaryimage"},"image":{"@id":"https:\/\/www.justiceinfo.net\/fr\/111342-passe-colonial-belge-pourquoi-commission-ravaler-excuses.html#primaryimage"},"thumbnailUrl":"https:\/\/www.justiceinfo.net\/wp-content\/uploads\/Belgique_roi-Baudoin-Kinsangani-Congo_@Belga-AFP.jpg","datePublished":"2023-01-19T10:45:23+00:00","dateModified":"2024-01-29T16:04:05+00:00","description":"Deux ans et demi \u00e0 interroger les m\u00e9moires, mais pas moyen de trouver un consensus politique pour des excuses aux victimes. Alors qu\u2019elle faisait figure de pionni\u00e8re en Europe, la commission sur le pass\u00e9 colonial belge s\u2019est effondr\u00e9e sur la ligne d'arriv\u00e9e, fin d\u00e9cembre, d\u00e9poss\u00e9d\u00e9e de toutes ses recommandations savamment formul\u00e9es.","breadcrumb":{"@id":"https:\/\/www.justiceinfo.net\/fr\/111342-passe-colonial-belge-pourquoi-commission-ravaler-excuses.html#breadcrumb"},"inLanguage":"fr-FR","potentialAction":[{"@type":"ReadAction","target":["https:\/\/www.justiceinfo.net\/fr\/111342-passe-colonial-belge-pourquoi-commission-ravaler-excuses.html"]}]},{"@type":"ImageObject","inLanguage":"fr-FR","@id":"https:\/\/www.justiceinfo.net\/fr\/111342-passe-colonial-belge-pourquoi-commission-ravaler-excuses.html#primaryimage","url":"https:\/\/www.justiceinfo.net\/wp-content\/uploads\/Belgique_roi-Baudoin-Kinsangani-Congo_@Belga-AFP.jpg","contentUrl":"https:\/\/www.justiceinfo.net\/wp-content\/uploads\/Belgique_roi-Baudoin-Kinsangani-Congo_@Belga-AFP.jpg","width":1200,"height":780,"caption":"Le Roi Baudouin et la Reine Fabiola de Belgique se prom\u00e8nent sur leurs palanquins lors d'une visite \u00e0 Kisangani, au nord-est du Congo, en 1970. \u00a9 Belga \/ AFP"},{"@type":"BreadcrumbList","@id":"https:\/\/www.justiceinfo.net\/fr\/111342-passe-colonial-belge-pourquoi-commission-ravaler-excuses.html#breadcrumb","itemListElement":[{"@type":"ListItem","position":1,"name":"Home","item":"https:\/\/www.justiceinfo.net\/fr"},{"@type":"ListItem","position":2,"name":"Pass\u00e9 colonial belge : pourquoi la commission a d\u00fb ravaler ses excuses"}]},{"@type":"WebSite","@id":"https:\/\/www.justiceinfo.net\/fr#website","url":"https:\/\/www.justiceinfo.net\/fr","name":"JusticeInfo.net","description":"La justice doit \u00eatre vue pour \u00eatre rendue","publisher":{"@id":"https:\/\/www.justiceinfo.net\/fr#organization"},"potentialAction":[{"@type":"SearchAction","target":{"@type":"EntryPoint","urlTemplate":"https:\/\/www.justiceinfo.net\/fr?s={search_term_string}"},"query-input":{"@type":"PropertyValueSpecification","valueRequired":true,"valueName":"search_term_string"}}],"inLanguage":"fr-FR"},{"@type":"Organization","@id":"https:\/\/www.justiceinfo.net\/fr#organization","name":"Justice Info","url":"https:\/\/www.justiceinfo.net\/fr","logo":{"@type":"ImageObject","inLanguage":"fr-FR","@id":"https:\/\/www.justiceinfo.net\/fr#\/schema\/logo\/image\/","url":"https:\/\/www.justiceinfo.net\/wp-content\/uploads\/justiceinfo_logo-trans_1200x1200px.png","contentUrl":"https:\/\/www.justiceinfo.net\/wp-content\/uploads\/justiceinfo_logo-trans_1200x1200px.png","width":1199,"height":1200,"caption":"Justice Info"},"image":{"@id":"https:\/\/www.justiceinfo.net\/fr#\/schema\/logo\/image\/"},"sameAs":["https:\/\/www.facebook.com\/JusticeInfo\/","https:\/\/x.com\/justiceinfonet","https:\/\/www.linkedin.com\/company\/justice-info","https:\/\/www.youtube.com\/channel\/UCyCEsARodyuWtkWyhn-e7pA"]},{"@type":"Person","name":"Ga\u00eblle Ponselet","sameAs":["https:\/\/x.com\/GPonselet"],"url":"https:\/\/www.justiceinfo.net\/fr\/auteur\/gponselet"}]}},"_links":{"self":[{"href":"https:\/\/www.justiceinfo.net\/fr\/wp-json\/wp\/v2\/posts\/111342","targetHints":{"allow":["GET"]}}],"collection":[{"href":"https:\/\/www.justiceinfo.net\/fr\/wp-json\/wp\/v2\/posts"}],"about":[{"href":"https:\/\/www.justiceinfo.net\/fr\/wp-json\/wp\/v2\/types\/post"}],"author":[{"embeddable":true,"href":"https:\/\/www.justiceinfo.net\/fr\/wp-json\/wp\/v2\/users\/78"}],"replies":[{"embeddable":true,"href":"https:\/\/www.justiceinfo.net\/fr\/wp-json\/wp\/v2\/comments?post=111342"}],"version-history":[{"count":14,"href":"https:\/\/www.justiceinfo.net\/fr\/wp-json\/wp\/v2\/posts\/111342\/revisions"}],"predecessor-version":[{"id":111504,"href":"https:\/\/www.justiceinfo.net\/fr\/wp-json\/wp\/v2\/posts\/111342\/revisions\/111504"}],"wp:featuredmedia":[{"embeddable":true,"href":"https:\/\/www.justiceinfo.net\/fr\/wp-json\/wp\/v2\/media\/111357"}],"wp:attachment":[{"href":"https:\/\/www.justiceinfo.net\/fr\/wp-json\/wp\/v2\/media?parent=111342"}],"wp:term":[{"taxonomy":"category","embeddable":true,"href":"https:\/\/www.justiceinfo.net\/fr\/wp-json\/wp\/v2\/categories?post=111342"},{"taxonomy":"post_tag","embeddable":true,"href":"https:\/\/www.justiceinfo.net\/fr\/wp-json\/wp\/v2\/tags?post=111342"},{"taxonomy":"ji_location","embeddable":true,"href":"https:\/\/www.justiceinfo.net\/fr\/wp-json\/wp\/v2\/ji_location?post=111342"}],"curies":[{"name":"wp","href":"https:\/\/api.w.org\/{rel}","templated":true}]}}