{"id":11145,"date":"2009-09-07T00:00:00","date_gmt":"2009-09-06T22:00:00","guid":{"rendered":"https:\/\/www.justiceinfo.net\/11145-070909-tpirproces-trois-audiences-en-appel-a-la-fin-du-mois7953.html"},"modified":"2009-09-07T00:00:00","modified_gmt":"2009-09-06T22:00:00","slug":"070909-tpirproces-trois-audiences-en-appel-a-la-fin-du-mois7953","status":"publish","type":"post","link":"https:\/\/www.justiceinfo.net\/fr\/11145-070909-tpirproces-trois-audiences-en-appel-a-la-fin-du-mois7953.html","title":{"rendered":"07.09.09 - TPIR\/PROCES - TROIS AUDIENCES EN APPEL A LA FIN DU MOIS"},"content":{"rendered":"<p >\nArusha, 07 septembre 2009 (FH) - La chambre d'appel du Tribunal p&eacute;nal international pour le Rwanda (TPIR) entendra, du 28 au 30 septembre, les arguments des parties dans trois proc&egrave;s, dont celui de Protais Zigiranyirazo, beau-fr&egrave;re de l'ex-pr&eacute;sident Juv&eacute;nal Habyarimana, a-t-on appris lundi de source officielle.\n<\/p>\n<p><!--more--><\/p>\n<p >\n<p >\nAttendu devant ses juges d'appel le 28 septembre, Zigiranyirazo sera suivi le lendemain de l'ancien magistrat Sim&eacute;on Nshamihigo et, le surlendemain, du chanteur Simon Bikindi, selon le chef du service de presse du TPIR, Bocar Sy.\n<\/p>\n<p >\nSurnomm&eacute; &laquo; Monsieur Z &raquo;, Zigiranyirazo est le fr&egrave;re d'Agathe Kanziga, la veuve de l'ex-pr&eacute;sident Juv&eacute;nal Habyarimana tu&eacute; dans l'attentat contre son avion le 6 avril 1994.\n<\/p>\n<p >\n<p >\nLe 18 d&eacute;cembre 2008, les premiers juges l'ont condamn&eacute; &agrave; 20 ans de prison, apr&egrave;s l'avoir reconnu coupable de g&eacute;nocide et d'extermination.\n<\/p>\n<p >\nIls ont conclu qu'il avait &laquo; aid&eacute; et encourag&eacute; &raquo; au massacre de Tutsis dans sa pr&eacute;fecture natale de Gisenyi (nord) et aux environs de sa r&eacute;sidence dans la capitale, Kigali.\n<\/p>\n<p >\n<p >\nSon comportement a entra&icirc;n&eacute; la mort de plus de 1.500 personnes, selon ce jugement de premi&egrave;re instance.\n<\/p>\n<p >\nQuant &agrave; l'ancien substitut du procureur, Sim&eacute;on Nshamihigo, il a &eacute;cop&eacute; de la prison &agrave; vie le 24 septembre 2008 apr&egrave;s avoir &eacute;t&eacute; reconnu coupable de g&eacute;nocide, extermination, assassinats et autres actes inhumains, soit la totalit&eacute; des chefs d'accusation qui &eacute;taient port&eacute;s contre lui.\n<\/p>\n<p >\nSelon les premiers juges, il a incit&eacute;, aid&eacute; et encourag&eacute; des massacres de Tutsis en diff&eacute;rents endroits de la pr&eacute;fecture de Cyangugu (sud-ouest) en 1994.\n<\/p>\n<p >\nPour sa part, Bikindi s'est vu infliger 15 ans de d&eacute;tention le 2 d&eacute;cembre 2008 pour incitation directe et publique &agrave; commettre le g&eacute;nocide. Alors qu'au centre du proc&egrave;s se trouvaient des chansons, l'artiste n'a &eacute;t&eacute; condamn&eacute; que pour une prise de parole en juin 1994, apr&egrave;s son retour d'un concert en Europe.\n<\/p>\n<p >\n<p >\nParlant depuis une voiture sonoris&eacute;e sur la route reliant Kivumu et Kayove, deux communes rurales du nord-ouest du Rwanda, il avait alors demand&eacute; aux passants s'ils &quot;avaient tu&eacute; des Tutsis&quot; appel&eacute;s &quot;serpents&quot;, a conclu la chambre de premi&egrave;re instance.&nbsp;\n<\/p>\n<p >\n<p >\nLe jugement souligne que Bikindi a us&eacute; de son aura de c&eacute;l&egrave;bre chanteur et de membre influent du parti pr&eacute;sidentiel de l'&eacute;poque, le Mouvement r&eacute;publicain national pour la d&eacute;mocratie et le d&eacute;veloppement (MRND), pour inciter au g&eacute;nocide.\n<\/p>\n<p >\n<p >\nER\/GF\n<\/p>\n<p>\n&copy; Agence Hirondelle<\/p>\n","protected":false},"excerpt":{"rendered":"<p>Arusha, 07 septembre 2009 (FH) - La chambre d'appel du Tribunal p&eacute;nal international pour le Rwanda (TPIR) entendra, du 28 au 30 septembre, les arguments des parties dans trois proc&egrave;s, dont celui de Protais Zigiranyirazo, beau-fr&egrave;re de l'ex-pr&eacute;sident Juv&eacute;nal Habyarimana, a-t-on appris lundi de source officielle.<\/p>\n","protected":false},"author":64,"featured_media":0,"comment_status":"open","ping_status":"closed","sticky":false,"template":"","format":"standard","meta":{"_acf_changed":false,"footnotes":""},"categories":[554],"tags":[],"ji_location":[],"class_list":["post-11145","post","type-post","status-publish","format-standard","hentry","category-hirondellenews"],"acf":[],"yoast_head":"<!-- This site is optimized with the Yoast SEO Premium plugin v25.3.1 (Yoast SEO v25.3.1) - https:\/\/yoast.com\/wordpress\/plugins\/seo\/ -->\n<title>07.09.09 - TPIR\/PROCES - TROIS AUDIENCES EN APPEL A LA FIN DU MOIS - JusticeInfo.net<\/title>\n<meta name=\"robots\" content=\"index, follow, max-snippet:-1, max-image-preview:large, max-video-preview:-1\" \/>\n<link rel=\"canonical\" href=\"https:\/\/www.justiceinfo.net\/fr\/11145-070909-tpirproces-trois-audiences-en-appel-a-la-fin-du-mois7953.html\" \/>\n<meta property=\"og:locale\" content=\"fr_FR\" \/>\n<meta property=\"og:type\" content=\"article\" \/>\n<meta property=\"og:title\" content=\"07.09.09 - TPIR\/PROCES - TROIS AUDIENCES EN APPEL A LA FIN DU MOIS\" \/>\n<meta property=\"og:description\" content=\"Arusha, 07 septembre 2009 (FH) - La chambre d&#039;appel du Tribunal p&eacute;nal international pour le Rwanda (TPIR) entendra, du 28 au 30 septembre, les arguments des parties dans trois proc&egrave;s, dont celui de Protais Zigiranyirazo, beau-fr&egrave;re de l&#039;ex-pr&eacute;sident Juv&eacute;nal Habyarimana, a-t-on appris lundi de source officielle.\" \/>\n<meta property=\"og:url\" content=\"https:\/\/www.justiceinfo.net\/fr\/11145-070909-tpirproces-trois-audiences-en-appel-a-la-fin-du-mois7953.html\" \/>\n<meta property=\"og:site_name\" content=\"JusticeInfo.net\" \/>\n<meta property=\"article:publisher\" content=\"https:\/\/www.facebook.com\/JusticeInfo\/\" \/>\n<meta property=\"article:published_time\" content=\"2009-09-06T22:00:00+00:00\" \/>\n<meta property=\"og:image\" content=\"https:\/\/www.justiceinfo.net\/wp-content\/uploads\/JusticeInfoNet_logo_1200x630px.jpg\" \/>\n\t<meta property=\"og:image:width\" content=\"1200\" \/>\n\t<meta property=\"og:image:height\" content=\"630\" \/>\n\t<meta property=\"og:image:type\" content=\"image\/jpeg\" \/>\n<meta name=\"author\" content=\"solivri\" \/>\n<meta name=\"twitter:card\" content=\"summary_large_image\" \/>\n<meta name=\"twitter:creator\" content=\"@justiceinfonet\" \/>\n<meta name=\"twitter:site\" content=\"@justiceinfonet\" \/>\n<meta name=\"twitter:label1\" content=\"\u00c9crit par\" \/>\n\t<meta name=\"twitter:data1\" content=\"solivri\" \/>\n\t<meta name=\"twitter:label2\" content=\"Dur\u00e9e de lecture estim\u00e9e\" \/>\n\t<meta name=\"twitter:data2\" content=\"2 minutes\" \/>\n<script type=\"application\/ld+json\" class=\"yoast-schema-graph\">{\"@context\":\"https:\/\/schema.org\",\"@graph\":[{\"@type\":\"NewsArticle\",\"@id\":\"https:\/\/www.justiceinfo.net\/fr\/11145-070909-tpirproces-trois-audiences-en-appel-a-la-fin-du-mois7953.html#article\",\"isPartOf\":{\"@id\":\"https:\/\/www.justiceinfo.net\/fr\/11145-070909-tpirproces-trois-audiences-en-appel-a-la-fin-du-mois7953.html\"},\"author\":{\"name\":\"solivri\",\"@id\":\"https:\/\/www.justiceinfo.net\/fr#\/schema\/person\/6e53cba1629e2e66f3fc1821d3091865\"},\"headline\":\"07.09.09 - TPIR\/PROCES - TROIS AUDIENCES EN APPEL A LA FIN DU MOIS\",\"datePublished\":\"2009-09-06T22:00:00+00:00\",\"mainEntityOfPage\":{\"@id\":\"https:\/\/www.justiceinfo.net\/fr\/11145-070909-tpirproces-trois-audiences-en-appel-a-la-fin-du-mois7953.html\"},\"wordCount\":498,\"commentCount\":0,\"publisher\":{\"@id\":\"https:\/\/www.justiceinfo.net\/fr#organization\"},\"articleSection\":[\"Hirondelle News\"],\"inLanguage\":\"fr-FR\",\"potentialAction\":[{\"@type\":\"CommentAction\",\"name\":\"Comment\",\"target\":[\"https:\/\/www.justiceinfo.net\/fr\/11145-070909-tpirproces-trois-audiences-en-appel-a-la-fin-du-mois7953.html#respond\"]}]},{\"@type\":\"WebPage\",\"@id\":\"https:\/\/www.justiceinfo.net\/fr\/11145-070909-tpirproces-trois-audiences-en-appel-a-la-fin-du-mois7953.html\",\"url\":\"https:\/\/www.justiceinfo.net\/fr\/11145-070909-tpirproces-trois-audiences-en-appel-a-la-fin-du-mois7953.html\",\"name\":\"07.09.09 - TPIR\/PROCES - TROIS AUDIENCES EN APPEL A LA FIN DU MOIS - JusticeInfo.net\",\"isPartOf\":{\"@id\":\"https:\/\/www.justiceinfo.net\/fr#website\"},\"datePublished\":\"2009-09-06T22:00:00+00:00\",\"breadcrumb\":{\"@id\":\"https:\/\/www.justiceinfo.net\/fr\/11145-070909-tpirproces-trois-audiences-en-appel-a-la-fin-du-mois7953.html#breadcrumb\"},\"inLanguage\":\"fr-FR\",\"potentialAction\":[{\"@type\":\"ReadAction\",\"target\":[\"https:\/\/www.justiceinfo.net\/fr\/11145-070909-tpirproces-trois-audiences-en-appel-a-la-fin-du-mois7953.html\"]}]},{\"@type\":\"BreadcrumbList\",\"@id\":\"https:\/\/www.justiceinfo.net\/fr\/11145-070909-tpirproces-trois-audiences-en-appel-a-la-fin-du-mois7953.html#breadcrumb\",\"itemListElement\":[{\"@type\":\"ListItem\",\"position\":1,\"name\":\"Home\",\"item\":\"https:\/\/www.justiceinfo.net\/fr\"},{\"@type\":\"ListItem\",\"position\":2,\"name\":\"07.09.09 - TPIR\/PROCES - TROIS AUDIENCES EN APPEL A LA FIN DU MOIS\"}]},{\"@type\":\"WebSite\",\"@id\":\"https:\/\/www.justiceinfo.net\/fr#website\",\"url\":\"https:\/\/www.justiceinfo.net\/fr\",\"name\":\"JusticeInfo.net\",\"description\":\"La justice doit \u00eatre vue pour \u00eatre rendue\",\"publisher\":{\"@id\":\"https:\/\/www.justiceinfo.net\/fr#organization\"},\"potentialAction\":[{\"@type\":\"SearchAction\",\"target\":{\"@type\":\"EntryPoint\",\"urlTemplate\":\"https:\/\/www.justiceinfo.net\/fr?s={search_term_string}\"},\"query-input\":{\"@type\":\"PropertyValueSpecification\",\"valueRequired\":true,\"valueName\":\"search_term_string\"}}],\"inLanguage\":\"fr-FR\"},{\"@type\":\"Organization\",\"@id\":\"https:\/\/www.justiceinfo.net\/fr#organization\",\"name\":\"Justice Info\",\"url\":\"https:\/\/www.justiceinfo.net\/fr\",\"logo\":{\"@type\":\"ImageObject\",\"inLanguage\":\"fr-FR\",\"@id\":\"https:\/\/www.justiceinfo.net\/fr#\/schema\/logo\/image\/\",\"url\":\"https:\/\/www.justiceinfo.net\/wp-content\/uploads\/justiceinfo_logo-trans_1200x1200px.png\",\"contentUrl\":\"https:\/\/www.justiceinfo.net\/wp-content\/uploads\/justiceinfo_logo-trans_1200x1200px.png\",\"width\":1199,\"height\":1200,\"caption\":\"Justice Info\"},\"image\":{\"@id\":\"https:\/\/www.justiceinfo.net\/fr#\/schema\/logo\/image\/\"},\"sameAs\":[\"https:\/\/www.facebook.com\/JusticeInfo\/\",\"https:\/\/x.com\/justiceinfonet\",\"https:\/\/www.linkedin.com\/company\/justice-info\",\"https:\/\/www.youtube.com\/channel\/UCyCEsARodyuWtkWyhn-e7pA\"]},{\"@type\":\"Person\",\"name\":\"solivri\",\"url\":\"\/fr\/?s=solivri\"}]}<\/script>\n<!-- \/ Yoast SEO Premium plugin. -->","yoast_head_json":{"title":"07.09.09 - TPIR\/PROCES - TROIS AUDIENCES EN APPEL A LA FIN DU MOIS - JusticeInfo.net","robots":{"index":"index","follow":"follow","max-snippet":"max-snippet:-1","max-image-preview":"max-image-preview:large","max-video-preview":"max-video-preview:-1"},"canonical":"https:\/\/www.justiceinfo.net\/fr\/11145-070909-tpirproces-trois-audiences-en-appel-a-la-fin-du-mois7953.html","og_locale":"fr_FR","og_type":"article","og_title":"07.09.09 - TPIR\/PROCES - TROIS AUDIENCES EN APPEL A LA FIN DU MOIS","og_description":"Arusha, 07 septembre 2009 (FH) - La chambre d'appel du Tribunal p&eacute;nal international pour le Rwanda (TPIR) entendra, du 28 au 30 septembre, les arguments des parties dans trois proc&egrave;s, dont celui de Protais Zigiranyirazo, beau-fr&egrave;re de l'ex-pr&eacute;sident Juv&eacute;nal Habyarimana, a-t-on appris lundi de source officielle.","og_url":"https:\/\/www.justiceinfo.net\/fr\/11145-070909-tpirproces-trois-audiences-en-appel-a-la-fin-du-mois7953.html","og_site_name":"JusticeInfo.net","article_publisher":"https:\/\/www.facebook.com\/JusticeInfo\/","article_published_time":"2009-09-06T22:00:00+00:00","og_image":[{"width":1200,"height":630,"url":"https:\/\/www.justiceinfo.net\/wp-content\/uploads\/JusticeInfoNet_logo_1200x630px.jpg","type":"image\/jpeg"}],"author":"solivri","twitter_card":"summary_large_image","twitter_creator":"@justiceinfonet","twitter_site":"@justiceinfonet","twitter_misc":{"\u00c9crit par":"solivri","Dur\u00e9e de lecture estim\u00e9e":"2 minutes"},"schema":{"@context":"https:\/\/schema.org","@graph":[{"@type":"NewsArticle","@id":"https:\/\/www.justiceinfo.net\/fr\/11145-070909-tpirproces-trois-audiences-en-appel-a-la-fin-du-mois7953.html#article","isPartOf":{"@id":"https:\/\/www.justiceinfo.net\/fr\/11145-070909-tpirproces-trois-audiences-en-appel-a-la-fin-du-mois7953.html"},"author":{"name":"solivri","@id":"https:\/\/www.justiceinfo.net\/fr#\/schema\/person\/6e53cba1629e2e66f3fc1821d3091865"},"headline":"07.09.09 - TPIR\/PROCES - TROIS AUDIENCES EN APPEL A LA FIN DU MOIS","datePublished":"2009-09-06T22:00:00+00:00","mainEntityOfPage":{"@id":"https:\/\/www.justiceinfo.net\/fr\/11145-070909-tpirproces-trois-audiences-en-appel-a-la-fin-du-mois7953.html"},"wordCount":498,"commentCount":0,"publisher":{"@id":"https:\/\/www.justiceinfo.net\/fr#organization"},"articleSection":["Hirondelle News"],"inLanguage":"fr-FR","potentialAction":[{"@type":"CommentAction","name":"Comment","target":["https:\/\/www.justiceinfo.net\/fr\/11145-070909-tpirproces-trois-audiences-en-appel-a-la-fin-du-mois7953.html#respond"]}]},{"@type":"WebPage","@id":"https:\/\/www.justiceinfo.net\/fr\/11145-070909-tpirproces-trois-audiences-en-appel-a-la-fin-du-mois7953.html","url":"https:\/\/www.justiceinfo.net\/fr\/11145-070909-tpirproces-trois-audiences-en-appel-a-la-fin-du-mois7953.html","name":"07.09.09 - TPIR\/PROCES - TROIS AUDIENCES EN APPEL A LA FIN DU MOIS - JusticeInfo.net","isPartOf":{"@id":"https:\/\/www.justiceinfo.net\/fr#website"},"datePublished":"2009-09-06T22:00:00+00:00","breadcrumb":{"@id":"https:\/\/www.justiceinfo.net\/fr\/11145-070909-tpirproces-trois-audiences-en-appel-a-la-fin-du-mois7953.html#breadcrumb"},"inLanguage":"fr-FR","potentialAction":[{"@type":"ReadAction","target":["https:\/\/www.justiceinfo.net\/fr\/11145-070909-tpirproces-trois-audiences-en-appel-a-la-fin-du-mois7953.html"]}]},{"@type":"BreadcrumbList","@id":"https:\/\/www.justiceinfo.net\/fr\/11145-070909-tpirproces-trois-audiences-en-appel-a-la-fin-du-mois7953.html#breadcrumb","itemListElement":[{"@type":"ListItem","position":1,"name":"Home","item":"https:\/\/www.justiceinfo.net\/fr"},{"@type":"ListItem","position":2,"name":"07.09.09 - TPIR\/PROCES - TROIS AUDIENCES EN APPEL A LA FIN DU MOIS"}]},{"@type":"WebSite","@id":"https:\/\/www.justiceinfo.net\/fr#website","url":"https:\/\/www.justiceinfo.net\/fr","name":"JusticeInfo.net","description":"La justice doit \u00eatre vue pour \u00eatre rendue","publisher":{"@id":"https:\/\/www.justiceinfo.net\/fr#organization"},"potentialAction":[{"@type":"SearchAction","target":{"@type":"EntryPoint","urlTemplate":"https:\/\/www.justiceinfo.net\/fr?s={search_term_string}"},"query-input":{"@type":"PropertyValueSpecification","valueRequired":true,"valueName":"search_term_string"}}],"inLanguage":"fr-FR"},{"@type":"Organization","@id":"https:\/\/www.justiceinfo.net\/fr#organization","name":"Justice Info","url":"https:\/\/www.justiceinfo.net\/fr","logo":{"@type":"ImageObject","inLanguage":"fr-FR","@id":"https:\/\/www.justiceinfo.net\/fr#\/schema\/logo\/image\/","url":"https:\/\/www.justiceinfo.net\/wp-content\/uploads\/justiceinfo_logo-trans_1200x1200px.png","contentUrl":"https:\/\/www.justiceinfo.net\/wp-content\/uploads\/justiceinfo_logo-trans_1200x1200px.png","width":1199,"height":1200,"caption":"Justice Info"},"image":{"@id":"https:\/\/www.justiceinfo.net\/fr#\/schema\/logo\/image\/"},"sameAs":["https:\/\/www.facebook.com\/JusticeInfo\/","https:\/\/x.com\/justiceinfonet","https:\/\/www.linkedin.com\/company\/justice-info","https:\/\/www.youtube.com\/channel\/UCyCEsARodyuWtkWyhn-e7pA"]},{"@type":"Person","name":"solivri","url":"\/fr\/?s=solivri"}]}},"_links":{"self":[{"href":"https:\/\/www.justiceinfo.net\/fr\/wp-json\/wp\/v2\/posts\/11145","targetHints":{"allow":["GET"]}}],"collection":[{"href":"https:\/\/www.justiceinfo.net\/fr\/wp-json\/wp\/v2\/posts"}],"about":[{"href":"https:\/\/www.justiceinfo.net\/fr\/wp-json\/wp\/v2\/types\/post"}],"author":[{"embeddable":true,"href":"https:\/\/www.justiceinfo.net\/fr\/wp-json\/wp\/v2\/users\/64"}],"replies":[{"embeddable":true,"href":"https:\/\/www.justiceinfo.net\/fr\/wp-json\/wp\/v2\/comments?post=11145"}],"version-history":[{"count":0,"href":"https:\/\/www.justiceinfo.net\/fr\/wp-json\/wp\/v2\/posts\/11145\/revisions"}],"wp:attachment":[{"href":"https:\/\/www.justiceinfo.net\/fr\/wp-json\/wp\/v2\/media?parent=11145"}],"wp:term":[{"taxonomy":"category","embeddable":true,"href":"https:\/\/www.justiceinfo.net\/fr\/wp-json\/wp\/v2\/categories?post=11145"},{"taxonomy":"post_tag","embeddable":true,"href":"https:\/\/www.justiceinfo.net\/fr\/wp-json\/wp\/v2\/tags?post=11145"},{"taxonomy":"ji_location","embeddable":true,"href":"https:\/\/www.justiceinfo.net\/fr\/wp-json\/wp\/v2\/ji_location?post=11145"}],"curies":[{"name":"wp","href":"https:\/\/api.w.org\/{rel}","templated":true}]}}