{"id":11159,"date":"2009-09-09T00:00:00","date_gmt":"2009-09-08T22:00:00","guid":{"rendered":"https:\/\/www.justiceinfo.net\/11159-090909-rwandabelgique-genocide-une-commission-rogatoire-belge-au-rwanda-cette-semaine7967.html"},"modified":"2009-09-09T00:00:00","modified_gmt":"2009-09-08T22:00:00","slug":"090909-rwandabelgique-genocide-une-commission-rogatoire-belge-au-rwanda-cette-semaine7967","status":"publish","type":"post","link":"https:\/\/www.justiceinfo.net\/fr\/11159-090909-rwandabelgique-genocide-une-commission-rogatoire-belge-au-rwanda-cette-semaine7967.html","title":{"rendered":"09.09.09 - RWANDA\/Belgique - GENOCIDE : UNE COMMISSION ROGATOIRE BELGE AU RWANDA CETTE SEMAINE"},"content":{"rendered":"<p >\nArusha, 09 septembre 2009 (FH) -&nbsp; Une commission rogatoire belge est attendue cette semaine au Rwanda pour enqu&ecirc;ter sur les all&eacute;gations de participation au g&eacute;nocide de 1994 port&eacute;es contre un Rwandais vivant en Belgique, a rapport&eacute; mercredi le New Times, citant une source officielle &agrave; Kigali.\n<\/p>\n<p><!--more--><\/p>\n<p >\n<p >\n&laquo; Nous savons qu'une d&eacute;l&eacute;gation comprenant un procureur et deux officiers de la police judiciaire sera au pays pour des investigations concernant un des fugitifs vivant aujourd'hui l&agrave;-bas &raquo; (en Belgique), a indiqu&eacute; le porte-parole du parquet g&eacute;n&eacute;ral, Augustin Nkusi, dont les propos sont repris par ce quotidien rwandais priv&eacute;.\n<\/p>\n<p >\nLe magistrat rwandais n'a cependant pas voulu divulguer l'identit&eacute; de la personne faisant l'objet de cette commission rogatoire, selon le journal.\n<\/p>\n<p >\nNkusi a affirm&eacute; que la Belgique h&eacute;berge beaucoup de Rwandais accus&eacute;s de participation au g&eacute;nocide de 1994 mais, qu'&agrave; la diff&eacute;rence d'autres pays, elle s'efforce de les juger. Il a reproch&eacute; &agrave; certaines capitales de &laquo; s'asseoir simplement, sans autre action, sur les actes d'accusation &raquo; envoy&eacute;s par Kigali.\n<\/p>\n<p >\nLa Belgique a d&eacute;j&agrave; condamn&eacute; plusieurs Rwandais qui &eacute;taient accus&eacute;s d'avoir jou&eacute; un r&ocirc;le dans le g&eacute;nocide perp&eacute;tr&eacute; contre les Tutsis d'avril &agrave; juillet 1994.\n<\/p>\n<p >\nPar ailleurs, un officier de l'ancienne arm&eacute;e rwandaise, le major Bernard Ntuyahaga, qui &eacute;tait jug&eacute; par la cour d'Assises de Bruxelles, s'est vu infliger 20 ans de prison en juillet 2007 apr&egrave;s avoir &eacute;t&eacute; reconnu coupable de l'assassinat des dix Casques bleus belges tu&eacute;s le 7 avril 1994 dans un camp militaire de Kigali.\n<\/p>\n<p >\n<p >\nER\/GF\n<\/p>\n<p>\n&copy; Agence Hirondelle<\/p>\n","protected":false},"excerpt":{"rendered":"<p>Arusha, 09 septembre 2009 (FH) -&nbsp; Une commission rogatoire belge est attendue cette semaine au Rwanda pour enqu&ecirc;ter sur les all&eacute;gations de participation au g&eacute;nocide de 1994 port&eacute;es contre un Rwandais vivant en Belgique, a rapport&eacute; mercredi le New Times, citant une source officielle &agrave; Kigali.<\/p>\n","protected":false},"author":64,"featured_media":0,"comment_status":"open","ping_status":"closed","sticky":false,"template":"","format":"standard","meta":{"_acf_changed":false,"footnotes":""},"categories":[554],"tags":[],"ji_location":[],"class_list":["post-11159","post","type-post","status-publish","format-standard","hentry","category-hirondellenews"],"acf":[],"yoast_head":"<!-- This site is optimized with the Yoast SEO Premium plugin v25.3.1 (Yoast SEO v25.3.1) - https:\/\/yoast.com\/wordpress\/plugins\/seo\/ -->\n<title>09.09.09 - RWANDA\/Belgique - GENOCIDE : UNE COMMISSION ROGATOIRE BELGE AU RWANDA CETTE SEMAINE - JusticeInfo.net<\/title>\n<meta name=\"robots\" content=\"index, follow, max-snippet:-1, max-image-preview:large, max-video-preview:-1\" \/>\n<link rel=\"canonical\" href=\"https:\/\/www.justiceinfo.net\/fr\/11159-090909-rwandabelgique-genocide-une-commission-rogatoire-belge-au-rwanda-cette-semaine7967.html\" \/>\n<meta property=\"og:locale\" content=\"fr_FR\" \/>\n<meta property=\"og:type\" content=\"article\" \/>\n<meta property=\"og:title\" content=\"09.09.09 - RWANDA\/Belgique - GENOCIDE : UNE COMMISSION ROGATOIRE BELGE AU RWANDA CETTE SEMAINE\" \/>\n<meta property=\"og:description\" content=\"Arusha, 09 septembre 2009 (FH) -&nbsp; Une commission rogatoire belge est attendue cette semaine au Rwanda pour enqu&ecirc;ter sur les all&eacute;gations de participation au g&eacute;nocide de 1994 port&eacute;es contre un Rwandais vivant en Belgique, a rapport&eacute; mercredi le New Times, citant une source officielle &agrave; Kigali.\" \/>\n<meta property=\"og:url\" content=\"https:\/\/www.justiceinfo.net\/fr\/11159-090909-rwandabelgique-genocide-une-commission-rogatoire-belge-au-rwanda-cette-semaine7967.html\" \/>\n<meta property=\"og:site_name\" content=\"JusticeInfo.net\" \/>\n<meta property=\"article:publisher\" content=\"https:\/\/www.facebook.com\/JusticeInfo\/\" \/>\n<meta property=\"article:published_time\" content=\"2009-09-08T22:00:00+00:00\" \/>\n<meta property=\"og:image\" content=\"https:\/\/www.justiceinfo.net\/wp-content\/uploads\/JusticeInfoNet_logo_1200x630px.jpg\" \/>\n\t<meta property=\"og:image:width\" content=\"1200\" \/>\n\t<meta property=\"og:image:height\" content=\"630\" \/>\n\t<meta property=\"og:image:type\" content=\"image\/jpeg\" \/>\n<meta name=\"author\" content=\"solivri\" \/>\n<meta name=\"twitter:card\" content=\"summary_large_image\" \/>\n<meta name=\"twitter:creator\" content=\"@justiceinfonet\" \/>\n<meta name=\"twitter:site\" content=\"@justiceinfonet\" \/>\n<meta name=\"twitter:label1\" content=\"\u00c9crit par\" \/>\n\t<meta name=\"twitter:data1\" content=\"solivri\" \/>\n\t<meta name=\"twitter:label2\" content=\"Dur\u00e9e de lecture estim\u00e9e\" \/>\n\t<meta name=\"twitter:data2\" content=\"2 minutes\" \/>\n<script type=\"application\/ld+json\" class=\"yoast-schema-graph\">{\"@context\":\"https:\/\/schema.org\",\"@graph\":[{\"@type\":\"NewsArticle\",\"@id\":\"https:\/\/www.justiceinfo.net\/fr\/11159-090909-rwandabelgique-genocide-une-commission-rogatoire-belge-au-rwanda-cette-semaine7967.html#article\",\"isPartOf\":{\"@id\":\"https:\/\/www.justiceinfo.net\/fr\/11159-090909-rwandabelgique-genocide-une-commission-rogatoire-belge-au-rwanda-cette-semaine7967.html\"},\"author\":{\"name\":\"solivri\",\"@id\":\"https:\/\/www.justiceinfo.net\/fr#\/schema\/person\/6e53cba1629e2e66f3fc1821d3091865\"},\"headline\":\"09.09.09 - RWANDA\/Belgique - GENOCIDE : UNE COMMISSION ROGATOIRE BELGE AU RWANDA CETTE SEMAINE\",\"datePublished\":\"2009-09-08T22:00:00+00:00\",\"mainEntityOfPage\":{\"@id\":\"https:\/\/www.justiceinfo.net\/fr\/11159-090909-rwandabelgique-genocide-une-commission-rogatoire-belge-au-rwanda-cette-semaine7967.html\"},\"wordCount\":330,\"commentCount\":0,\"publisher\":{\"@id\":\"https:\/\/www.justiceinfo.net\/fr#organization\"},\"articleSection\":[\"Hirondelle News\"],\"inLanguage\":\"fr-FR\",\"potentialAction\":[{\"@type\":\"CommentAction\",\"name\":\"Comment\",\"target\":[\"https:\/\/www.justiceinfo.net\/fr\/11159-090909-rwandabelgique-genocide-une-commission-rogatoire-belge-au-rwanda-cette-semaine7967.html#respond\"]}]},{\"@type\":\"WebPage\",\"@id\":\"https:\/\/www.justiceinfo.net\/fr\/11159-090909-rwandabelgique-genocide-une-commission-rogatoire-belge-au-rwanda-cette-semaine7967.html\",\"url\":\"https:\/\/www.justiceinfo.net\/fr\/11159-090909-rwandabelgique-genocide-une-commission-rogatoire-belge-au-rwanda-cette-semaine7967.html\",\"name\":\"09.09.09 - RWANDA\/Belgique - GENOCIDE : UNE COMMISSION ROGATOIRE BELGE AU RWANDA CETTE SEMAINE - JusticeInfo.net\",\"isPartOf\":{\"@id\":\"https:\/\/www.justiceinfo.net\/fr#website\"},\"datePublished\":\"2009-09-08T22:00:00+00:00\",\"breadcrumb\":{\"@id\":\"https:\/\/www.justiceinfo.net\/fr\/11159-090909-rwandabelgique-genocide-une-commission-rogatoire-belge-au-rwanda-cette-semaine7967.html#breadcrumb\"},\"inLanguage\":\"fr-FR\",\"potentialAction\":[{\"@type\":\"ReadAction\",\"target\":[\"https:\/\/www.justiceinfo.net\/fr\/11159-090909-rwandabelgique-genocide-une-commission-rogatoire-belge-au-rwanda-cette-semaine7967.html\"]}]},{\"@type\":\"BreadcrumbList\",\"@id\":\"https:\/\/www.justiceinfo.net\/fr\/11159-090909-rwandabelgique-genocide-une-commission-rogatoire-belge-au-rwanda-cette-semaine7967.html#breadcrumb\",\"itemListElement\":[{\"@type\":\"ListItem\",\"position\":1,\"name\":\"Home\",\"item\":\"https:\/\/www.justiceinfo.net\/fr\"},{\"@type\":\"ListItem\",\"position\":2,\"name\":\"09.09.09 - RWANDA\/Belgique - GENOCIDE : UNE COMMISSION ROGATOIRE BELGE AU RWANDA CETTE SEMAINE\"}]},{\"@type\":\"WebSite\",\"@id\":\"https:\/\/www.justiceinfo.net\/fr#website\",\"url\":\"https:\/\/www.justiceinfo.net\/fr\",\"name\":\"JusticeInfo.net\",\"description\":\"La justice doit \u00eatre vue pour \u00eatre rendue\",\"publisher\":{\"@id\":\"https:\/\/www.justiceinfo.net\/fr#organization\"},\"potentialAction\":[{\"@type\":\"SearchAction\",\"target\":{\"@type\":\"EntryPoint\",\"urlTemplate\":\"https:\/\/www.justiceinfo.net\/fr?s={search_term_string}\"},\"query-input\":{\"@type\":\"PropertyValueSpecification\",\"valueRequired\":true,\"valueName\":\"search_term_string\"}}],\"inLanguage\":\"fr-FR\"},{\"@type\":\"Organization\",\"@id\":\"https:\/\/www.justiceinfo.net\/fr#organization\",\"name\":\"Justice Info\",\"url\":\"https:\/\/www.justiceinfo.net\/fr\",\"logo\":{\"@type\":\"ImageObject\",\"inLanguage\":\"fr-FR\",\"@id\":\"https:\/\/www.justiceinfo.net\/fr#\/schema\/logo\/image\/\",\"url\":\"https:\/\/www.justiceinfo.net\/wp-content\/uploads\/justiceinfo_logo-trans_1200x1200px.png\",\"contentUrl\":\"https:\/\/www.justiceinfo.net\/wp-content\/uploads\/justiceinfo_logo-trans_1200x1200px.png\",\"width\":1199,\"height\":1200,\"caption\":\"Justice Info\"},\"image\":{\"@id\":\"https:\/\/www.justiceinfo.net\/fr#\/schema\/logo\/image\/\"},\"sameAs\":[\"https:\/\/www.facebook.com\/JusticeInfo\/\",\"https:\/\/x.com\/justiceinfonet\",\"https:\/\/www.linkedin.com\/company\/justice-info\",\"https:\/\/www.youtube.com\/channel\/UCyCEsARodyuWtkWyhn-e7pA\"]},{\"@type\":\"Person\",\"name\":\"solivri\",\"url\":\"\/fr\/?s=solivri\"}]}<\/script>\n<!-- \/ Yoast SEO Premium plugin. -->","yoast_head_json":{"title":"09.09.09 - RWANDA\/Belgique - GENOCIDE : UNE COMMISSION ROGATOIRE BELGE AU RWANDA CETTE SEMAINE - JusticeInfo.net","robots":{"index":"index","follow":"follow","max-snippet":"max-snippet:-1","max-image-preview":"max-image-preview:large","max-video-preview":"max-video-preview:-1"},"canonical":"https:\/\/www.justiceinfo.net\/fr\/11159-090909-rwandabelgique-genocide-une-commission-rogatoire-belge-au-rwanda-cette-semaine7967.html","og_locale":"fr_FR","og_type":"article","og_title":"09.09.09 - RWANDA\/Belgique - GENOCIDE : UNE COMMISSION ROGATOIRE BELGE AU RWANDA CETTE SEMAINE","og_description":"Arusha, 09 septembre 2009 (FH) -&nbsp; Une commission rogatoire belge est attendue cette semaine au Rwanda pour enqu&ecirc;ter sur les all&eacute;gations de participation au g&eacute;nocide de 1994 port&eacute;es contre un Rwandais vivant en Belgique, a rapport&eacute; mercredi le New Times, citant une source officielle &agrave; Kigali.","og_url":"https:\/\/www.justiceinfo.net\/fr\/11159-090909-rwandabelgique-genocide-une-commission-rogatoire-belge-au-rwanda-cette-semaine7967.html","og_site_name":"JusticeInfo.net","article_publisher":"https:\/\/www.facebook.com\/JusticeInfo\/","article_published_time":"2009-09-08T22:00:00+00:00","og_image":[{"width":1200,"height":630,"url":"https:\/\/www.justiceinfo.net\/wp-content\/uploads\/JusticeInfoNet_logo_1200x630px.jpg","type":"image\/jpeg"}],"author":"solivri","twitter_card":"summary_large_image","twitter_creator":"@justiceinfonet","twitter_site":"@justiceinfonet","twitter_misc":{"\u00c9crit par":"solivri","Dur\u00e9e de lecture estim\u00e9e":"2 minutes"},"schema":{"@context":"https:\/\/schema.org","@graph":[{"@type":"NewsArticle","@id":"https:\/\/www.justiceinfo.net\/fr\/11159-090909-rwandabelgique-genocide-une-commission-rogatoire-belge-au-rwanda-cette-semaine7967.html#article","isPartOf":{"@id":"https:\/\/www.justiceinfo.net\/fr\/11159-090909-rwandabelgique-genocide-une-commission-rogatoire-belge-au-rwanda-cette-semaine7967.html"},"author":{"name":"solivri","@id":"https:\/\/www.justiceinfo.net\/fr#\/schema\/person\/6e53cba1629e2e66f3fc1821d3091865"},"headline":"09.09.09 - RWANDA\/Belgique - GENOCIDE : UNE COMMISSION ROGATOIRE BELGE AU RWANDA CETTE SEMAINE","datePublished":"2009-09-08T22:00:00+00:00","mainEntityOfPage":{"@id":"https:\/\/www.justiceinfo.net\/fr\/11159-090909-rwandabelgique-genocide-une-commission-rogatoire-belge-au-rwanda-cette-semaine7967.html"},"wordCount":330,"commentCount":0,"publisher":{"@id":"https:\/\/www.justiceinfo.net\/fr#organization"},"articleSection":["Hirondelle News"],"inLanguage":"fr-FR","potentialAction":[{"@type":"CommentAction","name":"Comment","target":["https:\/\/www.justiceinfo.net\/fr\/11159-090909-rwandabelgique-genocide-une-commission-rogatoire-belge-au-rwanda-cette-semaine7967.html#respond"]}]},{"@type":"WebPage","@id":"https:\/\/www.justiceinfo.net\/fr\/11159-090909-rwandabelgique-genocide-une-commission-rogatoire-belge-au-rwanda-cette-semaine7967.html","url":"https:\/\/www.justiceinfo.net\/fr\/11159-090909-rwandabelgique-genocide-une-commission-rogatoire-belge-au-rwanda-cette-semaine7967.html","name":"09.09.09 - RWANDA\/Belgique - GENOCIDE : UNE COMMISSION ROGATOIRE BELGE AU RWANDA CETTE SEMAINE - JusticeInfo.net","isPartOf":{"@id":"https:\/\/www.justiceinfo.net\/fr#website"},"datePublished":"2009-09-08T22:00:00+00:00","breadcrumb":{"@id":"https:\/\/www.justiceinfo.net\/fr\/11159-090909-rwandabelgique-genocide-une-commission-rogatoire-belge-au-rwanda-cette-semaine7967.html#breadcrumb"},"inLanguage":"fr-FR","potentialAction":[{"@type":"ReadAction","target":["https:\/\/www.justiceinfo.net\/fr\/11159-090909-rwandabelgique-genocide-une-commission-rogatoire-belge-au-rwanda-cette-semaine7967.html"]}]},{"@type":"BreadcrumbList","@id":"https:\/\/www.justiceinfo.net\/fr\/11159-090909-rwandabelgique-genocide-une-commission-rogatoire-belge-au-rwanda-cette-semaine7967.html#breadcrumb","itemListElement":[{"@type":"ListItem","position":1,"name":"Home","item":"https:\/\/www.justiceinfo.net\/fr"},{"@type":"ListItem","position":2,"name":"09.09.09 - RWANDA\/Belgique - GENOCIDE : UNE COMMISSION ROGATOIRE BELGE AU RWANDA CETTE SEMAINE"}]},{"@type":"WebSite","@id":"https:\/\/www.justiceinfo.net\/fr#website","url":"https:\/\/www.justiceinfo.net\/fr","name":"JusticeInfo.net","description":"La justice doit \u00eatre vue pour \u00eatre rendue","publisher":{"@id":"https:\/\/www.justiceinfo.net\/fr#organization"},"potentialAction":[{"@type":"SearchAction","target":{"@type":"EntryPoint","urlTemplate":"https:\/\/www.justiceinfo.net\/fr?s={search_term_string}"},"query-input":{"@type":"PropertyValueSpecification","valueRequired":true,"valueName":"search_term_string"}}],"inLanguage":"fr-FR"},{"@type":"Organization","@id":"https:\/\/www.justiceinfo.net\/fr#organization","name":"Justice Info","url":"https:\/\/www.justiceinfo.net\/fr","logo":{"@type":"ImageObject","inLanguage":"fr-FR","@id":"https:\/\/www.justiceinfo.net\/fr#\/schema\/logo\/image\/","url":"https:\/\/www.justiceinfo.net\/wp-content\/uploads\/justiceinfo_logo-trans_1200x1200px.png","contentUrl":"https:\/\/www.justiceinfo.net\/wp-content\/uploads\/justiceinfo_logo-trans_1200x1200px.png","width":1199,"height":1200,"caption":"Justice Info"},"image":{"@id":"https:\/\/www.justiceinfo.net\/fr#\/schema\/logo\/image\/"},"sameAs":["https:\/\/www.facebook.com\/JusticeInfo\/","https:\/\/x.com\/justiceinfonet","https:\/\/www.linkedin.com\/company\/justice-info","https:\/\/www.youtube.com\/channel\/UCyCEsARodyuWtkWyhn-e7pA"]},{"@type":"Person","name":"solivri","url":"\/fr\/?s=solivri"}]}},"_links":{"self":[{"href":"https:\/\/www.justiceinfo.net\/fr\/wp-json\/wp\/v2\/posts\/11159","targetHints":{"allow":["GET"]}}],"collection":[{"href":"https:\/\/www.justiceinfo.net\/fr\/wp-json\/wp\/v2\/posts"}],"about":[{"href":"https:\/\/www.justiceinfo.net\/fr\/wp-json\/wp\/v2\/types\/post"}],"author":[{"embeddable":true,"href":"https:\/\/www.justiceinfo.net\/fr\/wp-json\/wp\/v2\/users\/64"}],"replies":[{"embeddable":true,"href":"https:\/\/www.justiceinfo.net\/fr\/wp-json\/wp\/v2\/comments?post=11159"}],"version-history":[{"count":0,"href":"https:\/\/www.justiceinfo.net\/fr\/wp-json\/wp\/v2\/posts\/11159\/revisions"}],"wp:attachment":[{"href":"https:\/\/www.justiceinfo.net\/fr\/wp-json\/wp\/v2\/media?parent=11159"}],"wp:term":[{"taxonomy":"category","embeddable":true,"href":"https:\/\/www.justiceinfo.net\/fr\/wp-json\/wp\/v2\/categories?post=11159"},{"taxonomy":"post_tag","embeddable":true,"href":"https:\/\/www.justiceinfo.net\/fr\/wp-json\/wp\/v2\/tags?post=11159"},{"taxonomy":"ji_location","embeddable":true,"href":"https:\/\/www.justiceinfo.net\/fr\/wp-json\/wp\/v2\/ji_location?post=11159"}],"curies":[{"name":"wp","href":"https:\/\/api.w.org\/{rel}","templated":true}]}}