{"id":11183,"date":"2009-09-16T00:00:00","date_gmt":"2009-09-15T22:00:00","guid":{"rendered":"https:\/\/www.justiceinfo.net\/11183-160909-rwandacanada-prison-a-vie-requise-au-canada-contre-un-rwandais-coupable-de-genocide7991.html"},"modified":"2009-09-16T00:00:00","modified_gmt":"2009-09-15T22:00:00","slug":"160909-rwandacanada-prison-a-vie-requise-au-canada-contre-un-rwandais-coupable-de-genocide7991","status":"publish","type":"post","link":"https:\/\/www.justiceinfo.net\/fr\/11183-160909-rwandacanada-prison-a-vie-requise-au-canada-contre-un-rwandais-coupable-de-genocide7991.html","title":{"rendered":"16.09.09 - RWANDA\/CANADA - PRISON A VIE REQUISE AU CANADA CONTRE UN RWANDAIS COUPABLE DE GENOCIDE"},"content":{"rendered":"<p >\nArusha, 16 septembre 2009 (FH) - La prison &agrave; vie a &eacute;t&eacute; requise mardi contre le Rwandais D&eacute;sir&eacute; Munyaneza, reconnu coupable en mai dernier de g&eacute;nocide, crimes de guerre et crimes contre l'humanit&eacute; pour sa participation aux massacres de 1994 dans son pays.\n<\/p>\n<p><!--more--><\/p>\n<p >\n<p >\nDans son r&eacute;quisitoire, la repr&eacute;sentante du minist&egrave;re public, Pascale Ledoux, a soulign&eacute; &laquo; le nombre tr&egrave;s important d'homicides auquel l'accus&eacute; a particip&eacute; activement, la pr&eacute;m&eacute;ditation, le propos d&eacute;lib&eacute;r&eacute; et son r&ocirc;le de dirigeant&quot;, selon l'AFP.\n<\/p>\n<p >\n<p >\nElle a demand&eacute; que Munyaneza ne puisse obtenir une lib&eacute;ration conditionnelle qu'apr&egrave;s 25 ans de d&eacute;tention.\n<\/p>\n<p >\n<p >\nLa magistrate a demand&eacute; une autre peine de prison &agrave; vie, avec un minimum de sept ans de r&eacute;clusion, pour les agressions sexuelles commises par Munyaneza.\n<\/p>\n<p >\n<p >\nUne troisi&egrave;me peine, de deux ans, a &eacute;t&eacute; &eacute;galement requise pour les pillages dont il s'est rendu coupable. Toutes ces peines devraient &ecirc;tre concurrentes, autrement dit purg&eacute;es parall&egrave;lement, et non cons&eacute;cutives.\n<\/p>\n<p >\n<p >\nLa d&eacute;fense a pour sa part demand&eacute; que cette p&eacute;riode soit fix&eacute;e &agrave; 20 ans. &quot;Vingt-cinq ans n'est pas plus dissuasif que vingt ans&quot;, a plaid&eacute; Me Richard Perras.\n<\/p>\n<p >\n<p >\nLe juge Andr&eacute; Denis a annonc&eacute; au terme de l'audience que la sentence serait prononc&eacute;e le 28 octobre.\n<\/p>\n<p >\nArriv&eacute; au Canada en 1997, Munyaneza a &eacute;t&eacute; arr&ecirc;t&eacute; &agrave; Toronto en 2005. Il n'existe aucun pr&eacute;c&eacute;dent dans le droit canadien en mati&egrave;re de crime contre l'humanit&eacute; ou de g&eacute;nocide. Le minist&egrave;re public s'est donc inspir&eacute; des jugements du Tribunal p&eacute;nal international pour le Rwanda (TPIR) ainsi que du Tribunal p&eacute;nal international pour l'ex-Yougoslavie (TPIY).\n<\/p>\n<p >\nLe proc&egrave;s de Munyaneza s'&eacute;tait ouvert en mars 2007 et s'&eacute;tait d&eacute;plac&eacute; au Rwanda, en Tanzanie et en France o&ugrave; ont &eacute;t&eacute; entendus plusieurs des 66 t&eacute;moins pr&eacute;sent&eacute;s par la d&eacute;fense et l'accusation.\n<\/p>\n<p >\nMunyaneza &eacute;tait accus&eacute; d'avoir particip&eacute; au g&eacute;nocide, perp&eacute;tr&eacute; des viols et tu&eacute; des civils dans la pr&eacute;fecture de Butare entre avril et juillet 1994, ainsi que d'avoir dirig&eacute; une des principales milices qui &eacute;tablissaient des barrages de la mort dans cette pr&eacute;fecture du sud du Rwanda.\n<\/p>\n<p >\n<p >\nER\/GF\n<\/p>\n<p>\n&copy; Agence Hirondelle<\/p>\n","protected":false},"excerpt":{"rendered":"<p>Arusha, 16 septembre 2009 (FH) - La prison &agrave; vie a &eacute;t&eacute; requise mardi contre le Rwandais D&eacute;sir&eacute; Munyaneza, reconnu coupable en mai dernier de g&eacute;nocide, crimes de guerre et crimes contre l'humanit&eacute; pour sa participation aux massacres de 1994 dans son pays.<\/p>\n","protected":false},"author":64,"featured_media":0,"comment_status":"open","ping_status":"closed","sticky":false,"template":"","format":"standard","meta":{"_acf_changed":false,"footnotes":""},"categories":[554],"tags":[],"ji_location":[],"class_list":["post-11183","post","type-post","status-publish","format-standard","hentry","category-hirondellenews"],"acf":[],"yoast_head":"<!-- This site is optimized with the Yoast SEO Premium plugin v25.3.1 (Yoast SEO v25.3.1) - https:\/\/yoast.com\/wordpress\/plugins\/seo\/ -->\n<title>16.09.09 - RWANDA\/CANADA - PRISON A VIE REQUISE AU CANADA CONTRE UN RWANDAIS COUPABLE DE GENOCIDE - JusticeInfo.net<\/title>\n<meta name=\"robots\" content=\"index, follow, max-snippet:-1, max-image-preview:large, max-video-preview:-1\" \/>\n<link rel=\"canonical\" href=\"https:\/\/www.justiceinfo.net\/fr\/11183-160909-rwandacanada-prison-a-vie-requise-au-canada-contre-un-rwandais-coupable-de-genocide7991.html\" \/>\n<meta property=\"og:locale\" content=\"fr_FR\" \/>\n<meta property=\"og:type\" content=\"article\" \/>\n<meta property=\"og:title\" content=\"16.09.09 - RWANDA\/CANADA - PRISON A VIE REQUISE AU CANADA CONTRE UN RWANDAIS COUPABLE DE GENOCIDE\" \/>\n<meta property=\"og:description\" content=\"Arusha, 16 septembre 2009 (FH) - La prison &agrave; vie a &eacute;t&eacute; requise mardi contre le Rwandais D&eacute;sir&eacute; Munyaneza, reconnu coupable en mai dernier de g&eacute;nocide, crimes de guerre et crimes contre l&#039;humanit&eacute; pour sa participation aux massacres de 1994 dans son pays.\" \/>\n<meta property=\"og:url\" content=\"https:\/\/www.justiceinfo.net\/fr\/11183-160909-rwandacanada-prison-a-vie-requise-au-canada-contre-un-rwandais-coupable-de-genocide7991.html\" \/>\n<meta property=\"og:site_name\" content=\"JusticeInfo.net\" \/>\n<meta property=\"article:publisher\" content=\"https:\/\/www.facebook.com\/JusticeInfo\/\" \/>\n<meta property=\"article:published_time\" content=\"2009-09-15T22:00:00+00:00\" \/>\n<meta property=\"og:image\" content=\"https:\/\/www.justiceinfo.net\/wp-content\/uploads\/JusticeInfoNet_logo_1200x630px.jpg\" \/>\n\t<meta property=\"og:image:width\" content=\"1200\" \/>\n\t<meta property=\"og:image:height\" content=\"630\" \/>\n\t<meta property=\"og:image:type\" content=\"image\/jpeg\" \/>\n<meta name=\"author\" content=\"solivri\" \/>\n<meta name=\"twitter:card\" content=\"summary_large_image\" \/>\n<meta name=\"twitter:creator\" content=\"@justiceinfonet\" \/>\n<meta name=\"twitter:site\" content=\"@justiceinfonet\" \/>\n<meta name=\"twitter:label1\" content=\"\u00c9crit par\" \/>\n\t<meta name=\"twitter:data1\" content=\"solivri\" \/>\n\t<meta name=\"twitter:label2\" content=\"Dur\u00e9e de lecture estim\u00e9e\" \/>\n\t<meta name=\"twitter:data2\" content=\"2 minutes\" \/>\n<script type=\"application\/ld+json\" class=\"yoast-schema-graph\">{\"@context\":\"https:\/\/schema.org\",\"@graph\":[{\"@type\":\"NewsArticle\",\"@id\":\"https:\/\/www.justiceinfo.net\/fr\/11183-160909-rwandacanada-prison-a-vie-requise-au-canada-contre-un-rwandais-coupable-de-genocide7991.html#article\",\"isPartOf\":{\"@id\":\"https:\/\/www.justiceinfo.net\/fr\/11183-160909-rwandacanada-prison-a-vie-requise-au-canada-contre-un-rwandais-coupable-de-genocide7991.html\"},\"author\":{\"name\":\"solivri\",\"@id\":\"https:\/\/www.justiceinfo.net\/fr#\/schema\/person\/6e53cba1629e2e66f3fc1821d3091865\"},\"headline\":\"16.09.09 - RWANDA\/CANADA - PRISON A VIE REQUISE AU CANADA CONTRE UN RWANDAIS COUPABLE DE GENOCIDE\",\"datePublished\":\"2009-09-15T22:00:00+00:00\",\"mainEntityOfPage\":{\"@id\":\"https:\/\/www.justiceinfo.net\/fr\/11183-160909-rwandacanada-prison-a-vie-requise-au-canada-contre-un-rwandais-coupable-de-genocide7991.html\"},\"wordCount\":481,\"commentCount\":0,\"publisher\":{\"@id\":\"https:\/\/www.justiceinfo.net\/fr#organization\"},\"articleSection\":[\"Hirondelle News\"],\"inLanguage\":\"fr-FR\",\"potentialAction\":[{\"@type\":\"CommentAction\",\"name\":\"Comment\",\"target\":[\"https:\/\/www.justiceinfo.net\/fr\/11183-160909-rwandacanada-prison-a-vie-requise-au-canada-contre-un-rwandais-coupable-de-genocide7991.html#respond\"]}]},{\"@type\":\"WebPage\",\"@id\":\"https:\/\/www.justiceinfo.net\/fr\/11183-160909-rwandacanada-prison-a-vie-requise-au-canada-contre-un-rwandais-coupable-de-genocide7991.html\",\"url\":\"https:\/\/www.justiceinfo.net\/fr\/11183-160909-rwandacanada-prison-a-vie-requise-au-canada-contre-un-rwandais-coupable-de-genocide7991.html\",\"name\":\"16.09.09 - RWANDA\/CANADA - PRISON A VIE REQUISE AU CANADA CONTRE UN RWANDAIS COUPABLE DE GENOCIDE - JusticeInfo.net\",\"isPartOf\":{\"@id\":\"https:\/\/www.justiceinfo.net\/fr#website\"},\"datePublished\":\"2009-09-15T22:00:00+00:00\",\"breadcrumb\":{\"@id\":\"https:\/\/www.justiceinfo.net\/fr\/11183-160909-rwandacanada-prison-a-vie-requise-au-canada-contre-un-rwandais-coupable-de-genocide7991.html#breadcrumb\"},\"inLanguage\":\"fr-FR\",\"potentialAction\":[{\"@type\":\"ReadAction\",\"target\":[\"https:\/\/www.justiceinfo.net\/fr\/11183-160909-rwandacanada-prison-a-vie-requise-au-canada-contre-un-rwandais-coupable-de-genocide7991.html\"]}]},{\"@type\":\"BreadcrumbList\",\"@id\":\"https:\/\/www.justiceinfo.net\/fr\/11183-160909-rwandacanada-prison-a-vie-requise-au-canada-contre-un-rwandais-coupable-de-genocide7991.html#breadcrumb\",\"itemListElement\":[{\"@type\":\"ListItem\",\"position\":1,\"name\":\"Home\",\"item\":\"https:\/\/www.justiceinfo.net\/fr\"},{\"@type\":\"ListItem\",\"position\":2,\"name\":\"16.09.09 - RWANDA\/CANADA - PRISON A VIE REQUISE AU CANADA CONTRE UN RWANDAIS COUPABLE DE GENOCIDE\"}]},{\"@type\":\"WebSite\",\"@id\":\"https:\/\/www.justiceinfo.net\/fr#website\",\"url\":\"https:\/\/www.justiceinfo.net\/fr\",\"name\":\"JusticeInfo.net\",\"description\":\"La justice doit \u00eatre vue pour \u00eatre rendue\",\"publisher\":{\"@id\":\"https:\/\/www.justiceinfo.net\/fr#organization\"},\"potentialAction\":[{\"@type\":\"SearchAction\",\"target\":{\"@type\":\"EntryPoint\",\"urlTemplate\":\"https:\/\/www.justiceinfo.net\/fr?s={search_term_string}\"},\"query-input\":{\"@type\":\"PropertyValueSpecification\",\"valueRequired\":true,\"valueName\":\"search_term_string\"}}],\"inLanguage\":\"fr-FR\"},{\"@type\":\"Organization\",\"@id\":\"https:\/\/www.justiceinfo.net\/fr#organization\",\"name\":\"Justice Info\",\"url\":\"https:\/\/www.justiceinfo.net\/fr\",\"logo\":{\"@type\":\"ImageObject\",\"inLanguage\":\"fr-FR\",\"@id\":\"https:\/\/www.justiceinfo.net\/fr#\/schema\/logo\/image\/\",\"url\":\"https:\/\/www.justiceinfo.net\/wp-content\/uploads\/justiceinfo_logo-trans_1200x1200px.png\",\"contentUrl\":\"https:\/\/www.justiceinfo.net\/wp-content\/uploads\/justiceinfo_logo-trans_1200x1200px.png\",\"width\":1199,\"height\":1200,\"caption\":\"Justice Info\"},\"image\":{\"@id\":\"https:\/\/www.justiceinfo.net\/fr#\/schema\/logo\/image\/\"},\"sameAs\":[\"https:\/\/www.facebook.com\/JusticeInfo\/\",\"https:\/\/x.com\/justiceinfonet\",\"https:\/\/www.linkedin.com\/company\/justice-info\",\"https:\/\/www.youtube.com\/channel\/UCyCEsARodyuWtkWyhn-e7pA\"]},{\"@type\":\"Person\",\"name\":\"solivri\",\"url\":\"\/fr\/?s=solivri\"}]}<\/script>\n<!-- \/ Yoast SEO Premium plugin. -->","yoast_head_json":{"title":"16.09.09 - RWANDA\/CANADA - PRISON A VIE REQUISE AU CANADA CONTRE UN RWANDAIS COUPABLE DE GENOCIDE - JusticeInfo.net","robots":{"index":"index","follow":"follow","max-snippet":"max-snippet:-1","max-image-preview":"max-image-preview:large","max-video-preview":"max-video-preview:-1"},"canonical":"https:\/\/www.justiceinfo.net\/fr\/11183-160909-rwandacanada-prison-a-vie-requise-au-canada-contre-un-rwandais-coupable-de-genocide7991.html","og_locale":"fr_FR","og_type":"article","og_title":"16.09.09 - RWANDA\/CANADA - PRISON A VIE REQUISE AU CANADA CONTRE UN RWANDAIS COUPABLE DE GENOCIDE","og_description":"Arusha, 16 septembre 2009 (FH) - La prison &agrave; vie a &eacute;t&eacute; requise mardi contre le Rwandais D&eacute;sir&eacute; Munyaneza, reconnu coupable en mai dernier de g&eacute;nocide, crimes de guerre et crimes contre l'humanit&eacute; pour sa participation aux massacres de 1994 dans son pays.","og_url":"https:\/\/www.justiceinfo.net\/fr\/11183-160909-rwandacanada-prison-a-vie-requise-au-canada-contre-un-rwandais-coupable-de-genocide7991.html","og_site_name":"JusticeInfo.net","article_publisher":"https:\/\/www.facebook.com\/JusticeInfo\/","article_published_time":"2009-09-15T22:00:00+00:00","og_image":[{"width":1200,"height":630,"url":"https:\/\/www.justiceinfo.net\/wp-content\/uploads\/JusticeInfoNet_logo_1200x630px.jpg","type":"image\/jpeg"}],"author":"solivri","twitter_card":"summary_large_image","twitter_creator":"@justiceinfonet","twitter_site":"@justiceinfonet","twitter_misc":{"\u00c9crit par":"solivri","Dur\u00e9e de lecture estim\u00e9e":"2 minutes"},"schema":{"@context":"https:\/\/schema.org","@graph":[{"@type":"NewsArticle","@id":"https:\/\/www.justiceinfo.net\/fr\/11183-160909-rwandacanada-prison-a-vie-requise-au-canada-contre-un-rwandais-coupable-de-genocide7991.html#article","isPartOf":{"@id":"https:\/\/www.justiceinfo.net\/fr\/11183-160909-rwandacanada-prison-a-vie-requise-au-canada-contre-un-rwandais-coupable-de-genocide7991.html"},"author":{"name":"solivri","@id":"https:\/\/www.justiceinfo.net\/fr#\/schema\/person\/6e53cba1629e2e66f3fc1821d3091865"},"headline":"16.09.09 - RWANDA\/CANADA - PRISON A VIE REQUISE AU CANADA CONTRE UN RWANDAIS COUPABLE DE GENOCIDE","datePublished":"2009-09-15T22:00:00+00:00","mainEntityOfPage":{"@id":"https:\/\/www.justiceinfo.net\/fr\/11183-160909-rwandacanada-prison-a-vie-requise-au-canada-contre-un-rwandais-coupable-de-genocide7991.html"},"wordCount":481,"commentCount":0,"publisher":{"@id":"https:\/\/www.justiceinfo.net\/fr#organization"},"articleSection":["Hirondelle News"],"inLanguage":"fr-FR","potentialAction":[{"@type":"CommentAction","name":"Comment","target":["https:\/\/www.justiceinfo.net\/fr\/11183-160909-rwandacanada-prison-a-vie-requise-au-canada-contre-un-rwandais-coupable-de-genocide7991.html#respond"]}]},{"@type":"WebPage","@id":"https:\/\/www.justiceinfo.net\/fr\/11183-160909-rwandacanada-prison-a-vie-requise-au-canada-contre-un-rwandais-coupable-de-genocide7991.html","url":"https:\/\/www.justiceinfo.net\/fr\/11183-160909-rwandacanada-prison-a-vie-requise-au-canada-contre-un-rwandais-coupable-de-genocide7991.html","name":"16.09.09 - RWANDA\/CANADA - PRISON A VIE REQUISE AU CANADA CONTRE UN RWANDAIS COUPABLE DE GENOCIDE - JusticeInfo.net","isPartOf":{"@id":"https:\/\/www.justiceinfo.net\/fr#website"},"datePublished":"2009-09-15T22:00:00+00:00","breadcrumb":{"@id":"https:\/\/www.justiceinfo.net\/fr\/11183-160909-rwandacanada-prison-a-vie-requise-au-canada-contre-un-rwandais-coupable-de-genocide7991.html#breadcrumb"},"inLanguage":"fr-FR","potentialAction":[{"@type":"ReadAction","target":["https:\/\/www.justiceinfo.net\/fr\/11183-160909-rwandacanada-prison-a-vie-requise-au-canada-contre-un-rwandais-coupable-de-genocide7991.html"]}]},{"@type":"BreadcrumbList","@id":"https:\/\/www.justiceinfo.net\/fr\/11183-160909-rwandacanada-prison-a-vie-requise-au-canada-contre-un-rwandais-coupable-de-genocide7991.html#breadcrumb","itemListElement":[{"@type":"ListItem","position":1,"name":"Home","item":"https:\/\/www.justiceinfo.net\/fr"},{"@type":"ListItem","position":2,"name":"16.09.09 - RWANDA\/CANADA - PRISON A VIE REQUISE AU CANADA CONTRE UN RWANDAIS COUPABLE DE GENOCIDE"}]},{"@type":"WebSite","@id":"https:\/\/www.justiceinfo.net\/fr#website","url":"https:\/\/www.justiceinfo.net\/fr","name":"JusticeInfo.net","description":"La justice doit \u00eatre vue pour \u00eatre rendue","publisher":{"@id":"https:\/\/www.justiceinfo.net\/fr#organization"},"potentialAction":[{"@type":"SearchAction","target":{"@type":"EntryPoint","urlTemplate":"https:\/\/www.justiceinfo.net\/fr?s={search_term_string}"},"query-input":{"@type":"PropertyValueSpecification","valueRequired":true,"valueName":"search_term_string"}}],"inLanguage":"fr-FR"},{"@type":"Organization","@id":"https:\/\/www.justiceinfo.net\/fr#organization","name":"Justice Info","url":"https:\/\/www.justiceinfo.net\/fr","logo":{"@type":"ImageObject","inLanguage":"fr-FR","@id":"https:\/\/www.justiceinfo.net\/fr#\/schema\/logo\/image\/","url":"https:\/\/www.justiceinfo.net\/wp-content\/uploads\/justiceinfo_logo-trans_1200x1200px.png","contentUrl":"https:\/\/www.justiceinfo.net\/wp-content\/uploads\/justiceinfo_logo-trans_1200x1200px.png","width":1199,"height":1200,"caption":"Justice Info"},"image":{"@id":"https:\/\/www.justiceinfo.net\/fr#\/schema\/logo\/image\/"},"sameAs":["https:\/\/www.facebook.com\/JusticeInfo\/","https:\/\/x.com\/justiceinfonet","https:\/\/www.linkedin.com\/company\/justice-info","https:\/\/www.youtube.com\/channel\/UCyCEsARodyuWtkWyhn-e7pA"]},{"@type":"Person","name":"solivri","url":"\/fr\/?s=solivri"}]}},"_links":{"self":[{"href":"https:\/\/www.justiceinfo.net\/fr\/wp-json\/wp\/v2\/posts\/11183","targetHints":{"allow":["GET"]}}],"collection":[{"href":"https:\/\/www.justiceinfo.net\/fr\/wp-json\/wp\/v2\/posts"}],"about":[{"href":"https:\/\/www.justiceinfo.net\/fr\/wp-json\/wp\/v2\/types\/post"}],"author":[{"embeddable":true,"href":"https:\/\/www.justiceinfo.net\/fr\/wp-json\/wp\/v2\/users\/64"}],"replies":[{"embeddable":true,"href":"https:\/\/www.justiceinfo.net\/fr\/wp-json\/wp\/v2\/comments?post=11183"}],"version-history":[{"count":0,"href":"https:\/\/www.justiceinfo.net\/fr\/wp-json\/wp\/v2\/posts\/11183\/revisions"}],"wp:attachment":[{"href":"https:\/\/www.justiceinfo.net\/fr\/wp-json\/wp\/v2\/media?parent=11183"}],"wp:term":[{"taxonomy":"category","embeddable":true,"href":"https:\/\/www.justiceinfo.net\/fr\/wp-json\/wp\/v2\/categories?post=11183"},{"taxonomy":"post_tag","embeddable":true,"href":"https:\/\/www.justiceinfo.net\/fr\/wp-json\/wp\/v2\/tags?post=11183"},{"taxonomy":"ji_location","embeddable":true,"href":"https:\/\/www.justiceinfo.net\/fr\/wp-json\/wp\/v2\/ji_location?post=11183"}],"curies":[{"name":"wp","href":"https:\/\/api.w.org\/{rel}","templated":true}]}}